{"id":1096,"date":"2025-09-01T18:06:54","date_gmt":"2025-09-01T21:06:54","guid":{"rendered":"https:\/\/canal4nogoya.com\/web\/?p=1096"},"modified":"2025-09-01T18:09:50","modified_gmt":"2025-09-01T21:09:50","slug":"perotti-es-un-dano-tremendo-que-la-provincia-no-participe-de-las-finales-nacionales-evita","status":"publish","type":"post","link":"https:\/\/canal4nogoya.com\/web\/perotti-es-un-dano-tremendo-que-la-provincia-no-participe-de-las-finales-nacionales-evita\/","title":{"rendered":"Perotti: \u00abEs un da\u00f1o tremendo que la provincia no participe de las finales nacionales Evita\u00bb"},"content":{"rendered":"\n<p><\/p>\n\n\n\n<p><\/p>\n\n\n\n<p>Los Juegos Deportivos Nacionales Evita son\u00a0<strong>la principal competencia deportiva de Argentina y un programa que buscaba promover la inclusi\u00f3n social, la formaci\u00f3n integral y la participaci\u00f3n deportiva de j\u00f3venes, adultos mayores y personas con discapacidad .<\/strong>\u00a0Organizados por el gobierno nacional en distintas instancias de clasificaci\u00f3n provincial y una final nacional en Mar del Plata.<\/p>\n\n\n\n<p><\/p>\n\n\n\n<p>Caus\u00f3 mucha sorpresa cuando Rosalba Barboza, profesora de Educaci\u00f3n F\u00edsica de la ciudad de Col\u00f3n, integrante de la Escuela Municipal de Atletismo, dio a conocer<strong> la decisi\u00f3n del gobierno provincial de que Entre R\u00edos no sea parte de las finales nacionales de los Juegos Evita 2025, que se disputar\u00e1n del 29 de septiembre al 4 de octubre en Mar del Plata.<\/strong><\/p>\n\n\n\n<p><\/p>\n\n\n\n<p>La comunicaci\u00f3n la recibieron en la reuni\u00f3n t\u00e9cnica que se realiz\u00f3 en Concordia, luego de que el pasado jueves y viernes se llevaran a cabo los juegos Entrerrianos (ex Evita).<\/p>\n\n\n\n<p><strong>En La Ma\u00f1ana de la FM 104.9, el profesor Adri\u00e1n Perotti, ex sub secretario de Deportes de la provincia, durante ocho a\u00f1os, se refiri\u00f3 al tema<\/strong><\/p>\n\n\n\n<p>\u00abLa participaci\u00f3n de los ni\u00f1os y j\u00f3venes de nuestra provincia es un derecho y nosotros como dirigentes tenemos que visualizar y hacer visualizar el programa de los Juegos Evita. H<strong>oy digo que es un da\u00f1o tremendo que no se participe como provincia en una final nacional, porque la formaci\u00f3n de un deportista&#8230; un deportista se forma a trav\u00e9s de un trayecto deportivo. Cuando vos interrump\u00eds ese trayecto deportivo, est\u00e1s quiz\u00e1s impidi\u00e9ndole a muchas generaciones, muchos a\u00f1os, que no se formen, porque a un deportista no se le da una p\u00e1gina de un libro para que aprenda. Es un proceso que tiene que llevar adelante el deportista y cuando lo interrump\u00eds, genera un da\u00f1o.<\/strong> Entonces, esto es lo que va a suceder porque la provincia no invierte en este programa, que las federaciones lo toman como parte de su calendario anual de entrenamiento, de competencia. Es decir, el macrociclo de trabajo anual se lo toma a los Juegos Evita como el m\u00e1s importante.\u00bb manifest\u00f3.<\/p>\n\n\n\n<p><\/p>\n\n\n\n<p><strong>La entrevista completa ac\u00e1:<\/strong><\/p>\n\n\n\n<p><\/p>\n\n\n\n<figure class=\"wp-block-embed is-type-video is-provider-youtube wp-block-embed-youtube wp-embed-aspect-16-9 wp-has-aspect-ratio\"><div class=\"wp-block-embed__wrapper\">\n<iframe loading=\"lazy\" title=\"LA MA\u00d1ANA DE LA 104.9 | &quot;Es un da\u00f1o tremendo que ER no participe de las finales nacionales - Perotti\" width=\"640\" height=\"360\" src=\"https:\/\/www.youtube.com\/embed\/X2SJXB8c_7Q?feature=oembed\" frameborder=\"0\" allow=\"accelerometer; autoplay; clipboard-write; encrypted-media; gyroscope; picture-in-picture; web-share\" referrerpolicy=\"strict-origin-when-cross-origin\" allowfullscreen><\/iframe>\n<\/div><\/figure>\n","protected":false},"excerpt":{"rendered":"<p>Los Juegos Deportivos Nacionales Evita son\u00a0la principal competencia deportiva de Argentina y un programa que buscaba promover la inclusi\u00f3n social, la formaci\u00f3n integral y la participaci\u00f3n deportiva de j\u00f3venes, adultos mayores y personas con discapacidad .\u00a0Organizados por el gobierno nacional en distintas instancias de clasificaci\u00f3n provincial y una final nacional en Mar del Plata. Caus\u00f3&#8230;<\/p>\n","protected":false},"author":3,"featured_media":1097,"comment_status":"open","ping_status":"closed","sticky":false,"template":"","format":"standard","meta":{"_monsterinsights_skip_tracking":false,"_monsterinsights_sitenote_active":false,"_monsterinsights_sitenote_note":"","_monsterinsights_sitenote_category":0,"footnotes":""},"categories":[10],"tags":[],"class_list":["post-1096","post","type-post","status-publish","format-standard","has-post-thumbnail","hentry","category-provinciales"],"aioseo_notices":[],"jetpack_featured_media_url":"https:\/\/canal4nogoya.com\/web\/wp-content\/uploads\/2025\/09\/AP.jpeg","_links":{"self":[{"href":"https:\/\/canal4nogoya.com\/web\/wp-json\/wp\/v2\/posts\/1096","targetHints":{"allow":["GET"]}}],"collection":[{"href":"https:\/\/canal4nogoya.com\/web\/wp-json\/wp\/v2\/posts"}],"about":[{"href":"https:\/\/canal4nogoya.com\/web\/wp-json\/wp\/v2\/types\/post"}],"author":[{"embeddable":true,"href":"https:\/\/canal4nogoya.com\/web\/wp-json\/wp\/v2\/users\/3"}],"replies":[{"embeddable":true,"href":"https:\/\/canal4nogoya.com\/web\/wp-json\/wp\/v2\/comments?post=1096"}],"version-history":[{"count":3,"href":"https:\/\/canal4nogoya.com\/web\/wp-json\/wp\/v2\/posts\/1096\/revisions"}],"predecessor-version":[{"id":1101,"href":"https:\/\/canal4nogoya.com\/web\/wp-json\/wp\/v2\/posts\/1096\/revisions\/1101"}],"wp:featuredmedia":[{"embeddable":true,"href":"https:\/\/canal4nogoya.com\/web\/wp-json\/wp\/v2\/media\/1097"}],"wp:attachment":[{"href":"https:\/\/canal4nogoya.com\/web\/wp-json\/wp\/v2\/media?parent=1096"}],"wp:term":[{"taxonomy":"category","embeddable":true,"href":"https:\/\/canal4nogoya.com\/web\/wp-json\/wp\/v2\/categories?post=1096"},{"taxonomy":"post_tag","embeddable":true,"href":"https:\/\/canal4nogoya.com\/web\/wp-json\/wp\/v2\/tags?post=1096"}],"curies":[{"name":"wp","href":"https:\/\/api.w.org\/{rel}","templated":true}]}}