{"id":1153,"date":"2025-09-03T16:43:40","date_gmt":"2025-09-03T19:43:40","guid":{"rendered":"https:\/\/canal4nogoya.com\/web\/?p=1153"},"modified":"2025-09-03T16:46:09","modified_gmt":"2025-09-03T19:46:09","slug":"cargo-energia-en-nogoya-y-continua-el-desafio-de-recorrer-la-provincia-en-bicicleta","status":"publish","type":"post","link":"https:\/\/canal4nogoya.com\/web\/cargo-energia-en-nogoya-y-continua-el-desafio-de-recorrer-la-provincia-en-bicicleta\/","title":{"rendered":"Carg\u00f3 energ\u00eda en Nogoy\u00e1 y continua el desaf\u00edo de recorrer la provincia en bicicleta"},"content":{"rendered":"\n<p><\/p>\n\n\n\n<p><\/p>\n\n\n\n<p>A los 65 a\u00f1os, con casi medio siglo de historia ligada al ciclismo y cargado de una pasi\u00f3n que nunca se apaga,\u00a0Jorge Soto comenz\u00f3 su gran desaf\u00edo:\u00a0<strong>unir en bicicleta los 17 departamentos de Entre R\u00edos, recorriendo en solitario alrededor de 1600 kil\u00f3metros por d\u00eda.<\/strong><\/p>\n\n\n\n<p><\/p>\n\n\n\n<p>Despu\u00e9s de haber tenido que postergar el comienzo, por una gripe traicionera, <strong>Jorge Soto, quien vivi\u00f3 en su infancia en Nogoy\u00e1, empez\u00f3 su desafi\u00f3 y l\u00f3gicamente, Nogoy\u00e1 fue su primera etapa. As\u00ed lo conto al m\u00f3vil de Divisi\u00f3n Noticias, el noticiero que se emite de lunes a viernes a las 20 hs por la pantalla de Canal 4: <\/strong>\u00abCuando planificamos con mi esposa el recorrido, siempre la idea era llegar a Nogoy\u00e1 justamente para poder alojarme en la casa de mi hermana, y bienvenido sea, porque la verdad que se me moj\u00f3 toda la ropa, y bueno, ac\u00e1 la estamos secando con la estufa, porque todav\u00eda me queda un poco catarro. Este viaje, se deber\u00eda haber iniciado el martes pasado, pero ten\u00eda una gripe muy fuerte, y bueno, me queda todav\u00eda ese catarro, entonces no me puedo dar el lujo de salir ma\u00f1ana con ropa mojada. As\u00ed que menos mal que estuvo bien planificada esta primera etapa. Y adem\u00e1s porque <strong>yo en Nogoy\u00e1 viv\u00ed muchos a\u00f1os, ac\u00e1 me fui cuando ten\u00eda 16 a\u00f1os, que me fui a estudiar a Victoria<\/strong>, y ya bueno, la vida, por cuestiones de la vida, a mi padre lo trasladan a Crespo. \u00c9l trabajaba en telecomunicaciones de la provincia, el edificio que est\u00e1 al lado de la polic\u00eda, y bueno, ya me fui a vivir a Crespo. Pero guardo muy lindos recuerdos de Nogoy\u00e1, de su gente, tengo muchos amigos y muy gratos recuerdos. E<strong>st\u00e1 muy bien la idea esta de que la primera etapa que termine en Nogoy\u00e1.\u201d<\/strong><\/p>\n\n\n\n<p><\/p>\n\n\n\n<p><strong>Le prepar\u00f3 al men\u00fa especial su hermana?<\/strong><\/p>\n\n\n\n<p>Me pregunt\u00f3 que quer\u00eda comer y yo le dije pasta. A lo que me responde \u2018\u00bfy un guiso de arroz?\u2019 Vamos a comer un guiso de arroz. As\u00ed que bueno, no deja de ser algo parecido, hidrato de carbono. Y bueno, no s\u00e9 si con alguna salsita o algo\u2026 hace a\u00f1os que mi hermana no me cocina, as\u00ed que vamos a probar a ver qu\u00e9 sale\u201d coment\u00f3 con una sonrisa. <\/p>\n\n\n\n<p><\/p>\n\n\n\n<p><\/p>\n\n\n\n<p>La entrevista completa ac\u00e1:<\/p>\n\n\n\n<p><\/p>\n\n\n\n<figure class=\"wp-block-embed is-type-video is-provider-youtube wp-block-embed-youtube wp-embed-aspect-16-9 wp-has-aspect-ratio\"><div class=\"wp-block-embed__wrapper\">\n<iframe loading=\"lazy\" title=\"El desaf\u00edo de unir los 17 departamentos en bicicleta | DN\" width=\"640\" height=\"360\" src=\"https:\/\/www.youtube.com\/embed\/AUoOrbIMj2M?feature=oembed\" frameborder=\"0\" allow=\"accelerometer; autoplay; clipboard-write; encrypted-media; gyroscope; picture-in-picture; web-share\" referrerpolicy=\"strict-origin-when-cross-origin\" allowfullscreen><\/iframe>\n<\/div><\/figure>\n","protected":false},"excerpt":{"rendered":"<p>A los 65 a\u00f1os, con casi medio siglo de historia ligada al ciclismo y cargado de una pasi\u00f3n que nunca se apaga,\u00a0Jorge Soto comenz\u00f3 su gran desaf\u00edo:\u00a0unir en bicicleta los 17 departamentos de Entre R\u00edos, recorriendo en solitario alrededor de 1600 kil\u00f3metros por d\u00eda. Despu\u00e9s de haber tenido que postergar el comienzo, por una gripe&#8230;<\/p>\n","protected":false},"author":3,"featured_media":1154,"comment_status":"open","ping_status":"closed","sticky":false,"template":"","format":"standard","meta":{"_monsterinsights_skip_tracking":false,"_monsterinsights_sitenote_active":false,"_monsterinsights_sitenote_note":"","_monsterinsights_sitenote_category":0,"footnotes":""},"categories":[10],"tags":[],"class_list":["post-1153","post","type-post","status-publish","format-standard","has-post-thumbnail","hentry","category-provinciales"],"aioseo_notices":[],"jetpack_featured_media_url":"https:\/\/canal4nogoya.com\/web\/wp-content\/uploads\/2025\/09\/Sto-Jor.jpg","_links":{"self":[{"href":"https:\/\/canal4nogoya.com\/web\/wp-json\/wp\/v2\/posts\/1153","targetHints":{"allow":["GET"]}}],"collection":[{"href":"https:\/\/canal4nogoya.com\/web\/wp-json\/wp\/v2\/posts"}],"about":[{"href":"https:\/\/canal4nogoya.com\/web\/wp-json\/wp\/v2\/types\/post"}],"author":[{"embeddable":true,"href":"https:\/\/canal4nogoya.com\/web\/wp-json\/wp\/v2\/users\/3"}],"replies":[{"embeddable":true,"href":"https:\/\/canal4nogoya.com\/web\/wp-json\/wp\/v2\/comments?post=1153"}],"version-history":[{"count":2,"href":"https:\/\/canal4nogoya.com\/web\/wp-json\/wp\/v2\/posts\/1153\/revisions"}],"predecessor-version":[{"id":1157,"href":"https:\/\/canal4nogoya.com\/web\/wp-json\/wp\/v2\/posts\/1153\/revisions\/1157"}],"wp:featuredmedia":[{"embeddable":true,"href":"https:\/\/canal4nogoya.com\/web\/wp-json\/wp\/v2\/media\/1154"}],"wp:attachment":[{"href":"https:\/\/canal4nogoya.com\/web\/wp-json\/wp\/v2\/media?parent=1153"}],"wp:term":[{"taxonomy":"category","embeddable":true,"href":"https:\/\/canal4nogoya.com\/web\/wp-json\/wp\/v2\/categories?post=1153"},{"taxonomy":"post_tag","embeddable":true,"href":"https:\/\/canal4nogoya.com\/web\/wp-json\/wp\/v2\/tags?post=1153"}],"curies":[{"name":"wp","href":"https:\/\/api.w.org\/{rel}","templated":true}]}}