{"id":1158,"date":"2025-09-03T18:22:11","date_gmt":"2025-09-03T21:22:11","guid":{"rendered":"https:\/\/canal4nogoya.com\/web\/?p=1158"},"modified":"2025-09-03T18:23:11","modified_gmt":"2025-09-03T21:23:11","slug":"prevencion-de-suicidio-ayudas-desde-lo-cotidiano","status":"publish","type":"post","link":"https:\/\/canal4nogoya.com\/web\/prevencion-de-suicidio-ayudas-desde-lo-cotidiano\/","title":{"rendered":"Prevenci\u00f3n del suicidio: ayudas desde lo cotidiano"},"content":{"rendered":"\n<p><\/p>\n\n\n\n<p>Durante una jornada de prevenci\u00f3n del suicidio, llevada a cabo en el Centro Comercial de Nogoy\u00e1, a cargo de Paula Mart\u00ednez Licenciada en psicolog\u00eda y comisaria principal de la Polic\u00eda de Entre R\u00edos, se abordaron <strong>herramientas concretas para identificar personas en situaci\u00f3n de riesgo y saber c\u00f3mo intervenir adecuadamente. El eje estuvo puesto en la necesidad de derribar mitos y fomentar una preocupaci\u00f3n genuina desde la comunidad.<\/strong><\/p>\n\n\n\n<p><\/p>\n\n\n\n<p>\u201cHay que estar atentos. Muchas veces la gente habla en la verduler\u00eda, en la panader\u00eda, en la escuela, y si no hablan, los vemos. Vemos que est\u00e1n distintos, irritables\u201d, se\u00f1al\u00f3 la disertante. Y agreg\u00f3: <strong>\u201cNo es lo mismo el puter\u00edo que la preocupaci\u00f3n. Puter\u00edo es hablar al pedo, la preocupaci\u00f3n es preguntarse \u2018\u00bfqu\u00e9 le estar\u00e1 pasando?\u2019, acercarse, escribirle, ir a su casa\u201d.<\/strong><\/p>\n\n\n\n<p><\/p>\n\n\n\n<p>Se insisti\u00f3 en que <strong>cualquiera puede ayudar a prevenir el suicidio, sin necesidad de ser profesional de la salud mental, siempre que haya empat\u00eda y se derriben frases como \u201clo hace para llamar la atenci\u00f3n\u201d o \u201cel que lo dice no lo hace\u201d.<\/strong><\/p>\n\n\n\n<p><\/p>\n\n\n\n<p><strong>El rol de los medios<\/strong> <strong>de comunicaci\u00f3n<\/strong><\/p>\n\n\n\n<p><\/p>\n\n\n\n<p>\u201cHay que evitar el amarillismo. <strong>No se trata de ocultar, pero s\u00ed de comunicar con responsabilidad. Las noticias no deben incluir detalles, sino expresar el dolor de la comunidad y brindar recursos de ayuda: el 135, es la l\u00ednea gratuita<\/strong>\u00ab<\/p>\n\n\n\n<p><\/p>\n\n\n\n<p>La propuesta final fue clara: hablar del suicidio, s\u00ed, pero desde el respeto, la empat\u00eda y la prevenci\u00f3n real.<\/p>\n\n\n\n<p><\/p>\n\n\n\n<p><\/p>\n\n\n\n<p><strong>La entrevista completa la puede ver ac\u00e1:<\/strong><\/p>\n\n\n\n<p><\/p>\n\n\n\n<figure class=\"wp-block-embed is-type-video is-provider-youtube wp-block-embed-youtube wp-embed-aspect-16-9 wp-has-aspect-ratio\"><div class=\"wp-block-embed__wrapper\">\n<iframe loading=\"lazy\" title=\"Se realiz\u00f3 una jornada de prevenci\u00f3n del suicidio - Paula Mart\u00ednez | DN\" width=\"640\" height=\"360\" src=\"https:\/\/www.youtube.com\/embed\/d_FNsxdbg18?feature=oembed\" frameborder=\"0\" allow=\"accelerometer; autoplay; clipboard-write; encrypted-media; gyroscope; picture-in-picture; web-share\" referrerpolicy=\"strict-origin-when-cross-origin\" allowfullscreen><\/iframe>\n<\/div><\/figure>\n","protected":false},"excerpt":{"rendered":"<p>Durante una jornada de prevenci\u00f3n del suicidio, llevada a cabo en el Centro Comercial de Nogoy\u00e1, a cargo de Paula Mart\u00ednez Licenciada en psicolog\u00eda y comisaria principal de la Polic\u00eda de Entre R\u00edos, se abordaron herramientas concretas para identificar personas en situaci\u00f3n de riesgo y saber c\u00f3mo intervenir adecuadamente. El eje estuvo puesto en la&#8230;<\/p>\n","protected":false},"author":3,"featured_media":1159,"comment_status":"open","ping_status":"closed","sticky":false,"template":"","format":"standard","meta":{"_monsterinsights_skip_tracking":false,"_monsterinsights_sitenote_active":false,"_monsterinsights_sitenote_note":"","_monsterinsights_sitenote_category":0,"footnotes":""},"categories":[8],"tags":[],"class_list":["post-1158","post","type-post","status-publish","format-standard","has-post-thumbnail","hentry","category-locales"],"aioseo_notices":[],"jetpack_featured_media_url":"https:\/\/canal4nogoya.com\/web\/wp-content\/uploads\/2025\/09\/Suci.jpeg","_links":{"self":[{"href":"https:\/\/canal4nogoya.com\/web\/wp-json\/wp\/v2\/posts\/1158","targetHints":{"allow":["GET"]}}],"collection":[{"href":"https:\/\/canal4nogoya.com\/web\/wp-json\/wp\/v2\/posts"}],"about":[{"href":"https:\/\/canal4nogoya.com\/web\/wp-json\/wp\/v2\/types\/post"}],"author":[{"embeddable":true,"href":"https:\/\/canal4nogoya.com\/web\/wp-json\/wp\/v2\/users\/3"}],"replies":[{"embeddable":true,"href":"https:\/\/canal4nogoya.com\/web\/wp-json\/wp\/v2\/comments?post=1158"}],"version-history":[{"count":2,"href":"https:\/\/canal4nogoya.com\/web\/wp-json\/wp\/v2\/posts\/1158\/revisions"}],"predecessor-version":[{"id":1161,"href":"https:\/\/canal4nogoya.com\/web\/wp-json\/wp\/v2\/posts\/1158\/revisions\/1161"}],"wp:featuredmedia":[{"embeddable":true,"href":"https:\/\/canal4nogoya.com\/web\/wp-json\/wp\/v2\/media\/1159"}],"wp:attachment":[{"href":"https:\/\/canal4nogoya.com\/web\/wp-json\/wp\/v2\/media?parent=1158"}],"wp:term":[{"taxonomy":"category","embeddable":true,"href":"https:\/\/canal4nogoya.com\/web\/wp-json\/wp\/v2\/categories?post=1158"},{"taxonomy":"post_tag","embeddable":true,"href":"https:\/\/canal4nogoya.com\/web\/wp-json\/wp\/v2\/tags?post=1158"}],"curies":[{"name":"wp","href":"https:\/\/api.w.org\/{rel}","templated":true}]}}