{"id":1171,"date":"2025-09-04T09:55:06","date_gmt":"2025-09-04T12:55:06","guid":{"rendered":"https:\/\/canal4nogoya.com\/web\/?p=1171"},"modified":"2025-09-04T09:55:08","modified_gmt":"2025-09-04T12:55:08","slug":"fatal-accidente-un-motociclista-fallecio-y-otro-resulto-con-graves-heridas","status":"publish","type":"post","link":"https:\/\/canal4nogoya.com\/web\/fatal-accidente-un-motociclista-fallecio-y-otro-resulto-con-graves-heridas\/","title":{"rendered":"Fatal accidente: un motociclista falleci\u00f3 y otro result\u00f3 con graves heridas"},"content":{"rendered":"\n<p>En la noche de ayer, alrededor de las 23:00 horas, se produjo un grave siniestro vial en la ciudad de Victoria, en la intersecci\u00f3n de las calles Espa\u00f1a y Piaggio, a solo cuatro cuadras de la plaza principal de la ciudad.<\/p>\n\n\n\n<p><\/p>\n\n\n\n<p><strong>En di\u00e1logo con la Ma\u00f1ana de la FM 104.9 el Comisario Mayor Mart\u00edn Tello, jefe de la Polic\u00eda Departamenta de Victorial coment\u00f3:<\/strong> \u00bb Dos motocicletas que circulaban en paralelo por calle Espa\u00f1a, ambas con dos ocupantes, colisionaron contra un veh\u00edculo Renault Megane que transitaba por calle Piaggio. El impacto fue contra las puertas delantera y trasera del autom\u00f3vil, provocando que los cuatro ocupantes de las motos cayeran violentamente al pavimento. Un efectivo policial que se encontraba en las inmediaciones asisti\u00f3 r\u00e1pidamente a los heridos y solicit\u00f3 la ambulancia, que traslad\u00f3 a los lesionados al hospital local. <strong>Lamentablemente, uno de los conductores de las motocicletas falleci\u00f3 a los pocos minutos de haber ingresado al nosocomio. El otro conductor sufri\u00f3 una fractura en su pierna derecha, mientras que una joven de 19 a\u00f1os, acompa\u00f1ante de una de las motos y la \u00fanica que llevaba casco, result\u00f3 ilesa. La otra acompa\u00f1ante sufri\u00f3 heridas cortantes sin riesgo para su vida.<\/strong>\u00bb concluy\u00f3 el Comisario Tello.<\/p>\n\n\n\n<p><\/p>\n\n\n\n<figure class=\"wp-block-gallery has-nested-images columns-default is-cropped wp-block-gallery-1 is-layout-flex wp-block-gallery-is-layout-flex\">\n<figure class=\"wp-block-image size-large\"><img loading=\"lazy\" decoding=\"async\" width=\"1024\" height=\"683\" data-id=\"1173\" src=\"https:\/\/canal4nogoya.com\/web\/wp-content\/uploads\/2025\/09\/Mot-Po-Vic-1024x683.jpeg\" alt=\"\" class=\"wp-image-1173\" srcset=\"https:\/\/canal4nogoya.com\/web\/wp-content\/uploads\/2025\/09\/Mot-Po-Vic-1024x683.jpeg 1024w, https:\/\/canal4nogoya.com\/web\/wp-content\/uploads\/2025\/09\/Mot-Po-Vic-300x200.jpeg 300w, https:\/\/canal4nogoya.com\/web\/wp-content\/uploads\/2025\/09\/Mot-Po-Vic-768x512.jpeg 768w, https:\/\/canal4nogoya.com\/web\/wp-content\/uploads\/2025\/09\/Mot-Po-Vic-600x400.jpeg 600w, https:\/\/canal4nogoya.com\/web\/wp-content\/uploads\/2025\/09\/Mot-Po-Vic.jpeg 1200w\" sizes=\"auto, (max-width: 1024px) 100vw, 1024px\" \/><\/figure>\n<\/figure>\n\n\n\n<p><\/p>\n\n\n\n<p>El fiscal de turno, Dr. Guaita, dispuso la extracci\u00f3n de sangre a los tres conductores para los an\u00e1lisis correspondientes. En el lugar tambi\u00e9n trabaj\u00f3 personal de la Polic\u00eda Cient\u00edfica, que realiz\u00f3 las pericias para determinar las causas del accidente.<\/p>\n\n\n\n<p><\/p>\n\n\n\n<p>Desde la fuerza policial se destac\u00f3 que este tipo de hechos son consecuencia de una cadena de errores que, lamentablemente, conducen a finales tr\u00e1gicos como el ocurrido anoche.<\/p>\n","protected":false},"excerpt":{"rendered":"<p>En la noche de ayer, alrededor de las 23:00 horas, se produjo un grave siniestro vial en la ciudad de Victoria, en la intersecci\u00f3n de las calles Espa\u00f1a y Piaggio, a solo cuatro cuadras de la plaza principal de la ciudad. En di\u00e1logo con la Ma\u00f1ana de la FM 104.9 el Comisario Mayor Mart\u00edn Tello,&#8230;<\/p>\n","protected":false},"author":3,"featured_media":1172,"comment_status":"open","ping_status":"closed","sticky":false,"template":"","format":"standard","meta":{"_monsterinsights_skip_tracking":false,"_monsterinsights_sitenote_active":false,"_monsterinsights_sitenote_note":"","_monsterinsights_sitenote_category":0,"footnotes":""},"categories":[10],"tags":[],"class_list":["post-1171","post","type-post","status-publish","format-standard","has-post-thumbnail","hentry","category-provinciales"],"aioseo_notices":[],"jetpack_featured_media_url":"https:\/\/canal4nogoya.com\/web\/wp-content\/uploads\/2025\/09\/Po-Vic.jpeg","_links":{"self":[{"href":"https:\/\/canal4nogoya.com\/web\/wp-json\/wp\/v2\/posts\/1171","targetHints":{"allow":["GET"]}}],"collection":[{"href":"https:\/\/canal4nogoya.com\/web\/wp-json\/wp\/v2\/posts"}],"about":[{"href":"https:\/\/canal4nogoya.com\/web\/wp-json\/wp\/v2\/types\/post"}],"author":[{"embeddable":true,"href":"https:\/\/canal4nogoya.com\/web\/wp-json\/wp\/v2\/users\/3"}],"replies":[{"embeddable":true,"href":"https:\/\/canal4nogoya.com\/web\/wp-json\/wp\/v2\/comments?post=1171"}],"version-history":[{"count":1,"href":"https:\/\/canal4nogoya.com\/web\/wp-json\/wp\/v2\/posts\/1171\/revisions"}],"predecessor-version":[{"id":1174,"href":"https:\/\/canal4nogoya.com\/web\/wp-json\/wp\/v2\/posts\/1171\/revisions\/1174"}],"wp:featuredmedia":[{"embeddable":true,"href":"https:\/\/canal4nogoya.com\/web\/wp-json\/wp\/v2\/media\/1172"}],"wp:attachment":[{"href":"https:\/\/canal4nogoya.com\/web\/wp-json\/wp\/v2\/media?parent=1171"}],"wp:term":[{"taxonomy":"category","embeddable":true,"href":"https:\/\/canal4nogoya.com\/web\/wp-json\/wp\/v2\/categories?post=1171"},{"taxonomy":"post_tag","embeddable":true,"href":"https:\/\/canal4nogoya.com\/web\/wp-json\/wp\/v2\/tags?post=1171"}],"curies":[{"name":"wp","href":"https:\/\/api.w.org\/{rel}","templated":true}]}}