{"id":1175,"date":"2025-09-04T15:49:46","date_gmt":"2025-09-04T18:49:46","guid":{"rendered":"https:\/\/canal4nogoya.com\/web\/?p=1175"},"modified":"2025-09-04T15:50:24","modified_gmt":"2025-09-04T18:50:24","slug":"la-moda-de-luto-murio-giorgio-armani","status":"publish","type":"post","link":"https:\/\/canal4nogoya.com\/web\/la-moda-de-luto-murio-giorgio-armani\/","title":{"rendered":"La moda de luto: muri\u00f3 Giorgio Armani"},"content":{"rendered":"\n<p><\/p>\n\n\n\n<p><\/p>\n\n\n\n<p>La industria de la moda despide a Giorgio Armani, dise\u00f1ador italiano considerado s\u00edmbolo global de la elegancia y la innovaci\u00f3n, quien falleci\u00f3 a los 91 a\u00f1os este jueves, seg\u00fan inform\u00f3 su empresa en un comunicado oficial.<\/p>\n\n\n\n<p><\/p>\n\n\n\n<p><strong>La muerte de Armani<\/strong>\u00a0representa el cierre de una era que marc\u00f3 la historia del dise\u00f1o y las alfombras rojas en todo el mundo.<\/p>\n\n\n\n<p><\/p>\n\n\n\n<p>A lo largo de 54 a\u00f1os de carrera,\u00a0<strong>Armani consolid\u00f3 su nombre como sin\u00f3nimo de sofisticaci\u00f3n<\/strong>, tanto en el trabajo de sastrer\u00eda masculina como en la creaci\u00f3n de vestidos de alta costura. Su marca, fundada en 1973, fue pionera en transformar la imagen del traje cl\u00e1sico y en estrechar la<strong>\u00a0relaci\u00f3n entre la moda y Hollywood<\/strong>; grandes figuras del cine mundial encontraron en su atelier una referencia obligada para la temporada de premios.<\/p>\n\n\n\n<p><\/p>\n\n\n\n<p><\/p>\n\n\n\n<p>Fuente: Infobae<\/p>\n","protected":false},"excerpt":{"rendered":"<p>La industria de la moda despide a Giorgio Armani, dise\u00f1ador italiano considerado s\u00edmbolo global de la elegancia y la innovaci\u00f3n, quien falleci\u00f3 a los 91 a\u00f1os este jueves, seg\u00fan inform\u00f3 su empresa en un comunicado oficial. La muerte de Armani\u00a0representa el cierre de una era que marc\u00f3 la historia del dise\u00f1o y las alfombras rojas&#8230;<\/p>\n","protected":false},"author":3,"featured_media":1176,"comment_status":"open","ping_status":"closed","sticky":false,"template":"","format":"standard","meta":{"_monsterinsights_skip_tracking":false,"_monsterinsights_sitenote_active":false,"_monsterinsights_sitenote_note":"","_monsterinsights_sitenote_category":0,"footnotes":""},"categories":[9],"tags":[],"class_list":["post-1175","post","type-post","status-publish","format-standard","has-post-thumbnail","hentry","category-nacionales"],"aioseo_notices":[],"jetpack_featured_media_url":"https:\/\/canal4nogoya.com\/web\/wp-content\/uploads\/2025\/09\/Arm.jpg","_links":{"self":[{"href":"https:\/\/canal4nogoya.com\/web\/wp-json\/wp\/v2\/posts\/1175","targetHints":{"allow":["GET"]}}],"collection":[{"href":"https:\/\/canal4nogoya.com\/web\/wp-json\/wp\/v2\/posts"}],"about":[{"href":"https:\/\/canal4nogoya.com\/web\/wp-json\/wp\/v2\/types\/post"}],"author":[{"embeddable":true,"href":"https:\/\/canal4nogoya.com\/web\/wp-json\/wp\/v2\/users\/3"}],"replies":[{"embeddable":true,"href":"https:\/\/canal4nogoya.com\/web\/wp-json\/wp\/v2\/comments?post=1175"}],"version-history":[{"count":1,"href":"https:\/\/canal4nogoya.com\/web\/wp-json\/wp\/v2\/posts\/1175\/revisions"}],"predecessor-version":[{"id":1177,"href":"https:\/\/canal4nogoya.com\/web\/wp-json\/wp\/v2\/posts\/1175\/revisions\/1177"}],"wp:featuredmedia":[{"embeddable":true,"href":"https:\/\/canal4nogoya.com\/web\/wp-json\/wp\/v2\/media\/1176"}],"wp:attachment":[{"href":"https:\/\/canal4nogoya.com\/web\/wp-json\/wp\/v2\/media?parent=1175"}],"wp:term":[{"taxonomy":"category","embeddable":true,"href":"https:\/\/canal4nogoya.com\/web\/wp-json\/wp\/v2\/categories?post=1175"},{"taxonomy":"post_tag","embeddable":true,"href":"https:\/\/canal4nogoya.com\/web\/wp-json\/wp\/v2\/tags?post=1175"}],"curies":[{"name":"wp","href":"https:\/\/api.w.org\/{rel}","templated":true}]}}