{"id":1178,"date":"2025-09-04T19:47:31","date_gmt":"2025-09-04T22:47:31","guid":{"rendered":"https:\/\/canal4nogoya.com\/web\/?p=1178"},"modified":"2025-09-04T19:47:32","modified_gmt":"2025-09-04T22:47:32","slug":"el-senado-rechazo-el-veto-de-milei-a-la-ley-de-emergencia-en-discapacidad","status":"publish","type":"post","link":"https:\/\/canal4nogoya.com\/web\/el-senado-rechazo-el-veto-de-milei-a-la-ley-de-emergencia-en-discapacidad\/","title":{"rendered":"El Senado rechaz\u00f3 el veto de Milei a la ley de Emergencia en Discapacidad"},"content":{"rendered":"\n<p><\/p>\n\n\n\n<p><\/p>\n\n\n\n<p>El golpe lleg\u00f3 desde el mismo Congreso que Javier Milei pretend\u00eda reducir a un rol decorativo. Este jueves,\u00a0<strong>el Senado rechaz\u00f3 el veto presidencial a la Ley de Emergencia en Discapacidad<\/strong>\u00a0y repuso la norma aprobada hace apenas un mes. <strong>El resultado no solo representa un alivio para miles de familias que dependen de prestaciones y pensiones, sino tambi\u00e9n un hito pol\u00edtico:\u00a0es la primera vez en 22 a\u00f1os que el Parlamento derriba un veto total del Ejecutivo.<\/strong><\/p>\n\n\n\n<p><\/p>\n\n\n\n<p>La sesi\u00f3n comenz\u00f3 al mediod\u00eda y estuvo atravesada por las denuncias de recortes en pensiones y el esc\u00e1ndalo por las coimas en la Agencia Nacional de Discapacidad.&nbsp;Aunque la vicepresidenta Victoria Villarruel particip\u00f3 de la reuni\u00f3n de labor parlamentaria, no presidi\u00f3 el debate: qued\u00f3 al frente del Ejecutivo por el viaje del presidente a Estados Unidos.<\/p>\n\n\n\n<p><\/p>\n\n\n\n<p>El conteo no dej\u00f3 dudas. Con 63 votos a favor y 7 en contra, la C\u00e1mara Alta revirti\u00f3 el veto presidencial. Entre ellos estuvieron referentes de Uni\u00f3n por la Patria, el radicalismo y sectores del PRO. Figuran nombres como<strong>&nbsp;Juliana Di Tullio, Jos\u00e9 Mayans, Carolina Losada, Mart\u00edn Lousteau, Guadalupe Tagliaferri y Wado de Pedro.<\/strong><\/p>\n\n\n\n<p><\/p>\n\n\n\n<p>El bloque libertario, en cambio, qued\u00f3 aislado. Solo siete senadores, encabezados por&nbsp;<strong>Bartolom\u00e9 Abdala, Ivanna Arrascaeta y Francisco Paoltroni,<\/strong>&nbsp;acompa\u00f1aron la decisi\u00f3n presidencial. Dos legisladores &#8212;<strong>Antonio Rodas<\/strong>&nbsp;(UxP) y&nbsp;<strong>Vilma Bedia&nbsp;<\/strong>(LLA)&#8211; estuvieron ausentes.<\/p>\n\n\n\n<p><\/p>\n\n\n\n<p><\/p>\n\n\n\n<p><\/p>\n\n\n\n<p><\/p>\n\n\n\n<p><\/p>\n\n\n\n<p>Fuente: P\u00e1gina 12<\/p>\n","protected":false},"excerpt":{"rendered":"<p>El golpe lleg\u00f3 desde el mismo Congreso que Javier Milei pretend\u00eda reducir a un rol decorativo. Este jueves,\u00a0el Senado rechaz\u00f3 el veto presidencial a la Ley de Emergencia en Discapacidad\u00a0y repuso la norma aprobada hace apenas un mes. El resultado no solo representa un alivio para miles de familias que dependen de prestaciones y pensiones,&#8230;<\/p>\n","protected":false},"author":3,"featured_media":1179,"comment_status":"open","ping_status":"closed","sticky":false,"template":"","format":"standard","meta":{"_monsterinsights_skip_tracking":false,"_monsterinsights_sitenote_active":false,"_monsterinsights_sitenote_note":"","_monsterinsights_sitenote_category":0,"footnotes":""},"categories":[9],"tags":[],"class_list":["post-1178","post","type-post","status-publish","format-standard","has-post-thumbnail","hentry","category-nacionales"],"aioseo_notices":[],"jetpack_featured_media_url":"https:\/\/canal4nogoya.com\/web\/wp-content\/uploads\/2025\/09\/Senado.avif","_links":{"self":[{"href":"https:\/\/canal4nogoya.com\/web\/wp-json\/wp\/v2\/posts\/1178","targetHints":{"allow":["GET"]}}],"collection":[{"href":"https:\/\/canal4nogoya.com\/web\/wp-json\/wp\/v2\/posts"}],"about":[{"href":"https:\/\/canal4nogoya.com\/web\/wp-json\/wp\/v2\/types\/post"}],"author":[{"embeddable":true,"href":"https:\/\/canal4nogoya.com\/web\/wp-json\/wp\/v2\/users\/3"}],"replies":[{"embeddable":true,"href":"https:\/\/canal4nogoya.com\/web\/wp-json\/wp\/v2\/comments?post=1178"}],"version-history":[{"count":1,"href":"https:\/\/canal4nogoya.com\/web\/wp-json\/wp\/v2\/posts\/1178\/revisions"}],"predecessor-version":[{"id":1180,"href":"https:\/\/canal4nogoya.com\/web\/wp-json\/wp\/v2\/posts\/1178\/revisions\/1180"}],"wp:featuredmedia":[{"embeddable":true,"href":"https:\/\/canal4nogoya.com\/web\/wp-json\/wp\/v2\/media\/1179"}],"wp:attachment":[{"href":"https:\/\/canal4nogoya.com\/web\/wp-json\/wp\/v2\/media?parent=1178"}],"wp:term":[{"taxonomy":"category","embeddable":true,"href":"https:\/\/canal4nogoya.com\/web\/wp-json\/wp\/v2\/categories?post=1178"},{"taxonomy":"post_tag","embeddable":true,"href":"https:\/\/canal4nogoya.com\/web\/wp-json\/wp\/v2\/tags?post=1178"}],"curies":[{"name":"wp","href":"https:\/\/api.w.org\/{rel}","templated":true}]}}