{"id":1188,"date":"2025-09-05T16:07:47","date_gmt":"2025-09-05T19:07:47","guid":{"rendered":"https:\/\/canal4nogoya.com\/web\/?p=1188"},"modified":"2025-09-05T16:07:49","modified_gmt":"2025-09-05T19:07:49","slug":"moriatis-salvo-su-vida-de-milagro-en-un-asalto","status":"publish","type":"post","link":"https:\/\/canal4nogoya.com\/web\/moriatis-salvo-su-vida-de-milagro-en-un-asalto\/","title":{"rendered":"Moriatis salv\u00f3 su vida de milagro en un asalto"},"content":{"rendered":"\n<p><\/p>\n\n\n\n<p>El excampe\u00f3n de Turismo Carretera (TC) Emanuel Moriatis\u00a0sufri\u00f3 un violento robo en Panamericana este jueves, de acuerdo a lo que cont\u00f3 en sus redes sociales. El tambi\u00e9n presidente de la\u00a0<strong>Asociaci\u00f3n Pilotos Autom\u00f3viles Turismo\u00a0<\/strong>revel\u00f3 que dos ladrones lo interceptaron en medio de la autopista para asaltarlo y robarle la moto, y que los delincuentes le dispararon.<\/p>\n\n\n\n<p><\/p>\n\n\n\n<p>Este viernes ahond\u00f3 en el hecho de inseguridad que sufri\u00f3. \u201cUno siempre dice, gracias a Dios no me pas\u00f3 nada y lo deja ah\u00ed, pero lo tengo que contar, porque hace un mes le robaron de la misma manera a un amigo. Hab\u00eda dejado de usar la moto pero ayer ten\u00eda que ir al Aut\u00f3dromo y despu\u00e9s al centro, ten\u00eda la necesidad de llegar a horario\u201d, volvi\u00f3 a contar.<\/p>\n\n\n\n<p><\/p>\n\n\n\n<figure class=\"wp-block-gallery has-nested-images columns-default is-cropped wp-block-gallery-1 is-layout-flex wp-block-gallery-is-layout-flex\">\n<figure class=\"wp-block-image size-large\"><img loading=\"lazy\" decoding=\"async\" width=\"768\" height=\"512\" data-id=\"1190\" src=\"https:\/\/canal4nogoya.com\/web\/wp-content\/uploads\/2025\/09\/Moria-C.webp\" alt=\"\" class=\"wp-image-1190\" srcset=\"https:\/\/canal4nogoya.com\/web\/wp-content\/uploads\/2025\/09\/Moria-C.webp 768w, https:\/\/canal4nogoya.com\/web\/wp-content\/uploads\/2025\/09\/Moria-C-300x200.webp 300w, https:\/\/canal4nogoya.com\/web\/wp-content\/uploads\/2025\/09\/Moria-C-600x400.webp 600w\" sizes=\"auto, (max-width: 768px) 100vw, 768px\" \/><\/figure>\n<\/figure>\n\n\n\n<p><\/p>\n\n\n\n<p>En ese marco, indic\u00f3 en di\u00e1logo con radio&nbsp;<em>Mitre<\/em>&nbsp;que el asalto ocurri\u00f3 a la altura de la calle Corrientes (<strong>Mart\u00ednez<\/strong>) en plena hora pico, cuando el tr\u00e1nsito por Panamericana suele estar detenido por la gran afluencia de veh\u00edculos. Tras ello, Moriatis detall\u00f3 la violenta secuencia: \u201cMientras circulaba por el lado derecho de los carriles,&nbsp;<strong>dos ladrones se me pusieron de costado como para que frene, uno me mostr\u00f3 el revolver y me hizo se\u00f1as para que frene. Ah\u00ed es cuando dispar\u00f3 un tiro al piso.&nbsp;<\/strong>Clav\u00e9 los frenos, solt\u00e9 la moto y empec\u00e9 a trotar hacia atr\u00e1s, pero mir\u00e1ndolos. Y vi que uno se me ven\u00eda\u201d.<\/p>\n\n\n\n<p><\/p>\n\n\n\n<p>Durante esos momentos de tensi\u00f3n, el expiloto dijo que tanto \u00e9l como el ladr\u00f3n ten\u00edan casco, por lo que explic\u00f3 que no escuchaba lo que le dec\u00eda. \u201cMe habr\u00e1 pedido que no me moviera.\u00a0<strong>Ah\u00ed me dispar\u00f3 a quemarropa, pero como iba corriendo, no me lleg\u00f3\u201d<\/strong>, revel\u00f3.<\/p>\n\n\n\n<p><\/p>\n\n\n\n<p><\/p>\n\n\n\n<p><\/p>\n\n\n\n<p><\/p>\n\n\n\n<p><\/p>\n","protected":false},"excerpt":{"rendered":"<p>El excampe\u00f3n de Turismo Carretera (TC) Emanuel Moriatis\u00a0sufri\u00f3 un violento robo en Panamericana este jueves, de acuerdo a lo que cont\u00f3 en sus redes sociales. El tambi\u00e9n presidente de la\u00a0Asociaci\u00f3n Pilotos Autom\u00f3viles Turismo\u00a0revel\u00f3 que dos ladrones lo interceptaron en medio de la autopista para asaltarlo y robarle la moto, y que los delincuentes le dispararon&#8230;.<\/p>\n","protected":false},"author":3,"featured_media":1189,"comment_status":"open","ping_status":"closed","sticky":false,"template":"","format":"standard","meta":{"_monsterinsights_skip_tracking":false,"_monsterinsights_sitenote_active":false,"_monsterinsights_sitenote_note":"","_monsterinsights_sitenote_category":0,"footnotes":""},"categories":[9],"tags":[],"class_list":["post-1188","post","type-post","status-publish","format-standard","has-post-thumbnail","hentry","category-nacionales"],"aioseo_notices":[],"jetpack_featured_media_url":"https:\/\/canal4nogoya.com\/web\/wp-content\/uploads\/2025\/09\/Moria.jpg","_links":{"self":[{"href":"https:\/\/canal4nogoya.com\/web\/wp-json\/wp\/v2\/posts\/1188","targetHints":{"allow":["GET"]}}],"collection":[{"href":"https:\/\/canal4nogoya.com\/web\/wp-json\/wp\/v2\/posts"}],"about":[{"href":"https:\/\/canal4nogoya.com\/web\/wp-json\/wp\/v2\/types\/post"}],"author":[{"embeddable":true,"href":"https:\/\/canal4nogoya.com\/web\/wp-json\/wp\/v2\/users\/3"}],"replies":[{"embeddable":true,"href":"https:\/\/canal4nogoya.com\/web\/wp-json\/wp\/v2\/comments?post=1188"}],"version-history":[{"count":1,"href":"https:\/\/canal4nogoya.com\/web\/wp-json\/wp\/v2\/posts\/1188\/revisions"}],"predecessor-version":[{"id":1191,"href":"https:\/\/canal4nogoya.com\/web\/wp-json\/wp\/v2\/posts\/1188\/revisions\/1191"}],"wp:featuredmedia":[{"embeddable":true,"href":"https:\/\/canal4nogoya.com\/web\/wp-json\/wp\/v2\/media\/1189"}],"wp:attachment":[{"href":"https:\/\/canal4nogoya.com\/web\/wp-json\/wp\/v2\/media?parent=1188"}],"wp:term":[{"taxonomy":"category","embeddable":true,"href":"https:\/\/canal4nogoya.com\/web\/wp-json\/wp\/v2\/categories?post=1188"},{"taxonomy":"post_tag","embeddable":true,"href":"https:\/\/canal4nogoya.com\/web\/wp-json\/wp\/v2\/tags?post=1188"}],"curies":[{"name":"wp","href":"https:\/\/api.w.org\/{rel}","templated":true}]}}