{"id":1195,"date":"2025-09-05T17:45:58","date_gmt":"2025-09-05T20:45:58","guid":{"rendered":"https:\/\/canal4nogoya.com\/web\/?p=1195"},"modified":"2025-09-05T17:46:01","modified_gmt":"2025-09-05T20:46:01","slug":"con-un-plantel-renovado-cornago-inicia-otra-temporada-en-espana","status":"publish","type":"post","link":"https:\/\/canal4nogoya.com\/web\/con-un-plantel-renovado-cornago-inicia-otra-temporada-en-espana\/","title":{"rendered":"Con un plantel renovado, Cornago inicia otra temporada en Espa\u00f1a"},"content":{"rendered":"\n<p><\/p>\n\n\n\n<p><\/p>\n\n\n\n<p><\/p>\n\n\n\n<p>Despu\u00e9s de haber tomado el equipo en medio de la temporada pasada, el <strong>nogoyaense Emilio Cornago, pudo diagramar su plantilla y toda una pretemporada, para intentar poner al Manchego en la parte alta de la tabla de posiciones.<\/strong><\/p>\n\n\n\n<p><\/p>\n\n\n\n<p>Desde su llegada al banquillo del\u00a0<strong>CD Manchego<\/strong>, el t\u00e9cnico hispano-argentino ha dirigido\u00a0<strong>15 partidos<\/strong>, con un balance de\u00a0<strong>seis victorias, seis empates y solo tres derrotas<\/strong>. El equipo firm\u00f3 un gran tramo final de competici\u00f3n, con\u00a0<strong>solo un partido perdido de los \u00faltimos diez jugados<\/strong>, con seis jornadas consecutivas invicto. Ha sido uno de los conjuntos del\u00a0<strong>Grupo XVIII<\/strong>\u00a0de\u00a0<strong>Tercera RFEF<\/strong>\u00a0con mayor puntuaci\u00f3n durante este periodo.<\/p>\n\n\n\n<p><\/p>\n\n\n\n<p><strong>Emilio Cornago San Pedro<\/strong> est\u00e1 en posesi\u00f3n de la\u00a0<strong>licencia A de UEFA<\/strong>\u00a0y comenz\u00f3 su carrera como entrenador en el\u00a0<strong>Melita FC de Malta<\/strong>, el mismo club donde finalizaba su etapa como futbolista. La pasada temporada estuvo al frente del\u00a0<strong>Zabbar SP<\/strong>, con el que lograba el ascenso a la primera categor\u00eda, siendo nominado a entrenador del a\u00f1o por la\u00a0<strong>Asociaci\u00f3n Maltesa de Entrenadores de F\u00fatbol<\/strong>, y en la campa\u00f1a anterior consegu\u00eda el ascenso a\u00a0<strong>Challengue League<\/strong>\u00a0y se proclamaba campe\u00f3n<strong>\u00a0Copa NAC de Malta<\/strong>. Tambi\u00e9n form\u00f3 parte del staff t\u00e9cnico del\u00a0<strong>Pembroke Athleta FC<\/strong>, cosechando otro ascenso a la m\u00e1xima categor\u00eda del f\u00fatbol malt\u00e9s.<\/p>\n\n\n\n<p><\/p>\n\n\n\n<p>Este s\u00e1bado dar\u00e1 comienzo la Liga y el t\u00e9cnico del equipo ciudadreale\u00f1o, analiza la actualidad del conjunto.<\/p>\n\n\n\n<p><strong>\u00bfQu\u00e9 tal llega el equipo al inicio de la temporada?<\/strong><\/p>\n\n\n\n<p>Este s\u00e1bado tenemos el primer desaf\u00edo y creo que estamos preparados despu\u00e9s de hacer una buena pretemporada. Espero que podamos competir bien. Las sensaciones a nivel grupal son buenas. Hemos formado un buen grupo, tanto futbol\u00edsticamente como en lo humano. Siempre hay cosas que trabajar, pero en l\u00edneas generales pienso que estamos bien preparados.<\/p>\n\n\n\n<p><\/p>\n\n\n\n<p><strong>Son muchos futbolistas nuevos, entiendo que se necesitar\u00e1 paciencia para ver la mejor versi\u00f3n del Manchego\u2026<\/strong><\/p>\n\n\n\n<p>S\u00ed, por supuesto. Estoy convencido de que las cosas importantes en la vida no pasan r\u00e1pido y en el f\u00fatbol ocurre lo mismo, aunque es verdad que el tiempo que se maneja siempre es menor. Necesitamos tiempo, pero lo que transmite la plantilla es bueno. Tenemos gente con calidad, inteligente, con experiencia y ahora esperamos que todo eso ayude a reducir los tiempos. Crear un equipo lleva tiempo, pero espero que el s\u00e1bado podamos demostrar lo que venimos trabajando.<\/p>\n\n\n\n<p><\/p>\n\n\n\n<p><strong>\u00bfQu\u00e9 estilo de juego le gustar\u00eda que tuviese su equipo?<\/strong><\/p>\n\n\n\n<p>Me gustan los equipos protagonistas, pensar en la porter\u00eda rival, defender lejos de nuestra porter\u00eda. El rival te dejar\u00e1 hacer m\u00e1s o menos, pero nosotros iremos a Villaca\u00f1as a proponer nuestro juego.<\/p>\n\n\n\n<p><\/p>\n\n\n\n<figure class=\"wp-block-gallery has-nested-images columns-default is-cropped wp-block-gallery-1 is-layout-flex wp-block-gallery-is-layout-flex\">\n<figure class=\"wp-block-image size-large\"><img loading=\"lazy\" decoding=\"async\" width=\"1024\" height=\"577\" data-id=\"1197\" src=\"https:\/\/canal4nogoya.com\/web\/wp-content\/uploads\/2025\/09\/Man-entren-ju-1024x577.webp\" alt=\"\" class=\"wp-image-1197\" srcset=\"https:\/\/canal4nogoya.com\/web\/wp-content\/uploads\/2025\/09\/Man-entren-ju-1024x577.webp 1024w, https:\/\/canal4nogoya.com\/web\/wp-content\/uploads\/2025\/09\/Man-entren-ju-300x169.webp 300w, https:\/\/canal4nogoya.com\/web\/wp-content\/uploads\/2025\/09\/Man-entren-ju-768x432.webp 768w, https:\/\/canal4nogoya.com\/web\/wp-content\/uploads\/2025\/09\/Man-entren-ju-1536x865.webp 1536w, https:\/\/canal4nogoya.com\/web\/wp-content\/uploads\/2025\/09\/Man-entren-ju.webp 1918w\" sizes=\"auto, (max-width: 1024px) 100vw, 1024px\" \/><\/figure>\n<\/figure>\n\n\n\n<p><\/p>\n\n\n\n<p><strong>\u00bfCu\u00e1l es el objetivo del Manchego para esta temporada?<\/strong><\/p>\n\n\n\n<p>Lo primero es formar un equipo, tanto dentro como fuera del campo, con un estilo reconocible, con el que los aficionados se sientan representados. A partir de ah\u00ed nuestro \u00fanico objetivo es Villaca\u00f1as, competir bien y traernos algo de all\u00ed. Si pensamos en el futuro descuidamos el presente.<\/p>\n\n\n\n<p><\/p>\n\n\n\n<p><strong>\u00bfC\u00f3mo ve la Liga esta temporada? &nbsp;<\/strong><\/p>\n\n\n\n<p>Muy competitiva. Est\u00e1 el Toledo, Villaca\u00f1as, Illescas, Atl\u00e9tico Albacete, Calvo Sotelo\u2026 Hay muchos equipos que aspiran a estar arriba. El a\u00f1o pasado ya fue muy dura y ahora va a ser lo mismo. Cada partido ser\u00e1 una oportunidad ante rivales nada f\u00e1ciles.<\/p>\n\n\n\n<p><\/p>\n\n\n\n<p><strong>\u00bfCu\u00e1l ser\u00e1 la importancia de la afici\u00f3n a lo largo del a\u00f1o?<\/strong><\/p>\n\n\n\n<p>Tiene much\u00edsima importancia. Pedimos su apoyo porque es importante. Sentirte arropado por los tuyos es importante. Si todos remamos en la misma direcci\u00f3n, siendo positivos se genera una simbiosis entre jugadores y aficionados que es dif\u00edcil de quebrar. Va a haber malos momentos durante la temporada, pero si esa simbiosis est\u00e1 intacta te ayuda a superarlos.<\/p>\n\n\n\n<p><\/p>\n\n\n\n<figure class=\"wp-block-embed is-type-video is-provider-youtube wp-block-embed-youtube wp-embed-aspect-16-9 wp-has-aspect-ratio\"><div class=\"wp-block-embed__wrapper\">\n<iframe loading=\"lazy\" title=\"El CD Manchego se enfrenta al Villaca\u00f1as este s\u00e1bado\" width=\"640\" height=\"360\" src=\"https:\/\/www.youtube.com\/embed\/LNd1ECs4Vho?feature=oembed\" frameborder=\"0\" allow=\"accelerometer; autoplay; clipboard-write; encrypted-media; gyroscope; picture-in-picture; web-share\" referrerpolicy=\"strict-origin-when-cross-origin\" allowfullscreen><\/iframe>\n<\/div><\/figure>\n","protected":false},"excerpt":{"rendered":"<p>Despu\u00e9s de haber tomado el equipo en medio de la temporada pasada, el nogoyaense Emilio Cornago, pudo diagramar su plantilla y toda una pretemporada, para intentar poner al Manchego en la parte alta de la tabla de posiciones. Desde su llegada al banquillo del\u00a0CD Manchego, el t\u00e9cnico hispano-argentino ha dirigido\u00a015 partidos, con un balance de\u00a0seis&#8230;<\/p>\n","protected":false},"author":3,"featured_media":1196,"comment_status":"open","ping_status":"closed","sticky":false,"template":"","format":"standard","meta":{"_monsterinsights_skip_tracking":false,"_monsterinsights_sitenote_active":false,"_monsterinsights_sitenote_note":"","_monsterinsights_sitenote_category":0,"footnotes":""},"categories":[8],"tags":[],"class_list":["post-1195","post","type-post","status-publish","format-standard","has-post-thumbnail","hentry","category-locales"],"aioseo_notices":[],"jetpack_featured_media_url":"https:\/\/canal4nogoya.com\/web\/wp-content\/uploads\/2025\/09\/Emi.jpeg","_links":{"self":[{"href":"https:\/\/canal4nogoya.com\/web\/wp-json\/wp\/v2\/posts\/1195","targetHints":{"allow":["GET"]}}],"collection":[{"href":"https:\/\/canal4nogoya.com\/web\/wp-json\/wp\/v2\/posts"}],"about":[{"href":"https:\/\/canal4nogoya.com\/web\/wp-json\/wp\/v2\/types\/post"}],"author":[{"embeddable":true,"href":"https:\/\/canal4nogoya.com\/web\/wp-json\/wp\/v2\/users\/3"}],"replies":[{"embeddable":true,"href":"https:\/\/canal4nogoya.com\/web\/wp-json\/wp\/v2\/comments?post=1195"}],"version-history":[{"count":1,"href":"https:\/\/canal4nogoya.com\/web\/wp-json\/wp\/v2\/posts\/1195\/revisions"}],"predecessor-version":[{"id":1198,"href":"https:\/\/canal4nogoya.com\/web\/wp-json\/wp\/v2\/posts\/1195\/revisions\/1198"}],"wp:featuredmedia":[{"embeddable":true,"href":"https:\/\/canal4nogoya.com\/web\/wp-json\/wp\/v2\/media\/1196"}],"wp:attachment":[{"href":"https:\/\/canal4nogoya.com\/web\/wp-json\/wp\/v2\/media?parent=1195"}],"wp:term":[{"taxonomy":"category","embeddable":true,"href":"https:\/\/canal4nogoya.com\/web\/wp-json\/wp\/v2\/categories?post=1195"},{"taxonomy":"post_tag","embeddable":true,"href":"https:\/\/canal4nogoya.com\/web\/wp-json\/wp\/v2\/tags?post=1195"}],"curies":[{"name":"wp","href":"https:\/\/api.w.org\/{rel}","templated":true}]}}