{"id":1284,"date":"2025-09-11T08:57:05","date_gmt":"2025-09-11T11:57:05","guid":{"rendered":"https:\/\/canal4nogoya.com\/web\/?p=1284"},"modified":"2025-09-11T08:57:07","modified_gmt":"2025-09-11T11:57:07","slug":"por-decreto-milei-veto-la-ley-de-financiamiento-universitario-y-recomposicion-salarial-docente","status":"publish","type":"post","link":"https:\/\/canal4nogoya.com\/web\/por-decreto-milei-veto-la-ley-de-financiamiento-universitario-y-recomposicion-salarial-docente\/","title":{"rendered":"Por decreto, Milei vet\u00f3 la Ley de Financiamiento Universitario y Recomposici\u00f3n Salarial Docente"},"content":{"rendered":"\n<p><\/p>\n\n\n\n<p><\/p>\n\n\n\n<p>l Gobierno de Javier Milei vet\u00f3 en su totalidad el Proyecto de Ley N\u00ba 27.795, que propon\u00eda un nuevo esquema de financiamiento para la educaci\u00f3n universitaria p\u00fablica y la recomposici\u00f3n salarial de docentes y no docentes. La medida fue formalizada a trav\u00e9s del Decreto 647\/2025, publicado este mi\u00e9rcoles 10 de septiembre, y representa un fuerte rechazo a la iniciativa sancionada por el Congreso el pasado 21 de agosto.<\/p>\n\n\n\n<p><\/p>\n\n\n\n<p>La decisi\u00f3n del Poder Ejecutivo, que se produce en un contexto de tensi\u00f3n entre el Gobierno y las universidades por recortes presupuestarios, fue confirmada por fuentes oficiales.<\/p>\n\n\n\n<p><\/p>\n\n\n\n<p>Seg\u00fan inform\u00f3 Noticias Argentinas, el Proyecto de Ley de \u201cFinanciamiento de la Educaci\u00f3n Universitaria y Recomposici\u00f3n del Salario Docente\u201d N\u00ba 27.795 buscaba garantizar el financiamiento y partidas presupuestarias espec\u00edficas.<\/p>\n\n\n\n<p>Adem\u00e1s, encomendaba al Poder Ejecutivo Nacional actualizar al 1 de enero de 2025 el monto de los gastos de funcionamiento de las universidades p\u00fablicas, seg\u00fan la variaci\u00f3n acumulada del \u00cdndice de Precios al Consumidor (IPC) informado por el INDEC entre el 1 de mayo y el 31 de diciembre de 2024.<\/p>\n\n\n\n<p><\/p>\n\n\n\n<p>La objeci\u00f3n total al proyecto de ley se fundamenta en la visi\u00f3n del Gobierno de mantener el control sobre el gasto p\u00fablico y evitar lo que considera intromisiones en las facultades del Poder Ejecutivo para administrar los recursos del Estado. Sin embargo, la medida abre un nuevo frente de conflicto con un sector que reclama mayores fondos para garantizar la calidad y accesibilidad de la educaci\u00f3n superior.<\/p>\n","protected":false},"excerpt":{"rendered":"<p>l Gobierno de Javier Milei vet\u00f3 en su totalidad el Proyecto de Ley N\u00ba 27.795, que propon\u00eda un nuevo esquema de financiamiento para la educaci\u00f3n universitaria p\u00fablica y la recomposici\u00f3n salarial de docentes y no docentes. La medida fue formalizada a trav\u00e9s del Decreto 647\/2025, publicado este mi\u00e9rcoles 10 de septiembre, y representa un fuerte&#8230;<\/p>\n","protected":false},"author":3,"featured_media":1285,"comment_status":"open","ping_status":"closed","sticky":false,"template":"","format":"standard","meta":{"_monsterinsights_skip_tracking":false,"_monsterinsights_sitenote_active":false,"_monsterinsights_sitenote_note":"","_monsterinsights_sitenote_category":0,"footnotes":""},"categories":[9],"tags":[],"class_list":["post-1284","post","type-post","status-publish","format-standard","has-post-thumbnail","hentry","category-nacionales"],"aioseo_notices":[],"jetpack_featured_media_url":"https:\/\/canal4nogoya.com\/web\/wp-content\/uploads\/2025\/09\/Decre-Mi.jpg","_links":{"self":[{"href":"https:\/\/canal4nogoya.com\/web\/wp-json\/wp\/v2\/posts\/1284","targetHints":{"allow":["GET"]}}],"collection":[{"href":"https:\/\/canal4nogoya.com\/web\/wp-json\/wp\/v2\/posts"}],"about":[{"href":"https:\/\/canal4nogoya.com\/web\/wp-json\/wp\/v2\/types\/post"}],"author":[{"embeddable":true,"href":"https:\/\/canal4nogoya.com\/web\/wp-json\/wp\/v2\/users\/3"}],"replies":[{"embeddable":true,"href":"https:\/\/canal4nogoya.com\/web\/wp-json\/wp\/v2\/comments?post=1284"}],"version-history":[{"count":1,"href":"https:\/\/canal4nogoya.com\/web\/wp-json\/wp\/v2\/posts\/1284\/revisions"}],"predecessor-version":[{"id":1286,"href":"https:\/\/canal4nogoya.com\/web\/wp-json\/wp\/v2\/posts\/1284\/revisions\/1286"}],"wp:featuredmedia":[{"embeddable":true,"href":"https:\/\/canal4nogoya.com\/web\/wp-json\/wp\/v2\/media\/1285"}],"wp:attachment":[{"href":"https:\/\/canal4nogoya.com\/web\/wp-json\/wp\/v2\/media?parent=1284"}],"wp:term":[{"taxonomy":"category","embeddable":true,"href":"https:\/\/canal4nogoya.com\/web\/wp-json\/wp\/v2\/categories?post=1284"},{"taxonomy":"post_tag","embeddable":true,"href":"https:\/\/canal4nogoya.com\/web\/wp-json\/wp\/v2\/tags?post=1284"}],"curies":[{"name":"wp","href":"https:\/\/api.w.org\/{rel}","templated":true}]}}