{"id":1287,"date":"2025-09-11T18:11:34","date_gmt":"2025-09-11T21:11:34","guid":{"rendered":"https:\/\/canal4nogoya.com\/web\/?p=1287"},"modified":"2025-09-12T17:55:13","modified_gmt":"2025-09-12T20:55:13","slug":"elias-si-hay-un-espacio-muy-sensible-es-la-salud-mental","status":"publish","type":"post","link":"https:\/\/canal4nogoya.com\/web\/elias-si-hay-un-espacio-muy-sensible-es-la-salud-mental\/","title":{"rendered":"El\u00edas: \u201cSi hay un espacio muy sensible, es la salud mental.\u00bb"},"content":{"rendered":"\n<p><\/p>\n\n\n\n<p><strong>En una entrevista exclusiva con \u00abLa Ma\u00f1ana de la FM 104.9\u00bb, el nuevo director del hospital San Blas, el doctor Eduardo El\u00edas<\/strong>, destac\u00f3 el trabajo de los distintos sectores del nosocomio, haciendo especial hincapi\u00e9 en el \u00e1rea de salud mental, a la que calific\u00f3 como \u00abun espacio muy sensible\u00bb que requiere fortalecimiento constante.<\/p>\n\n\n\n<p><\/p>\n\n\n\n<p>Seg\u00fan explic\u00f3, el servicio est\u00e1 compuesto por un equipo altamente comprometido, que se encuentra abocado a una tarea clave en la atenci\u00f3n sanitaria integral. \u00abEst\u00e1n muy comprometidas con lo que hacen. Las vi metidas en el problema, entendiendo a la otra persona. Entendiendo lo que deben entender, lo cual es muy bueno\u00bb, expres\u00f3 el funcionario. <\/p>\n\n\n\n<p><\/p>\n\n\n\n<p>Asimismo, remarc\u00f3 que la salud mental es uno de los pilares de la atenci\u00f3n y que se debe seguir apostando a su fortalecimiento seg\u00fan la demanda. \u201cSi hay un espacio muy sensible, es la salud mental. Por suerte vamos a seguir fortaleci\u00e9ndolo en la medida que la demanda lo exija\u201d, agreg\u00f3 en una extensa entrevista con Mili Cardoso Guzman y Abraham Heffel<\/p>\n\n\n\n<p><\/p>\n\n\n\n<p><\/p>\n\n\n\n<p>Finalmente, el director reflexion\u00f3 sobre la importancia del trato humano en la atenci\u00f3n hospitalaria y el rol del sistema de salud para garantizar una respuesta sanitaria eficiente, reconociendo los l\u00edmites de complejidad de cada centro y la necesidad de articular con otras instancias del sistema.<\/p>\n\n\n\n<p><\/p>\n\n\n\n<p><\/p>\n\n\n\n<p>La entrevista completa ac\u00e1: <\/p>\n\n\n\n<figure class=\"wp-block-embed is-type-video is-provider-youtube wp-block-embed-youtube wp-embed-aspect-16-9 wp-has-aspect-ratio\"><div class=\"wp-block-embed__wrapper\">\n<iframe loading=\"lazy\" title=\"LA MA\u00d1ANA DE LA 104.9 | Nuevo Director del Hospital &quot;San Blas&quot; - DR. Eduardo El\u00edas\" width=\"640\" height=\"360\" src=\"https:\/\/www.youtube.com\/embed\/X8hZDjNxQ7o?feature=oembed\" frameborder=\"0\" allow=\"accelerometer; autoplay; clipboard-write; encrypted-media; gyroscope; picture-in-picture; web-share\" referrerpolicy=\"strict-origin-when-cross-origin\" allowfullscreen><\/iframe>\n<\/div><\/figure>\n","protected":false},"excerpt":{"rendered":"<p>En una entrevista exclusiva con \u00abLa Ma\u00f1ana de la FM 104.9\u00bb, el nuevo director del hospital San Blas, el doctor Eduardo El\u00edas, destac\u00f3 el trabajo de los distintos sectores del nosocomio, haciendo especial hincapi\u00e9 en el \u00e1rea de salud mental, a la que calific\u00f3 como \u00abun espacio muy sensible\u00bb que requiere fortalecimiento constante. Seg\u00fan explic\u00f3,&#8230;<\/p>\n","protected":false},"author":3,"featured_media":1288,"comment_status":"open","ping_status":"closed","sticky":false,"template":"","format":"standard","meta":{"_monsterinsights_skip_tracking":false,"_monsterinsights_sitenote_active":false,"_monsterinsights_sitenote_note":"","_monsterinsights_sitenote_category":0,"footnotes":""},"categories":[8],"tags":[],"class_list":["post-1287","post","type-post","status-publish","format-standard","has-post-thumbnail","hentry","category-locales"],"aioseo_notices":[],"jetpack_featured_media_url":"https:\/\/canal4nogoya.com\/web\/wp-content\/uploads\/2025\/09\/Hos.jpeg","_links":{"self":[{"href":"https:\/\/canal4nogoya.com\/web\/wp-json\/wp\/v2\/posts\/1287","targetHints":{"allow":["GET"]}}],"collection":[{"href":"https:\/\/canal4nogoya.com\/web\/wp-json\/wp\/v2\/posts"}],"about":[{"href":"https:\/\/canal4nogoya.com\/web\/wp-json\/wp\/v2\/types\/post"}],"author":[{"embeddable":true,"href":"https:\/\/canal4nogoya.com\/web\/wp-json\/wp\/v2\/users\/3"}],"replies":[{"embeddable":true,"href":"https:\/\/canal4nogoya.com\/web\/wp-json\/wp\/v2\/comments?post=1287"}],"version-history":[{"count":2,"href":"https:\/\/canal4nogoya.com\/web\/wp-json\/wp\/v2\/posts\/1287\/revisions"}],"predecessor-version":[{"id":1327,"href":"https:\/\/canal4nogoya.com\/web\/wp-json\/wp\/v2\/posts\/1287\/revisions\/1327"}],"wp:featuredmedia":[{"embeddable":true,"href":"https:\/\/canal4nogoya.com\/web\/wp-json\/wp\/v2\/media\/1288"}],"wp:attachment":[{"href":"https:\/\/canal4nogoya.com\/web\/wp-json\/wp\/v2\/media?parent=1287"}],"wp:term":[{"taxonomy":"category","embeddable":true,"href":"https:\/\/canal4nogoya.com\/web\/wp-json\/wp\/v2\/categories?post=1287"},{"taxonomy":"post_tag","embeddable":true,"href":"https:\/\/canal4nogoya.com\/web\/wp-json\/wp\/v2\/tags?post=1287"}],"curies":[{"name":"wp","href":"https:\/\/api.w.org\/{rel}","templated":true}]}}