{"id":1297,"date":"2025-09-11T22:05:34","date_gmt":"2025-09-12T01:05:34","guid":{"rendered":"https:\/\/canal4nogoya.com\/web\/?p=1297"},"modified":"2025-09-11T22:05:36","modified_gmt":"2025-09-12T01:05:36","slug":"dibu-martinez-invierte-en-entre-rios","status":"publish","type":"post","link":"https:\/\/canal4nogoya.com\/web\/dibu-martinez-invierte-en-entre-rios\/","title":{"rendered":"\u00abDibu\u00bb Martinez invierte en Entre R\u00edos"},"content":{"rendered":"\n<p><\/p>\n\n\n\n<p><\/p>\n\n\n\n<p>La familia del Dibu Mart\u00ednez adquiri\u00f3 una planta en&nbsp;<strong>Puerto Yeru\u00e1<\/strong>. En di\u00e1logo con&nbsp;<em>Diario R\u00edo Uruguay<\/em>, el intendente de la localidad,&nbsp;<strong>Daniel Ben\u00edtez, confirm\u00f3 la noticia&nbsp;<\/strong>y record\u00f3 que la planta se encuentra sobre la<strong>&nbsp;avenida San Mart\u00edn<\/strong>&nbsp;<strong>\u201cen direcci\u00f3n hacia el r\u00edo, antes de llegar a la orilla\u201d del Uruguay<\/strong>. All\u00ed hay un edificio \u201cque es muy grande y tiene cerca de 30 a\u00f1os de historia\u201d, destac\u00f3 el jefe comunal.<\/p>\n\n\n\n<p><\/p>\n\n\n\n<p>Al respecto, repas\u00f3 que \u201cen ese momento,&nbsp;<strong>un empresario de la zona de San Salvador inici\u00f3 el proceso de captaci\u00f3n para una fuente de agua mineral<\/strong>\u201d y que por entonces, \u201cla construcci\u00f3n ya era muy moderna para la \u00e9poca y fue una inversi\u00f3n muy grande\u201d.&nbsp;<strong>Aquel emprendimiento \u201cfuncion\u00f3 y estuvo envasando agua por mucho tiempo, incluso empezaron a vender a nivel nacional<\/strong>\u201c, sin embargo, \u201chubo algunos inconvenientes, terminaron cerrando el emprendimiento y qued\u00f3 todo vac\u00edo, hasta la fecha\u201d.<\/p>\n\n\n\n<p><\/p>\n\n\n\n<p>Una vez finalizados los estudios, Ben\u00edtez explic\u00f3 que,&nbsp;<strong>con el tiempo se lograron captar inversores \u201cy comenz\u00f3 todo un proceso de transformaci\u00f3n del lugar<\/strong>, porque pr\u00e1cticamente lo han restaurado a nuevo\u201d. Repasando que \u201cya llevan m\u00e1s de cuatro meses de construcci\u00f3n y han empleado a gente de ac\u00e1 de la localidad\u201d.<\/p>\n\n\n\n<p><\/p>\n\n\n\n<p>De esta manera, adelant\u00f3 que \u201cla operaci\u00f3n de embotellado&nbsp;<strong>empezar\u00eda a fines de septiembre o principios de octubre<\/strong>.&nbsp;<strong>En estos momentos est\u00e1n poniendo en marcha las m\u00e1quinas envasadoras, que vinieron desde afuera<\/strong>\u201c. Augurando que, \u201cuna vez que pongan todo en orden y que est\u00e9 todo afinado, seguramente empezar\u00e1n ya a producir para la venta\u201d.<\/p>\n\n\n\n<p><\/p>\n\n\n\n<figure class=\"wp-block-gallery has-nested-images columns-default is-cropped wp-block-gallery-1 is-layout-flex wp-block-gallery-is-layout-flex\">\n<figure class=\"wp-block-image size-large\"><img loading=\"lazy\" decoding=\"async\" width=\"780\" height=\"1024\" data-id=\"1298\" src=\"https:\/\/canal4nogoya.com\/web\/wp-content\/uploads\/2025\/09\/Dib-Ag-780x1024.jpeg\" alt=\"\" class=\"wp-image-1298\" srcset=\"https:\/\/canal4nogoya.com\/web\/wp-content\/uploads\/2025\/09\/Dib-Ag-780x1024.jpeg 780w, https:\/\/canal4nogoya.com\/web\/wp-content\/uploads\/2025\/09\/Dib-Ag-229x300.jpeg 229w, https:\/\/canal4nogoya.com\/web\/wp-content\/uploads\/2025\/09\/Dib-Ag-768x1008.jpeg 768w, https:\/\/canal4nogoya.com\/web\/wp-content\/uploads\/2025\/09\/Dib-Ag.jpeg 899w\" sizes=\"auto, (max-width: 780px) 100vw, 780px\" \/><\/figure>\n<\/figure>\n\n\n\n<p><\/p>\n\n\n\n<p>Adem\u00e1s,&nbsp;<strong>Ben\u00edtez celebr\u00f3 que \u201cvan a tomar mano de obra local\u201d<\/strong>&nbsp;y destac\u00f3 que \u201cen esta primera etapa, estamos hablando de&nbsp;<strong>unas 15 o 20 personas<\/strong>\u201d. Por lo cual, es \u201cuna gran noticia para nosotros,&nbsp;<strong>una gran inversi\u00f3n<\/strong>, porque cuando todo est\u00e1 en retroceso y en todos lados est\u00e1n cerrando f\u00e1bricas, aqu\u00ed est\u00e1n haciendo una gran apuesta generando mano de obra indirectamente\u201d.<\/p>\n\n\n\n<h3 class=\"wp-block-heading\"><\/h3>\n\n\n\n<p>Entre otras cosas, Ben\u00edtez precis\u00f3 que&nbsp;<strong>el r\u00edo subterr\u00e1neo que alimenta la planta \u201cest\u00e1 a 120 metros y la perforaci\u00f3n traspasa el manto de asfalto<\/strong>. Debajo de ese manto&nbsp;<strong>hay un r\u00edo de agua mineral<\/strong>, del que nosotros estuvimos alimentando la red para un sector del pueblo, por m\u00e1s de 20 a\u00f1os pr\u00e1cticamente\u201d.<\/p>\n\n\n\n<p><\/p>\n\n\n\n<p>Dicho esto, se refiri\u00f3 a la firma que llevar\u00e1 a cabo la operaci\u00f3n y confirm\u00f3 que \u201c<strong>uno de los socios inversionistas es la familia del \u2018Dibu\u2019 Mart\u00ednez<\/strong>. La marca principal que se va a envasar ser\u00e1 la del agua mineral<strong>&nbsp;Dibu 23, que ya est\u00e1 en el mercado<\/strong>, pero que sal\u00eda como agua de mesa o agua tratada.&nbsp;<strong>Ahora ser\u00e1 un agua mineral, envasada en Puerto Yeru\u00e1\u201d.<\/strong><\/p>\n\n\n\n<figure class=\"wp-block-gallery has-nested-images columns-default is-cropped wp-block-gallery-2 is-layout-flex wp-block-gallery-is-layout-flex\">\n<figure class=\"wp-block-image size-large\"><img loading=\"lazy\" decoding=\"async\" width=\"1024\" height=\"942\" data-id=\"1299\" src=\"https:\/\/canal4nogoya.com\/web\/wp-content\/uploads\/2025\/09\/Dib-1024x942.jpeg\" alt=\"\" class=\"wp-image-1299\" srcset=\"https:\/\/canal4nogoya.com\/web\/wp-content\/uploads\/2025\/09\/Dib-1024x942.jpeg 1024w, https:\/\/canal4nogoya.com\/web\/wp-content\/uploads\/2025\/09\/Dib-300x276.jpeg 300w, https:\/\/canal4nogoya.com\/web\/wp-content\/uploads\/2025\/09\/Dib-768x707.jpeg 768w, https:\/\/canal4nogoya.com\/web\/wp-content\/uploads\/2025\/09\/Dib.jpeg 1080w\" sizes=\"auto, (max-width: 1024px) 100vw, 1024px\" \/><\/figure>\n<\/figure>\n\n\n\n<p><\/p>\n\n\n\n<p>Finalmente, Ben\u00edtez destac\u00f3 que \u201cel que viene y ya hemos visto en la ciudad, es el hermano del Dibu -llamado&nbsp;<strong>Alejandro Mart\u00ednez<\/strong>\u2013 que tambi\u00e9n es deportista\u201d, m\u00e1s precisamente corredor de automovilismo.<\/p>\n\n\n\n<p><\/p>\n\n\n\n<p>El intendente de Puerto Yeru\u00e1 reconoci\u00f3 que \u201cestamos a la expectativa de que, en alg\u00fan espacio libre que tenga, el Dibu se haga una escapada y pueda estar ac\u00e1 tambi\u00e9n\u201d.<\/p>\n\n\n\n<p><\/p>\n\n\n\n<p>Como cierre Benitez subray\u00f3 que \u201cm\u00e1s all\u00e1 de que es una gran inversi\u00f3n y los puestos de trabajo que se generaron\u201d, la novedad \u201cva a ser una gran vidriera para la localidad a nivel nacional e internacional,&nbsp;<strong>porque en la botella va a figurar que fue envasada en Puerto Yeru\u00e1<\/strong>\u201d, remat\u00f3.<\/p>\n","protected":false},"excerpt":{"rendered":"<p>La familia del Dibu Mart\u00ednez adquiri\u00f3 una planta en&nbsp;Puerto Yeru\u00e1. En di\u00e1logo con&nbsp;Diario R\u00edo Uruguay, el intendente de la localidad,&nbsp;Daniel Ben\u00edtez, confirm\u00f3 la noticia&nbsp;y record\u00f3 que la planta se encuentra sobre la&nbsp;avenida San Mart\u00edn&nbsp;\u201cen direcci\u00f3n hacia el r\u00edo, antes de llegar a la orilla\u201d del Uruguay. All\u00ed hay un edificio \u201cque es muy grande y&#8230;<\/p>\n","protected":false},"author":3,"featured_media":1300,"comment_status":"open","ping_status":"closed","sticky":false,"template":"","format":"standard","meta":{"_monsterinsights_skip_tracking":false,"_monsterinsights_sitenote_active":false,"_monsterinsights_sitenote_note":"","_monsterinsights_sitenote_category":0,"footnotes":""},"categories":[10],"tags":[],"class_list":["post-1297","post","type-post","status-publish","format-standard","has-post-thumbnail","hentry","category-provinciales"],"aioseo_notices":[],"jetpack_featured_media_url":"https:\/\/canal4nogoya.com\/web\/wp-content\/uploads\/2025\/09\/Dib-T.jpeg","_links":{"self":[{"href":"https:\/\/canal4nogoya.com\/web\/wp-json\/wp\/v2\/posts\/1297","targetHints":{"allow":["GET"]}}],"collection":[{"href":"https:\/\/canal4nogoya.com\/web\/wp-json\/wp\/v2\/posts"}],"about":[{"href":"https:\/\/canal4nogoya.com\/web\/wp-json\/wp\/v2\/types\/post"}],"author":[{"embeddable":true,"href":"https:\/\/canal4nogoya.com\/web\/wp-json\/wp\/v2\/users\/3"}],"replies":[{"embeddable":true,"href":"https:\/\/canal4nogoya.com\/web\/wp-json\/wp\/v2\/comments?post=1297"}],"version-history":[{"count":1,"href":"https:\/\/canal4nogoya.com\/web\/wp-json\/wp\/v2\/posts\/1297\/revisions"}],"predecessor-version":[{"id":1301,"href":"https:\/\/canal4nogoya.com\/web\/wp-json\/wp\/v2\/posts\/1297\/revisions\/1301"}],"wp:featuredmedia":[{"embeddable":true,"href":"https:\/\/canal4nogoya.com\/web\/wp-json\/wp\/v2\/media\/1300"}],"wp:attachment":[{"href":"https:\/\/canal4nogoya.com\/web\/wp-json\/wp\/v2\/media?parent=1297"}],"wp:term":[{"taxonomy":"category","embeddable":true,"href":"https:\/\/canal4nogoya.com\/web\/wp-json\/wp\/v2\/categories?post=1297"},{"taxonomy":"post_tag","embeddable":true,"href":"https:\/\/canal4nogoya.com\/web\/wp-json\/wp\/v2\/tags?post=1297"}],"curies":[{"name":"wp","href":"https:\/\/api.w.org\/{rel}","templated":true}]}}