{"id":3496,"date":"2026-04-26T22:10:03","date_gmt":"2026-04-27T01:10:03","guid":{"rendered":"https:\/\/canal4nogoya.com\/web\/?p=3496"},"modified":"2026-04-26T22:10:04","modified_gmt":"2026-04-27T01:10:04","slug":"semana-con-temperaturas-invernales","status":"publish","type":"post","link":"https:\/\/canal4nogoya.com\/web\/semana-con-temperaturas-invernales\/","title":{"rendered":"Semana con temperaturas invernales"},"content":{"rendered":"\n<p><\/p>\n\n\n\n<p>El Servicio Meteorol\u00f3gico Nacional -SMN- anuncia\u00a0<strong>un lunes con buen clima en<\/strong>\u00a0<strong>la provincia<\/strong>\u00a0pero con temperaturas invernales. En esa l\u00ednea, se pronostica que le llegada de un frente fr\u00edo har\u00e1 que las m\u00ednimas lleguen a los 8\u00b0C.<\/p>\n\n\n\n<p><\/p>\n\n\n\n<p>Para los pr\u00f3ximos d\u00edas, el pron\u00f3stico extendido indica que&nbsp;<strong>el fr\u00edo se instalar\u00e1 de forma persistente.<\/strong>&nbsp;Las jornadas se presentar\u00e1n con sol, pero las m\u00ednimas podr\u00edan bajar hasta los 3\u00b0C el martes.<\/p>\n\n\n\n<p><\/p>\n\n\n\n<p>En\u00a0<strong>Nogoy\u00e1, Paran\u00e1,<\/strong>\u00a0<strong>La Paz, Victoria y Diamante<\/strong>\u00a0se espera que la m\u00ednima sea de 8 grados y la m\u00e1xima de 17 grados. En la capital y alrededores se espera cielo una jornada con ligeramente nublado.<\/p>\n\n\n\n<p><\/p>\n\n\n\n<p>En&nbsp;<strong>Concordia,<\/strong>&nbsp;<strong>Federal, Federaci\u00f3n, Feliciano y San Salvador<\/strong>&nbsp;habr\u00e1 m\u00ednima de 8 grados y m\u00e1xima de 17 grados. En estas ciudades se anuncia un lunes con cielo algo nublado.<\/p>\n\n\n\n<p><\/p>\n\n\n\n<p>En&nbsp;<strong>Gualeguaych\u00fa, Gualeguay, Concepci\u00f3n del Uruguay y Col\u00f3n<\/strong>&nbsp;por \u00faltimo, tambi\u00e9n se aguarda por un d\u00eda parcialmente nublado. Las temperaturas ser\u00e1n similares a las de las localidades anteriores, con una m\u00ednima de 7 grados y una m\u00e1xima de 17 grados.<\/p>\n","protected":false},"excerpt":{"rendered":"<p>El Servicio Meteorol\u00f3gico Nacional -SMN- anuncia\u00a0un lunes con buen clima en\u00a0la provincia\u00a0pero con temperaturas invernales. En esa l\u00ednea, se pronostica que le llegada de un frente fr\u00edo har\u00e1 que las m\u00ednimas lleguen a los 8\u00b0C. Para los pr\u00f3ximos d\u00edas, el pron\u00f3stico extendido indica que&nbsp;el fr\u00edo se instalar\u00e1 de forma persistente.&nbsp;Las jornadas se presentar\u00e1n con sol,&#8230;<\/p>\n","protected":false},"author":3,"featured_media":3110,"comment_status":"open","ping_status":"closed","sticky":false,"template":"","format":"standard","meta":{"_monsterinsights_skip_tracking":false,"_monsterinsights_sitenote_active":false,"_monsterinsights_sitenote_note":"","_monsterinsights_sitenote_category":0,"footnotes":""},"categories":[8],"tags":[],"class_list":["post-3496","post","type-post","status-publish","format-standard","has-post-thumbnail","hentry","category-locales"],"aioseo_notices":[],"jetpack_featured_media_url":"https:\/\/canal4nogoya.com\/web\/wp-content\/uploads\/2026\/03\/1-Peat.jpeg","_links":{"self":[{"href":"https:\/\/canal4nogoya.com\/web\/wp-json\/wp\/v2\/posts\/3496","targetHints":{"allow":["GET"]}}],"collection":[{"href":"https:\/\/canal4nogoya.com\/web\/wp-json\/wp\/v2\/posts"}],"about":[{"href":"https:\/\/canal4nogoya.com\/web\/wp-json\/wp\/v2\/types\/post"}],"author":[{"embeddable":true,"href":"https:\/\/canal4nogoya.com\/web\/wp-json\/wp\/v2\/users\/3"}],"replies":[{"embeddable":true,"href":"https:\/\/canal4nogoya.com\/web\/wp-json\/wp\/v2\/comments?post=3496"}],"version-history":[{"count":1,"href":"https:\/\/canal4nogoya.com\/web\/wp-json\/wp\/v2\/posts\/3496\/revisions"}],"predecessor-version":[{"id":3497,"href":"https:\/\/canal4nogoya.com\/web\/wp-json\/wp\/v2\/posts\/3496\/revisions\/3497"}],"wp:featuredmedia":[{"embeddable":true,"href":"https:\/\/canal4nogoya.com\/web\/wp-json\/wp\/v2\/media\/3110"}],"wp:attachment":[{"href":"https:\/\/canal4nogoya.com\/web\/wp-json\/wp\/v2\/media?parent=3496"}],"wp:term":[{"taxonomy":"category","embeddable":true,"href":"https:\/\/canal4nogoya.com\/web\/wp-json\/wp\/v2\/categories?post=3496"},{"taxonomy":"post_tag","embeddable":true,"href":"https:\/\/canal4nogoya.com\/web\/wp-json\/wp\/v2\/tags?post=3496"}],"curies":[{"name":"wp","href":"https:\/\/api.w.org\/{rel}","templated":true}]}}