{"id":3518,"date":"2026-04-27T22:42:17","date_gmt":"2026-04-28T01:42:17","guid":{"rendered":"https:\/\/canal4nogoya.com\/web\/?p=3518"},"modified":"2026-04-27T22:42:49","modified_gmt":"2026-04-28T01:42:49","slug":"borges-su-vinculo-con-entre-rios-y-la-visita-a-nogoya","status":"publish","type":"post","link":"https:\/\/canal4nogoya.com\/web\/borges-su-vinculo-con-entre-rios-y-la-visita-a-nogoya\/","title":{"rendered":"Borges, su v\u00ednculo con Entre R\u00edos y la visita a  Nogoy\u00e1\u00a0"},"content":{"rendered":"\n<p><\/p>\n\n\n\n<p><\/p>\n\n\n\n<p>La transformaci\u00f3n de un bald\u00edo en plaza, cambio al cual dif\u00edcilmente puedan encontr\u00e1rsele costados negativos, despert\u00f3 en las redes sociales comentarios para todos los gustos. Uno de ellos cuestionaba que ese renovado espacio adoptara como nombre&nbsp;<strong>\u201cJorge Luis Borges\u201d<\/strong>, dejando de lado a figuras de car\u00e1cter local. Se trata de un criterio rebatible y que, de extenderse, nos privar\u00eda del merecido homenaje a cientos de pr\u00f3ceres y personalidades que, aun sin tener un v\u00ednculo directo con la ciudad, son trascendentes. Pero, adem\u00e1s, muestra el escaso conocimiento que tenemos los paranaenses de la estrecha relaci\u00f3n que ostenta el autor de&nbsp;<em>El Aleph<\/em>&nbsp;con&nbsp;<strong>Paran\u00e1, ciudad donde naci\u00f3 su padre, vivi\u00f3 su abuela y permanecen enterrados los restos de su bisabuelo.<\/strong><\/p>\n\n\n\n<p><\/p>\n\n\n\n<p>Esta falta de puesta en valor de nuestro patrimonio hist\u00f3rico y cultural, es necesario remarcarlo, viene de hace tiempo y se extiende a m\u00faltiples hechos y figuras. Lo atestiguan la casa donde vivi\u00f3\u00a0<strong>Juan Domingo Per\u00f3n<\/strong>\u00a0en la calle Feliciano, durante la segunda d\u00e9cada del siglo XX, o la propiedad que habit\u00f3\u00a0<strong>Jos\u00e9 Hern\u00e1ndez<\/strong>\u00a0en la calle Espa\u00f1a, pocos a\u00f1os antes de escribir el\u00a0<em>Mart\u00edn Fierro<\/em>, sin se\u00f1ales visibles de su importancia patrimonial. A esta saga se puede sumar la casa de\u00a0<strong>Juan L. Ortiz\u00a0<\/strong>en la costanera alta, que no est\u00e1 se\u00f1alada y cuya ubicaci\u00f3n, como mencion\u00f3\u00a0Selva Almada \u201ces una especie de contrase\u00f1a que nos vamos pasando unos a otros\u201d. Para no profundizar el malestar, es preferible no mencionar el\u00a0<strong>Senado de la Confederaci\u00f3n<\/strong>\u00a0convertido en sede de una escuela confesional\u2026<\/p>\n\n\n\n<p><\/p>\n\n\n\n<p>El v\u00ednculo del c\u00e9lebre escritor con Paran\u00e1, que en estos d\u00edas fue puesto en un primer plano, se remonta a su abuela&nbsp;<strong>Frances Haslam<\/strong>, luego&nbsp;<strong>Fanny Borges<\/strong>, quien arrib\u00f3 a estas tierras hacia fines de la d\u00e9cada de 1860, siguiendo los pasos de su hermana Caroline. La joven inglesa, nacida en la Navidad de 1842, se instal\u00f3 y muy poco despu\u00e9s se enamor\u00f3 a primera vista del coronel&nbsp;<strong>Francisco Borges<\/strong>, quien hab\u00eda sido enviado por el poder central a Entre R\u00edos para combatir a las tropas jordanistas. Se casaron el 12 de agosto de 1871 y al a\u00f1o siguiente partieron por razones militares a Jun\u00edn, donde tuvieron a su primer hijo, Francisco Eduardo. En febrero de 1874, con Fanny nuevamente en Paran\u00e1, naci\u00f3 el segundo hijo,&nbsp;<strong>Jorge Guillermo<\/strong>, padre de Jorge Luis, y meses despu\u00e9s el coronel \u201cbusc\u00f3 la muerte\u201d en una batalla, como habr\u00eda de escribir casi un siglo despu\u00e9s su nieto.<\/p>\n\n\n\n<p><\/p>\n\n\n\n<p>Algunos a\u00f1os despu\u00e9s, con sus hijas ya afincadas en el pa\u00eds,&nbsp;<strong>Edward Young Haslam<\/strong>&nbsp;vendi\u00f3 sus propiedades y tambi\u00e9n se mud\u00f3 a la remota Argentina, donde ejerci\u00f3 la docencia y el periodismo. Muri\u00f3 en la capital entrerriana el 21 de septiembre de 1878 y, por su condici\u00f3n de protestante, no se le permiti\u00f3 ser enterrado en el&nbsp;<strong>Cementerio de la Sant\u00edsima Trinidad<\/strong>, raz\u00f3n por la cual su tumba se emplaz\u00f3 en un margen externo de la necr\u00f3polis. En la l\u00e1pida que todav\u00eda se puede apreciar all\u00ed sus hijas grabaron: \u201cBlessed are dead that die in the Lord\u201d \/ \u201cThey that sow in tears shall reap in joy\u201d (\u201cBienaventurados los muertos que mueren en el Se\u00f1or\u201d \/ \u201cLos que siembran con l\u00e1grimas, con alegr\u00eda cosechar\u00e1n\u201d).<\/p>\n\n\n\n<p><\/p>\n\n\n\n<p>En el libro\u00a0<em>Las se\u00f1oritas<\/em>, que reconstruye las vidas de las primeras maestras extranjeras que trajo Domingo Faustino Sarmiento a la Argentina, Laura Ramos abre la puerta a detalles \u00edntimos y hasta entonces desconocidos de esta epopeya educativa, que tuvo a Paran\u00e1 en un lugar protag\u00f3nico y cruz\u00f3 la historia de los Borges con el proyecto sarmientino. All\u00ed se relatan las peripecias de las docentes que se alojaron en la coqueta casa de las hermanas Haslam, ubicada en la calle\u00a0<strong>Alameda de la Federaci\u00f3n 525<\/strong>, donde hoy se levanta un edificio. \u201cLa acotada pensi\u00f3n prosper\u00f3, ya que Paran\u00e1, punto obligado del proyecto normalista para el aprendizaje del castellano de las maestras reci\u00e9n llegadas, le aseguraba un m\u00ednimo de clientas cautivas, en cierta forma. Contar con un alojamiento regenteado por una angloparlante, adem\u00e1s protestante en un pa\u00eds cat\u00f3lico, era una ventaja que pocas maestras iban a querer desperdiciar\u201d, rese\u00f1a.<\/p>\n\n\n\n<p><\/p>\n\n\n\n<p>Los Haslam-Borges se relacionaron con las educadoras y animaron m\u00faltiples tertulias, en muchas de las cuales particip\u00f3 el padre de Jorge Luis, hasta que la familia emigr\u00f3 a Buenos Aires a comienzos de la d\u00e9cada de 1890.<\/p>\n\n\n\n<p><\/p>\n\n\n\n<p>Borges visit\u00f3 la capital provincial al menos en tres oportunidades, en todas ellas para dictar conferencias, actividad que, a pesar de su timidez inicial, desarroll\u00f3 con frecuencia en las d\u00e9cadas del cincuenta y sesenta para ganarse la vida. El 23 de julio de 1952 arrib\u00f3 a la ciudad de sus ancestros para hablar sobre \u201cEl escritor y nuestro tiempo\u201d, en una propuesta organizada por la Asociaci\u00f3n Mariano Moreno y el Centro Cultural Carlos Mar\u00eda Onetti. Eran tiempos de escasez en el papel, lo que llevaba a los peri\u00f3dicos enfrentados al gobierno de Per\u00f3n a lanzar ediciones acotadas, de pocas p\u00e1ginas. A pesar de eso, la visita del escritor, quien adem\u00e1s era un ferviente opositor al gobierno, fue anunciada y luego rese\u00f1ada, aunque de manera breve y sin demasiados detalles.<\/p>\n\n\n\n<p><\/p>\n\n\n\n<p>Seg\u00fan precisa la investigadora Iris Estela Longo, en esa oportunidad Borges trat\u00f3 con figuras de la talla de Juan L. Ortiz, el futuro gobernador Ra\u00fal L. Uranga, Julio Meirama y la historiadora Beatriz Bosch, a quien le firm\u00f3 un ejemplar de\u00a0<em>Historia Universal de la Infamia<\/em>\u00a0que hoy se halla en la Biblioteca Provincial, con una dedicatoria de suma significaci\u00f3n:\u00a0<strong>\u201cA Beatriz Bosch, con la amistad del antiguo entrerriano. Jorge Luis Borges. Paran\u00e1, 1952\u201d<\/strong>. <strong>El escritor parti\u00f3 hacia Nogoy\u00e1<\/strong>, Gualeguay y Gualeguaych\u00fa para replicar su conferencia, en jornadas signadas por el grave estado de salud de Eva Per\u00f3n, quien terminar\u00eda falleciendo tres d\u00edas despu\u00e9s, el 26 de julio, mientras Borges continuaba su gira por la provincia.<\/p>\n\n\n\n<p><\/p>\n\n\n\n<figure class=\"wp-block-gallery has-nested-images columns-default is-cropped wp-block-gallery-1 is-layout-flex wp-block-gallery-is-layout-flex\">\n<figure class=\"wp-block-image size-large\"><img loading=\"lazy\" decoding=\"async\" width=\"685\" height=\"1024\" data-id=\"3520\" src=\"https:\/\/canal4nogoya.com\/web\/wp-content\/uploads\/2026\/04\/1-1-1-Bos-Bor-685x1024.webp\" alt=\"\" class=\"wp-image-3520\" srcset=\"https:\/\/canal4nogoya.com\/web\/wp-content\/uploads\/2026\/04\/1-1-1-Bos-Bor-685x1024.webp 685w, https:\/\/canal4nogoya.com\/web\/wp-content\/uploads\/2026\/04\/1-1-1-Bos-Bor-201x300.webp 201w, https:\/\/canal4nogoya.com\/web\/wp-content\/uploads\/2026\/04\/1-1-1-Bos-Bor-768x1149.webp 768w, https:\/\/canal4nogoya.com\/web\/wp-content\/uploads\/2026\/04\/1-1-1-Bos-Bor.webp 1027w\" sizes=\"auto, (max-width: 685px) 100vw, 685px\" \/><\/figure>\n<\/figure>\n\n\n\n<p><\/p>\n\n\n\n<p>La siguiente visita tuvo lugar en 1963, en un contexto muy distinto, con un escritor ya laureado con el cargo de director de la Biblioteca Nacional luego del golpe de la Revoluci\u00f3n Libertadora. En esa oportunidad brind\u00f3 una conferencia en el Colegio de Escribanos y luego pas\u00f3 por el edificio de&nbsp;<em>El Diario<\/em>.<\/p>\n\n\n\n<p><\/p>\n\n\n\n<p>El&nbsp;<em>Borges<\/em>&nbsp;de Adolfo Bioy Casares, un monumental diario de 1.600 p\u00e1ginas que relata detalles de la relaci\u00f3n entre ambos escritores, aporta un comentario \u00edntimo sobre esta visita a la capital entrerriana, donde se recorta el Borges punzante y con un dejo de malicia que suele asomar en estas notas. En una entrada del lunes 29 de julio de 1963, cuenta: \u201cCome en casa Borges, de regreso de Santa Fe y de Paran\u00e1 (\u2026) De su viaje a Paran\u00e1 cuenta: \u2018Es una ciudad pobrecita, con gente en bombacha, pa\u00f1uelo al cuello, que lo saluda a uno. Encontr\u00e9 all\u00e1 a un muchacho interesado en la&nbsp;<em>Chanson de Roland<\/em>.&nbsp;<strong>Visit\u00e9 la tumba de mi bisabuelo Haslam, enterrado fuera del cementerio, por hereje, es decir protestante; Madre le llev\u00f3 flores<\/strong>. En una ocasi\u00f3n anterior, le hab\u00eda llevado flores: en su viaje de bodas, en mil ochocientos noventa y tantos\u2019\u201d.<\/p>\n\n\n\n<p><\/p>\n\n\n\n<p>Aqu\u00ed, junto al adjetivo desde\u00f1oso que contrasta con otras intervenciones p\u00fablicas, surge el dato de la visita de Borges al Cementerio de la Sant\u00edsima Trinidad, ubicado en Per\u00fa al final, como solemos decir los paranaenses. La tumba de su bisabuelo, efectivamente ubicada en un margen externo de la necr\u00f3polis, qued\u00f3&nbsp;<em>del lado de adentro<\/em>&nbsp;luego de las reformas de ampliaci\u00f3n del cementerio y todav\u00eda se la puede visitar, aunque el nombre de Haslam no figure en los registros. De esas jornadas data tambi\u00e9n su firma en la pared de un local de la ciudad, en calle Laprida, donde entonces funcionaba la redacci\u00f3n de la revista&nbsp;<em>Orqu\u00eddeas&nbsp;<\/em>y hoy hay un kiosco.<\/p>\n\n\n\n<p><\/p>\n\n\n\n<p>El autor de&nbsp;<em>Ficciones&nbsp;<\/em>volvi\u00f3 a la capital entrerriana el 14 de agosto de 1969 para disertar en el Instituto Aut\u00e1rquico Provincial del Seguro, bajo el t\u00edtulo \u201cEl tiempo y los libros\u201d. A un cronista de&nbsp;<em>El Diario<\/em>&nbsp;le dijo que sent\u00eda una&nbsp;<strong>\u201cparticular estima\u201d por Entre R\u00edos<\/strong>, debido a la historia de su padre y su abuelo, enviado a la provincia \u201ccon el encargo impartido por Sarmiento para defender la ciudad de las montoneras jordanistas\u201d. Aunque luego volvi\u00f3 a otras ciudades entrerrianas, como Gualeguay y Villaguay, fue \u00e9sta su \u00faltima visita registrada a Paran\u00e1.<\/p>\n\n\n\n<p><\/p>\n\n\n\n<p>Vale la pena, para finalizar, recuperar otra entrada del diario de Bioy, del jueves 18 de diciembre de 1975, donde el escritor evoca con humor el momento en que naci\u00f3 el amor de sus abuelos en Paran\u00e1: \u201cCome en casa Borges. Me refiere: \u2018Mi abuela [Haslam], cuando vio a mi abuelo, que llegaba a la cabeza del regimiento 2 de l\u00ednea a Paran\u00e1, sitiada por los indios, se enamor\u00f3 de \u00e9l. A la noche se vieron en un baile. Mi abuela le dijo una vez a Madre: \u201c<em>The Colonel<\/em>\u00a0me pidi\u00f3 que me casara con \u00e9l, pero si me hubiera pedido que me fuera con \u00e9l lo hubiera hecho. Pensar que nunca me hab\u00edan gustado los militares ni los petisos y me cas\u00e9 con un militar y un petiso\u2019\u201d.<\/p>\n\n\n\n<p><\/p>\n\n\n\n<p>Fuente: Ahora<\/p>\n\n\n\n<p><\/p>\n","protected":false},"excerpt":{"rendered":"<p>La transformaci\u00f3n de un bald\u00edo en plaza, cambio al cual dif\u00edcilmente puedan encontr\u00e1rsele costados negativos, despert\u00f3 en las redes sociales comentarios para todos los gustos. Uno de ellos cuestionaba que ese renovado espacio adoptara como nombre&nbsp;\u201cJorge Luis Borges\u201d, dejando de lado a figuras de car\u00e1cter local. Se trata de un criterio rebatible y que, de&#8230;<\/p>\n","protected":false},"author":3,"featured_media":3519,"comment_status":"open","ping_status":"closed","sticky":false,"template":"","format":"standard","meta":{"_monsterinsights_skip_tracking":false,"_monsterinsights_sitenote_active":false,"_monsterinsights_sitenote_note":"","_monsterinsights_sitenote_category":0,"footnotes":""},"categories":[8],"tags":[],"class_list":["post-3518","post","type-post","status-publish","format-standard","has-post-thumbnail","hentry","category-locales"],"aioseo_notices":[],"jetpack_featured_media_url":"https:\/\/canal4nogoya.com\/web\/wp-content\/uploads\/2026\/04\/1-1-1-BJL.jpg","_links":{"self":[{"href":"https:\/\/canal4nogoya.com\/web\/wp-json\/wp\/v2\/posts\/3518","targetHints":{"allow":["GET"]}}],"collection":[{"href":"https:\/\/canal4nogoya.com\/web\/wp-json\/wp\/v2\/posts"}],"about":[{"href":"https:\/\/canal4nogoya.com\/web\/wp-json\/wp\/v2\/types\/post"}],"author":[{"embeddable":true,"href":"https:\/\/canal4nogoya.com\/web\/wp-json\/wp\/v2\/users\/3"}],"replies":[{"embeddable":true,"href":"https:\/\/canal4nogoya.com\/web\/wp-json\/wp\/v2\/comments?post=3518"}],"version-history":[{"count":1,"href":"https:\/\/canal4nogoya.com\/web\/wp-json\/wp\/v2\/posts\/3518\/revisions"}],"predecessor-version":[{"id":3521,"href":"https:\/\/canal4nogoya.com\/web\/wp-json\/wp\/v2\/posts\/3518\/revisions\/3521"}],"wp:featuredmedia":[{"embeddable":true,"href":"https:\/\/canal4nogoya.com\/web\/wp-json\/wp\/v2\/media\/3519"}],"wp:attachment":[{"href":"https:\/\/canal4nogoya.com\/web\/wp-json\/wp\/v2\/media?parent=3518"}],"wp:term":[{"taxonomy":"category","embeddable":true,"href":"https:\/\/canal4nogoya.com\/web\/wp-json\/wp\/v2\/categories?post=3518"},{"taxonomy":"post_tag","embeddable":true,"href":"https:\/\/canal4nogoya.com\/web\/wp-json\/wp\/v2\/tags?post=3518"}],"curies":[{"name":"wp","href":"https:\/\/api.w.org\/{rel}","templated":true}]}}