{"id":3525,"date":"2026-04-29T07:00:49","date_gmt":"2026-04-29T10:00:49","guid":{"rendered":"https:\/\/canal4nogoya.com\/web\/?p=3525"},"modified":"2026-04-29T07:01:33","modified_gmt":"2026-04-29T10:01:33","slug":"manuel-adorni-expone-en-el-congreso","status":"publish","type":"post","link":"https:\/\/canal4nogoya.com\/web\/manuel-adorni-expone-en-el-congreso\/","title":{"rendered":"Manuel Adorni expone en el Congreso"},"content":{"rendered":"\n<p><\/p>\n\n\n\n<p><\/p>\n\n\n\n<p>El jefe de Gabinete, Manuel Adorni, se presentar\u00e1 este mi\u00e9rcoles en el Congreso para brindar su informe de gesti\u00f3n en un contexto pol\u00edtico marcado por la investigaci\u00f3n judicial sobre su patrimonio y la presi\u00f3n de la oposici\u00f3n. Se anticipa una jornada extensa.<\/p>\n\n\n\n<p><\/p>\n\n\n\n<p>El funcionario hablar\u00e1 ante la C\u00e1mara de Diputados desde las 10.30 con un discurso que, seg\u00fan anticiparon en la Casa Rosada, estar\u00e1 enfocado en los resultados econ\u00f3micos del Gobierno, la estabilidad macro y las reformas impulsadas por la administraci\u00f3n de Javier Milei.<\/p>\n\n\n\n<p><\/p>\n\n\n\n<p><strong>La presentaci\u00f3n de Adorni se dar\u00e1 en una sesi\u00f3n especial que podr\u00eda extenderse al menos seis horas. Tras su discurso inicial, el jefe de Gabinete deber\u00e1 responder preguntas de los legisladores, organizadas en tres tandas.<\/strong><\/p>\n\n\n\n<p><\/p>\n\n\n\n<p>Desde el entorno del funcionario evitaron confirmar si responder\u00e1 consultas vinculadas a su situaci\u00f3n judicial o si se limitar\u00e1 a cuestiones de gesti\u00f3n. <strong>Entre los temas que podr\u00edan aparecer figuran las investigaciones por presuntas irregularidades en la Agencia Nacional de Discapacidad (Andis) y el caso de la criptomoneda $LIBRA.<\/strong><\/p>\n\n\n\n<p><\/p>\n\n\n\n<p>En el marco de un f\u00e9rreo operativo de seguridad con intervenci\u00f3n de la Casa Militar, el Gobierno demostrar\u00e1 su apoyo al Jefe de Gabinete.<\/p>\n\n\n\n<p>A la presencia confirmada de Javier y Karina Milei en el palco central, se agreg\u00f3 la novedad de que el presidente y su hermana pidieron que el Gabinete en pleno est\u00e9 presente en los balcones del primer piso del recinto, para el inicio de la sesi\u00f3n previsto a las 10.30 hs.<\/p>\n\n\n\n<p>Tambi\u00e9n dir\u00e1n presentes los senadores nacionales del bloque que comanda Patricia Bullrich, supo la Agencia Noticias Argentinas de altas fuentes de Presidencia de Diputados. <\/p>\n\n\n\n<p><\/p>\n\n\n\n<p>Un rato antes de tomar lugar en el hemiciclo para dar su informe inicial, Adorni pasar\u00e1 por el despacho del presidente de la C\u00e1mara de Diputados, Mart\u00edn Menem, para la foto que ya se hizo costumbre cada vez que un ministro se presenta en el Congreso.<\/p>\n\n\n\n<p><\/p>\n\n\n\n<p>Cerca de las 10 hs, el presidente estar\u00e1 llegando junto a la secretaria general de la Presidencia, y se acomodar\u00e1n en el palco principal, justo enfrente de donde le tocar\u00e1 hablar a Adorni. Se prev\u00e9 que el presidente no se quedar\u00e1 hasta el final de la sesi\u00f3n.<\/p>\n\n\n\n<p><\/p>\n\n\n\n<p>\u201cHabr\u00e1 entre 100 y 200 invitados institucionales\u201d, explicaron las fuentes de la presidencia de Diputados a las que la Agencia Noticias Argentinas tuvo acceso.<\/p>\n","protected":false},"excerpt":{"rendered":"<p>El jefe de Gabinete, Manuel Adorni, se presentar\u00e1 este mi\u00e9rcoles en el Congreso para brindar su informe de gesti\u00f3n en un contexto pol\u00edtico marcado por la investigaci\u00f3n judicial sobre su patrimonio y la presi\u00f3n de la oposici\u00f3n. Se anticipa una jornada extensa. El funcionario hablar\u00e1 ante la C\u00e1mara de Diputados desde las 10.30 con un&#8230;<\/p>\n","protected":false},"author":3,"featured_media":3526,"comment_status":"open","ping_status":"closed","sticky":false,"template":"","format":"standard","meta":{"_monsterinsights_skip_tracking":false,"_monsterinsights_sitenote_active":false,"_monsterinsights_sitenote_note":"","_monsterinsights_sitenote_category":0,"footnotes":""},"categories":[9],"tags":[],"class_list":["post-3525","post","type-post","status-publish","format-standard","has-post-thumbnail","hentry","category-nacionales"],"aioseo_notices":[],"jetpack_featured_media_url":"https:\/\/canal4nogoya.com\/web\/wp-content\/uploads\/2026\/04\/1-a-a-d.webp","_links":{"self":[{"href":"https:\/\/canal4nogoya.com\/web\/wp-json\/wp\/v2\/posts\/3525","targetHints":{"allow":["GET"]}}],"collection":[{"href":"https:\/\/canal4nogoya.com\/web\/wp-json\/wp\/v2\/posts"}],"about":[{"href":"https:\/\/canal4nogoya.com\/web\/wp-json\/wp\/v2\/types\/post"}],"author":[{"embeddable":true,"href":"https:\/\/canal4nogoya.com\/web\/wp-json\/wp\/v2\/users\/3"}],"replies":[{"embeddable":true,"href":"https:\/\/canal4nogoya.com\/web\/wp-json\/wp\/v2\/comments?post=3525"}],"version-history":[{"count":2,"href":"https:\/\/canal4nogoya.com\/web\/wp-json\/wp\/v2\/posts\/3525\/revisions"}],"predecessor-version":[{"id":3528,"href":"https:\/\/canal4nogoya.com\/web\/wp-json\/wp\/v2\/posts\/3525\/revisions\/3528"}],"wp:featuredmedia":[{"embeddable":true,"href":"https:\/\/canal4nogoya.com\/web\/wp-json\/wp\/v2\/media\/3526"}],"wp:attachment":[{"href":"https:\/\/canal4nogoya.com\/web\/wp-json\/wp\/v2\/media?parent=3525"}],"wp:term":[{"taxonomy":"category","embeddable":true,"href":"https:\/\/canal4nogoya.com\/web\/wp-json\/wp\/v2\/categories?post=3525"},{"taxonomy":"post_tag","embeddable":true,"href":"https:\/\/canal4nogoya.com\/web\/wp-json\/wp\/v2\/tags?post=3525"}],"curies":[{"name":"wp","href":"https:\/\/api.w.org\/{rel}","templated":true}]}}