{"id":3529,"date":"2026-04-29T07:07:18","date_gmt":"2026-04-29T10:07:18","guid":{"rendered":"https:\/\/canal4nogoya.com\/web\/?p=3529"},"modified":"2026-04-29T07:07:20","modified_gmt":"2026-04-29T10:07:20","slug":"fopea-denuncio-ante-la-cidh-la-prohibicion-de-ingreso-de-periodistas-a-la-casa-rosada","status":"publish","type":"post","link":"https:\/\/canal4nogoya.com\/web\/fopea-denuncio-ante-la-cidh-la-prohibicion-de-ingreso-de-periodistas-a-la-casa-rosada\/","title":{"rendered":"Fopea denunci\u00f3 ante la CIDH la prohibici\u00f3n de ingreso de periodistas a la Casa Rosada"},"content":{"rendered":"\n<p><\/p>\n\n\n\n<p><strong>El Foro de Periodismo Argentino denunci\u00f3 ante la Comisi\u00f3n Interamericana de Derechos Humanos la decisi\u00f3n del Gobierno nacional de suspender las acreditaciones de prensa. FOPEA advirti\u00f3 sobre un grave deterioro de los est\u00e1ndares de libertad de expresi\u00f3n y el derecho a la informaci\u00f3n en el pa\u00eds.<\/strong><\/p>\n\n\n\n<p><\/p>\n\n\n\n<p>El Foro de Periodismo Argentino (FOPEA) present\u00f3 el jueves 23 de abril una denuncia ante la Comisi\u00f3n Interamericana de Derechos Humanos (CIDH), sobre la medida que impide el ingreso de periodistas acreditados a la Casa Rosada. Este lunes 27 de abril, la\u00a0Relator\u00eda Especial para la Libertad de Expresi\u00f3n (RELE) de la CIDH hizo p\u00fablica su preocupaci\u00f3n por el caso e inst\u00f3 al Estado a revisar la restricci\u00f3n, exigiendo que se ajuste a los est\u00e1ndares internacionales en la materia.<\/p>\n\n\n\n<p><\/p>\n\n\n\n<p>La presentaci\u00f3n, dirigida al presidente de la CIDH, Sr. Edgar Stuardo Ral\u00f3n Orellana, detalla que la decisi\u00f3n oficial de inhabilitar de manera generalizada a los trabajadores de prensa que cubren habitualmente la actividad del Poder Ejecutivo\u00a0constituye un hecho de extrema gravedad institucional.\u00a0Por primera vez en d\u00e9cadas, los pasillos de la sede de gobierno se encuentran sin presencia period\u00edstica, lo que afecta directamente el derecho de la ciudadan\u00eda a controlar los actos de gobierno.<\/p>\n\n\n\n<p><\/p>\n\n\n\n<p id=\"p-1777379447309-1420\">Esta nueva denuncia da continuidad a los planteos iniciados en noviembre de 2025 en Miami, durante una audiencia p\u00fablica del 194\u00b0 Per\u00edodo de Sesiones de la Comisi\u00f3n. En dicho espacio, Fopea ya hab\u00eda advertido ante los comisionados sobre los riesgos para el periodismo local.&nbsp;\u00abHoy, ese camino se profundiza y se refuerza el pedido de una misi\u00f3n especial en la Argentina, como respuesta necesaria ante el creciente deterioro de la libertad de expresi\u00f3n\u00bb, inform\u00f3 Fopea.<\/p>\n\n\n\n<p><\/p>\n\n\n\n<p id=\"p-1777379447309-42026\">La restricci\u00f3n, que se origin\u00f3 tras un registro de im\u00e1genes realizado dentro de la Casa Rosada por un equipo del canal Todo Noticias (TN), deriv\u00f3 no solo en una denuncia penal contra los periodistas involucrados, sino en la suspensi\u00f3n de las acreditaciones de la totalidad de los cronistas por parte del Gobierno nacional.<\/p>\n\n\n\n<p><\/p>\n\n\n\n<p id=\"p-1777379447309-75691\">Fopea reiter\u00f3 que el libre acceso a la Casa Rosada, bajo normas de seguridad razonables, es fundamental dado su car\u00e1cter de espacio p\u00fablico y centro del poder pol\u00edtico. Impedir que la prensa trabaje all\u00ed limita la posibilidad de que la sociedad conozca y comprenda la actividad de sus gobernantes.<\/p>\n\n\n\n<p><\/p>\n\n\n\n<p id=\"p-1777379447309-88537\">En este sentido, se indic\u00f3 que se analizan nuevas acciones en caso de que esta situaci\u00f3n no se revierta de inmediato. \u00abFopea insta una vez m\u00e1s al Gobierno nacional a restablecer el sistema de acreditaciones y a garantizar las condiciones necesarias para el ejercicio del periodismo, pilares fundamentales de cualquier sistema democr\u00e1tico\u00bb, finaliz\u00f3 la entidad.<\/p>\n\n\n\n<p><\/p>\n\n\n\n<p><\/p>\n\n\n\n<p>Fuente: Uno<\/p>\n","protected":false},"excerpt":{"rendered":"<p>El Foro de Periodismo Argentino denunci\u00f3 ante la Comisi\u00f3n Interamericana de Derechos Humanos la decisi\u00f3n del Gobierno nacional de suspender las acreditaciones de prensa. FOPEA advirti\u00f3 sobre un grave deterioro de los est\u00e1ndares de libertad de expresi\u00f3n y el derecho a la informaci\u00f3n en el pa\u00eds. El Foro de Periodismo Argentino (FOPEA) present\u00f3 el jueves&#8230;<\/p>\n","protected":false},"author":3,"featured_media":3530,"comment_status":"open","ping_status":"closed","sticky":false,"template":"","format":"standard","meta":{"_monsterinsights_skip_tracking":false,"_monsterinsights_sitenote_active":false,"_monsterinsights_sitenote_note":"","_monsterinsights_sitenote_category":0,"footnotes":""},"categories":[9],"tags":[],"class_list":["post-3529","post","type-post","status-publish","format-standard","has-post-thumbnail","hentry","category-nacionales"],"aioseo_notices":[],"jetpack_featured_media_url":"https:\/\/canal4nogoya.com\/web\/wp-content\/uploads\/2026\/04\/1-1-1-a-Fopea.webp","_links":{"self":[{"href":"https:\/\/canal4nogoya.com\/web\/wp-json\/wp\/v2\/posts\/3529","targetHints":{"allow":["GET"]}}],"collection":[{"href":"https:\/\/canal4nogoya.com\/web\/wp-json\/wp\/v2\/posts"}],"about":[{"href":"https:\/\/canal4nogoya.com\/web\/wp-json\/wp\/v2\/types\/post"}],"author":[{"embeddable":true,"href":"https:\/\/canal4nogoya.com\/web\/wp-json\/wp\/v2\/users\/3"}],"replies":[{"embeddable":true,"href":"https:\/\/canal4nogoya.com\/web\/wp-json\/wp\/v2\/comments?post=3529"}],"version-history":[{"count":1,"href":"https:\/\/canal4nogoya.com\/web\/wp-json\/wp\/v2\/posts\/3529\/revisions"}],"predecessor-version":[{"id":3531,"href":"https:\/\/canal4nogoya.com\/web\/wp-json\/wp\/v2\/posts\/3529\/revisions\/3531"}],"wp:featuredmedia":[{"embeddable":true,"href":"https:\/\/canal4nogoya.com\/web\/wp-json\/wp\/v2\/media\/3530"}],"wp:attachment":[{"href":"https:\/\/canal4nogoya.com\/web\/wp-json\/wp\/v2\/media?parent=3529"}],"wp:term":[{"taxonomy":"category","embeddable":true,"href":"https:\/\/canal4nogoya.com\/web\/wp-json\/wp\/v2\/categories?post=3529"},{"taxonomy":"post_tag","embeddable":true,"href":"https:\/\/canal4nogoya.com\/web\/wp-json\/wp\/v2\/tags?post=3529"}],"curies":[{"name":"wp","href":"https:\/\/api.w.org\/{rel}","templated":true}]}}