{"id":3537,"date":"2026-04-29T18:20:25","date_gmt":"2026-04-29T21:20:25","guid":{"rendered":"https:\/\/canal4nogoya.com\/web\/?p=3537"},"modified":"2026-04-29T18:20:26","modified_gmt":"2026-04-29T21:20:26","slug":"el-gobierno-oficializo-el-convenio-para-avanzar-en-la-recuperacion-del-palacio-san-jose","status":"publish","type":"post","link":"https:\/\/canal4nogoya.com\/web\/el-gobierno-oficializo-el-convenio-para-avanzar-en-la-recuperacion-del-palacio-san-jose\/","title":{"rendered":"El gobierno oficializ\u00f3 el convenio para avanzar en la recuperaci\u00f3n del Palacio San Jos\u00e9"},"content":{"rendered":"\n<p><\/p>\n\n\n\n<p><\/p>\n\n\n\n<p>El gobierno provincial oficializ\u00f3 este mi\u00e9rcoles a trav\u00e9s del Bolet\u00edn Oficial el convenio con Naci\u00f3n para la puesta en valor y restauraci\u00f3n del&nbsp;<strong>Palacio San Jos\u00e9, Monumento Hist\u00f3rico Nacional.<\/strong><\/p>\n\n\n\n<p><\/p>\n\n\n\n<p>Cabe recordar que el pasado 3 de febrero el gobernador Rogelio Frigerio y el secretario de Cultura de la Naci\u00f3n, Leonardo Cifelli, rubricaron el convenio, en el marco del\u00a0<strong>acto oficial que se llev\u00f3 adelante en el palacio.<\/strong><\/p>\n\n\n\n<p><\/p>\n\n\n\n<p>Seg\u00fan se inform\u00f3 oficialmente, las obras estar\u00e1n enfocadas en&nbsp;<strong>frenar la degradaci\u00f3n estructural y patrimonial de la exresidencia de Justo Jos\u00e9 de Urquiza<\/strong>. La intervenci\u00f3n abordar\u00e1 el deterioro visible, incluyendo filtraciones y da\u00f1os estructurales en el edificio, buscando la recuperaci\u00f3n y conservaci\u00f3n del patrimonio.<\/p>\n\n\n\n<p><\/p>\n\n\n\n<p>\u201cEl convenio en cuesti\u00f3n tiene por objeto establecer un marco de colaboraci\u00f3n institucional entre la Secretar\u00eda de Cultura de Presidencia de la Naci\u00f3n y la Provincia de Entre R\u00edos, destinado al&nbsp;<strong>intercambio cultural, la puesta en valor integral, la preservaci\u00f3n patrimonial, la conservaci\u00f3n edilicia del Palacio San Jos\u00e9 Museo y Monumento Nacional \u2018Justo Jos\u00e9 de Urquiza\u2019,<\/strong>&nbsp;cuya titularidad, direcci\u00f3n, administraci\u00f3n interna, gesti\u00f3n de servicios, recursos humanas y conducci\u00f3n funcional corresponden en forma exclusiva a la Secretar\u00eda de Cultura de Presidencia de la Naci\u00f3n, sin que el presente instrumento implique alteraci\u00f3n alguna de dichas competencias\u201d, se\u00f1ala el acuerdo oficializado este mi\u00e9rcoles.<\/p>\n\n\n\n<p><\/p>\n\n\n\n<p>De acuerdo al decreto al que accedi\u00f3&nbsp;<strong>AHORA<\/strong>, el convenio entr\u00f3 en vigencia a partir de la fecha de su suscripci\u00f3n y tendr\u00e1 una duraci\u00f3n de cinco a\u00f1os, prorrogable autom\u00e1ticamente por per\u00edodos iguales, salvo que las partes, de com\u00fan acuerdo, acordasen su no renovaci\u00f3n.<\/p>\n","protected":false},"excerpt":{"rendered":"<p>El gobierno provincial oficializ\u00f3 este mi\u00e9rcoles a trav\u00e9s del Bolet\u00edn Oficial el convenio con Naci\u00f3n para la puesta en valor y restauraci\u00f3n del&nbsp;Palacio San Jos\u00e9, Monumento Hist\u00f3rico Nacional. Cabe recordar que el pasado 3 de febrero el gobernador Rogelio Frigerio y el secretario de Cultura de la Naci\u00f3n, Leonardo Cifelli, rubricaron el convenio, en el&#8230;<\/p>\n","protected":false},"author":3,"featured_media":3538,"comment_status":"open","ping_status":"closed","sticky":false,"template":"","format":"standard","meta":{"_monsterinsights_skip_tracking":false,"_monsterinsights_sitenote_active":false,"_monsterinsights_sitenote_note":"","_monsterinsights_sitenote_category":0,"footnotes":""},"categories":[10],"tags":[],"class_list":["post-3537","post","type-post","status-publish","format-standard","has-post-thumbnail","hentry","category-provinciales"],"aioseo_notices":[],"jetpack_featured_media_url":"https:\/\/canal4nogoya.com\/web\/wp-content\/uploads\/2026\/04\/1-1-1-SJ.webp","_links":{"self":[{"href":"https:\/\/canal4nogoya.com\/web\/wp-json\/wp\/v2\/posts\/3537","targetHints":{"allow":["GET"]}}],"collection":[{"href":"https:\/\/canal4nogoya.com\/web\/wp-json\/wp\/v2\/posts"}],"about":[{"href":"https:\/\/canal4nogoya.com\/web\/wp-json\/wp\/v2\/types\/post"}],"author":[{"embeddable":true,"href":"https:\/\/canal4nogoya.com\/web\/wp-json\/wp\/v2\/users\/3"}],"replies":[{"embeddable":true,"href":"https:\/\/canal4nogoya.com\/web\/wp-json\/wp\/v2\/comments?post=3537"}],"version-history":[{"count":1,"href":"https:\/\/canal4nogoya.com\/web\/wp-json\/wp\/v2\/posts\/3537\/revisions"}],"predecessor-version":[{"id":3539,"href":"https:\/\/canal4nogoya.com\/web\/wp-json\/wp\/v2\/posts\/3537\/revisions\/3539"}],"wp:featuredmedia":[{"embeddable":true,"href":"https:\/\/canal4nogoya.com\/web\/wp-json\/wp\/v2\/media\/3538"}],"wp:attachment":[{"href":"https:\/\/canal4nogoya.com\/web\/wp-json\/wp\/v2\/media?parent=3537"}],"wp:term":[{"taxonomy":"category","embeddable":true,"href":"https:\/\/canal4nogoya.com\/web\/wp-json\/wp\/v2\/categories?post=3537"},{"taxonomy":"post_tag","embeddable":true,"href":"https:\/\/canal4nogoya.com\/web\/wp-json\/wp\/v2\/tags?post=3537"}],"curies":[{"name":"wp","href":"https:\/\/api.w.org\/{rel}","templated":true}]}}