{"id":3542,"date":"2026-04-29T22:29:15","date_gmt":"2026-04-30T01:29:15","guid":{"rendered":"https:\/\/canal4nogoya.com\/web\/?p=3542"},"modified":"2026-04-29T22:29:17","modified_gmt":"2026-04-30T01:29:17","slug":"tiempo-en-entre-rios-anuncian-que-pronto-vuelven-las-inestabilidades-a-la-provincia","status":"publish","type":"post","link":"https:\/\/canal4nogoya.com\/web\/tiempo-en-entre-rios-anuncian-que-pronto-vuelven-las-inestabilidades-a-la-provincia\/","title":{"rendered":"Tiempo en Entre R\u00edos: anuncian que pronto vuelven las inestabilidades a la provincia"},"content":{"rendered":"\n<p><\/p>\n\n\n\n<p><strong>El Servicio Meteorol\u00f3gico Nacional (SMN) anticipa que tendremos un jueves algo nublado en la provincia<\/strong>. En esa l\u00ednea, se anuncian temperaturas similares a las del mi\u00e9rcoles, con m\u00e1ximas de 23 grados.<\/p>\n\n\n\n<p><\/p>\n\n\n\n<p>El pron\u00f3stico extendido anuncian lluvias y tormentas aisladas, chaparrones y posibles lloviznas d\u00e9biles para el viernes 1\u00b0 de mayo.<\/p>\n\n\n\n<p><\/p>\n\n\n\n<p>Este jueves en <strong>Nogoy\u00e1, Paran\u00e1, La Paz, Villaguay y Diamante<\/strong>\u00a0la\u00a0<strong>m\u00ednima ser\u00e1 de 10 grados y la m\u00e1xima alcanzar\u00e1 los 23 grados<\/strong>. En la capital y alrededores se espera una jornada parcialmente nublada.<\/p>\n\n\n\n<p><\/p>\n\n\n\n<p>En&nbsp;<strong>Concordia, Federal, Feliciano, Federaci\u00f3n y San Salvador<\/strong>, en tanto, se aguarda una&nbsp;<strong>m\u00ednima de 10 grados y una m\u00e1xima de 23 grados<\/strong>. All\u00ed se prev\u00e9e un jueves ligeramente nublado.<\/p>\n\n\n\n<p><\/p>\n\n\n\n<p>En&nbsp;<strong>Gualeguaych\u00fa, Col\u00f3n, Uruguay, Tala e Islas<\/strong>, por \u00faltimo, se espera<strong>&nbsp;una m\u00ednima de 9 grados y una m\u00e1xima de 23 grados<\/strong>. En estas localidades se pronostica un d\u00eda con cielo parcialmente nublado.<\/p>\n","protected":false},"excerpt":{"rendered":"<p>El Servicio Meteorol\u00f3gico Nacional (SMN) anticipa que tendremos un jueves algo nublado en la provincia. En esa l\u00ednea, se anuncian temperaturas similares a las del mi\u00e9rcoles, con m\u00e1ximas de 23 grados. El pron\u00f3stico extendido anuncian lluvias y tormentas aisladas, chaparrones y posibles lloviznas d\u00e9biles para el viernes 1\u00b0 de mayo. Este jueves en Nogoy\u00e1, Paran\u00e1,&#8230;<\/p>\n","protected":false},"author":3,"featured_media":3543,"comment_status":"open","ping_status":"closed","sticky":false,"template":"","format":"standard","meta":{"_monsterinsights_skip_tracking":false,"_monsterinsights_sitenote_active":false,"_monsterinsights_sitenote_note":"","_monsterinsights_sitenote_category":0,"footnotes":""},"categories":[8],"tags":[],"class_list":["post-3542","post","type-post","status-publish","format-standard","has-post-thumbnail","hentry","category-locales"],"aioseo_notices":[],"jetpack_featured_media_url":"https:\/\/canal4nogoya.com\/web\/wp-content\/uploads\/2026\/04\/1-1-1-Ngy.jpg","_links":{"self":[{"href":"https:\/\/canal4nogoya.com\/web\/wp-json\/wp\/v2\/posts\/3542","targetHints":{"allow":["GET"]}}],"collection":[{"href":"https:\/\/canal4nogoya.com\/web\/wp-json\/wp\/v2\/posts"}],"about":[{"href":"https:\/\/canal4nogoya.com\/web\/wp-json\/wp\/v2\/types\/post"}],"author":[{"embeddable":true,"href":"https:\/\/canal4nogoya.com\/web\/wp-json\/wp\/v2\/users\/3"}],"replies":[{"embeddable":true,"href":"https:\/\/canal4nogoya.com\/web\/wp-json\/wp\/v2\/comments?post=3542"}],"version-history":[{"count":1,"href":"https:\/\/canal4nogoya.com\/web\/wp-json\/wp\/v2\/posts\/3542\/revisions"}],"predecessor-version":[{"id":3544,"href":"https:\/\/canal4nogoya.com\/web\/wp-json\/wp\/v2\/posts\/3542\/revisions\/3544"}],"wp:featuredmedia":[{"embeddable":true,"href":"https:\/\/canal4nogoya.com\/web\/wp-json\/wp\/v2\/media\/3543"}],"wp:attachment":[{"href":"https:\/\/canal4nogoya.com\/web\/wp-json\/wp\/v2\/media?parent=3542"}],"wp:term":[{"taxonomy":"category","embeddable":true,"href":"https:\/\/canal4nogoya.com\/web\/wp-json\/wp\/v2\/categories?post=3542"},{"taxonomy":"post_tag","embeddable":true,"href":"https:\/\/canal4nogoya.com\/web\/wp-json\/wp\/v2\/tags?post=3542"}],"curies":[{"name":"wp","href":"https:\/\/api.w.org\/{rel}","templated":true}]}}