{"id":4523,"date":"2026-08-04T22:50:23","date_gmt":"2026-08-05T01:50:23","guid":{"rendered":"https:\/\/canal4nogoya.com\/web\/?p=4523"},"modified":"2026-08-04T22:50:25","modified_gmt":"2026-08-05T01:50:25","slug":"piden-que-se-suspenda-el-nuevo-esquema-en-comedores-escolares","status":"publish","type":"post","link":"https:\/\/canal4nogoya.com\/web\/piden-que-se-suspenda-el-nuevo-esquema-en-comedores-escolares\/","title":{"rendered":"Piden que se suspenda el nuevo esquema en comedores escolares"},"content":{"rendered":"\n<p class=\"wp-block-paragraph\"><\/p>\n\n\n\n<p class=\"wp-block-paragraph\"><\/p>\n\n\n\n<p class=\"wp-block-paragraph\"><strong>Diputados provinciales del bloque \u201cM\u00e1s Para Entre R\u00edos\u201d requirieron al Poder Ejecutivo Provincial que suspenda la implementaci\u00f3n del Decreto N\u00b0 852\/2026, que adjudic\u00f3 a la empresa Teknofood S.A. la provisi\u00f3n de desayunos y meriendas escolares<\/strong>, hasta tanto se \u201cgarantice la participaci\u00f3n de los organismos t\u00e9cnicos competentes en la revisi\u00f3n del dise\u00f1o de los m\u00f3dulos alimentarios y de las condiciones de contrataci\u00f3n del nuevo sistema\u201d, informaron en un comunicado del espacio.<\/p>\n\n\n\n<p class=\"wp-block-paragraph\"><\/p>\n\n\n\n<p class=\"wp-block-paragraph\">La bancada opositora impulsa un Proyecto de Comunicaci\u00f3n por el cual la C\u00e1mara de Diputados&nbsp;<strong>declara su \u201cpreocupaci\u00f3n\u201d por el mecanismo implementado<\/strong>&nbsp;por el gobernador, atendiendo a \u201c<strong>los m\u00faltiples cuestionamientos formulados<\/strong>&nbsp;por el Colegio de Nutricionistas de Entre R\u00edos, la Asociaci\u00f3n Entrerriana de Nutricionistas (AEN), la Asociaci\u00f3n de Nutricionistas en Alimentaci\u00f3n Escolar de Concepci\u00f3n del Uruguay (Alencu), los gremios docentes, centros comerciales, equipos directivos de establecimientos educativos, docentes y familias entrerrianas\u201d.<\/p>\n\n\n\n<p class=\"wp-block-paragraph\"><\/p>\n\n\n\n<p class=\"wp-block-paragraph\">El proyecto, impulsado por&nbsp;<strong>Laura Stratta<\/strong>, fue acompa\u00f1ado por las firmas de todos los integrantes del bloque, quienes consideran necesaria&nbsp;<strong>la conformaci\u00f3n \u201curgente\u201d de una mesa intersectorial que incluya al Colegio de Nutricionistas de Entre R\u00edos, el Consejo General de Educaci\u00f3n (CGE), los gremios docentes, las c\u00e1maras de comercio y representantes de proveedores y productores locales<\/strong>, a fin de revisar de manera participativa el dise\u00f1o e implementaci\u00f3n del nuevo sistema de provisi\u00f3n alimentaria escolar.<\/p>\n\n\n\n<p class=\"wp-block-paragraph\"><\/p>\n\n\n\n<p class=\"wp-block-paragraph\">Del mismo modo, requieren al Poder Ejecutivo Provincial que informe de manera inmediata los fundamentos t\u00e9cnicos, econ\u00f3micos y administrativos que motivaron \u201cque el monto final adjudicado a la empresa Teknofood S.A. resultara sustancialmente superior al presupuesto oficial previsto para la licitaci\u00f3n, as\u00ed como las razones por las cuales dicha adjudicaci\u00f3n no fue publicada oportunamente en el Bolet\u00edn Oficial de la Provincia\u201d.<\/p>\n\n\n\n<p class=\"wp-block-paragraph\"><\/p>\n\n\n\n<p class=\"wp-block-paragraph\"><\/p>\n\n\n\n<p class=\"wp-block-paragraph\"><\/p>\n\n\n\n<p class=\"wp-block-paragraph\">Fuente: Ahora<\/p>\n","protected":false},"excerpt":{"rendered":"<p>Diputados provinciales del bloque \u201cM\u00e1s Para Entre R\u00edos\u201d requirieron al Poder Ejecutivo Provincial que suspenda la implementaci\u00f3n del Decreto N\u00b0 852\/2026, que adjudic\u00f3 a la empresa Teknofood S.A. la provisi\u00f3n de desayunos y meriendas escolares, hasta tanto se \u201cgarantice la participaci\u00f3n de los organismos t\u00e9cnicos competentes en la revisi\u00f3n del dise\u00f1o de los m\u00f3dulos alimentarios&#8230;<\/p>\n","protected":false},"author":3,"featured_media":4524,"comment_status":"open","ping_status":"closed","sticky":false,"template":"","format":"standard","meta":{"_monsterinsights_skip_tracking":false,"footnotes":""},"categories":[10],"tags":[],"class_list":["post-4523","post","type-post","status-publish","format-standard","has-post-thumbnail","hentry","category-provinciales"],"aioseo_notices":[],"aioseo_head":"\n\t\t<!-- All in One SEO 5.0.1.1 - aioseo.com -->\n\t<meta name=\"description\" content=\"Diputados provinciales del bloque \u201cM\u00e1s Para Entre R\u00edos\u201d requirieron al Poder Ejecutivo Provincial que suspenda la implementaci\u00f3n del Decreto N\u00b0 852\/2026, que adjudic\u00f3 a la empresa Teknofood S.A. la provisi\u00f3n de desayunos y meriendas escolares, hasta tanto se \u201cgarantice la participaci\u00f3n de los organismos t\u00e9cnicos competentes en la revisi\u00f3n del dise\u00f1o de los m\u00f3dulos alimentarios\" \/>\n\t<meta name=\"robots\" content=\"max-image-preview:large\" \/>\n\t<meta name=\"author\" content=\"Redacci\u00f3n\"\/>\n\t<link rel=\"canonical\" href=\"https:\/\/canal4nogoya.com\/web\/piden-que-se-suspenda-el-nuevo-esquema-en-comedores-escolares\/\" \/>\n\t<meta name=\"generator\" content=\"All in One SEO (AIOSEO) 5.0.1.1\" \/>\n\t\t<meta property=\"og:locale\" content=\"es_ES\" \/>\n\t\t<meta property=\"og:site_name\" content=\"Canal 4 Nogoy\u00e1 - Nogoy\u00e1 Televisora Color\" \/>\n\t\t<meta property=\"og:type\" content=\"article\" \/>\n\t\t<meta property=\"og:title\" content=\"Piden que se suspenda el nuevo esquema en comedores escolares - Canal 4 Nogoy\u00e1\" \/>\n\t\t<meta property=\"og:description\" content=\"Diputados provinciales del bloque \u201cM\u00e1s Para Entre R\u00edos\u201d requirieron al Poder Ejecutivo Provincial que suspenda la implementaci\u00f3n del Decreto N\u00b0 852\/2026, que adjudic\u00f3 a la empresa Teknofood S.A. la provisi\u00f3n de desayunos y meriendas escolares, hasta tanto se \u201cgarantice la participaci\u00f3n de los organismos t\u00e9cnicos competentes en la revisi\u00f3n del dise\u00f1o de los m\u00f3dulos alimentarios\" \/>\n\t\t<meta property=\"og:url\" content=\"https:\/\/canal4nogoya.com\/web\/piden-que-se-suspenda-el-nuevo-esquema-en-comedores-escolares\/\" \/>\n\t\t<meta property=\"og:image\" content=\"https:\/\/canal4nogoya.com\/web\/wp-content\/uploads\/2026\/08\/1-1-1-1-1-1-1-a-co-es.jpeg\" \/>\n\t\t<meta property=\"og:image:secure_url\" content=\"https:\/\/canal4nogoya.com\/web\/wp-content\/uploads\/2026\/08\/1-1-1-1-1-1-1-a-co-es.jpeg\" \/>\n\t\t<meta property=\"og:image:width\" content=\"678\" \/>\n\t\t<meta property=\"og:image:height\" content=\"452\" \/>\n\t\t<meta property=\"article:published_time\" content=\"2026-08-05T01:50:23+00:00\" \/>\n\t\t<meta property=\"article:modified_time\" content=\"2026-08-05T01:50:25+00:00\" \/>\n\t\t<meta name=\"twitter:card\" content=\"summary_large_image\" \/>\n\t\t<meta name=\"twitter:title\" content=\"Piden que se suspenda el nuevo esquema en comedores escolares - Canal 4 Nogoy\u00e1\" \/>\n\t\t<meta name=\"twitter:description\" content=\"Diputados provinciales del bloque \u201cM\u00e1s Para Entre R\u00edos\u201d requirieron al Poder Ejecutivo Provincial que suspenda la implementaci\u00f3n del Decreto N\u00b0 852\/2026, que adjudic\u00f3 a la empresa Teknofood S.A. la provisi\u00f3n de desayunos y meriendas escolares, hasta tanto se \u201cgarantice la participaci\u00f3n de los organismos t\u00e9cnicos competentes en la revisi\u00f3n del dise\u00f1o de los m\u00f3dulos alimentarios\" \/>\n\t\t<meta name=\"twitter:image\" content=\"https:\/\/canal4nogoya.com\/web\/wp-content\/uploads\/2026\/08\/1-1-1-1-1-1-1-a-co-es.jpeg\" \/>\n\t\t<script type=\"application\/ld+json\" class=\"aioseo-schema\">\n\t\t\t{\"@context\":\"https:\\\/\\\/schema.org\",\"@graph\":[{\"@type\":\"BlogPosting\",\"@id\":\"https:\\\/\\\/canal4nogoya.com\\\/web\\\/piden-que-se-suspenda-el-nuevo-esquema-en-comedores-escolares\\\/#blogposting\",\"name\":\"Piden que se suspenda el nuevo esquema en comedores escolares - Canal 4 Nogoy\\u00e1\",\"headline\":\"Piden que se suspenda el nuevo esquema en comedores escolares\",\"author\":{\"@id\":\"https:\\\/\\\/canal4nogoya.com\\\/web\\\/author\\\/gonzalo\\\/#author\"},\"publisher\":{\"@id\":\"https:\\\/\\\/canal4nogoya.com\\\/web\\\/#organization\"},\"image\":{\"@type\":\"ImageObject\",\"url\":\"https:\\\/\\\/canal4nogoya.com\\\/web\\\/wp-content\\\/uploads\\\/2026\\\/08\\\/1-1-1-1-1-1-1-a-co-es.jpeg\",\"width\":678,\"height\":452},\"datePublished\":\"2026-08-04T22:50:23-03:00\",\"dateModified\":\"2026-08-04T22:50:25-03:00\",\"inLanguage\":\"es-ES\",\"mainEntityOfPage\":{\"@id\":\"https:\\\/\\\/canal4nogoya.com\\\/web\\\/piden-que-se-suspenda-el-nuevo-esquema-en-comedores-escolares\\\/#webpage\"},\"isPartOf\":{\"@id\":\"https:\\\/\\\/canal4nogoya.com\\\/web\\\/piden-que-se-suspenda-el-nuevo-esquema-en-comedores-escolares\\\/#webpage\"},\"articleSection\":\"Provinciales\"},{\"@type\":\"BreadcrumbList\",\"@id\":\"https:\\\/\\\/canal4nogoya.com\\\/web\\\/piden-que-se-suspenda-el-nuevo-esquema-en-comedores-escolares\\\/#breadcrumblist\",\"itemListElement\":[{\"@type\":\"ListItem\",\"@id\":\"https:\\\/\\\/canal4nogoya.com\\\/web#listItem\",\"position\":1,\"name\":\"Home\",\"item\":\"https:\\\/\\\/canal4nogoya.com\\\/web\",\"nextItem\":{\"@type\":\"ListItem\",\"@id\":\"https:\\\/\\\/canal4nogoya.com\\\/web\\\/category\\\/provinciales\\\/#listItem\",\"name\":\"Provinciales\"}},{\"@type\":\"ListItem\",\"@id\":\"https:\\\/\\\/canal4nogoya.com\\\/web\\\/category\\\/provinciales\\\/#listItem\",\"position\":2,\"name\":\"Provinciales\",\"item\":\"https:\\\/\\\/canal4nogoya.com\\\/web\\\/category\\\/provinciales\\\/\",\"nextItem\":{\"@type\":\"ListItem\",\"@id\":\"https:\\\/\\\/canal4nogoya.com\\\/web\\\/piden-que-se-suspenda-el-nuevo-esquema-en-comedores-escolares\\\/#listItem\",\"name\":\"Piden que se suspenda el nuevo esquema en comedores escolares\"},\"previousItem\":{\"@type\":\"ListItem\",\"@id\":\"https:\\\/\\\/canal4nogoya.com\\\/web#listItem\",\"name\":\"Home\"}},{\"@type\":\"ListItem\",\"@id\":\"https:\\\/\\\/canal4nogoya.com\\\/web\\\/piden-que-se-suspenda-el-nuevo-esquema-en-comedores-escolares\\\/#listItem\",\"position\":3,\"name\":\"Piden que se suspenda el nuevo esquema en comedores escolares\",\"previousItem\":{\"@type\":\"ListItem\",\"@id\":\"https:\\\/\\\/canal4nogoya.com\\\/web\\\/category\\\/provinciales\\\/#listItem\",\"name\":\"Provinciales\"}}]},{\"@type\":\"Organization\",\"@id\":\"https:\\\/\\\/canal4nogoya.com\\\/web\\\/#organization\",\"name\":\"Canal 4 Nogoy\\u00e1\",\"description\":\"Nogoy\\u00e1 Televisora Color\",\"url\":\"https:\\\/\\\/canal4nogoya.com\\\/web\\\/\",\"logo\":{\"@type\":\"ImageObject\",\"url\":\"https:\\\/\\\/canal4nogoya.com\\\/web\\\/wp-content\\\/uploads\\\/2025\\\/04\\\/logos-fondo-blanco.jpg\",\"@id\":\"https:\\\/\\\/canal4nogoya.com\\\/web\\\/piden-que-se-suspenda-el-nuevo-esquema-en-comedores-escolares\\\/#organizationLogo\",\"width\":2353,\"height\":1080},\"image\":{\"@id\":\"https:\\\/\\\/canal4nogoya.com\\\/web\\\/piden-que-se-suspenda-el-nuevo-esquema-en-comedores-escolares\\\/#organizationLogo\"}},{\"@type\":\"Person\",\"@id\":\"https:\\\/\\\/canal4nogoya.com\\\/web\\\/author\\\/gonzalo\\\/#author\",\"url\":\"https:\\\/\\\/canal4nogoya.com\\\/web\\\/author\\\/gonzalo\\\/\",\"name\":\"Redacci\\u00f3n\",\"image\":{\"@type\":\"ImageObject\",\"@id\":\"https:\\\/\\\/canal4nogoya.com\\\/web\\\/piden-que-se-suspenda-el-nuevo-esquema-en-comedores-escolares\\\/#authorImage\",\"url\":\"https:\\\/\\\/canal4nogoya.com\\\/web\\\/wp-content\\\/litespeed\\\/avatar\\\/1df8586f31106921a2f6ae0d9530296b.jpg?ver=1787987515\",\"width\":96,\"height\":96,\"caption\":\"Redacci\\u00f3n\"}},{\"@type\":\"WebPage\",\"@id\":\"https:\\\/\\\/canal4nogoya.com\\\/web\\\/piden-que-se-suspenda-el-nuevo-esquema-en-comedores-escolares\\\/#webpage\",\"url\":\"https:\\\/\\\/canal4nogoya.com\\\/web\\\/piden-que-se-suspenda-el-nuevo-esquema-en-comedores-escolares\\\/\",\"name\":\"Piden que se suspenda el nuevo esquema en comedores escolares - Canal 4 Nogoy\\u00e1\",\"description\":\"Diputados provinciales del bloque \\u201cM\\u00e1s Para Entre R\\u00edos\\u201d requirieron al Poder Ejecutivo Provincial que suspenda la implementaci\\u00f3n del Decreto N\\u00b0 852\\\/2026, que adjudic\\u00f3 a la empresa Teknofood S.A. la provisi\\u00f3n de desayunos y meriendas escolares, hasta tanto se \\u201cgarantice la participaci\\u00f3n de los organismos t\\u00e9cnicos competentes en la revisi\\u00f3n del dise\\u00f1o de los m\\u00f3dulos alimentarios\",\"inLanguage\":\"es-ES\",\"isPartOf\":{\"@id\":\"https:\\\/\\\/canal4nogoya.com\\\/web\\\/#website\"},\"breadcrumb\":{\"@id\":\"https:\\\/\\\/canal4nogoya.com\\\/web\\\/piden-que-se-suspenda-el-nuevo-esquema-en-comedores-escolares\\\/#breadcrumblist\"},\"author\":{\"@id\":\"https:\\\/\\\/canal4nogoya.com\\\/web\\\/author\\\/gonzalo\\\/#author\"},\"creator\":{\"@id\":\"https:\\\/\\\/canal4nogoya.com\\\/web\\\/author\\\/gonzalo\\\/#author\"},\"image\":{\"@type\":\"ImageObject\",\"url\":\"https:\\\/\\\/canal4nogoya.com\\\/web\\\/wp-content\\\/uploads\\\/2026\\\/08\\\/1-1-1-1-1-1-1-a-co-es.jpeg\",\"@id\":\"https:\\\/\\\/canal4nogoya.com\\\/web\\\/piden-que-se-suspenda-el-nuevo-esquema-en-comedores-escolares\\\/#mainImage\",\"width\":678,\"height\":452},\"primaryImageOfPage\":{\"@id\":\"https:\\\/\\\/canal4nogoya.com\\\/web\\\/piden-que-se-suspenda-el-nuevo-esquema-en-comedores-escolares\\\/#mainImage\"},\"datePublished\":\"2026-08-04T22:50:23-03:00\",\"dateModified\":\"2026-08-04T22:50:25-03:00\"},{\"@type\":\"WebSite\",\"@id\":\"https:\\\/\\\/canal4nogoya.com\\\/web\\\/#website\",\"url\":\"https:\\\/\\\/canal4nogoya.com\\\/web\\\/\",\"name\":\"Canal 4 Nogoy\\u00e1\",\"description\":\"Nogoy\\u00e1 Televisora Color\",\"inLanguage\":\"es-ES\",\"publisher\":{\"@id\":\"https:\\\/\\\/canal4nogoya.com\\\/web\\\/#organization\"}}]}\n\t\t<\/script>\n\t\t<!-- All in One SEO -->\n\n","aioseo_head_json":{"title":"Piden que se suspenda el nuevo esquema en comedores escolares - Canal 4 Nogoy\u00e1","description":"Diputados provinciales del bloque \u201cM\u00e1s Para Entre R\u00edos\u201d requirieron al Poder Ejecutivo Provincial que suspenda la implementaci\u00f3n del Decreto N\u00b0 852\/2026, que adjudic\u00f3 a la empresa Teknofood S.A. la provisi\u00f3n de desayunos y meriendas escolares, hasta tanto se \u201cgarantice la participaci\u00f3n de los organismos t\u00e9cnicos competentes en la revisi\u00f3n del dise\u00f1o de los m\u00f3dulos alimentarios","canonical_url":"https:\/\/canal4nogoya.com\/web\/piden-que-se-suspenda-el-nuevo-esquema-en-comedores-escolares\/","robots":"max-image-preview:large","keywords":"","webmasterTools":{"miscellaneous":""},"schema":{"@context":"https:\/\/schema.org","@graph":[{"@type":"BlogPosting","@id":"https:\/\/canal4nogoya.com\/web\/piden-que-se-suspenda-el-nuevo-esquema-en-comedores-escolares\/#blogposting","name":"Piden que se suspenda el nuevo esquema en comedores escolares - Canal 4 Nogoy\u00e1","headline":"Piden que se suspenda el nuevo esquema en comedores escolares","author":{"@id":"https:\/\/canal4nogoya.com\/web\/author\/gonzalo\/#author"},"publisher":{"@id":"https:\/\/canal4nogoya.com\/web\/#organization"},"image":{"@type":"ImageObject","url":"https:\/\/canal4nogoya.com\/web\/wp-content\/uploads\/2026\/08\/1-1-1-1-1-1-1-a-co-es.jpeg","width":678,"height":452},"datePublished":"2026-08-04T22:50:23-03:00","dateModified":"2026-08-04T22:50:25-03:00","inLanguage":"es-ES","mainEntityOfPage":{"@id":"https:\/\/canal4nogoya.com\/web\/piden-que-se-suspenda-el-nuevo-esquema-en-comedores-escolares\/#webpage"},"isPartOf":{"@id":"https:\/\/canal4nogoya.com\/web\/piden-que-se-suspenda-el-nuevo-esquema-en-comedores-escolares\/#webpage"},"articleSection":"Provinciales"},{"@type":"BreadcrumbList","@id":"https:\/\/canal4nogoya.com\/web\/piden-que-se-suspenda-el-nuevo-esquema-en-comedores-escolares\/#breadcrumblist","itemListElement":[{"@type":"ListItem","@id":"https:\/\/canal4nogoya.com\/web#listItem","position":1,"name":"Home","item":"https:\/\/canal4nogoya.com\/web","nextItem":{"@type":"ListItem","@id":"https:\/\/canal4nogoya.com\/web\/category\/provinciales\/#listItem","name":"Provinciales"}},{"@type":"ListItem","@id":"https:\/\/canal4nogoya.com\/web\/category\/provinciales\/#listItem","position":2,"name":"Provinciales","item":"https:\/\/canal4nogoya.com\/web\/category\/provinciales\/","nextItem":{"@type":"ListItem","@id":"https:\/\/canal4nogoya.com\/web\/piden-que-se-suspenda-el-nuevo-esquema-en-comedores-escolares\/#listItem","name":"Piden que se suspenda el nuevo esquema en comedores escolares"},"previousItem":{"@type":"ListItem","@id":"https:\/\/canal4nogoya.com\/web#listItem","name":"Home"}},{"@type":"ListItem","@id":"https:\/\/canal4nogoya.com\/web\/piden-que-se-suspenda-el-nuevo-esquema-en-comedores-escolares\/#listItem","position":3,"name":"Piden que se suspenda el nuevo esquema en comedores escolares","previousItem":{"@type":"ListItem","@id":"https:\/\/canal4nogoya.com\/web\/category\/provinciales\/#listItem","name":"Provinciales"}}]},{"@type":"Organization","@id":"https:\/\/canal4nogoya.com\/web\/#organization","name":"Canal 4 Nogoy\u00e1","description":"Nogoy\u00e1 Televisora Color","url":"https:\/\/canal4nogoya.com\/web\/","logo":{"@type":"ImageObject","url":"https:\/\/canal4nogoya.com\/web\/wp-content\/uploads\/2025\/04\/logos-fondo-blanco.jpg","@id":"https:\/\/canal4nogoya.com\/web\/piden-que-se-suspenda-el-nuevo-esquema-en-comedores-escolares\/#organizationLogo","width":2353,"height":1080},"image":{"@id":"https:\/\/canal4nogoya.com\/web\/piden-que-se-suspenda-el-nuevo-esquema-en-comedores-escolares\/#organizationLogo"}},{"@type":"Person","@id":"https:\/\/canal4nogoya.com\/web\/author\/gonzalo\/#author","url":"https:\/\/canal4nogoya.com\/web\/author\/gonzalo\/","name":"Redacci\u00f3n","image":{"@type":"ImageObject","@id":"https:\/\/canal4nogoya.com\/web\/piden-que-se-suspenda-el-nuevo-esquema-en-comedores-escolares\/#authorImage","url":"https:\/\/canal4nogoya.com\/web\/wp-content\/litespeed\/avatar\/1df8586f31106921a2f6ae0d9530296b.jpg?ver=1787987515","width":96,"height":96,"caption":"Redacci\u00f3n"}},{"@type":"WebPage","@id":"https:\/\/canal4nogoya.com\/web\/piden-que-se-suspenda-el-nuevo-esquema-en-comedores-escolares\/#webpage","url":"https:\/\/canal4nogoya.com\/web\/piden-que-se-suspenda-el-nuevo-esquema-en-comedores-escolares\/","name":"Piden que se suspenda el nuevo esquema en comedores escolares - Canal 4 Nogoy\u00e1","description":"Diputados provinciales del bloque \u201cM\u00e1s Para Entre R\u00edos\u201d requirieron al Poder Ejecutivo Provincial que suspenda la implementaci\u00f3n del Decreto N\u00b0 852\/2026, que adjudic\u00f3 a la empresa Teknofood S.A. la provisi\u00f3n de desayunos y meriendas escolares, hasta tanto se \u201cgarantice la participaci\u00f3n de los organismos t\u00e9cnicos competentes en la revisi\u00f3n del dise\u00f1o de los m\u00f3dulos alimentarios","inLanguage":"es-ES","isPartOf":{"@id":"https:\/\/canal4nogoya.com\/web\/#website"},"breadcrumb":{"@id":"https:\/\/canal4nogoya.com\/web\/piden-que-se-suspenda-el-nuevo-esquema-en-comedores-escolares\/#breadcrumblist"},"author":{"@id":"https:\/\/canal4nogoya.com\/web\/author\/gonzalo\/#author"},"creator":{"@id":"https:\/\/canal4nogoya.com\/web\/author\/gonzalo\/#author"},"image":{"@type":"ImageObject","url":"https:\/\/canal4nogoya.com\/web\/wp-content\/uploads\/2026\/08\/1-1-1-1-1-1-1-a-co-es.jpeg","@id":"https:\/\/canal4nogoya.com\/web\/piden-que-se-suspenda-el-nuevo-esquema-en-comedores-escolares\/#mainImage","width":678,"height":452},"primaryImageOfPage":{"@id":"https:\/\/canal4nogoya.com\/web\/piden-que-se-suspenda-el-nuevo-esquema-en-comedores-escolares\/#mainImage"},"datePublished":"2026-08-04T22:50:23-03:00","dateModified":"2026-08-04T22:50:25-03:00"},{"@type":"WebSite","@id":"https:\/\/canal4nogoya.com\/web\/#website","url":"https:\/\/canal4nogoya.com\/web\/","name":"Canal 4 Nogoy\u00e1","description":"Nogoy\u00e1 Televisora Color","inLanguage":"es-ES","publisher":{"@id":"https:\/\/canal4nogoya.com\/web\/#organization"}}]},"og:locale":"es_ES","og:site_name":"Canal 4 Nogoy\u00e1 - Nogoy\u00e1 Televisora Color","og:type":"article","og:title":"Piden que se suspenda el nuevo esquema en comedores escolares - Canal 4 Nogoy\u00e1","og:description":"Diputados provinciales del bloque \u201cM\u00e1s Para Entre R\u00edos\u201d requirieron al Poder Ejecutivo Provincial que suspenda la implementaci\u00f3n del Decreto N\u00b0 852\/2026, que adjudic\u00f3 a la empresa Teknofood S.A. la provisi\u00f3n de desayunos y meriendas escolares, hasta tanto se \u201cgarantice la participaci\u00f3n de los organismos t\u00e9cnicos competentes en la revisi\u00f3n del dise\u00f1o de los m\u00f3dulos alimentarios","og:url":"https:\/\/canal4nogoya.com\/web\/piden-que-se-suspenda-el-nuevo-esquema-en-comedores-escolares\/","og:image":"https:\/\/canal4nogoya.com\/web\/wp-content\/uploads\/2026\/08\/1-1-1-1-1-1-1-a-co-es.jpeg","og:image:secure_url":"https:\/\/canal4nogoya.com\/web\/wp-content\/uploads\/2026\/08\/1-1-1-1-1-1-1-a-co-es.jpeg","og:image:width":678,"og:image:height":452,"article:published_time":"2026-08-05T01:50:23+00:00","article:modified_time":"2026-08-05T01:50:25+00:00","twitter:card":"summary_large_image","twitter:title":"Piden que se suspenda el nuevo esquema en comedores escolares - Canal 4 Nogoy\u00e1","twitter:description":"Diputados provinciales del bloque \u201cM\u00e1s Para Entre R\u00edos\u201d requirieron al Poder Ejecutivo Provincial que suspenda la implementaci\u00f3n del Decreto N\u00b0 852\/2026, que adjudic\u00f3 a la empresa Teknofood S.A. la provisi\u00f3n de desayunos y meriendas escolares, hasta tanto se \u201cgarantice la participaci\u00f3n de los organismos t\u00e9cnicos competentes en la revisi\u00f3n del dise\u00f1o de los m\u00f3dulos alimentarios","twitter:image":"https:\/\/canal4nogoya.com\/web\/wp-content\/uploads\/2026\/08\/1-1-1-1-1-1-1-a-co-es.jpeg"},"aioseo_meta_data":{"post_id":"4523","title":null,"description":null,"keywords":null,"keyphrases":{"focus":{"keyphrase":"","score":0,"analysis":{"keyphraseInTitle":{"score":0,"maxScore":9,"error":1}}},"additional":[]},"primary_term":null,"canonical_url":null,"og_title":null,"og_description":null,"og_object_type":"default","og_image_type":"default","og_image_url":null,"og_image_width":null,"og_image_height":null,"og_image_custom_url":null,"og_image_custom_fields":null,"og_video":"","og_custom_url":null,"og_article_section":null,"og_article_tags":null,"twitter_use_og":false,"twitter_card":"default","twitter_image_type":"default","twitter_image_url":null,"twitter_image_custom_url":null,"twitter_image_custom_fields":null,"twitter_title":null,"twitter_description":null,"schema":{"blockGraphs":[],"customGraphs":[],"default":{"data":{"Article":[],"Course":[],"Dataset":[],"FAQPage":[],"Movie":[],"Person":[],"Product":[],"ProductReview":[],"Car":[],"Recipe":[],"Service":[],"SoftwareApplication":[],"WebPage":[]},"graphName":"BlogPosting","isEnabled":true},"graphs":[]},"schema_type":"default","schema_type_options":null,"pillar_content":false,"robots_default":true,"robots_noindex":false,"robots_noarchive":false,"robots_nosnippet":false,"robots_nofollow":false,"robots_noimageindex":false,"robots_noodp":false,"robots_notranslate":false,"robots_max_snippet":"-1","robots_max_videopreview":"-1","robots_max_imagepreview":"large","priority":null,"frequency":"default","local_seo":null,"breadcrumb_settings":null,"limit_modified_date":false,"ai":{"faqs":[],"keyPoints":[],"schemas":[],"titles":[],"descriptions":[],"socialPosts":{"email":{"subject":"","preview":"","content":""},"linkedin":[],"twitter":[],"facebook":[],"instagram":[]}},"created":"2026-08-05 01:50:25","updated":"2026-08-05 04:12:05","seo_analyzer_scan_date":null,"focus_keyword":null,"additional_keywords":null,"truseo_locale":null},"aioseo_breadcrumb":"<div class=\"aioseo-breadcrumbs\"><span class=\"aioseo-breadcrumb\">\n\t\t\t<a href=\"https:\/\/canal4nogoya.com\/web\" title=\"Home\">Home<\/a>\n\t\t<\/span><span class=\"aioseo-breadcrumb-separator\">&raquo;<\/span><span class=\"aioseo-breadcrumb\">\n\t\t\t<a href=\"https:\/\/canal4nogoya.com\/web\/category\/provinciales\/\" title=\"Provinciales\">Provinciales<\/a>\n\t\t<\/span><span class=\"aioseo-breadcrumb-separator\">&raquo;<\/span><span class=\"aioseo-breadcrumb\">\n\t\t\tPiden que se suspenda el nuevo esquema en comedores escolares\n\t\t<\/span><\/div>","aioseo_breadcrumb_json":[{"label":"Home","link":"https:\/\/canal4nogoya.com\/web"},{"label":"Provinciales","link":"https:\/\/canal4nogoya.com\/web\/category\/provinciales\/"},{"label":"Piden que se suspenda el nuevo esquema en comedores escolares","link":"https:\/\/canal4nogoya.com\/web\/piden-que-se-suspenda-el-nuevo-esquema-en-comedores-escolares\/"}],"jetpack_featured_media_url":"https:\/\/canal4nogoya.com\/web\/wp-content\/uploads\/2026\/08\/1-1-1-1-1-1-1-a-co-es.jpeg","_links":{"self":[{"href":"https:\/\/canal4nogoya.com\/web\/wp-json\/wp\/v2\/posts\/4523","targetHints":{"allow":["GET"]}}],"collection":[{"href":"https:\/\/canal4nogoya.com\/web\/wp-json\/wp\/v2\/posts"}],"about":[{"href":"https:\/\/canal4nogoya.com\/web\/wp-json\/wp\/v2\/types\/post"}],"author":[{"embeddable":true,"href":"https:\/\/canal4nogoya.com\/web\/wp-json\/wp\/v2\/users\/3"}],"replies":[{"embeddable":true,"href":"https:\/\/canal4nogoya.com\/web\/wp-json\/wp\/v2\/comments?post=4523"}],"version-history":[{"count":1,"href":"https:\/\/canal4nogoya.com\/web\/wp-json\/wp\/v2\/posts\/4523\/revisions"}],"predecessor-version":[{"id":4525,"href":"https:\/\/canal4nogoya.com\/web\/wp-json\/wp\/v2\/posts\/4523\/revisions\/4525"}],"wp:featuredmedia":[{"embeddable":true,"href":"https:\/\/canal4nogoya.com\/web\/wp-json\/wp\/v2\/media\/4524"}],"wp:attachment":[{"href":"https:\/\/canal4nogoya.com\/web\/wp-json\/wp\/v2\/media?parent=4523"}],"wp:term":[{"taxonomy":"category","embeddable":true,"href":"https:\/\/canal4nogoya.com\/web\/wp-json\/wp\/v2\/categories?post=4523"},{"taxonomy":"post_tag","embeddable":true,"href":"https:\/\/canal4nogoya.com\/web\/wp-json\/wp\/v2\/tags?post=4523"}],"curies":[{"name":"wp","href":"https:\/\/api.w.org\/{rel}","templated":true}]}}