{"id":4526,"date":"2026-08-04T22:56:56","date_gmt":"2026-08-05T01:56:56","guid":{"rendered":"https:\/\/canal4nogoya.com\/web\/?p=4526"},"modified":"2026-08-04T22:56:57","modified_gmt":"2026-08-05T01:56:57","slug":"ley-de-tierras-buscaran-elevar-la-posibilidad-de-extranjerizacion-al-25","status":"publish","type":"post","link":"https:\/\/canal4nogoya.com\/web\/ley-de-tierras-buscaran-elevar-la-posibilidad-de-extranjerizacion-al-25\/","title":{"rendered":"Ley de Tierras: buscar\u00e1n elevar la posibilidad de extranjerizaci\u00f3n al 25%"},"content":{"rendered":"\n<p class=\"wp-block-paragraph\"><\/p>\n\n\n\n<p class=\"wp-block-paragraph\">Patricia Bullrich\u00a0encabez\u00f3 este martes una conferencia de prensa en el Sal\u00f3n de las Provincias del Senado, donde ratific\u00f3 que fueron<strong> <\/strong>aceptadas las sugerencias para que la modificaci\u00f3n a la Ley de Tierras Rurales eleve el tope de extranjerizaci\u00f3n a un m\u00e1ximo de 25 %<strong>\u00a0<\/strong>. \u201cA nosotros no nos van a correr con soberan\u00eda\u201d, asever\u00f3 la presidenta del bloque de La Libertad Avanza.<\/p>\n\n\n\n<p class=\"wp-block-paragraph\"><\/p>\n\n\n\n<p class=\"wp-block-paragraph\">Acompa\u00f1ada del presidente provisional&nbsp;<strong>Bartolom\u00e9 Abdala<\/strong>, y de los senadores oficialistas&nbsp;<strong>Agust\u00edn Coto<\/strong>&nbsp;(titular de la Comisi\u00f3n de Asuntos Constitucionales) y&nbsp;<strong>Nadia M\u00e1rquez<\/strong>&nbsp;(presidenta de Legislaci\u00f3n General), Bullrich revel\u00f3 que el acuerdo informado contempla al \u201cgrupo de los 47\u201d. Sin embargo,&nbsp;<em>parlamentario.com<\/em>&nbsp;constat\u00f3 que la garant\u00eda de votos a favor -a estas horas- ronda los 35 avales.<\/p>\n\n\n\n<p class=\"wp-block-paragraph\"><\/p>\n\n\n\n<p class=\"wp-block-paragraph\">Con el objetivo de hacer p\u00fablico el acuerdo parlamentario, la presidenta del bloque libertario explic\u00f3 que&nbsp;<strong>el l\u00edmite del 25% para la extranjerizaci\u00f3n de tierras que ir\u00e1 al recinto de la C\u00e1mara de Senadores este jueves 6 de agosto busca parecerse al establecido en Brasil<\/strong>, quien Bullrich calific\u00f3 como \u201cun pa\u00eds que crece cuatro veces m\u00e1s que la Argentina\u201d.<\/p>\n\n\n\n<p class=\"wp-block-paragraph\"><\/p>\n\n\n\n<p class=\"wp-block-paragraph\">La senadora reiter\u00f3 que los estados extranjeros \u201cno van a poder comprar ni un metro\u201d de tierras rurales y remarc\u00f3 que la compra en zona de frontera va a requerir la autorizaci\u00f3n de la juridiscci\u00f3n nacional y provincial.<\/p>\n\n\n\n<p class=\"wp-block-paragraph\"><\/p>\n\n\n\n<p class=\"wp-block-paragraph\">Bajo la premisa de exhibir m\u00fasculo legislativo, la jefa de bloque oficialista invoc\u00f3 anteriores acuerdos con \u201cel grupo de los 44\u201d e, incluso, mencion\u00f3 a Convicci\u00f3n Federal. De todas maneras, al final de la conferencia revel\u00f3 que, a estas horas, solo cuenta -adem\u00e1s de los 21 de LLA- con una parte del radicalismo (al menos 7 de 10), los 3 del Pro (<strong>Andrea Cristina<\/strong>&nbsp;vuelve de la licencia por embarazo), la salte\u00f1a&nbsp;<strong>Flavia Roy\u00f3n,&nbsp;<\/strong>la tucumana de Independencia&nbsp;<strong>Beatriz \u00c1vila;&nbsp;<\/strong>el correntino<strong>&nbsp;Carlos \u201cCamau\u201d Esp\u00ednola<\/strong>; y la neuquina<strong>&nbsp;Julieta Corroza<\/strong>.<\/p>\n\n\n\n<p class=\"wp-block-paragraph\"><\/p>\n\n\n\n<p class=\"wp-block-paragraph\"><\/p>\n\n\n\n<p class=\"wp-block-paragraph\">Fuente: Ahora<\/p>\n","protected":false},"excerpt":{"rendered":"<p>Patricia Bullrich\u00a0encabez\u00f3 este martes una conferencia de prensa en el Sal\u00f3n de las Provincias del Senado, donde ratific\u00f3 que fueron aceptadas las sugerencias para que la modificaci\u00f3n a la Ley de Tierras Rurales eleve el tope de extranjerizaci\u00f3n a un m\u00e1ximo de 25 %\u00a0. \u201cA nosotros no nos van a correr con soberan\u00eda\u201d, asever\u00f3 la&#8230;<\/p>\n","protected":false},"author":3,"featured_media":4527,"comment_status":"open","ping_status":"closed","sticky":false,"template":"","format":"standard","meta":{"_monsterinsights_skip_tracking":false,"footnotes":""},"categories":[9],"tags":[],"class_list":["post-4526","post","type-post","status-publish","format-standard","has-post-thumbnail","hentry","category-nacionales"],"aioseo_notices":[],"aioseo_head":"\n\t\t<!-- All in One SEO 5.0.1.1 - aioseo.com -->\n\t<meta name=\"description\" content=\"Patricia Bullrich encabez\u00f3 este martes una conferencia de prensa en el Sal\u00f3n de las Provincias del Senado, donde ratific\u00f3 que fueron aceptadas las sugerencias para que la modificaci\u00f3n a la Ley de Tierras Rurales eleve el tope de extranjerizaci\u00f3n a un m\u00e1ximo de 25 % . \u201cA nosotros no nos van a correr con soberan\u00eda\u201d, asever\u00f3 la\" \/>\n\t<meta name=\"robots\" content=\"max-image-preview:large\" \/>\n\t<meta name=\"author\" content=\"Redacci\u00f3n\"\/>\n\t<link rel=\"canonical\" href=\"https:\/\/canal4nogoya.com\/web\/ley-de-tierras-buscaran-elevar-la-posibilidad-de-extranjerizacion-al-25\/\" \/>\n\t<meta name=\"generator\" content=\"All in One SEO (AIOSEO) 5.0.1.1\" \/>\n\t\t<meta property=\"og:locale\" content=\"es_ES\" \/>\n\t\t<meta property=\"og:site_name\" content=\"Canal 4 Nogoy\u00e1 - Nogoy\u00e1 Televisora Color\" \/>\n\t\t<meta property=\"og:type\" content=\"article\" \/>\n\t\t<meta property=\"og:title\" content=\"Ley de Tierras: buscar\u00e1n elevar la posibilidad de extranjerizaci\u00f3n al 25% - Canal 4 Nogoy\u00e1\" \/>\n\t\t<meta property=\"og:description\" content=\"Patricia Bullrich encabez\u00f3 este martes una conferencia de prensa en el Sal\u00f3n de las Provincias del Senado, donde ratific\u00f3 que fueron aceptadas las sugerencias para que la modificaci\u00f3n a la Ley de Tierras Rurales eleve el tope de extranjerizaci\u00f3n a un m\u00e1ximo de 25 % . \u201cA nosotros no nos van a correr con soberan\u00eda\u201d, asever\u00f3 la\" \/>\n\t\t<meta property=\"og:url\" content=\"https:\/\/canal4nogoya.com\/web\/ley-de-tierras-buscaran-elevar-la-posibilidad-de-extranjerizacion-al-25\/\" \/>\n\t\t<meta property=\"og:image\" content=\"https:\/\/canal4nogoya.com\/web\/wp-content\/uploads\/2026\/08\/1-1-1-1-1-1-1-a-ley-t.jpeg\" \/>\n\t\t<meta property=\"og:image:secure_url\" content=\"https:\/\/canal4nogoya.com\/web\/wp-content\/uploads\/2026\/08\/1-1-1-1-1-1-1-a-ley-t.jpeg\" \/>\n\t\t<meta property=\"og:image:width\" content=\"685\" \/>\n\t\t<meta property=\"og:image:height\" content=\"448\" \/>\n\t\t<meta property=\"article:published_time\" content=\"2026-08-05T01:56:56+00:00\" \/>\n\t\t<meta property=\"article:modified_time\" content=\"2026-08-05T01:56:57+00:00\" \/>\n\t\t<meta name=\"twitter:card\" content=\"summary_large_image\" \/>\n\t\t<meta name=\"twitter:title\" content=\"Ley de Tierras: buscar\u00e1n elevar la posibilidad de extranjerizaci\u00f3n al 25% - Canal 4 Nogoy\u00e1\" \/>\n\t\t<meta name=\"twitter:description\" content=\"Patricia Bullrich encabez\u00f3 este martes una conferencia de prensa en el Sal\u00f3n de las Provincias del Senado, donde ratific\u00f3 que fueron aceptadas las sugerencias para que la modificaci\u00f3n a la Ley de Tierras Rurales eleve el tope de extranjerizaci\u00f3n a un m\u00e1ximo de 25 % . \u201cA nosotros no nos van a correr con soberan\u00eda\u201d, asever\u00f3 la\" \/>\n\t\t<meta name=\"twitter:image\" content=\"https:\/\/canal4nogoya.com\/web\/wp-content\/uploads\/2026\/08\/1-1-1-1-1-1-1-a-ley-t.jpeg\" \/>\n\t\t<script type=\"application\/ld+json\" class=\"aioseo-schema\">\n\t\t\t{\"@context\":\"https:\\\/\\\/schema.org\",\"@graph\":[{\"@type\":\"BlogPosting\",\"@id\":\"https:\\\/\\\/canal4nogoya.com\\\/web\\\/ley-de-tierras-buscaran-elevar-la-posibilidad-de-extranjerizacion-al-25\\\/#blogposting\",\"name\":\"Ley de Tierras: buscar\\u00e1n elevar la posibilidad de extranjerizaci\\u00f3n al 25% - Canal 4 Nogoy\\u00e1\",\"headline\":\"Ley de Tierras: buscar\\u00e1n elevar la posibilidad de extranjerizaci\\u00f3n al 25%\",\"author\":{\"@id\":\"https:\\\/\\\/canal4nogoya.com\\\/web\\\/author\\\/gonzalo\\\/#author\"},\"publisher\":{\"@id\":\"https:\\\/\\\/canal4nogoya.com\\\/web\\\/#organization\"},\"image\":{\"@type\":\"ImageObject\",\"url\":\"https:\\\/\\\/canal4nogoya.com\\\/web\\\/wp-content\\\/uploads\\\/2026\\\/08\\\/1-1-1-1-1-1-1-a-ley-t.jpeg\",\"width\":685,\"height\":448},\"datePublished\":\"2026-08-04T22:56:56-03:00\",\"dateModified\":\"2026-08-04T22:56:57-03:00\",\"inLanguage\":\"es-ES\",\"mainEntityOfPage\":{\"@id\":\"https:\\\/\\\/canal4nogoya.com\\\/web\\\/ley-de-tierras-buscaran-elevar-la-posibilidad-de-extranjerizacion-al-25\\\/#webpage\"},\"isPartOf\":{\"@id\":\"https:\\\/\\\/canal4nogoya.com\\\/web\\\/ley-de-tierras-buscaran-elevar-la-posibilidad-de-extranjerizacion-al-25\\\/#webpage\"},\"articleSection\":\"Nacionales\"},{\"@type\":\"BreadcrumbList\",\"@id\":\"https:\\\/\\\/canal4nogoya.com\\\/web\\\/ley-de-tierras-buscaran-elevar-la-posibilidad-de-extranjerizacion-al-25\\\/#breadcrumblist\",\"itemListElement\":[{\"@type\":\"ListItem\",\"@id\":\"https:\\\/\\\/canal4nogoya.com\\\/web#listItem\",\"position\":1,\"name\":\"Home\",\"item\":\"https:\\\/\\\/canal4nogoya.com\\\/web\",\"nextItem\":{\"@type\":\"ListItem\",\"@id\":\"https:\\\/\\\/canal4nogoya.com\\\/web\\\/category\\\/nacionales\\\/#listItem\",\"name\":\"Nacionales\"}},{\"@type\":\"ListItem\",\"@id\":\"https:\\\/\\\/canal4nogoya.com\\\/web\\\/category\\\/nacionales\\\/#listItem\",\"position\":2,\"name\":\"Nacionales\",\"item\":\"https:\\\/\\\/canal4nogoya.com\\\/web\\\/category\\\/nacionales\\\/\",\"nextItem\":{\"@type\":\"ListItem\",\"@id\":\"https:\\\/\\\/canal4nogoya.com\\\/web\\\/ley-de-tierras-buscaran-elevar-la-posibilidad-de-extranjerizacion-al-25\\\/#listItem\",\"name\":\"Ley de Tierras: buscar\\u00e1n elevar la posibilidad de extranjerizaci\\u00f3n al 25%\"},\"previousItem\":{\"@type\":\"ListItem\",\"@id\":\"https:\\\/\\\/canal4nogoya.com\\\/web#listItem\",\"name\":\"Home\"}},{\"@type\":\"ListItem\",\"@id\":\"https:\\\/\\\/canal4nogoya.com\\\/web\\\/ley-de-tierras-buscaran-elevar-la-posibilidad-de-extranjerizacion-al-25\\\/#listItem\",\"position\":3,\"name\":\"Ley de Tierras: buscar\\u00e1n elevar la posibilidad de extranjerizaci\\u00f3n al 25%\",\"previousItem\":{\"@type\":\"ListItem\",\"@id\":\"https:\\\/\\\/canal4nogoya.com\\\/web\\\/category\\\/nacionales\\\/#listItem\",\"name\":\"Nacionales\"}}]},{\"@type\":\"Organization\",\"@id\":\"https:\\\/\\\/canal4nogoya.com\\\/web\\\/#organization\",\"name\":\"Canal 4 Nogoy\\u00e1\",\"description\":\"Nogoy\\u00e1 Televisora Color\",\"url\":\"https:\\\/\\\/canal4nogoya.com\\\/web\\\/\",\"logo\":{\"@type\":\"ImageObject\",\"url\":\"https:\\\/\\\/canal4nogoya.com\\\/web\\\/wp-content\\\/uploads\\\/2025\\\/04\\\/logos-fondo-blanco.jpg\",\"@id\":\"https:\\\/\\\/canal4nogoya.com\\\/web\\\/ley-de-tierras-buscaran-elevar-la-posibilidad-de-extranjerizacion-al-25\\\/#organizationLogo\",\"width\":2353,\"height\":1080},\"image\":{\"@id\":\"https:\\\/\\\/canal4nogoya.com\\\/web\\\/ley-de-tierras-buscaran-elevar-la-posibilidad-de-extranjerizacion-al-25\\\/#organizationLogo\"}},{\"@type\":\"Person\",\"@id\":\"https:\\\/\\\/canal4nogoya.com\\\/web\\\/author\\\/gonzalo\\\/#author\",\"url\":\"https:\\\/\\\/canal4nogoya.com\\\/web\\\/author\\\/gonzalo\\\/\",\"name\":\"Redacci\\u00f3n\",\"image\":{\"@type\":\"ImageObject\",\"@id\":\"https:\\\/\\\/canal4nogoya.com\\\/web\\\/ley-de-tierras-buscaran-elevar-la-posibilidad-de-extranjerizacion-al-25\\\/#authorImage\",\"url\":\"https:\\\/\\\/canal4nogoya.com\\\/web\\\/wp-content\\\/litespeed\\\/avatar\\\/1df8586f31106921a2f6ae0d9530296b.jpg?ver=1787987515\",\"width\":96,\"height\":96,\"caption\":\"Redacci\\u00f3n\"}},{\"@type\":\"WebPage\",\"@id\":\"https:\\\/\\\/canal4nogoya.com\\\/web\\\/ley-de-tierras-buscaran-elevar-la-posibilidad-de-extranjerizacion-al-25\\\/#webpage\",\"url\":\"https:\\\/\\\/canal4nogoya.com\\\/web\\\/ley-de-tierras-buscaran-elevar-la-posibilidad-de-extranjerizacion-al-25\\\/\",\"name\":\"Ley de Tierras: buscar\\u00e1n elevar la posibilidad de extranjerizaci\\u00f3n al 25% - Canal 4 Nogoy\\u00e1\",\"description\":\"Patricia Bullrich encabez\\u00f3 este martes una conferencia de prensa en el Sal\\u00f3n de las Provincias del Senado, donde ratific\\u00f3 que fueron aceptadas las sugerencias para que la modificaci\\u00f3n a la Ley de Tierras Rurales eleve el tope de extranjerizaci\\u00f3n a un m\\u00e1ximo de 25 % . \\u201cA nosotros no nos van a correr con soberan\\u00eda\\u201d, asever\\u00f3 la\",\"inLanguage\":\"es-ES\",\"isPartOf\":{\"@id\":\"https:\\\/\\\/canal4nogoya.com\\\/web\\\/#website\"},\"breadcrumb\":{\"@id\":\"https:\\\/\\\/canal4nogoya.com\\\/web\\\/ley-de-tierras-buscaran-elevar-la-posibilidad-de-extranjerizacion-al-25\\\/#breadcrumblist\"},\"author\":{\"@id\":\"https:\\\/\\\/canal4nogoya.com\\\/web\\\/author\\\/gonzalo\\\/#author\"},\"creator\":{\"@id\":\"https:\\\/\\\/canal4nogoya.com\\\/web\\\/author\\\/gonzalo\\\/#author\"},\"image\":{\"@type\":\"ImageObject\",\"url\":\"https:\\\/\\\/canal4nogoya.com\\\/web\\\/wp-content\\\/uploads\\\/2026\\\/08\\\/1-1-1-1-1-1-1-a-ley-t.jpeg\",\"@id\":\"https:\\\/\\\/canal4nogoya.com\\\/web\\\/ley-de-tierras-buscaran-elevar-la-posibilidad-de-extranjerizacion-al-25\\\/#mainImage\",\"width\":685,\"height\":448},\"primaryImageOfPage\":{\"@id\":\"https:\\\/\\\/canal4nogoya.com\\\/web\\\/ley-de-tierras-buscaran-elevar-la-posibilidad-de-extranjerizacion-al-25\\\/#mainImage\"},\"datePublished\":\"2026-08-04T22:56:56-03:00\",\"dateModified\":\"2026-08-04T22:56:57-03:00\"},{\"@type\":\"WebSite\",\"@id\":\"https:\\\/\\\/canal4nogoya.com\\\/web\\\/#website\",\"url\":\"https:\\\/\\\/canal4nogoya.com\\\/web\\\/\",\"name\":\"Canal 4 Nogoy\\u00e1\",\"description\":\"Nogoy\\u00e1 Televisora Color\",\"inLanguage\":\"es-ES\",\"publisher\":{\"@id\":\"https:\\\/\\\/canal4nogoya.com\\\/web\\\/#organization\"}}]}\n\t\t<\/script>\n\t\t<!-- All in One SEO -->\n\n","aioseo_head_json":{"title":"Ley de Tierras: buscar\u00e1n elevar la posibilidad de extranjerizaci\u00f3n al 25% - Canal 4 Nogoy\u00e1","description":"Patricia Bullrich encabez\u00f3 este martes una conferencia de prensa en el Sal\u00f3n de las Provincias del Senado, donde ratific\u00f3 que fueron aceptadas las sugerencias para que la modificaci\u00f3n a la Ley de Tierras Rurales eleve el tope de extranjerizaci\u00f3n a un m\u00e1ximo de 25 % . \u201cA nosotros no nos van a correr con soberan\u00eda\u201d, asever\u00f3 la","canonical_url":"https:\/\/canal4nogoya.com\/web\/ley-de-tierras-buscaran-elevar-la-posibilidad-de-extranjerizacion-al-25\/","robots":"max-image-preview:large","keywords":"","webmasterTools":{"miscellaneous":""},"schema":{"@context":"https:\/\/schema.org","@graph":[{"@type":"BlogPosting","@id":"https:\/\/canal4nogoya.com\/web\/ley-de-tierras-buscaran-elevar-la-posibilidad-de-extranjerizacion-al-25\/#blogposting","name":"Ley de Tierras: buscar\u00e1n elevar la posibilidad de extranjerizaci\u00f3n al 25% - Canal 4 Nogoy\u00e1","headline":"Ley de Tierras: buscar\u00e1n elevar la posibilidad de extranjerizaci\u00f3n al 25%","author":{"@id":"https:\/\/canal4nogoya.com\/web\/author\/gonzalo\/#author"},"publisher":{"@id":"https:\/\/canal4nogoya.com\/web\/#organization"},"image":{"@type":"ImageObject","url":"https:\/\/canal4nogoya.com\/web\/wp-content\/uploads\/2026\/08\/1-1-1-1-1-1-1-a-ley-t.jpeg","width":685,"height":448},"datePublished":"2026-08-04T22:56:56-03:00","dateModified":"2026-08-04T22:56:57-03:00","inLanguage":"es-ES","mainEntityOfPage":{"@id":"https:\/\/canal4nogoya.com\/web\/ley-de-tierras-buscaran-elevar-la-posibilidad-de-extranjerizacion-al-25\/#webpage"},"isPartOf":{"@id":"https:\/\/canal4nogoya.com\/web\/ley-de-tierras-buscaran-elevar-la-posibilidad-de-extranjerizacion-al-25\/#webpage"},"articleSection":"Nacionales"},{"@type":"BreadcrumbList","@id":"https:\/\/canal4nogoya.com\/web\/ley-de-tierras-buscaran-elevar-la-posibilidad-de-extranjerizacion-al-25\/#breadcrumblist","itemListElement":[{"@type":"ListItem","@id":"https:\/\/canal4nogoya.com\/web#listItem","position":1,"name":"Home","item":"https:\/\/canal4nogoya.com\/web","nextItem":{"@type":"ListItem","@id":"https:\/\/canal4nogoya.com\/web\/category\/nacionales\/#listItem","name":"Nacionales"}},{"@type":"ListItem","@id":"https:\/\/canal4nogoya.com\/web\/category\/nacionales\/#listItem","position":2,"name":"Nacionales","item":"https:\/\/canal4nogoya.com\/web\/category\/nacionales\/","nextItem":{"@type":"ListItem","@id":"https:\/\/canal4nogoya.com\/web\/ley-de-tierras-buscaran-elevar-la-posibilidad-de-extranjerizacion-al-25\/#listItem","name":"Ley de Tierras: buscar\u00e1n elevar la posibilidad de extranjerizaci\u00f3n al 25%"},"previousItem":{"@type":"ListItem","@id":"https:\/\/canal4nogoya.com\/web#listItem","name":"Home"}},{"@type":"ListItem","@id":"https:\/\/canal4nogoya.com\/web\/ley-de-tierras-buscaran-elevar-la-posibilidad-de-extranjerizacion-al-25\/#listItem","position":3,"name":"Ley de Tierras: buscar\u00e1n elevar la posibilidad de extranjerizaci\u00f3n al 25%","previousItem":{"@type":"ListItem","@id":"https:\/\/canal4nogoya.com\/web\/category\/nacionales\/#listItem","name":"Nacionales"}}]},{"@type":"Organization","@id":"https:\/\/canal4nogoya.com\/web\/#organization","name":"Canal 4 Nogoy\u00e1","description":"Nogoy\u00e1 Televisora Color","url":"https:\/\/canal4nogoya.com\/web\/","logo":{"@type":"ImageObject","url":"https:\/\/canal4nogoya.com\/web\/wp-content\/uploads\/2025\/04\/logos-fondo-blanco.jpg","@id":"https:\/\/canal4nogoya.com\/web\/ley-de-tierras-buscaran-elevar-la-posibilidad-de-extranjerizacion-al-25\/#organizationLogo","width":2353,"height":1080},"image":{"@id":"https:\/\/canal4nogoya.com\/web\/ley-de-tierras-buscaran-elevar-la-posibilidad-de-extranjerizacion-al-25\/#organizationLogo"}},{"@type":"Person","@id":"https:\/\/canal4nogoya.com\/web\/author\/gonzalo\/#author","url":"https:\/\/canal4nogoya.com\/web\/author\/gonzalo\/","name":"Redacci\u00f3n","image":{"@type":"ImageObject","@id":"https:\/\/canal4nogoya.com\/web\/ley-de-tierras-buscaran-elevar-la-posibilidad-de-extranjerizacion-al-25\/#authorImage","url":"https:\/\/canal4nogoya.com\/web\/wp-content\/litespeed\/avatar\/1df8586f31106921a2f6ae0d9530296b.jpg?ver=1787987515","width":96,"height":96,"caption":"Redacci\u00f3n"}},{"@type":"WebPage","@id":"https:\/\/canal4nogoya.com\/web\/ley-de-tierras-buscaran-elevar-la-posibilidad-de-extranjerizacion-al-25\/#webpage","url":"https:\/\/canal4nogoya.com\/web\/ley-de-tierras-buscaran-elevar-la-posibilidad-de-extranjerizacion-al-25\/","name":"Ley de Tierras: buscar\u00e1n elevar la posibilidad de extranjerizaci\u00f3n al 25% - Canal 4 Nogoy\u00e1","description":"Patricia Bullrich encabez\u00f3 este martes una conferencia de prensa en el Sal\u00f3n de las Provincias del Senado, donde ratific\u00f3 que fueron aceptadas las sugerencias para que la modificaci\u00f3n a la Ley de Tierras Rurales eleve el tope de extranjerizaci\u00f3n a un m\u00e1ximo de 25 % . \u201cA nosotros no nos van a correr con soberan\u00eda\u201d, asever\u00f3 la","inLanguage":"es-ES","isPartOf":{"@id":"https:\/\/canal4nogoya.com\/web\/#website"},"breadcrumb":{"@id":"https:\/\/canal4nogoya.com\/web\/ley-de-tierras-buscaran-elevar-la-posibilidad-de-extranjerizacion-al-25\/#breadcrumblist"},"author":{"@id":"https:\/\/canal4nogoya.com\/web\/author\/gonzalo\/#author"},"creator":{"@id":"https:\/\/canal4nogoya.com\/web\/author\/gonzalo\/#author"},"image":{"@type":"ImageObject","url":"https:\/\/canal4nogoya.com\/web\/wp-content\/uploads\/2026\/08\/1-1-1-1-1-1-1-a-ley-t.jpeg","@id":"https:\/\/canal4nogoya.com\/web\/ley-de-tierras-buscaran-elevar-la-posibilidad-de-extranjerizacion-al-25\/#mainImage","width":685,"height":448},"primaryImageOfPage":{"@id":"https:\/\/canal4nogoya.com\/web\/ley-de-tierras-buscaran-elevar-la-posibilidad-de-extranjerizacion-al-25\/#mainImage"},"datePublished":"2026-08-04T22:56:56-03:00","dateModified":"2026-08-04T22:56:57-03:00"},{"@type":"WebSite","@id":"https:\/\/canal4nogoya.com\/web\/#website","url":"https:\/\/canal4nogoya.com\/web\/","name":"Canal 4 Nogoy\u00e1","description":"Nogoy\u00e1 Televisora Color","inLanguage":"es-ES","publisher":{"@id":"https:\/\/canal4nogoya.com\/web\/#organization"}}]},"og:locale":"es_ES","og:site_name":"Canal 4 Nogoy\u00e1 - Nogoy\u00e1 Televisora Color","og:type":"article","og:title":"Ley de Tierras: buscar\u00e1n elevar la posibilidad de extranjerizaci\u00f3n al 25% - Canal 4 Nogoy\u00e1","og:description":"Patricia Bullrich encabez\u00f3 este martes una conferencia de prensa en el Sal\u00f3n de las Provincias del Senado, donde ratific\u00f3 que fueron aceptadas las sugerencias para que la modificaci\u00f3n a la Ley de Tierras Rurales eleve el tope de extranjerizaci\u00f3n a un m\u00e1ximo de 25 % . \u201cA nosotros no nos van a correr con soberan\u00eda\u201d, asever\u00f3 la","og:url":"https:\/\/canal4nogoya.com\/web\/ley-de-tierras-buscaran-elevar-la-posibilidad-de-extranjerizacion-al-25\/","og:image":"https:\/\/canal4nogoya.com\/web\/wp-content\/uploads\/2026\/08\/1-1-1-1-1-1-1-a-ley-t.jpeg","og:image:secure_url":"https:\/\/canal4nogoya.com\/web\/wp-content\/uploads\/2026\/08\/1-1-1-1-1-1-1-a-ley-t.jpeg","og:image:width":685,"og:image:height":448,"article:published_time":"2026-08-05T01:56:56+00:00","article:modified_time":"2026-08-05T01:56:57+00:00","twitter:card":"summary_large_image","twitter:title":"Ley de Tierras: buscar\u00e1n elevar la posibilidad de extranjerizaci\u00f3n al 25% - Canal 4 Nogoy\u00e1","twitter:description":"Patricia Bullrich encabez\u00f3 este martes una conferencia de prensa en el Sal\u00f3n de las Provincias del Senado, donde ratific\u00f3 que fueron aceptadas las sugerencias para que la modificaci\u00f3n a la Ley de Tierras Rurales eleve el tope de extranjerizaci\u00f3n a un m\u00e1ximo de 25 % . \u201cA nosotros no nos van a correr con soberan\u00eda\u201d, asever\u00f3 la","twitter:image":"https:\/\/canal4nogoya.com\/web\/wp-content\/uploads\/2026\/08\/1-1-1-1-1-1-1-a-ley-t.jpeg"},"aioseo_meta_data":{"post_id":"4526","title":null,"description":null,"keywords":null,"keyphrases":{"focus":{"keyphrase":"","score":0,"analysis":{"keyphraseInTitle":{"score":0,"maxScore":9,"error":1}}},"additional":[]},"primary_term":null,"canonical_url":null,"og_title":null,"og_description":null,"og_object_type":"default","og_image_type":"default","og_image_url":null,"og_image_width":null,"og_image_height":null,"og_image_custom_url":null,"og_image_custom_fields":null,"og_video":"","og_custom_url":null,"og_article_section":null,"og_article_tags":null,"twitter_use_og":false,"twitter_card":"default","twitter_image_type":"default","twitter_image_url":null,"twitter_image_custom_url":null,"twitter_image_custom_fields":null,"twitter_title":null,"twitter_description":null,"schema":{"blockGraphs":[],"customGraphs":[],"default":{"data":{"Article":[],"Course":[],"Dataset":[],"FAQPage":[],"Movie":[],"Person":[],"Product":[],"ProductReview":[],"Car":[],"Recipe":[],"Service":[],"SoftwareApplication":[],"WebPage":[]},"graphName":"BlogPosting","isEnabled":true},"graphs":[]},"schema_type":"default","schema_type_options":null,"pillar_content":false,"robots_default":true,"robots_noindex":false,"robots_noarchive":false,"robots_nosnippet":false,"robots_nofollow":false,"robots_noimageindex":false,"robots_noodp":false,"robots_notranslate":false,"robots_max_snippet":"-1","robots_max_videopreview":"-1","robots_max_imagepreview":"large","priority":null,"frequency":"default","local_seo":null,"breadcrumb_settings":null,"limit_modified_date":false,"ai":{"faqs":[],"keyPoints":[],"schemas":[],"titles":[],"descriptions":[],"socialPosts":{"email":{"subject":"","preview":"","content":""},"linkedin":[],"twitter":[],"facebook":[],"instagram":[]}},"created":"2026-08-05 01:56:57","updated":"2026-08-05 04:12:05","seo_analyzer_scan_date":null,"focus_keyword":null,"additional_keywords":null,"truseo_locale":null},"aioseo_breadcrumb":"<div class=\"aioseo-breadcrumbs\"><span class=\"aioseo-breadcrumb\">\n\t\t\t<a href=\"https:\/\/canal4nogoya.com\/web\" title=\"Home\">Home<\/a>\n\t\t<\/span><span class=\"aioseo-breadcrumb-separator\">&raquo;<\/span><span class=\"aioseo-breadcrumb\">\n\t\t\t<a href=\"https:\/\/canal4nogoya.com\/web\/category\/nacionales\/\" title=\"Nacionales\">Nacionales<\/a>\n\t\t<\/span><span class=\"aioseo-breadcrumb-separator\">&raquo;<\/span><span class=\"aioseo-breadcrumb\">\n\t\t\tLey de Tierras: buscar\u00e1n elevar la posibilidad de extranjerizaci\u00f3n al 25%\n\t\t<\/span><\/div>","aioseo_breadcrumb_json":[{"label":"Home","link":"https:\/\/canal4nogoya.com\/web"},{"label":"Nacionales","link":"https:\/\/canal4nogoya.com\/web\/category\/nacionales\/"},{"label":"Ley de Tierras: buscar\u00e1n elevar la posibilidad de extranjerizaci\u00f3n al 25%","link":"https:\/\/canal4nogoya.com\/web\/ley-de-tierras-buscaran-elevar-la-posibilidad-de-extranjerizacion-al-25\/"}],"jetpack_featured_media_url":"https:\/\/canal4nogoya.com\/web\/wp-content\/uploads\/2026\/08\/1-1-1-1-1-1-1-a-ley-t.jpeg","_links":{"self":[{"href":"https:\/\/canal4nogoya.com\/web\/wp-json\/wp\/v2\/posts\/4526","targetHints":{"allow":["GET"]}}],"collection":[{"href":"https:\/\/canal4nogoya.com\/web\/wp-json\/wp\/v2\/posts"}],"about":[{"href":"https:\/\/canal4nogoya.com\/web\/wp-json\/wp\/v2\/types\/post"}],"author":[{"embeddable":true,"href":"https:\/\/canal4nogoya.com\/web\/wp-json\/wp\/v2\/users\/3"}],"replies":[{"embeddable":true,"href":"https:\/\/canal4nogoya.com\/web\/wp-json\/wp\/v2\/comments?post=4526"}],"version-history":[{"count":1,"href":"https:\/\/canal4nogoya.com\/web\/wp-json\/wp\/v2\/posts\/4526\/revisions"}],"predecessor-version":[{"id":4528,"href":"https:\/\/canal4nogoya.com\/web\/wp-json\/wp\/v2\/posts\/4526\/revisions\/4528"}],"wp:featuredmedia":[{"embeddable":true,"href":"https:\/\/canal4nogoya.com\/web\/wp-json\/wp\/v2\/media\/4527"}],"wp:attachment":[{"href":"https:\/\/canal4nogoya.com\/web\/wp-json\/wp\/v2\/media?parent=4526"}],"wp:term":[{"taxonomy":"category","embeddable":true,"href":"https:\/\/canal4nogoya.com\/web\/wp-json\/wp\/v2\/categories?post=4526"},{"taxonomy":"post_tag","embeddable":true,"href":"https:\/\/canal4nogoya.com\/web\/wp-json\/wp\/v2\/tags?post=4526"}],"curies":[{"name":"wp","href":"https:\/\/api.w.org\/{rel}","templated":true}]}}