{"id":4529,"date":"2026-08-04T23:11:03","date_gmt":"2026-08-05T02:11:03","guid":{"rendered":"https:\/\/canal4nogoya.com\/web\/?p=4529"},"modified":"2026-08-04T23:11:04","modified_gmt":"2026-08-05T02:11:04","slug":"en-homenaje-al-indio-solari-colocaran-una-placa-en-su-casa-natal-y-habra-un-festival-con-mas-de-25-musicos","status":"publish","type":"post","link":"https:\/\/canal4nogoya.com\/web\/en-homenaje-al-indio-solari-colocaran-una-placa-en-su-casa-natal-y-habra-un-festival-con-mas-de-25-musicos\/","title":{"rendered":"En homenaje al Indio Solari colocar\u00e1n una placa en su casa natal y habr\u00e1 un festival con m\u00e1s de 25 m\u00fasicos"},"content":{"rendered":"\n<p class=\"wp-block-paragraph\"><\/p>\n\n\n\n<p class=\"wp-block-paragraph\">Este s\u00e1bado \u00a0<strong>8 de agosto<\/strong>\u00a0 se vivir\u00e1 una jornada especial  en Paran\u00e1 que buscar\u00e1 recordar el legado de  Solari, hist\u00f3rico referente del rock argentino en la ciudad donde naci\u00f3.  Las actividades comenzar\u00e1n a las\u00a0<strong>16:30 horas<\/strong>\u00a0en el edificio del Correo Argentino, ubicado en\u00a0<strong>calle 25 de Mayo 114<\/strong>, donde Carlos Alberto \u00abIndio\u00bb Solari vivi\u00f3 sus primeros seis a\u00f1os de vida.<\/p>\n\n\n\n<p class=\"wp-block-paragraph\"><\/p>\n\n\n\n<p class=\"wp-block-paragraph\">En ese lugar se inaugurar\u00e1 una placa conmemorativa impulsada por una ordenanza del Concejo Deliberante que lo declar\u00f3 ciudadano ilustre en vida y estableci\u00f3 la colocaci\u00f3n de un recordatorio en el frente de su casa natal. Del acto participar\u00e1 la intendenta Rosario Romero, junto al concejal M\u00e1ximo Miguez, autor del proyecto.<\/p>\n\n\n\n<p class=\"wp-block-paragraph\"><\/p>\n\n\n\n<p class=\"wp-block-paragraph\"><strong>Fabricio Retamal<\/strong>, referente del colectivo cultural La Casa del Indio Paran\u00e1, destac\u00f3 en di\u00e1logo con\u00a0<em>Elonce<\/em>\u00a0que la iniciativa fue acompa\u00f1ada por todo el cuerpo legislativo. \u00abEl proyecto fue aprobado con el 100% de los votos. Todos los concejales, de todos los partidos pol\u00edticos, votaron a favor de la ciudadan\u00eda ilustre del Indio y de que se coloque la placa\u00bb, expres\u00f3.<\/p>\n\n\n\n<p class=\"wp-block-paragraph\"><\/p>\n\n\n\n<p class=\"wp-block-paragraph\">Retamal sostuvo que Solari \u00abes m\u00e1s que un \u00eddolo,\u00a0<strong>es un \u00edcono de la cultura que trascendi\u00f3 lo art\u00edstico<\/strong>\u00bb y afirm\u00f3 que \u00absus letras reflejan una realidad social que sigue interpelando a distintas generaciones\u00bb. Seg\u00fan remarc\u00f3, su figura \u00abno tiene comparaci\u00f3n con otro artista contracultural que haya llegado tan lejos en Argentina\u00bb.<\/p>\n\n\n\n<p class=\"wp-block-paragraph\"><\/p>\n\n\n\n<p class=\"wp-block-paragraph\">El referente del colectivo tambi\u00e9n revel\u00f3 que, semanas antes del fallecimiento del m\u00fasico, lograron hacerle llegar un video con las acciones que impulsaban desde Paran\u00e1 a trav\u00e9s de su asistente personal.<\/p>\n\n\n\n<p class=\"wp-block-paragraph\"><\/p>\n\n\n\n<p class=\"wp-block-paragraph\">\u00ab\u00c9l recibi\u00f3 un video donde le cont\u00e1bamos lo que hac\u00edamos y lo pudo ver pocos d\u00edas antes de fallecer. Nuestra idea era homenajearlo en vida, pero nos queda el consuelo de que se enter\u00f3 de todo lo que est\u00e1bamos haciendo por \u00e9l en su ciudad natal\u00bb, record\u00f3.<\/p>\n\n\n\n<p class=\"wp-block-paragraph\"><\/p>\n\n\n\n<p class=\"wp-block-paragraph\">Desde la organizaci\u00f3n invitaron a toda la comunidad a participar de una jornada que combinar\u00e1 memoria, m\u00fasica y expresiones art\u00edsticas para celebrar la obra y el legado de una de las figuras m\u00e1s influyentes del rock nacional.<\/p>\n\n\n\n<p class=\"wp-block-paragraph\"><\/p>\n","protected":false},"excerpt":{"rendered":"<p>Este s\u00e1bado \u00a08 de agosto\u00a0 se vivir\u00e1 una jornada especial en Paran\u00e1 que buscar\u00e1 recordar el legado de Solari, hist\u00f3rico referente del rock argentino en la ciudad donde naci\u00f3. Las actividades comenzar\u00e1n a las\u00a016:30 horas\u00a0en el edificio del Correo Argentino, ubicado en\u00a0calle 25 de Mayo 114, donde Carlos Alberto \u00abIndio\u00bb Solari vivi\u00f3 sus primeros seis&#8230;<\/p>\n","protected":false},"author":3,"featured_media":4530,"comment_status":"open","ping_status":"closed","sticky":false,"template":"","format":"standard","meta":{"_monsterinsights_skip_tracking":false,"footnotes":""},"categories":[10],"tags":[],"class_list":["post-4529","post","type-post","status-publish","format-standard","has-post-thumbnail","hentry","category-provinciales"],"aioseo_notices":[],"aioseo_head":"\n\t\t<!-- All in One SEO 5.0.1.1 - aioseo.com -->\n\t<meta name=\"description\" content=\"Este s\u00e1bado 8 de agosto se vivir\u00e1 una jornada especial en Paran\u00e1 que buscar\u00e1 recordar el legado de Solari, hist\u00f3rico referente del rock argentino en la ciudad donde naci\u00f3. Las actividades comenzar\u00e1n a las 16:30 horas en el edificio del Correo Argentino, ubicado en calle 25 de Mayo 114, donde Carlos Alberto &quot;Indio&quot; Solari vivi\u00f3 sus primeros seis\" \/>\n\t<meta name=\"robots\" content=\"max-image-preview:large\" \/>\n\t<meta name=\"author\" content=\"Redacci\u00f3n\"\/>\n\t<link rel=\"canonical\" href=\"https:\/\/canal4nogoya.com\/web\/en-homenaje-al-indio-solari-colocaran-una-placa-en-su-casa-natal-y-habra-un-festival-con-mas-de-25-musicos\/\" \/>\n\t<meta name=\"generator\" content=\"All in One SEO (AIOSEO) 5.0.1.1\" \/>\n\t\t<meta property=\"og:locale\" content=\"es_ES\" \/>\n\t\t<meta property=\"og:site_name\" content=\"Canal 4 Nogoy\u00e1 - Nogoy\u00e1 Televisora Color\" \/>\n\t\t<meta property=\"og:type\" content=\"article\" \/>\n\t\t<meta property=\"og:title\" content=\"En homenaje al Indio Solari colocar\u00e1n una placa en su casa natal y habr\u00e1 un festival con m\u00e1s de 25 m\u00fasicos - Canal 4 Nogoy\u00e1\" \/>\n\t\t<meta property=\"og:description\" content=\"Este s\u00e1bado 8 de agosto se vivir\u00e1 una jornada especial en Paran\u00e1 que buscar\u00e1 recordar el legado de Solari, hist\u00f3rico referente del rock argentino en la ciudad donde naci\u00f3. Las actividades comenzar\u00e1n a las 16:30 horas en el edificio del Correo Argentino, ubicado en calle 25 de Mayo 114, donde Carlos Alberto &quot;Indio&quot; Solari vivi\u00f3 sus primeros seis\" \/>\n\t\t<meta property=\"og:url\" content=\"https:\/\/canal4nogoya.com\/web\/en-homenaje-al-indio-solari-colocaran-una-placa-en-su-casa-natal-y-habra-un-festival-con-mas-de-25-musicos\/\" \/>\n\t\t<meta property=\"og:image\" content=\"https:\/\/canal4nogoya.com\/web\/wp-content\/uploads\/2026\/08\/1-1-1-1-1-1-a-In-So.jpg\" \/>\n\t\t<meta property=\"og:image:secure_url\" content=\"https:\/\/canal4nogoya.com\/web\/wp-content\/uploads\/2026\/08\/1-1-1-1-1-1-a-In-So.jpg\" \/>\n\t\t<meta property=\"og:image:width\" content=\"1200\" \/>\n\t\t<meta property=\"og:image:height\" content=\"675\" \/>\n\t\t<meta property=\"article:published_time\" content=\"2026-08-05T02:11:03+00:00\" \/>\n\t\t<meta property=\"article:modified_time\" content=\"2026-08-05T02:11:04+00:00\" \/>\n\t\t<meta name=\"twitter:card\" content=\"summary_large_image\" \/>\n\t\t<meta name=\"twitter:title\" content=\"En homenaje al Indio Solari colocar\u00e1n una placa en su casa natal y habr\u00e1 un festival con m\u00e1s de 25 m\u00fasicos - Canal 4 Nogoy\u00e1\" \/>\n\t\t<meta name=\"twitter:description\" content=\"Este s\u00e1bado 8 de agosto se vivir\u00e1 una jornada especial en Paran\u00e1 que buscar\u00e1 recordar el legado de Solari, hist\u00f3rico referente del rock argentino en la ciudad donde naci\u00f3. Las actividades comenzar\u00e1n a las 16:30 horas en el edificio del Correo Argentino, ubicado en calle 25 de Mayo 114, donde Carlos Alberto &quot;Indio&quot; Solari vivi\u00f3 sus primeros seis\" \/>\n\t\t<meta name=\"twitter:image\" content=\"https:\/\/canal4nogoya.com\/web\/wp-content\/uploads\/2026\/08\/1-1-1-1-1-1-a-In-So.jpg\" \/>\n\t\t<script type=\"application\/ld+json\" class=\"aioseo-schema\">\n\t\t\t{\"@context\":\"https:\\\/\\\/schema.org\",\"@graph\":[{\"@type\":\"BlogPosting\",\"@id\":\"https:\\\/\\\/canal4nogoya.com\\\/web\\\/en-homenaje-al-indio-solari-colocaran-una-placa-en-su-casa-natal-y-habra-un-festival-con-mas-de-25-musicos\\\/#blogposting\",\"name\":\"En homenaje al Indio Solari colocar\\u00e1n una placa en su casa natal y habr\\u00e1 un festival con m\\u00e1s de 25 m\\u00fasicos - Canal 4 Nogoy\\u00e1\",\"headline\":\"En homenaje al Indio Solari colocar\\u00e1n una placa en su casa natal y habr\\u00e1 un festival con m\\u00e1s de 25 m\\u00fasicos\",\"author\":{\"@id\":\"https:\\\/\\\/canal4nogoya.com\\\/web\\\/author\\\/gonzalo\\\/#author\"},\"publisher\":{\"@id\":\"https:\\\/\\\/canal4nogoya.com\\\/web\\\/#organization\"},\"image\":{\"@type\":\"ImageObject\",\"url\":\"https:\\\/\\\/canal4nogoya.com\\\/web\\\/wp-content\\\/uploads\\\/2026\\\/08\\\/1-1-1-1-1-1-a-In-So.jpg\",\"width\":1200,\"height\":675},\"datePublished\":\"2026-08-04T23:11:03-03:00\",\"dateModified\":\"2026-08-04T23:11:04-03:00\",\"inLanguage\":\"es-ES\",\"mainEntityOfPage\":{\"@id\":\"https:\\\/\\\/canal4nogoya.com\\\/web\\\/en-homenaje-al-indio-solari-colocaran-una-placa-en-su-casa-natal-y-habra-un-festival-con-mas-de-25-musicos\\\/#webpage\"},\"isPartOf\":{\"@id\":\"https:\\\/\\\/canal4nogoya.com\\\/web\\\/en-homenaje-al-indio-solari-colocaran-una-placa-en-su-casa-natal-y-habra-un-festival-con-mas-de-25-musicos\\\/#webpage\"},\"articleSection\":\"Provinciales\"},{\"@type\":\"BreadcrumbList\",\"@id\":\"https:\\\/\\\/canal4nogoya.com\\\/web\\\/en-homenaje-al-indio-solari-colocaran-una-placa-en-su-casa-natal-y-habra-un-festival-con-mas-de-25-musicos\\\/#breadcrumblist\",\"itemListElement\":[{\"@type\":\"ListItem\",\"@id\":\"https:\\\/\\\/canal4nogoya.com\\\/web#listItem\",\"position\":1,\"name\":\"Home\",\"item\":\"https:\\\/\\\/canal4nogoya.com\\\/web\",\"nextItem\":{\"@type\":\"ListItem\",\"@id\":\"https:\\\/\\\/canal4nogoya.com\\\/web\\\/category\\\/provinciales\\\/#listItem\",\"name\":\"Provinciales\"}},{\"@type\":\"ListItem\",\"@id\":\"https:\\\/\\\/canal4nogoya.com\\\/web\\\/category\\\/provinciales\\\/#listItem\",\"position\":2,\"name\":\"Provinciales\",\"item\":\"https:\\\/\\\/canal4nogoya.com\\\/web\\\/category\\\/provinciales\\\/\",\"nextItem\":{\"@type\":\"ListItem\",\"@id\":\"https:\\\/\\\/canal4nogoya.com\\\/web\\\/en-homenaje-al-indio-solari-colocaran-una-placa-en-su-casa-natal-y-habra-un-festival-con-mas-de-25-musicos\\\/#listItem\",\"name\":\"En homenaje al Indio Solari colocar\\u00e1n una placa en su casa natal y habr\\u00e1 un festival con m\\u00e1s de 25 m\\u00fasicos\"},\"previousItem\":{\"@type\":\"ListItem\",\"@id\":\"https:\\\/\\\/canal4nogoya.com\\\/web#listItem\",\"name\":\"Home\"}},{\"@type\":\"ListItem\",\"@id\":\"https:\\\/\\\/canal4nogoya.com\\\/web\\\/en-homenaje-al-indio-solari-colocaran-una-placa-en-su-casa-natal-y-habra-un-festival-con-mas-de-25-musicos\\\/#listItem\",\"position\":3,\"name\":\"En homenaje al Indio Solari colocar\\u00e1n una placa en su casa natal y habr\\u00e1 un festival con m\\u00e1s de 25 m\\u00fasicos\",\"previousItem\":{\"@type\":\"ListItem\",\"@id\":\"https:\\\/\\\/canal4nogoya.com\\\/web\\\/category\\\/provinciales\\\/#listItem\",\"name\":\"Provinciales\"}}]},{\"@type\":\"Organization\",\"@id\":\"https:\\\/\\\/canal4nogoya.com\\\/web\\\/#organization\",\"name\":\"Canal 4 Nogoy\\u00e1\",\"description\":\"Nogoy\\u00e1 Televisora Color\",\"url\":\"https:\\\/\\\/canal4nogoya.com\\\/web\\\/\",\"logo\":{\"@type\":\"ImageObject\",\"url\":\"https:\\\/\\\/canal4nogoya.com\\\/web\\\/wp-content\\\/uploads\\\/2025\\\/04\\\/logos-fondo-blanco.jpg\",\"@id\":\"https:\\\/\\\/canal4nogoya.com\\\/web\\\/en-homenaje-al-indio-solari-colocaran-una-placa-en-su-casa-natal-y-habra-un-festival-con-mas-de-25-musicos\\\/#organizationLogo\",\"width\":2353,\"height\":1080},\"image\":{\"@id\":\"https:\\\/\\\/canal4nogoya.com\\\/web\\\/en-homenaje-al-indio-solari-colocaran-una-placa-en-su-casa-natal-y-habra-un-festival-con-mas-de-25-musicos\\\/#organizationLogo\"}},{\"@type\":\"Person\",\"@id\":\"https:\\\/\\\/canal4nogoya.com\\\/web\\\/author\\\/gonzalo\\\/#author\",\"url\":\"https:\\\/\\\/canal4nogoya.com\\\/web\\\/author\\\/gonzalo\\\/\",\"name\":\"Redacci\\u00f3n\",\"image\":{\"@type\":\"ImageObject\",\"@id\":\"https:\\\/\\\/canal4nogoya.com\\\/web\\\/en-homenaje-al-indio-solari-colocaran-una-placa-en-su-casa-natal-y-habra-un-festival-con-mas-de-25-musicos\\\/#authorImage\",\"url\":\"https:\\\/\\\/canal4nogoya.com\\\/web\\\/wp-content\\\/litespeed\\\/avatar\\\/1df8586f31106921a2f6ae0d9530296b.jpg?ver=1787987515\",\"width\":96,\"height\":96,\"caption\":\"Redacci\\u00f3n\"}},{\"@type\":\"WebPage\",\"@id\":\"https:\\\/\\\/canal4nogoya.com\\\/web\\\/en-homenaje-al-indio-solari-colocaran-una-placa-en-su-casa-natal-y-habra-un-festival-con-mas-de-25-musicos\\\/#webpage\",\"url\":\"https:\\\/\\\/canal4nogoya.com\\\/web\\\/en-homenaje-al-indio-solari-colocaran-una-placa-en-su-casa-natal-y-habra-un-festival-con-mas-de-25-musicos\\\/\",\"name\":\"En homenaje al Indio Solari colocar\\u00e1n una placa en su casa natal y habr\\u00e1 un festival con m\\u00e1s de 25 m\\u00fasicos - Canal 4 Nogoy\\u00e1\",\"description\":\"Este s\\u00e1bado 8 de agosto se vivir\\u00e1 una jornada especial en Paran\\u00e1 que buscar\\u00e1 recordar el legado de Solari, hist\\u00f3rico referente del rock argentino en la ciudad donde naci\\u00f3. Las actividades comenzar\\u00e1n a las 16:30 horas en el edificio del Correo Argentino, ubicado en calle 25 de Mayo 114, donde Carlos Alberto \\\"Indio\\\" Solari vivi\\u00f3 sus primeros seis\",\"inLanguage\":\"es-ES\",\"isPartOf\":{\"@id\":\"https:\\\/\\\/canal4nogoya.com\\\/web\\\/#website\"},\"breadcrumb\":{\"@id\":\"https:\\\/\\\/canal4nogoya.com\\\/web\\\/en-homenaje-al-indio-solari-colocaran-una-placa-en-su-casa-natal-y-habra-un-festival-con-mas-de-25-musicos\\\/#breadcrumblist\"},\"author\":{\"@id\":\"https:\\\/\\\/canal4nogoya.com\\\/web\\\/author\\\/gonzalo\\\/#author\"},\"creator\":{\"@id\":\"https:\\\/\\\/canal4nogoya.com\\\/web\\\/author\\\/gonzalo\\\/#author\"},\"image\":{\"@type\":\"ImageObject\",\"url\":\"https:\\\/\\\/canal4nogoya.com\\\/web\\\/wp-content\\\/uploads\\\/2026\\\/08\\\/1-1-1-1-1-1-a-In-So.jpg\",\"@id\":\"https:\\\/\\\/canal4nogoya.com\\\/web\\\/en-homenaje-al-indio-solari-colocaran-una-placa-en-su-casa-natal-y-habra-un-festival-con-mas-de-25-musicos\\\/#mainImage\",\"width\":1200,\"height\":675},\"primaryImageOfPage\":{\"@id\":\"https:\\\/\\\/canal4nogoya.com\\\/web\\\/en-homenaje-al-indio-solari-colocaran-una-placa-en-su-casa-natal-y-habra-un-festival-con-mas-de-25-musicos\\\/#mainImage\"},\"datePublished\":\"2026-08-04T23:11:03-03:00\",\"dateModified\":\"2026-08-04T23:11:04-03:00\"},{\"@type\":\"WebSite\",\"@id\":\"https:\\\/\\\/canal4nogoya.com\\\/web\\\/#website\",\"url\":\"https:\\\/\\\/canal4nogoya.com\\\/web\\\/\",\"name\":\"Canal 4 Nogoy\\u00e1\",\"description\":\"Nogoy\\u00e1 Televisora Color\",\"inLanguage\":\"es-ES\",\"publisher\":{\"@id\":\"https:\\\/\\\/canal4nogoya.com\\\/web\\\/#organization\"}}]}\n\t\t<\/script>\n\t\t<!-- All in One SEO -->\n\n","aioseo_head_json":{"title":"En homenaje al Indio Solari colocar\u00e1n una placa en su casa natal y habr\u00e1 un festival con m\u00e1s de 25 m\u00fasicos - Canal 4 Nogoy\u00e1","description":"Este s\u00e1bado 8 de agosto se vivir\u00e1 una jornada especial en Paran\u00e1 que buscar\u00e1 recordar el legado de Solari, hist\u00f3rico referente del rock argentino en la ciudad donde naci\u00f3. Las actividades comenzar\u00e1n a las 16:30 horas en el edificio del Correo Argentino, ubicado en calle 25 de Mayo 114, donde Carlos Alberto \"Indio\" Solari vivi\u00f3 sus primeros seis","canonical_url":"https:\/\/canal4nogoya.com\/web\/en-homenaje-al-indio-solari-colocaran-una-placa-en-su-casa-natal-y-habra-un-festival-con-mas-de-25-musicos\/","robots":"max-image-preview:large","keywords":"","webmasterTools":{"miscellaneous":""},"schema":{"@context":"https:\/\/schema.org","@graph":[{"@type":"BlogPosting","@id":"https:\/\/canal4nogoya.com\/web\/en-homenaje-al-indio-solari-colocaran-una-placa-en-su-casa-natal-y-habra-un-festival-con-mas-de-25-musicos\/#blogposting","name":"En homenaje al Indio Solari colocar\u00e1n una placa en su casa natal y habr\u00e1 un festival con m\u00e1s de 25 m\u00fasicos - Canal 4 Nogoy\u00e1","headline":"En homenaje al Indio Solari colocar\u00e1n una placa en su casa natal y habr\u00e1 un festival con m\u00e1s de 25 m\u00fasicos","author":{"@id":"https:\/\/canal4nogoya.com\/web\/author\/gonzalo\/#author"},"publisher":{"@id":"https:\/\/canal4nogoya.com\/web\/#organization"},"image":{"@type":"ImageObject","url":"https:\/\/canal4nogoya.com\/web\/wp-content\/uploads\/2026\/08\/1-1-1-1-1-1-a-In-So.jpg","width":1200,"height":675},"datePublished":"2026-08-04T23:11:03-03:00","dateModified":"2026-08-04T23:11:04-03:00","inLanguage":"es-ES","mainEntityOfPage":{"@id":"https:\/\/canal4nogoya.com\/web\/en-homenaje-al-indio-solari-colocaran-una-placa-en-su-casa-natal-y-habra-un-festival-con-mas-de-25-musicos\/#webpage"},"isPartOf":{"@id":"https:\/\/canal4nogoya.com\/web\/en-homenaje-al-indio-solari-colocaran-una-placa-en-su-casa-natal-y-habra-un-festival-con-mas-de-25-musicos\/#webpage"},"articleSection":"Provinciales"},{"@type":"BreadcrumbList","@id":"https:\/\/canal4nogoya.com\/web\/en-homenaje-al-indio-solari-colocaran-una-placa-en-su-casa-natal-y-habra-un-festival-con-mas-de-25-musicos\/#breadcrumblist","itemListElement":[{"@type":"ListItem","@id":"https:\/\/canal4nogoya.com\/web#listItem","position":1,"name":"Home","item":"https:\/\/canal4nogoya.com\/web","nextItem":{"@type":"ListItem","@id":"https:\/\/canal4nogoya.com\/web\/category\/provinciales\/#listItem","name":"Provinciales"}},{"@type":"ListItem","@id":"https:\/\/canal4nogoya.com\/web\/category\/provinciales\/#listItem","position":2,"name":"Provinciales","item":"https:\/\/canal4nogoya.com\/web\/category\/provinciales\/","nextItem":{"@type":"ListItem","@id":"https:\/\/canal4nogoya.com\/web\/en-homenaje-al-indio-solari-colocaran-una-placa-en-su-casa-natal-y-habra-un-festival-con-mas-de-25-musicos\/#listItem","name":"En homenaje al Indio Solari colocar\u00e1n una placa en su casa natal y habr\u00e1 un festival con m\u00e1s de 25 m\u00fasicos"},"previousItem":{"@type":"ListItem","@id":"https:\/\/canal4nogoya.com\/web#listItem","name":"Home"}},{"@type":"ListItem","@id":"https:\/\/canal4nogoya.com\/web\/en-homenaje-al-indio-solari-colocaran-una-placa-en-su-casa-natal-y-habra-un-festival-con-mas-de-25-musicos\/#listItem","position":3,"name":"En homenaje al Indio Solari colocar\u00e1n una placa en su casa natal y habr\u00e1 un festival con m\u00e1s de 25 m\u00fasicos","previousItem":{"@type":"ListItem","@id":"https:\/\/canal4nogoya.com\/web\/category\/provinciales\/#listItem","name":"Provinciales"}}]},{"@type":"Organization","@id":"https:\/\/canal4nogoya.com\/web\/#organization","name":"Canal 4 Nogoy\u00e1","description":"Nogoy\u00e1 Televisora Color","url":"https:\/\/canal4nogoya.com\/web\/","logo":{"@type":"ImageObject","url":"https:\/\/canal4nogoya.com\/web\/wp-content\/uploads\/2025\/04\/logos-fondo-blanco.jpg","@id":"https:\/\/canal4nogoya.com\/web\/en-homenaje-al-indio-solari-colocaran-una-placa-en-su-casa-natal-y-habra-un-festival-con-mas-de-25-musicos\/#organizationLogo","width":2353,"height":1080},"image":{"@id":"https:\/\/canal4nogoya.com\/web\/en-homenaje-al-indio-solari-colocaran-una-placa-en-su-casa-natal-y-habra-un-festival-con-mas-de-25-musicos\/#organizationLogo"}},{"@type":"Person","@id":"https:\/\/canal4nogoya.com\/web\/author\/gonzalo\/#author","url":"https:\/\/canal4nogoya.com\/web\/author\/gonzalo\/","name":"Redacci\u00f3n","image":{"@type":"ImageObject","@id":"https:\/\/canal4nogoya.com\/web\/en-homenaje-al-indio-solari-colocaran-una-placa-en-su-casa-natal-y-habra-un-festival-con-mas-de-25-musicos\/#authorImage","url":"https:\/\/canal4nogoya.com\/web\/wp-content\/litespeed\/avatar\/1df8586f31106921a2f6ae0d9530296b.jpg?ver=1787987515","width":96,"height":96,"caption":"Redacci\u00f3n"}},{"@type":"WebPage","@id":"https:\/\/canal4nogoya.com\/web\/en-homenaje-al-indio-solari-colocaran-una-placa-en-su-casa-natal-y-habra-un-festival-con-mas-de-25-musicos\/#webpage","url":"https:\/\/canal4nogoya.com\/web\/en-homenaje-al-indio-solari-colocaran-una-placa-en-su-casa-natal-y-habra-un-festival-con-mas-de-25-musicos\/","name":"En homenaje al Indio Solari colocar\u00e1n una placa en su casa natal y habr\u00e1 un festival con m\u00e1s de 25 m\u00fasicos - Canal 4 Nogoy\u00e1","description":"Este s\u00e1bado 8 de agosto se vivir\u00e1 una jornada especial en Paran\u00e1 que buscar\u00e1 recordar el legado de Solari, hist\u00f3rico referente del rock argentino en la ciudad donde naci\u00f3. Las actividades comenzar\u00e1n a las 16:30 horas en el edificio del Correo Argentino, ubicado en calle 25 de Mayo 114, donde Carlos Alberto \"Indio\" Solari vivi\u00f3 sus primeros seis","inLanguage":"es-ES","isPartOf":{"@id":"https:\/\/canal4nogoya.com\/web\/#website"},"breadcrumb":{"@id":"https:\/\/canal4nogoya.com\/web\/en-homenaje-al-indio-solari-colocaran-una-placa-en-su-casa-natal-y-habra-un-festival-con-mas-de-25-musicos\/#breadcrumblist"},"author":{"@id":"https:\/\/canal4nogoya.com\/web\/author\/gonzalo\/#author"},"creator":{"@id":"https:\/\/canal4nogoya.com\/web\/author\/gonzalo\/#author"},"image":{"@type":"ImageObject","url":"https:\/\/canal4nogoya.com\/web\/wp-content\/uploads\/2026\/08\/1-1-1-1-1-1-a-In-So.jpg","@id":"https:\/\/canal4nogoya.com\/web\/en-homenaje-al-indio-solari-colocaran-una-placa-en-su-casa-natal-y-habra-un-festival-con-mas-de-25-musicos\/#mainImage","width":1200,"height":675},"primaryImageOfPage":{"@id":"https:\/\/canal4nogoya.com\/web\/en-homenaje-al-indio-solari-colocaran-una-placa-en-su-casa-natal-y-habra-un-festival-con-mas-de-25-musicos\/#mainImage"},"datePublished":"2026-08-04T23:11:03-03:00","dateModified":"2026-08-04T23:11:04-03:00"},{"@type":"WebSite","@id":"https:\/\/canal4nogoya.com\/web\/#website","url":"https:\/\/canal4nogoya.com\/web\/","name":"Canal 4 Nogoy\u00e1","description":"Nogoy\u00e1 Televisora Color","inLanguage":"es-ES","publisher":{"@id":"https:\/\/canal4nogoya.com\/web\/#organization"}}]},"og:locale":"es_ES","og:site_name":"Canal 4 Nogoy\u00e1 - Nogoy\u00e1 Televisora Color","og:type":"article","og:title":"En homenaje al Indio Solari colocar\u00e1n una placa en su casa natal y habr\u00e1 un festival con m\u00e1s de 25 m\u00fasicos - Canal 4 Nogoy\u00e1","og:description":"Este s\u00e1bado 8 de agosto se vivir\u00e1 una jornada especial en Paran\u00e1 que buscar\u00e1 recordar el legado de Solari, hist\u00f3rico referente del rock argentino en la ciudad donde naci\u00f3. Las actividades comenzar\u00e1n a las 16:30 horas en el edificio del Correo Argentino, ubicado en calle 25 de Mayo 114, donde Carlos Alberto &quot;Indio&quot; Solari vivi\u00f3 sus primeros seis","og:url":"https:\/\/canal4nogoya.com\/web\/en-homenaje-al-indio-solari-colocaran-una-placa-en-su-casa-natal-y-habra-un-festival-con-mas-de-25-musicos\/","og:image":"https:\/\/canal4nogoya.com\/web\/wp-content\/uploads\/2026\/08\/1-1-1-1-1-1-a-In-So.jpg","og:image:secure_url":"https:\/\/canal4nogoya.com\/web\/wp-content\/uploads\/2026\/08\/1-1-1-1-1-1-a-In-So.jpg","og:image:width":1200,"og:image:height":675,"article:published_time":"2026-08-05T02:11:03+00:00","article:modified_time":"2026-08-05T02:11:04+00:00","twitter:card":"summary_large_image","twitter:title":"En homenaje al Indio Solari colocar\u00e1n una placa en su casa natal y habr\u00e1 un festival con m\u00e1s de 25 m\u00fasicos - Canal 4 Nogoy\u00e1","twitter:description":"Este s\u00e1bado 8 de agosto se vivir\u00e1 una jornada especial en Paran\u00e1 que buscar\u00e1 recordar el legado de Solari, hist\u00f3rico referente del rock argentino en la ciudad donde naci\u00f3. Las actividades comenzar\u00e1n a las 16:30 horas en el edificio del Correo Argentino, ubicado en calle 25 de Mayo 114, donde Carlos Alberto &quot;Indio&quot; Solari vivi\u00f3 sus primeros seis","twitter:image":"https:\/\/canal4nogoya.com\/web\/wp-content\/uploads\/2026\/08\/1-1-1-1-1-1-a-In-So.jpg"},"aioseo_meta_data":{"post_id":"4529","title":null,"description":null,"keywords":null,"keyphrases":{"focus":{"keyphrase":"","score":0,"analysis":{"keyphraseInTitle":{"score":0,"maxScore":9,"error":1}}},"additional":[]},"primary_term":null,"canonical_url":null,"og_title":null,"og_description":null,"og_object_type":"default","og_image_type":"default","og_image_url":null,"og_image_width":null,"og_image_height":null,"og_image_custom_url":null,"og_image_custom_fields":null,"og_video":"","og_custom_url":null,"og_article_section":null,"og_article_tags":null,"twitter_use_og":false,"twitter_card":"default","twitter_image_type":"default","twitter_image_url":null,"twitter_image_custom_url":null,"twitter_image_custom_fields":null,"twitter_title":null,"twitter_description":null,"schema":{"blockGraphs":[],"customGraphs":[],"default":{"data":{"Article":[],"Course":[],"Dataset":[],"FAQPage":[],"Movie":[],"Person":[],"Product":[],"ProductReview":[],"Car":[],"Recipe":[],"Service":[],"SoftwareApplication":[],"WebPage":[]},"graphName":"BlogPosting","isEnabled":true},"graphs":[]},"schema_type":"default","schema_type_options":null,"pillar_content":false,"robots_default":true,"robots_noindex":false,"robots_noarchive":false,"robots_nosnippet":false,"robots_nofollow":false,"robots_noimageindex":false,"robots_noodp":false,"robots_notranslate":false,"robots_max_snippet":"-1","robots_max_videopreview":"-1","robots_max_imagepreview":"large","priority":null,"frequency":"default","local_seo":null,"breadcrumb_settings":null,"limit_modified_date":false,"ai":{"faqs":[],"keyPoints":[],"schemas":[],"titles":[],"descriptions":[],"socialPosts":{"email":{"subject":"","preview":"","content":""},"linkedin":[],"twitter":[],"facebook":[],"instagram":[]}},"created":"2026-08-05 02:11:04","updated":"2026-08-05 04:12:05","seo_analyzer_scan_date":null,"focus_keyword":null,"additional_keywords":null,"truseo_locale":null},"aioseo_breadcrumb":"<div class=\"aioseo-breadcrumbs\"><span class=\"aioseo-breadcrumb\">\n\t\t\t<a href=\"https:\/\/canal4nogoya.com\/web\" title=\"Home\">Home<\/a>\n\t\t<\/span><span class=\"aioseo-breadcrumb-separator\">&raquo;<\/span><span class=\"aioseo-breadcrumb\">\n\t\t\t<a href=\"https:\/\/canal4nogoya.com\/web\/category\/provinciales\/\" title=\"Provinciales\">Provinciales<\/a>\n\t\t<\/span><span class=\"aioseo-breadcrumb-separator\">&raquo;<\/span><span class=\"aioseo-breadcrumb\">\n\t\t\tEn homenaje al Indio Solari colocar\u00e1n una placa en su casa natal y habr\u00e1 un festival con m\u00e1s de 25 m\u00fasicos\n\t\t<\/span><\/div>","aioseo_breadcrumb_json":[{"label":"Home","link":"https:\/\/canal4nogoya.com\/web"},{"label":"Provinciales","link":"https:\/\/canal4nogoya.com\/web\/category\/provinciales\/"},{"label":"En homenaje al Indio Solari colocar\u00e1n una placa en su casa natal y habr\u00e1 un festival con m\u00e1s de 25 m\u00fasicos","link":"https:\/\/canal4nogoya.com\/web\/en-homenaje-al-indio-solari-colocaran-una-placa-en-su-casa-natal-y-habra-un-festival-con-mas-de-25-musicos\/"}],"jetpack_featured_media_url":"https:\/\/canal4nogoya.com\/web\/wp-content\/uploads\/2026\/08\/1-1-1-1-1-1-a-In-So.jpg","_links":{"self":[{"href":"https:\/\/canal4nogoya.com\/web\/wp-json\/wp\/v2\/posts\/4529","targetHints":{"allow":["GET"]}}],"collection":[{"href":"https:\/\/canal4nogoya.com\/web\/wp-json\/wp\/v2\/posts"}],"about":[{"href":"https:\/\/canal4nogoya.com\/web\/wp-json\/wp\/v2\/types\/post"}],"author":[{"embeddable":true,"href":"https:\/\/canal4nogoya.com\/web\/wp-json\/wp\/v2\/users\/3"}],"replies":[{"embeddable":true,"href":"https:\/\/canal4nogoya.com\/web\/wp-json\/wp\/v2\/comments?post=4529"}],"version-history":[{"count":1,"href":"https:\/\/canal4nogoya.com\/web\/wp-json\/wp\/v2\/posts\/4529\/revisions"}],"predecessor-version":[{"id":4531,"href":"https:\/\/canal4nogoya.com\/web\/wp-json\/wp\/v2\/posts\/4529\/revisions\/4531"}],"wp:featuredmedia":[{"embeddable":true,"href":"https:\/\/canal4nogoya.com\/web\/wp-json\/wp\/v2\/media\/4530"}],"wp:attachment":[{"href":"https:\/\/canal4nogoya.com\/web\/wp-json\/wp\/v2\/media?parent=4529"}],"wp:term":[{"taxonomy":"category","embeddable":true,"href":"https:\/\/canal4nogoya.com\/web\/wp-json\/wp\/v2\/categories?post=4529"},{"taxonomy":"post_tag","embeddable":true,"href":"https:\/\/canal4nogoya.com\/web\/wp-json\/wp\/v2\/tags?post=4529"}],"curies":[{"name":"wp","href":"https:\/\/api.w.org\/{rel}","templated":true}]}}