{"id":4532,"date":"2026-08-05T16:36:54","date_gmt":"2026-08-05T19:36:54","guid":{"rendered":"https:\/\/canal4nogoya.com\/web\/?p=4532"},"modified":"2026-08-05T16:36:58","modified_gmt":"2026-08-05T19:36:58","slug":"se-frenaron-los-cambios-en-la-ley-de-tierras-por-falta-de-votos","status":"publish","type":"post","link":"https:\/\/canal4nogoya.com\/web\/se-frenaron-los-cambios-en-la-ley-de-tierras-por-falta-de-votos\/","title":{"rendered":"Se frenaron los cambios en la Ley de Tierras por falta de votos"},"content":{"rendered":"\n<p class=\"wp-block-paragraph\"><\/p>\n\n\n\n<p class=\"wp-block-paragraph\">La\u00a0<strong>Libertad Avanza<\/strong>\u00a0resolvi\u00f3 postergar el tratamiento del cap\u00edtulo sobre\u00a0<strong>Ley de Tierras<\/strong>\u00a0dentro del proyecto de inviolabilidad de la propiedad privada, luego de no reunir los votos necesarios en el Senado. La decisi\u00f3n se tom\u00f3 tras el rechazo de gobernadores aliados a los art\u00edculos que flexibilizaban la venta de tierras a extranjeros.<\/p>\n\n\n\n<p class=\"wp-block-paragraph\">El oficialismo buscaba avanzar con una modificaci\u00f3n que permit\u00eda elevar hasta el 25% el l\u00edmite para la extranjerizaci\u00f3n de tierras rurales. La propuesta hab\u00eda sido defendida por Patricia Bullrich, quien d\u00edas atr\u00e1s sostuvo que el cambio pod\u00eda favorecer inversiones.<\/p>\n\n\n\n<p class=\"wp-block-paragraph\">La decisi\u00f3n se adopt\u00f3 durante una reuni\u00f3n encabezada por la jefa del bloque oficialista en el Senado,&nbsp;<strong>Patricia Bullrich<\/strong>, junto a legisladores de bloques aliados. Seg\u00fan trascendi\u00f3, varios mandatarios provinciales hab\u00edan enviado la instrucci\u00f3n de votar en contra de ese tramo de la iniciativa.<\/p>\n\n\n\n<p class=\"wp-block-paragraph\">Entre los gobernadores mencionados aparecen&nbsp;<strong>Osvaldo Jaldo<\/strong>, de Tucum\u00e1n;&nbsp;<strong>Ra\u00fal Jalil<\/strong>, de Catamarca;&nbsp;<strong>Gustavo S\u00e1enz<\/strong>, de Salta; y&nbsp;<strong>Rolando Figueroa<\/strong>, de Neuqu\u00e9n. La resistencia de esos sectores dej\u00f3 al oficialismo sin margen para sostener el cap\u00edtulo en el recinto.<\/p>\n\n\n\n<p class=\"wp-block-paragraph\"><\/p>\n\n\n\n<p class=\"wp-block-paragraph\">Fuente: Ahora<\/p>\n","protected":false},"excerpt":{"rendered":"<p>La\u00a0Libertad Avanza\u00a0resolvi\u00f3 postergar el tratamiento del cap\u00edtulo sobre\u00a0Ley de Tierras\u00a0dentro del proyecto de inviolabilidad de la propiedad privada, luego de no reunir los votos necesarios en el Senado. La decisi\u00f3n se tom\u00f3 tras el rechazo de gobernadores aliados a los art\u00edculos que flexibilizaban la venta de tierras a extranjeros. El oficialismo buscaba avanzar con una&#8230;<\/p>\n","protected":false},"author":3,"featured_media":4533,"comment_status":"open","ping_status":"closed","sticky":false,"template":"","format":"standard","meta":{"_monsterinsights_skip_tracking":false,"footnotes":""},"categories":[9],"tags":[],"class_list":["post-4532","post","type-post","status-publish","format-standard","has-post-thumbnail","hentry","category-nacionales"],"aioseo_notices":[],"aioseo_head":"\n\t\t<!-- All in One SEO 5.0.1.1 - aioseo.com -->\n\t<meta name=\"description\" content=\"La Libertad Avanza resolvi\u00f3 postergar el tratamiento del cap\u00edtulo sobre Ley de Tierras dentro del proyecto de inviolabilidad de la propiedad privada, luego de no reunir los votos necesarios en el Senado. La decisi\u00f3n se tom\u00f3 tras el rechazo de gobernadores aliados a los art\u00edculos que flexibilizaban la venta de tierras a extranjeros. El oficialismo buscaba avanzar con una\" \/>\n\t<meta name=\"robots\" content=\"max-image-preview:large\" \/>\n\t<meta name=\"author\" content=\"Redacci\u00f3n\"\/>\n\t<link rel=\"canonical\" href=\"https:\/\/canal4nogoya.com\/web\/se-frenaron-los-cambios-en-la-ley-de-tierras-por-falta-de-votos\/\" \/>\n\t<meta name=\"generator\" content=\"All in One SEO (AIOSEO) 5.0.1.1\" \/>\n\t\t<meta property=\"og:locale\" content=\"es_ES\" \/>\n\t\t<meta property=\"og:site_name\" content=\"Canal 4 Nogoy\u00e1 - Nogoy\u00e1 Televisora Color\" \/>\n\t\t<meta property=\"og:type\" content=\"article\" \/>\n\t\t<meta property=\"og:title\" content=\"Se frenaron los cambios en la Ley de Tierras por falta de votos - Canal 4 Nogoy\u00e1\" \/>\n\t\t<meta property=\"og:description\" content=\"La Libertad Avanza resolvi\u00f3 postergar el tratamiento del cap\u00edtulo sobre Ley de Tierras dentro del proyecto de inviolabilidad de la propiedad privada, luego de no reunir los votos necesarios en el Senado. La decisi\u00f3n se tom\u00f3 tras el rechazo de gobernadores aliados a los art\u00edculos que flexibilizaban la venta de tierras a extranjeros. El oficialismo buscaba avanzar con una\" \/>\n\t\t<meta property=\"og:url\" content=\"https:\/\/canal4nogoya.com\/web\/se-frenaron-los-cambios-en-la-ley-de-tierras-por-falta-de-votos\/\" \/>\n\t\t<meta property=\"og:image\" content=\"https:\/\/canal4nogoya.com\/web\/wp-content\/uploads\/2026\/08\/1-1-1-1-1-11-a-cong.jpg\" \/>\n\t\t<meta property=\"og:image:secure_url\" content=\"https:\/\/canal4nogoya.com\/web\/wp-content\/uploads\/2026\/08\/1-1-1-1-1-11-a-cong.jpg\" \/>\n\t\t<meta property=\"og:image:width\" content=\"932\" \/>\n\t\t<meta property=\"og:image:height\" content=\"625\" \/>\n\t\t<meta property=\"article:published_time\" content=\"2026-08-05T19:36:54+00:00\" \/>\n\t\t<meta property=\"article:modified_time\" content=\"2026-08-05T19:36:58+00:00\" \/>\n\t\t<meta name=\"twitter:card\" content=\"summary_large_image\" \/>\n\t\t<meta name=\"twitter:title\" content=\"Se frenaron los cambios en la Ley de Tierras por falta de votos - Canal 4 Nogoy\u00e1\" \/>\n\t\t<meta name=\"twitter:description\" content=\"La Libertad Avanza resolvi\u00f3 postergar el tratamiento del cap\u00edtulo sobre Ley de Tierras dentro del proyecto de inviolabilidad de la propiedad privada, luego de no reunir los votos necesarios en el Senado. La decisi\u00f3n se tom\u00f3 tras el rechazo de gobernadores aliados a los art\u00edculos que flexibilizaban la venta de tierras a extranjeros. El oficialismo buscaba avanzar con una\" \/>\n\t\t<meta name=\"twitter:image\" content=\"https:\/\/canal4nogoya.com\/web\/wp-content\/uploads\/2026\/08\/1-1-1-1-1-11-a-cong.jpg\" \/>\n\t\t<script type=\"application\/ld+json\" class=\"aioseo-schema\">\n\t\t\t{\"@context\":\"https:\\\/\\\/schema.org\",\"@graph\":[{\"@type\":\"BlogPosting\",\"@id\":\"https:\\\/\\\/canal4nogoya.com\\\/web\\\/se-frenaron-los-cambios-en-la-ley-de-tierras-por-falta-de-votos\\\/#blogposting\",\"name\":\"Se frenaron los cambios en la Ley de Tierras por falta de votos - Canal 4 Nogoy\\u00e1\",\"headline\":\"Se frenaron los cambios en la Ley de Tierras por falta de votos\",\"author\":{\"@id\":\"https:\\\/\\\/canal4nogoya.com\\\/web\\\/author\\\/gonzalo\\\/#author\"},\"publisher\":{\"@id\":\"https:\\\/\\\/canal4nogoya.com\\\/web\\\/#organization\"},\"image\":{\"@type\":\"ImageObject\",\"url\":\"https:\\\/\\\/canal4nogoya.com\\\/web\\\/wp-content\\\/uploads\\\/2026\\\/08\\\/1-1-1-1-1-11-a-cong.jpg\",\"width\":932,\"height\":625},\"datePublished\":\"2026-08-05T16:36:54-03:00\",\"dateModified\":\"2026-08-05T16:36:58-03:00\",\"inLanguage\":\"es-ES\",\"mainEntityOfPage\":{\"@id\":\"https:\\\/\\\/canal4nogoya.com\\\/web\\\/se-frenaron-los-cambios-en-la-ley-de-tierras-por-falta-de-votos\\\/#webpage\"},\"isPartOf\":{\"@id\":\"https:\\\/\\\/canal4nogoya.com\\\/web\\\/se-frenaron-los-cambios-en-la-ley-de-tierras-por-falta-de-votos\\\/#webpage\"},\"articleSection\":\"Nacionales\"},{\"@type\":\"BreadcrumbList\",\"@id\":\"https:\\\/\\\/canal4nogoya.com\\\/web\\\/se-frenaron-los-cambios-en-la-ley-de-tierras-por-falta-de-votos\\\/#breadcrumblist\",\"itemListElement\":[{\"@type\":\"ListItem\",\"@id\":\"https:\\\/\\\/canal4nogoya.com\\\/web#listItem\",\"position\":1,\"name\":\"Home\",\"item\":\"https:\\\/\\\/canal4nogoya.com\\\/web\",\"nextItem\":{\"@type\":\"ListItem\",\"@id\":\"https:\\\/\\\/canal4nogoya.com\\\/web\\\/category\\\/nacionales\\\/#listItem\",\"name\":\"Nacionales\"}},{\"@type\":\"ListItem\",\"@id\":\"https:\\\/\\\/canal4nogoya.com\\\/web\\\/category\\\/nacionales\\\/#listItem\",\"position\":2,\"name\":\"Nacionales\",\"item\":\"https:\\\/\\\/canal4nogoya.com\\\/web\\\/category\\\/nacionales\\\/\",\"nextItem\":{\"@type\":\"ListItem\",\"@id\":\"https:\\\/\\\/canal4nogoya.com\\\/web\\\/se-frenaron-los-cambios-en-la-ley-de-tierras-por-falta-de-votos\\\/#listItem\",\"name\":\"Se frenaron los cambios en la Ley de Tierras por falta de votos\"},\"previousItem\":{\"@type\":\"ListItem\",\"@id\":\"https:\\\/\\\/canal4nogoya.com\\\/web#listItem\",\"name\":\"Home\"}},{\"@type\":\"ListItem\",\"@id\":\"https:\\\/\\\/canal4nogoya.com\\\/web\\\/se-frenaron-los-cambios-en-la-ley-de-tierras-por-falta-de-votos\\\/#listItem\",\"position\":3,\"name\":\"Se frenaron los cambios en la Ley de Tierras por falta de votos\",\"previousItem\":{\"@type\":\"ListItem\",\"@id\":\"https:\\\/\\\/canal4nogoya.com\\\/web\\\/category\\\/nacionales\\\/#listItem\",\"name\":\"Nacionales\"}}]},{\"@type\":\"Organization\",\"@id\":\"https:\\\/\\\/canal4nogoya.com\\\/web\\\/#organization\",\"name\":\"Canal 4 Nogoy\\u00e1\",\"description\":\"Nogoy\\u00e1 Televisora Color\",\"url\":\"https:\\\/\\\/canal4nogoya.com\\\/web\\\/\",\"logo\":{\"@type\":\"ImageObject\",\"url\":\"https:\\\/\\\/canal4nogoya.com\\\/web\\\/wp-content\\\/uploads\\\/2025\\\/04\\\/logos-fondo-blanco.jpg\",\"@id\":\"https:\\\/\\\/canal4nogoya.com\\\/web\\\/se-frenaron-los-cambios-en-la-ley-de-tierras-por-falta-de-votos\\\/#organizationLogo\",\"width\":2353,\"height\":1080},\"image\":{\"@id\":\"https:\\\/\\\/canal4nogoya.com\\\/web\\\/se-frenaron-los-cambios-en-la-ley-de-tierras-por-falta-de-votos\\\/#organizationLogo\"}},{\"@type\":\"Person\",\"@id\":\"https:\\\/\\\/canal4nogoya.com\\\/web\\\/author\\\/gonzalo\\\/#author\",\"url\":\"https:\\\/\\\/canal4nogoya.com\\\/web\\\/author\\\/gonzalo\\\/\",\"name\":\"Redacci\\u00f3n\",\"image\":{\"@type\":\"ImageObject\",\"@id\":\"https:\\\/\\\/canal4nogoya.com\\\/web\\\/se-frenaron-los-cambios-en-la-ley-de-tierras-por-falta-de-votos\\\/#authorImage\",\"url\":\"https:\\\/\\\/canal4nogoya.com\\\/web\\\/wp-content\\\/litespeed\\\/avatar\\\/1df8586f31106921a2f6ae0d9530296b.jpg?ver=1787987515\",\"width\":96,\"height\":96,\"caption\":\"Redacci\\u00f3n\"}},{\"@type\":\"WebPage\",\"@id\":\"https:\\\/\\\/canal4nogoya.com\\\/web\\\/se-frenaron-los-cambios-en-la-ley-de-tierras-por-falta-de-votos\\\/#webpage\",\"url\":\"https:\\\/\\\/canal4nogoya.com\\\/web\\\/se-frenaron-los-cambios-en-la-ley-de-tierras-por-falta-de-votos\\\/\",\"name\":\"Se frenaron los cambios en la Ley de Tierras por falta de votos - Canal 4 Nogoy\\u00e1\",\"description\":\"La Libertad Avanza resolvi\\u00f3 postergar el tratamiento del cap\\u00edtulo sobre Ley de Tierras dentro del proyecto de inviolabilidad de la propiedad privada, luego de no reunir los votos necesarios en el Senado. La decisi\\u00f3n se tom\\u00f3 tras el rechazo de gobernadores aliados a los art\\u00edculos que flexibilizaban la venta de tierras a extranjeros. El oficialismo buscaba avanzar con una\",\"inLanguage\":\"es-ES\",\"isPartOf\":{\"@id\":\"https:\\\/\\\/canal4nogoya.com\\\/web\\\/#website\"},\"breadcrumb\":{\"@id\":\"https:\\\/\\\/canal4nogoya.com\\\/web\\\/se-frenaron-los-cambios-en-la-ley-de-tierras-por-falta-de-votos\\\/#breadcrumblist\"},\"author\":{\"@id\":\"https:\\\/\\\/canal4nogoya.com\\\/web\\\/author\\\/gonzalo\\\/#author\"},\"creator\":{\"@id\":\"https:\\\/\\\/canal4nogoya.com\\\/web\\\/author\\\/gonzalo\\\/#author\"},\"image\":{\"@type\":\"ImageObject\",\"url\":\"https:\\\/\\\/canal4nogoya.com\\\/web\\\/wp-content\\\/uploads\\\/2026\\\/08\\\/1-1-1-1-1-11-a-cong.jpg\",\"@id\":\"https:\\\/\\\/canal4nogoya.com\\\/web\\\/se-frenaron-los-cambios-en-la-ley-de-tierras-por-falta-de-votos\\\/#mainImage\",\"width\":932,\"height\":625},\"primaryImageOfPage\":{\"@id\":\"https:\\\/\\\/canal4nogoya.com\\\/web\\\/se-frenaron-los-cambios-en-la-ley-de-tierras-por-falta-de-votos\\\/#mainImage\"},\"datePublished\":\"2026-08-05T16:36:54-03:00\",\"dateModified\":\"2026-08-05T16:36:58-03:00\"},{\"@type\":\"WebSite\",\"@id\":\"https:\\\/\\\/canal4nogoya.com\\\/web\\\/#website\",\"url\":\"https:\\\/\\\/canal4nogoya.com\\\/web\\\/\",\"name\":\"Canal 4 Nogoy\\u00e1\",\"description\":\"Nogoy\\u00e1 Televisora Color\",\"inLanguage\":\"es-ES\",\"publisher\":{\"@id\":\"https:\\\/\\\/canal4nogoya.com\\\/web\\\/#organization\"}}]}\n\t\t<\/script>\n\t\t<!-- All in One SEO -->\n\n","aioseo_head_json":{"title":"Se frenaron los cambios en la Ley de Tierras por falta de votos - Canal 4 Nogoy\u00e1","description":"La Libertad Avanza resolvi\u00f3 postergar el tratamiento del cap\u00edtulo sobre Ley de Tierras dentro del proyecto de inviolabilidad de la propiedad privada, luego de no reunir los votos necesarios en el Senado. La decisi\u00f3n se tom\u00f3 tras el rechazo de gobernadores aliados a los art\u00edculos que flexibilizaban la venta de tierras a extranjeros. El oficialismo buscaba avanzar con una","canonical_url":"https:\/\/canal4nogoya.com\/web\/se-frenaron-los-cambios-en-la-ley-de-tierras-por-falta-de-votos\/","robots":"max-image-preview:large","keywords":"","webmasterTools":{"miscellaneous":""},"schema":{"@context":"https:\/\/schema.org","@graph":[{"@type":"BlogPosting","@id":"https:\/\/canal4nogoya.com\/web\/se-frenaron-los-cambios-en-la-ley-de-tierras-por-falta-de-votos\/#blogposting","name":"Se frenaron los cambios en la Ley de Tierras por falta de votos - Canal 4 Nogoy\u00e1","headline":"Se frenaron los cambios en la Ley de Tierras por falta de votos","author":{"@id":"https:\/\/canal4nogoya.com\/web\/author\/gonzalo\/#author"},"publisher":{"@id":"https:\/\/canal4nogoya.com\/web\/#organization"},"image":{"@type":"ImageObject","url":"https:\/\/canal4nogoya.com\/web\/wp-content\/uploads\/2026\/08\/1-1-1-1-1-11-a-cong.jpg","width":932,"height":625},"datePublished":"2026-08-05T16:36:54-03:00","dateModified":"2026-08-05T16:36:58-03:00","inLanguage":"es-ES","mainEntityOfPage":{"@id":"https:\/\/canal4nogoya.com\/web\/se-frenaron-los-cambios-en-la-ley-de-tierras-por-falta-de-votos\/#webpage"},"isPartOf":{"@id":"https:\/\/canal4nogoya.com\/web\/se-frenaron-los-cambios-en-la-ley-de-tierras-por-falta-de-votos\/#webpage"},"articleSection":"Nacionales"},{"@type":"BreadcrumbList","@id":"https:\/\/canal4nogoya.com\/web\/se-frenaron-los-cambios-en-la-ley-de-tierras-por-falta-de-votos\/#breadcrumblist","itemListElement":[{"@type":"ListItem","@id":"https:\/\/canal4nogoya.com\/web#listItem","position":1,"name":"Home","item":"https:\/\/canal4nogoya.com\/web","nextItem":{"@type":"ListItem","@id":"https:\/\/canal4nogoya.com\/web\/category\/nacionales\/#listItem","name":"Nacionales"}},{"@type":"ListItem","@id":"https:\/\/canal4nogoya.com\/web\/category\/nacionales\/#listItem","position":2,"name":"Nacionales","item":"https:\/\/canal4nogoya.com\/web\/category\/nacionales\/","nextItem":{"@type":"ListItem","@id":"https:\/\/canal4nogoya.com\/web\/se-frenaron-los-cambios-en-la-ley-de-tierras-por-falta-de-votos\/#listItem","name":"Se frenaron los cambios en la Ley de Tierras por falta de votos"},"previousItem":{"@type":"ListItem","@id":"https:\/\/canal4nogoya.com\/web#listItem","name":"Home"}},{"@type":"ListItem","@id":"https:\/\/canal4nogoya.com\/web\/se-frenaron-los-cambios-en-la-ley-de-tierras-por-falta-de-votos\/#listItem","position":3,"name":"Se frenaron los cambios en la Ley de Tierras por falta de votos","previousItem":{"@type":"ListItem","@id":"https:\/\/canal4nogoya.com\/web\/category\/nacionales\/#listItem","name":"Nacionales"}}]},{"@type":"Organization","@id":"https:\/\/canal4nogoya.com\/web\/#organization","name":"Canal 4 Nogoy\u00e1","description":"Nogoy\u00e1 Televisora Color","url":"https:\/\/canal4nogoya.com\/web\/","logo":{"@type":"ImageObject","url":"https:\/\/canal4nogoya.com\/web\/wp-content\/uploads\/2025\/04\/logos-fondo-blanco.jpg","@id":"https:\/\/canal4nogoya.com\/web\/se-frenaron-los-cambios-en-la-ley-de-tierras-por-falta-de-votos\/#organizationLogo","width":2353,"height":1080},"image":{"@id":"https:\/\/canal4nogoya.com\/web\/se-frenaron-los-cambios-en-la-ley-de-tierras-por-falta-de-votos\/#organizationLogo"}},{"@type":"Person","@id":"https:\/\/canal4nogoya.com\/web\/author\/gonzalo\/#author","url":"https:\/\/canal4nogoya.com\/web\/author\/gonzalo\/","name":"Redacci\u00f3n","image":{"@type":"ImageObject","@id":"https:\/\/canal4nogoya.com\/web\/se-frenaron-los-cambios-en-la-ley-de-tierras-por-falta-de-votos\/#authorImage","url":"https:\/\/canal4nogoya.com\/web\/wp-content\/litespeed\/avatar\/1df8586f31106921a2f6ae0d9530296b.jpg?ver=1787987515","width":96,"height":96,"caption":"Redacci\u00f3n"}},{"@type":"WebPage","@id":"https:\/\/canal4nogoya.com\/web\/se-frenaron-los-cambios-en-la-ley-de-tierras-por-falta-de-votos\/#webpage","url":"https:\/\/canal4nogoya.com\/web\/se-frenaron-los-cambios-en-la-ley-de-tierras-por-falta-de-votos\/","name":"Se frenaron los cambios en la Ley de Tierras por falta de votos - Canal 4 Nogoy\u00e1","description":"La Libertad Avanza resolvi\u00f3 postergar el tratamiento del cap\u00edtulo sobre Ley de Tierras dentro del proyecto de inviolabilidad de la propiedad privada, luego de no reunir los votos necesarios en el Senado. La decisi\u00f3n se tom\u00f3 tras el rechazo de gobernadores aliados a los art\u00edculos que flexibilizaban la venta de tierras a extranjeros. El oficialismo buscaba avanzar con una","inLanguage":"es-ES","isPartOf":{"@id":"https:\/\/canal4nogoya.com\/web\/#website"},"breadcrumb":{"@id":"https:\/\/canal4nogoya.com\/web\/se-frenaron-los-cambios-en-la-ley-de-tierras-por-falta-de-votos\/#breadcrumblist"},"author":{"@id":"https:\/\/canal4nogoya.com\/web\/author\/gonzalo\/#author"},"creator":{"@id":"https:\/\/canal4nogoya.com\/web\/author\/gonzalo\/#author"},"image":{"@type":"ImageObject","url":"https:\/\/canal4nogoya.com\/web\/wp-content\/uploads\/2026\/08\/1-1-1-1-1-11-a-cong.jpg","@id":"https:\/\/canal4nogoya.com\/web\/se-frenaron-los-cambios-en-la-ley-de-tierras-por-falta-de-votos\/#mainImage","width":932,"height":625},"primaryImageOfPage":{"@id":"https:\/\/canal4nogoya.com\/web\/se-frenaron-los-cambios-en-la-ley-de-tierras-por-falta-de-votos\/#mainImage"},"datePublished":"2026-08-05T16:36:54-03:00","dateModified":"2026-08-05T16:36:58-03:00"},{"@type":"WebSite","@id":"https:\/\/canal4nogoya.com\/web\/#website","url":"https:\/\/canal4nogoya.com\/web\/","name":"Canal 4 Nogoy\u00e1","description":"Nogoy\u00e1 Televisora Color","inLanguage":"es-ES","publisher":{"@id":"https:\/\/canal4nogoya.com\/web\/#organization"}}]},"og:locale":"es_ES","og:site_name":"Canal 4 Nogoy\u00e1 - Nogoy\u00e1 Televisora Color","og:type":"article","og:title":"Se frenaron los cambios en la Ley de Tierras por falta de votos - Canal 4 Nogoy\u00e1","og:description":"La Libertad Avanza resolvi\u00f3 postergar el tratamiento del cap\u00edtulo sobre Ley de Tierras dentro del proyecto de inviolabilidad de la propiedad privada, luego de no reunir los votos necesarios en el Senado. La decisi\u00f3n se tom\u00f3 tras el rechazo de gobernadores aliados a los art\u00edculos que flexibilizaban la venta de tierras a extranjeros. El oficialismo buscaba avanzar con una","og:url":"https:\/\/canal4nogoya.com\/web\/se-frenaron-los-cambios-en-la-ley-de-tierras-por-falta-de-votos\/","og:image":"https:\/\/canal4nogoya.com\/web\/wp-content\/uploads\/2026\/08\/1-1-1-1-1-11-a-cong.jpg","og:image:secure_url":"https:\/\/canal4nogoya.com\/web\/wp-content\/uploads\/2026\/08\/1-1-1-1-1-11-a-cong.jpg","og:image:width":932,"og:image:height":625,"article:published_time":"2026-08-05T19:36:54+00:00","article:modified_time":"2026-08-05T19:36:58+00:00","twitter:card":"summary_large_image","twitter:title":"Se frenaron los cambios en la Ley de Tierras por falta de votos - Canal 4 Nogoy\u00e1","twitter:description":"La Libertad Avanza resolvi\u00f3 postergar el tratamiento del cap\u00edtulo sobre Ley de Tierras dentro del proyecto de inviolabilidad de la propiedad privada, luego de no reunir los votos necesarios en el Senado. La decisi\u00f3n se tom\u00f3 tras el rechazo de gobernadores aliados a los art\u00edculos que flexibilizaban la venta de tierras a extranjeros. El oficialismo buscaba avanzar con una","twitter:image":"https:\/\/canal4nogoya.com\/web\/wp-content\/uploads\/2026\/08\/1-1-1-1-1-11-a-cong.jpg"},"aioseo_meta_data":{"post_id":"4532","title":null,"description":null,"keywords":null,"keyphrases":{"focus":{"keyphrase":"","score":0,"analysis":{"keyphraseInTitle":{"score":0,"maxScore":9,"error":1}}},"additional":[]},"primary_term":null,"canonical_url":null,"og_title":null,"og_description":null,"og_object_type":"default","og_image_type":"default","og_image_url":null,"og_image_width":null,"og_image_height":null,"og_image_custom_url":null,"og_image_custom_fields":null,"og_video":"","og_custom_url":null,"og_article_section":null,"og_article_tags":null,"twitter_use_og":false,"twitter_card":"default","twitter_image_type":"default","twitter_image_url":null,"twitter_image_custom_url":null,"twitter_image_custom_fields":null,"twitter_title":null,"twitter_description":null,"schema":{"blockGraphs":[],"customGraphs":[],"default":{"data":{"Article":[],"Course":[],"Dataset":[],"FAQPage":[],"Movie":[],"Person":[],"Product":[],"ProductReview":[],"Car":[],"Recipe":[],"Service":[],"SoftwareApplication":[],"WebPage":[]},"graphName":"BlogPosting","isEnabled":true},"graphs":[]},"schema_type":"default","schema_type_options":null,"pillar_content":false,"robots_default":true,"robots_noindex":false,"robots_noarchive":false,"robots_nosnippet":false,"robots_nofollow":false,"robots_noimageindex":false,"robots_noodp":false,"robots_notranslate":false,"robots_max_snippet":"-1","robots_max_videopreview":"-1","robots_max_imagepreview":"large","priority":null,"frequency":"default","local_seo":null,"breadcrumb_settings":null,"limit_modified_date":false,"ai":{"faqs":[],"keyPoints":[],"schemas":[],"titles":[],"descriptions":[],"socialPosts":{"email":{"subject":"","preview":"","content":""},"linkedin":[],"twitter":[],"facebook":[],"instagram":[]}},"created":"2026-08-05 19:36:58","updated":"2026-08-05 21:25:16","seo_analyzer_scan_date":null,"focus_keyword":null,"additional_keywords":null,"truseo_locale":null},"aioseo_breadcrumb":"<div class=\"aioseo-breadcrumbs\"><span class=\"aioseo-breadcrumb\">\n\t\t\t<a href=\"https:\/\/canal4nogoya.com\/web\" title=\"Home\">Home<\/a>\n\t\t<\/span><span class=\"aioseo-breadcrumb-separator\">&raquo;<\/span><span class=\"aioseo-breadcrumb\">\n\t\t\t<a href=\"https:\/\/canal4nogoya.com\/web\/category\/nacionales\/\" title=\"Nacionales\">Nacionales<\/a>\n\t\t<\/span><span class=\"aioseo-breadcrumb-separator\">&raquo;<\/span><span class=\"aioseo-breadcrumb\">\n\t\t\tSe frenaron los cambios en la Ley de Tierras por falta de votos\n\t\t<\/span><\/div>","aioseo_breadcrumb_json":[{"label":"Home","link":"https:\/\/canal4nogoya.com\/web"},{"label":"Nacionales","link":"https:\/\/canal4nogoya.com\/web\/category\/nacionales\/"},{"label":"Se frenaron los cambios en la Ley de Tierras por falta de votos","link":"https:\/\/canal4nogoya.com\/web\/se-frenaron-los-cambios-en-la-ley-de-tierras-por-falta-de-votos\/"}],"jetpack_featured_media_url":"https:\/\/canal4nogoya.com\/web\/wp-content\/uploads\/2026\/08\/1-1-1-1-1-11-a-cong.jpg","_links":{"self":[{"href":"https:\/\/canal4nogoya.com\/web\/wp-json\/wp\/v2\/posts\/4532","targetHints":{"allow":["GET"]}}],"collection":[{"href":"https:\/\/canal4nogoya.com\/web\/wp-json\/wp\/v2\/posts"}],"about":[{"href":"https:\/\/canal4nogoya.com\/web\/wp-json\/wp\/v2\/types\/post"}],"author":[{"embeddable":true,"href":"https:\/\/canal4nogoya.com\/web\/wp-json\/wp\/v2\/users\/3"}],"replies":[{"embeddable":true,"href":"https:\/\/canal4nogoya.com\/web\/wp-json\/wp\/v2\/comments?post=4532"}],"version-history":[{"count":1,"href":"https:\/\/canal4nogoya.com\/web\/wp-json\/wp\/v2\/posts\/4532\/revisions"}],"predecessor-version":[{"id":4534,"href":"https:\/\/canal4nogoya.com\/web\/wp-json\/wp\/v2\/posts\/4532\/revisions\/4534"}],"wp:featuredmedia":[{"embeddable":true,"href":"https:\/\/canal4nogoya.com\/web\/wp-json\/wp\/v2\/media\/4533"}],"wp:attachment":[{"href":"https:\/\/canal4nogoya.com\/web\/wp-json\/wp\/v2\/media?parent=4532"}],"wp:term":[{"taxonomy":"category","embeddable":true,"href":"https:\/\/canal4nogoya.com\/web\/wp-json\/wp\/v2\/categories?post=4532"},{"taxonomy":"post_tag","embeddable":true,"href":"https:\/\/canal4nogoya.com\/web\/wp-json\/wp\/v2\/tags?post=4532"}],"curies":[{"name":"wp","href":"https:\/\/api.w.org\/{rel}","templated":true}]}}