{"id":4535,"date":"2026-08-05T16:45:41","date_gmt":"2026-08-05T19:45:41","guid":{"rendered":"https:\/\/canal4nogoya.com\/web\/?p=4535"},"modified":"2026-08-05T16:45:42","modified_gmt":"2026-08-05T19:45:42","slug":"asumio-el-nuevo-sub-secretario-de-obras-y-servicios-publicos","status":"publish","type":"post","link":"https:\/\/canal4nogoya.com\/web\/asumio-el-nuevo-sub-secretario-de-obras-y-servicios-publicos\/","title":{"rendered":"Asumi\u00f3 el nuevo Sub Secretario de Obras y Servicios P\u00fablicos"},"content":{"rendered":"\n<p class=\"wp-block-paragraph\"><\/p>\n\n\n\n<p class=\"wp-block-paragraph\">A trav\u00e9s de sus redes sociales, el Municipio de Nogoy\u00e1 inform\u00f3 que  el presidente municipal Bernardo Schneider, recibi\u00f3 en su despacho al <strong>arquitecto Hugo Fern\u00e1ndez<\/strong>, flamante funcionario que ya comenz\u00f3 con sus actividades al frente de la Subsecretar\u00eda de Obras y Servicios P\u00fablicos. Adem\u00e1s, visitaron el Corral\u00f3n Municipal para que Fern\u00e1ndez conozca las instalaciones y los trabajadores que tendr\u00e1 a su cargo. <\/p>\n\n\n\n<p class=\"wp-block-paragraph\"><\/p>\n\n\n\n<p class=\"wp-block-paragraph\">Luego del encuentro, Schneider expres\u00f3: \u201cHugo llega desde el sector privado para aportar su experiencia, compromiso y capacidad de trabajo a un \u00e1rea clave para el desarrollo de nuestra ciudad. Su incorporaci\u00f3n fortalece el equipo con una mirada renovada y nuevos desaf\u00edos, siempre con un mismo objetivo: seguir impulsando obras, mejorar los servicios y brindar respuestas cada vez m\u00e1s eficientes a los vecinos\u201d.<\/p>\n\n\n\n<p class=\"wp-block-paragraph\"><\/p>\n\n\n\n<p class=\"wp-block-paragraph\"><\/p>\n\n\n\n<p class=\"wp-block-paragraph\"><\/p>\n","protected":false},"excerpt":{"rendered":"<p>A trav\u00e9s de sus redes sociales, el Municipio de Nogoy\u00e1 inform\u00f3 que el presidente municipal Bernardo Schneider, recibi\u00f3 en su despacho al arquitecto Hugo Fern\u00e1ndez, flamante funcionario que ya comenz\u00f3 con sus actividades al frente de la Subsecretar\u00eda de Obras y Servicios P\u00fablicos. Adem\u00e1s, visitaron el Corral\u00f3n Municipal para que Fern\u00e1ndez conozca las instalaciones y&#8230;<\/p>\n","protected":false},"author":3,"featured_media":4536,"comment_status":"open","ping_status":"closed","sticky":false,"template":"","format":"standard","meta":{"_monsterinsights_skip_tracking":false,"footnotes":""},"categories":[8],"tags":[],"class_list":["post-4535","post","type-post","status-publish","format-standard","has-post-thumbnail","hentry","category-locales"],"aioseo_notices":[],"aioseo_head":"\n\t\t<!-- All in One SEO 5.0.1.1 - aioseo.com -->\n\t<meta name=\"description\" content=\"A trav\u00e9s de sus redes sociales, el Municipio de Nogoy\u00e1 inform\u00f3 que el presidente municipal Bernardo Schneider, recibi\u00f3 en su despacho al arquitecto Hugo Fern\u00e1ndez, flamante funcionario que ya comenz\u00f3 con sus actividades al frente de la Subsecretar\u00eda de Obras y Servicios P\u00fablicos. Adem\u00e1s, visitaron el Corral\u00f3n Municipal para que Fern\u00e1ndez conozca las instalaciones y\" \/>\n\t<meta name=\"robots\" content=\"max-image-preview:large\" \/>\n\t<meta name=\"author\" content=\"Redacci\u00f3n\"\/>\n\t<link rel=\"canonical\" href=\"https:\/\/canal4nogoya.com\/web\/asumio-el-nuevo-sub-secretario-de-obras-y-servicios-publicos\/\" \/>\n\t<meta name=\"generator\" content=\"All in One SEO (AIOSEO) 5.0.1.1\" \/>\n\t\t<meta property=\"og:locale\" content=\"es_ES\" \/>\n\t\t<meta property=\"og:site_name\" content=\"Canal 4 Nogoy\u00e1 - Nogoy\u00e1 Televisora Color\" \/>\n\t\t<meta property=\"og:type\" content=\"article\" \/>\n\t\t<meta property=\"og:title\" content=\"Asumi\u00f3 el nuevo Sub Secretario de Obras y Servicios P\u00fablicos - Canal 4 Nogoy\u00e1\" \/>\n\t\t<meta property=\"og:description\" content=\"A trav\u00e9s de sus redes sociales, el Municipio de Nogoy\u00e1 inform\u00f3 que el presidente municipal Bernardo Schneider, recibi\u00f3 en su despacho al arquitecto Hugo Fern\u00e1ndez, flamante funcionario que ya comenz\u00f3 con sus actividades al frente de la Subsecretar\u00eda de Obras y Servicios P\u00fablicos. Adem\u00e1s, visitaron el Corral\u00f3n Municipal para que Fern\u00e1ndez conozca las instalaciones y\" \/>\n\t\t<meta property=\"og:url\" content=\"https:\/\/canal4nogoya.com\/web\/asumio-el-nuevo-sub-secretario-de-obras-y-servicios-publicos\/\" \/>\n\t\t<meta property=\"og:image\" content=\"https:\/\/canal4nogoya.com\/web\/wp-content\/uploads\/2026\/08\/1-1-1-1-1-1-a-Gob-N.jpeg\" \/>\n\t\t<meta property=\"og:image:secure_url\" content=\"https:\/\/canal4nogoya.com\/web\/wp-content\/uploads\/2026\/08\/1-1-1-1-1-1-a-Gob-N.jpeg\" \/>\n\t\t<meta property=\"og:image:width\" content=\"1080\" \/>\n\t\t<meta property=\"og:image:height\" content=\"903\" \/>\n\t\t<meta property=\"article:published_time\" content=\"2026-08-05T19:45:41+00:00\" \/>\n\t\t<meta property=\"article:modified_time\" content=\"2026-08-05T19:45:42+00:00\" \/>\n\t\t<meta name=\"twitter:card\" content=\"summary_large_image\" \/>\n\t\t<meta name=\"twitter:title\" content=\"Asumi\u00f3 el nuevo Sub Secretario de Obras y Servicios P\u00fablicos - Canal 4 Nogoy\u00e1\" \/>\n\t\t<meta name=\"twitter:description\" content=\"A trav\u00e9s de sus redes sociales, el Municipio de Nogoy\u00e1 inform\u00f3 que el presidente municipal Bernardo Schneider, recibi\u00f3 en su despacho al arquitecto Hugo Fern\u00e1ndez, flamante funcionario que ya comenz\u00f3 con sus actividades al frente de la Subsecretar\u00eda de Obras y Servicios P\u00fablicos. Adem\u00e1s, visitaron el Corral\u00f3n Municipal para que Fern\u00e1ndez conozca las instalaciones y\" \/>\n\t\t<meta name=\"twitter:image\" content=\"https:\/\/canal4nogoya.com\/web\/wp-content\/uploads\/2026\/08\/1-1-1-1-1-1-a-Gob-N.jpeg\" \/>\n\t\t<script type=\"application\/ld+json\" class=\"aioseo-schema\">\n\t\t\t{\"@context\":\"https:\\\/\\\/schema.org\",\"@graph\":[{\"@type\":\"BlogPosting\",\"@id\":\"https:\\\/\\\/canal4nogoya.com\\\/web\\\/asumio-el-nuevo-sub-secretario-de-obras-y-servicios-publicos\\\/#blogposting\",\"name\":\"Asumi\\u00f3 el nuevo Sub Secretario de Obras y Servicios P\\u00fablicos - Canal 4 Nogoy\\u00e1\",\"headline\":\"Asumi\\u00f3 el nuevo Sub Secretario de Obras y Servicios P\\u00fablicos\",\"author\":{\"@id\":\"https:\\\/\\\/canal4nogoya.com\\\/web\\\/author\\\/gonzalo\\\/#author\"},\"publisher\":{\"@id\":\"https:\\\/\\\/canal4nogoya.com\\\/web\\\/#organization\"},\"image\":{\"@type\":\"ImageObject\",\"url\":\"https:\\\/\\\/canal4nogoya.com\\\/web\\\/wp-content\\\/uploads\\\/2026\\\/08\\\/1-1-1-1-1-1-a-Gob-N.jpeg\",\"width\":1080,\"height\":903},\"datePublished\":\"2026-08-05T16:45:41-03:00\",\"dateModified\":\"2026-08-05T16:45:42-03:00\",\"inLanguage\":\"es-ES\",\"mainEntityOfPage\":{\"@id\":\"https:\\\/\\\/canal4nogoya.com\\\/web\\\/asumio-el-nuevo-sub-secretario-de-obras-y-servicios-publicos\\\/#webpage\"},\"isPartOf\":{\"@id\":\"https:\\\/\\\/canal4nogoya.com\\\/web\\\/asumio-el-nuevo-sub-secretario-de-obras-y-servicios-publicos\\\/#webpage\"},\"articleSection\":\"Locales\"},{\"@type\":\"BreadcrumbList\",\"@id\":\"https:\\\/\\\/canal4nogoya.com\\\/web\\\/asumio-el-nuevo-sub-secretario-de-obras-y-servicios-publicos\\\/#breadcrumblist\",\"itemListElement\":[{\"@type\":\"ListItem\",\"@id\":\"https:\\\/\\\/canal4nogoya.com\\\/web#listItem\",\"position\":1,\"name\":\"Home\",\"item\":\"https:\\\/\\\/canal4nogoya.com\\\/web\",\"nextItem\":{\"@type\":\"ListItem\",\"@id\":\"https:\\\/\\\/canal4nogoya.com\\\/web\\\/category\\\/locales\\\/#listItem\",\"name\":\"Locales\"}},{\"@type\":\"ListItem\",\"@id\":\"https:\\\/\\\/canal4nogoya.com\\\/web\\\/category\\\/locales\\\/#listItem\",\"position\":2,\"name\":\"Locales\",\"item\":\"https:\\\/\\\/canal4nogoya.com\\\/web\\\/category\\\/locales\\\/\",\"nextItem\":{\"@type\":\"ListItem\",\"@id\":\"https:\\\/\\\/canal4nogoya.com\\\/web\\\/asumio-el-nuevo-sub-secretario-de-obras-y-servicios-publicos\\\/#listItem\",\"name\":\"Asumi\\u00f3 el nuevo Sub Secretario de Obras y Servicios P\\u00fablicos\"},\"previousItem\":{\"@type\":\"ListItem\",\"@id\":\"https:\\\/\\\/canal4nogoya.com\\\/web#listItem\",\"name\":\"Home\"}},{\"@type\":\"ListItem\",\"@id\":\"https:\\\/\\\/canal4nogoya.com\\\/web\\\/asumio-el-nuevo-sub-secretario-de-obras-y-servicios-publicos\\\/#listItem\",\"position\":3,\"name\":\"Asumi\\u00f3 el nuevo Sub Secretario de Obras y Servicios P\\u00fablicos\",\"previousItem\":{\"@type\":\"ListItem\",\"@id\":\"https:\\\/\\\/canal4nogoya.com\\\/web\\\/category\\\/locales\\\/#listItem\",\"name\":\"Locales\"}}]},{\"@type\":\"Organization\",\"@id\":\"https:\\\/\\\/canal4nogoya.com\\\/web\\\/#organization\",\"name\":\"Canal 4 Nogoy\\u00e1\",\"description\":\"Nogoy\\u00e1 Televisora Color\",\"url\":\"https:\\\/\\\/canal4nogoya.com\\\/web\\\/\",\"logo\":{\"@type\":\"ImageObject\",\"url\":\"https:\\\/\\\/canal4nogoya.com\\\/web\\\/wp-content\\\/uploads\\\/2025\\\/04\\\/logos-fondo-blanco.jpg\",\"@id\":\"https:\\\/\\\/canal4nogoya.com\\\/web\\\/asumio-el-nuevo-sub-secretario-de-obras-y-servicios-publicos\\\/#organizationLogo\",\"width\":2353,\"height\":1080},\"image\":{\"@id\":\"https:\\\/\\\/canal4nogoya.com\\\/web\\\/asumio-el-nuevo-sub-secretario-de-obras-y-servicios-publicos\\\/#organizationLogo\"}},{\"@type\":\"Person\",\"@id\":\"https:\\\/\\\/canal4nogoya.com\\\/web\\\/author\\\/gonzalo\\\/#author\",\"url\":\"https:\\\/\\\/canal4nogoya.com\\\/web\\\/author\\\/gonzalo\\\/\",\"name\":\"Redacci\\u00f3n\",\"image\":{\"@type\":\"ImageObject\",\"@id\":\"https:\\\/\\\/canal4nogoya.com\\\/web\\\/asumio-el-nuevo-sub-secretario-de-obras-y-servicios-publicos\\\/#authorImage\",\"url\":\"https:\\\/\\\/canal4nogoya.com\\\/web\\\/wp-content\\\/litespeed\\\/avatar\\\/1df8586f31106921a2f6ae0d9530296b.jpg?ver=1787987515\",\"width\":96,\"height\":96,\"caption\":\"Redacci\\u00f3n\"}},{\"@type\":\"WebPage\",\"@id\":\"https:\\\/\\\/canal4nogoya.com\\\/web\\\/asumio-el-nuevo-sub-secretario-de-obras-y-servicios-publicos\\\/#webpage\",\"url\":\"https:\\\/\\\/canal4nogoya.com\\\/web\\\/asumio-el-nuevo-sub-secretario-de-obras-y-servicios-publicos\\\/\",\"name\":\"Asumi\\u00f3 el nuevo Sub Secretario de Obras y Servicios P\\u00fablicos - Canal 4 Nogoy\\u00e1\",\"description\":\"A trav\\u00e9s de sus redes sociales, el Municipio de Nogoy\\u00e1 inform\\u00f3 que el presidente municipal Bernardo Schneider, recibi\\u00f3 en su despacho al arquitecto Hugo Fern\\u00e1ndez, flamante funcionario que ya comenz\\u00f3 con sus actividades al frente de la Subsecretar\\u00eda de Obras y Servicios P\\u00fablicos. Adem\\u00e1s, visitaron el Corral\\u00f3n Municipal para que Fern\\u00e1ndez conozca las instalaciones y\",\"inLanguage\":\"es-ES\",\"isPartOf\":{\"@id\":\"https:\\\/\\\/canal4nogoya.com\\\/web\\\/#website\"},\"breadcrumb\":{\"@id\":\"https:\\\/\\\/canal4nogoya.com\\\/web\\\/asumio-el-nuevo-sub-secretario-de-obras-y-servicios-publicos\\\/#breadcrumblist\"},\"author\":{\"@id\":\"https:\\\/\\\/canal4nogoya.com\\\/web\\\/author\\\/gonzalo\\\/#author\"},\"creator\":{\"@id\":\"https:\\\/\\\/canal4nogoya.com\\\/web\\\/author\\\/gonzalo\\\/#author\"},\"image\":{\"@type\":\"ImageObject\",\"url\":\"https:\\\/\\\/canal4nogoya.com\\\/web\\\/wp-content\\\/uploads\\\/2026\\\/08\\\/1-1-1-1-1-1-a-Gob-N.jpeg\",\"@id\":\"https:\\\/\\\/canal4nogoya.com\\\/web\\\/asumio-el-nuevo-sub-secretario-de-obras-y-servicios-publicos\\\/#mainImage\",\"width\":1080,\"height\":903},\"primaryImageOfPage\":{\"@id\":\"https:\\\/\\\/canal4nogoya.com\\\/web\\\/asumio-el-nuevo-sub-secretario-de-obras-y-servicios-publicos\\\/#mainImage\"},\"datePublished\":\"2026-08-05T16:45:41-03:00\",\"dateModified\":\"2026-08-05T16:45:42-03:00\"},{\"@type\":\"WebSite\",\"@id\":\"https:\\\/\\\/canal4nogoya.com\\\/web\\\/#website\",\"url\":\"https:\\\/\\\/canal4nogoya.com\\\/web\\\/\",\"name\":\"Canal 4 Nogoy\\u00e1\",\"description\":\"Nogoy\\u00e1 Televisora Color\",\"inLanguage\":\"es-ES\",\"publisher\":{\"@id\":\"https:\\\/\\\/canal4nogoya.com\\\/web\\\/#organization\"}}]}\n\t\t<\/script>\n\t\t<!-- All in One SEO -->\n\n","aioseo_head_json":{"title":"Asumi\u00f3 el nuevo Sub Secretario de Obras y Servicios P\u00fablicos - Canal 4 Nogoy\u00e1","description":"A trav\u00e9s de sus redes sociales, el Municipio de Nogoy\u00e1 inform\u00f3 que el presidente municipal Bernardo Schneider, recibi\u00f3 en su despacho al arquitecto Hugo Fern\u00e1ndez, flamante funcionario que ya comenz\u00f3 con sus actividades al frente de la Subsecretar\u00eda de Obras y Servicios P\u00fablicos. Adem\u00e1s, visitaron el Corral\u00f3n Municipal para que Fern\u00e1ndez conozca las instalaciones y","canonical_url":"https:\/\/canal4nogoya.com\/web\/asumio-el-nuevo-sub-secretario-de-obras-y-servicios-publicos\/","robots":"max-image-preview:large","keywords":"","webmasterTools":{"miscellaneous":""},"schema":{"@context":"https:\/\/schema.org","@graph":[{"@type":"BlogPosting","@id":"https:\/\/canal4nogoya.com\/web\/asumio-el-nuevo-sub-secretario-de-obras-y-servicios-publicos\/#blogposting","name":"Asumi\u00f3 el nuevo Sub Secretario de Obras y Servicios P\u00fablicos - Canal 4 Nogoy\u00e1","headline":"Asumi\u00f3 el nuevo Sub Secretario de Obras y Servicios P\u00fablicos","author":{"@id":"https:\/\/canal4nogoya.com\/web\/author\/gonzalo\/#author"},"publisher":{"@id":"https:\/\/canal4nogoya.com\/web\/#organization"},"image":{"@type":"ImageObject","url":"https:\/\/canal4nogoya.com\/web\/wp-content\/uploads\/2026\/08\/1-1-1-1-1-1-a-Gob-N.jpeg","width":1080,"height":903},"datePublished":"2026-08-05T16:45:41-03:00","dateModified":"2026-08-05T16:45:42-03:00","inLanguage":"es-ES","mainEntityOfPage":{"@id":"https:\/\/canal4nogoya.com\/web\/asumio-el-nuevo-sub-secretario-de-obras-y-servicios-publicos\/#webpage"},"isPartOf":{"@id":"https:\/\/canal4nogoya.com\/web\/asumio-el-nuevo-sub-secretario-de-obras-y-servicios-publicos\/#webpage"},"articleSection":"Locales"},{"@type":"BreadcrumbList","@id":"https:\/\/canal4nogoya.com\/web\/asumio-el-nuevo-sub-secretario-de-obras-y-servicios-publicos\/#breadcrumblist","itemListElement":[{"@type":"ListItem","@id":"https:\/\/canal4nogoya.com\/web#listItem","position":1,"name":"Home","item":"https:\/\/canal4nogoya.com\/web","nextItem":{"@type":"ListItem","@id":"https:\/\/canal4nogoya.com\/web\/category\/locales\/#listItem","name":"Locales"}},{"@type":"ListItem","@id":"https:\/\/canal4nogoya.com\/web\/category\/locales\/#listItem","position":2,"name":"Locales","item":"https:\/\/canal4nogoya.com\/web\/category\/locales\/","nextItem":{"@type":"ListItem","@id":"https:\/\/canal4nogoya.com\/web\/asumio-el-nuevo-sub-secretario-de-obras-y-servicios-publicos\/#listItem","name":"Asumi\u00f3 el nuevo Sub Secretario de Obras y Servicios P\u00fablicos"},"previousItem":{"@type":"ListItem","@id":"https:\/\/canal4nogoya.com\/web#listItem","name":"Home"}},{"@type":"ListItem","@id":"https:\/\/canal4nogoya.com\/web\/asumio-el-nuevo-sub-secretario-de-obras-y-servicios-publicos\/#listItem","position":3,"name":"Asumi\u00f3 el nuevo Sub Secretario de Obras y Servicios P\u00fablicos","previousItem":{"@type":"ListItem","@id":"https:\/\/canal4nogoya.com\/web\/category\/locales\/#listItem","name":"Locales"}}]},{"@type":"Organization","@id":"https:\/\/canal4nogoya.com\/web\/#organization","name":"Canal 4 Nogoy\u00e1","description":"Nogoy\u00e1 Televisora Color","url":"https:\/\/canal4nogoya.com\/web\/","logo":{"@type":"ImageObject","url":"https:\/\/canal4nogoya.com\/web\/wp-content\/uploads\/2025\/04\/logos-fondo-blanco.jpg","@id":"https:\/\/canal4nogoya.com\/web\/asumio-el-nuevo-sub-secretario-de-obras-y-servicios-publicos\/#organizationLogo","width":2353,"height":1080},"image":{"@id":"https:\/\/canal4nogoya.com\/web\/asumio-el-nuevo-sub-secretario-de-obras-y-servicios-publicos\/#organizationLogo"}},{"@type":"Person","@id":"https:\/\/canal4nogoya.com\/web\/author\/gonzalo\/#author","url":"https:\/\/canal4nogoya.com\/web\/author\/gonzalo\/","name":"Redacci\u00f3n","image":{"@type":"ImageObject","@id":"https:\/\/canal4nogoya.com\/web\/asumio-el-nuevo-sub-secretario-de-obras-y-servicios-publicos\/#authorImage","url":"https:\/\/canal4nogoya.com\/web\/wp-content\/litespeed\/avatar\/1df8586f31106921a2f6ae0d9530296b.jpg?ver=1787987515","width":96,"height":96,"caption":"Redacci\u00f3n"}},{"@type":"WebPage","@id":"https:\/\/canal4nogoya.com\/web\/asumio-el-nuevo-sub-secretario-de-obras-y-servicios-publicos\/#webpage","url":"https:\/\/canal4nogoya.com\/web\/asumio-el-nuevo-sub-secretario-de-obras-y-servicios-publicos\/","name":"Asumi\u00f3 el nuevo Sub Secretario de Obras y Servicios P\u00fablicos - Canal 4 Nogoy\u00e1","description":"A trav\u00e9s de sus redes sociales, el Municipio de Nogoy\u00e1 inform\u00f3 que el presidente municipal Bernardo Schneider, recibi\u00f3 en su despacho al arquitecto Hugo Fern\u00e1ndez, flamante funcionario que ya comenz\u00f3 con sus actividades al frente de la Subsecretar\u00eda de Obras y Servicios P\u00fablicos. Adem\u00e1s, visitaron el Corral\u00f3n Municipal para que Fern\u00e1ndez conozca las instalaciones y","inLanguage":"es-ES","isPartOf":{"@id":"https:\/\/canal4nogoya.com\/web\/#website"},"breadcrumb":{"@id":"https:\/\/canal4nogoya.com\/web\/asumio-el-nuevo-sub-secretario-de-obras-y-servicios-publicos\/#breadcrumblist"},"author":{"@id":"https:\/\/canal4nogoya.com\/web\/author\/gonzalo\/#author"},"creator":{"@id":"https:\/\/canal4nogoya.com\/web\/author\/gonzalo\/#author"},"image":{"@type":"ImageObject","url":"https:\/\/canal4nogoya.com\/web\/wp-content\/uploads\/2026\/08\/1-1-1-1-1-1-a-Gob-N.jpeg","@id":"https:\/\/canal4nogoya.com\/web\/asumio-el-nuevo-sub-secretario-de-obras-y-servicios-publicos\/#mainImage","width":1080,"height":903},"primaryImageOfPage":{"@id":"https:\/\/canal4nogoya.com\/web\/asumio-el-nuevo-sub-secretario-de-obras-y-servicios-publicos\/#mainImage"},"datePublished":"2026-08-05T16:45:41-03:00","dateModified":"2026-08-05T16:45:42-03:00"},{"@type":"WebSite","@id":"https:\/\/canal4nogoya.com\/web\/#website","url":"https:\/\/canal4nogoya.com\/web\/","name":"Canal 4 Nogoy\u00e1","description":"Nogoy\u00e1 Televisora Color","inLanguage":"es-ES","publisher":{"@id":"https:\/\/canal4nogoya.com\/web\/#organization"}}]},"og:locale":"es_ES","og:site_name":"Canal 4 Nogoy\u00e1 - Nogoy\u00e1 Televisora Color","og:type":"article","og:title":"Asumi\u00f3 el nuevo Sub Secretario de Obras y Servicios P\u00fablicos - Canal 4 Nogoy\u00e1","og:description":"A trav\u00e9s de sus redes sociales, el Municipio de Nogoy\u00e1 inform\u00f3 que el presidente municipal Bernardo Schneider, recibi\u00f3 en su despacho al arquitecto Hugo Fern\u00e1ndez, flamante funcionario que ya comenz\u00f3 con sus actividades al frente de la Subsecretar\u00eda de Obras y Servicios P\u00fablicos. Adem\u00e1s, visitaron el Corral\u00f3n Municipal para que Fern\u00e1ndez conozca las instalaciones y","og:url":"https:\/\/canal4nogoya.com\/web\/asumio-el-nuevo-sub-secretario-de-obras-y-servicios-publicos\/","og:image":"https:\/\/canal4nogoya.com\/web\/wp-content\/uploads\/2026\/08\/1-1-1-1-1-1-a-Gob-N.jpeg","og:image:secure_url":"https:\/\/canal4nogoya.com\/web\/wp-content\/uploads\/2026\/08\/1-1-1-1-1-1-a-Gob-N.jpeg","og:image:width":1080,"og:image:height":903,"article:published_time":"2026-08-05T19:45:41+00:00","article:modified_time":"2026-08-05T19:45:42+00:00","twitter:card":"summary_large_image","twitter:title":"Asumi\u00f3 el nuevo Sub Secretario de Obras y Servicios P\u00fablicos - Canal 4 Nogoy\u00e1","twitter:description":"A trav\u00e9s de sus redes sociales, el Municipio de Nogoy\u00e1 inform\u00f3 que el presidente municipal Bernardo Schneider, recibi\u00f3 en su despacho al arquitecto Hugo Fern\u00e1ndez, flamante funcionario que ya comenz\u00f3 con sus actividades al frente de la Subsecretar\u00eda de Obras y Servicios P\u00fablicos. Adem\u00e1s, visitaron el Corral\u00f3n Municipal para que Fern\u00e1ndez conozca las instalaciones y","twitter:image":"https:\/\/canal4nogoya.com\/web\/wp-content\/uploads\/2026\/08\/1-1-1-1-1-1-a-Gob-N.jpeg"},"aioseo_meta_data":{"post_id":"4535","title":null,"description":null,"keywords":null,"keyphrases":{"focus":{"keyphrase":"","score":0,"analysis":{"keyphraseInTitle":{"score":0,"maxScore":9,"error":1}}},"additional":[]},"primary_term":null,"canonical_url":null,"og_title":null,"og_description":null,"og_object_type":"default","og_image_type":"default","og_image_url":null,"og_image_width":null,"og_image_height":null,"og_image_custom_url":null,"og_image_custom_fields":null,"og_video":"","og_custom_url":null,"og_article_section":null,"og_article_tags":null,"twitter_use_og":false,"twitter_card":"default","twitter_image_type":"default","twitter_image_url":null,"twitter_image_custom_url":null,"twitter_image_custom_fields":null,"twitter_title":null,"twitter_description":null,"schema":{"blockGraphs":[],"customGraphs":[],"default":{"data":{"Article":[],"Course":[],"Dataset":[],"FAQPage":[],"Movie":[],"Person":[],"Product":[],"ProductReview":[],"Car":[],"Recipe":[],"Service":[],"SoftwareApplication":[],"WebPage":[]},"graphName":"BlogPosting","isEnabled":true},"graphs":[]},"schema_type":"default","schema_type_options":null,"pillar_content":false,"robots_default":true,"robots_noindex":false,"robots_noarchive":false,"robots_nosnippet":false,"robots_nofollow":false,"robots_noimageindex":false,"robots_noodp":false,"robots_notranslate":false,"robots_max_snippet":"-1","robots_max_videopreview":"-1","robots_max_imagepreview":"large","priority":null,"frequency":"default","local_seo":null,"breadcrumb_settings":null,"limit_modified_date":false,"ai":{"faqs":[],"keyPoints":[],"schemas":[],"titles":[],"descriptions":[],"socialPosts":{"email":{"subject":"","preview":"","content":""},"linkedin":[],"twitter":[],"facebook":[],"instagram":[]}},"created":"2026-08-05 19:45:42","updated":"2026-08-05 21:25:16","seo_analyzer_scan_date":null,"focus_keyword":null,"additional_keywords":null,"truseo_locale":null},"aioseo_breadcrumb":"<div class=\"aioseo-breadcrumbs\"><span class=\"aioseo-breadcrumb\">\n\t\t\t<a href=\"https:\/\/canal4nogoya.com\/web\" title=\"Home\">Home<\/a>\n\t\t<\/span><span class=\"aioseo-breadcrumb-separator\">&raquo;<\/span><span class=\"aioseo-breadcrumb\">\n\t\t\t<a href=\"https:\/\/canal4nogoya.com\/web\/category\/locales\/\" title=\"Locales\">Locales<\/a>\n\t\t<\/span><span class=\"aioseo-breadcrumb-separator\">&raquo;<\/span><span class=\"aioseo-breadcrumb\">\n\t\t\tAsumi\u00f3 el nuevo Sub Secretario de Obras y Servicios P\u00fablicos\n\t\t<\/span><\/div>","aioseo_breadcrumb_json":[{"label":"Home","link":"https:\/\/canal4nogoya.com\/web"},{"label":"Locales","link":"https:\/\/canal4nogoya.com\/web\/category\/locales\/"},{"label":"Asumi\u00f3 el nuevo Sub Secretario de Obras y Servicios P\u00fablicos","link":"https:\/\/canal4nogoya.com\/web\/asumio-el-nuevo-sub-secretario-de-obras-y-servicios-publicos\/"}],"jetpack_featured_media_url":"https:\/\/canal4nogoya.com\/web\/wp-content\/uploads\/2026\/08\/1-1-1-1-1-1-a-Gob-N.jpeg","_links":{"self":[{"href":"https:\/\/canal4nogoya.com\/web\/wp-json\/wp\/v2\/posts\/4535","targetHints":{"allow":["GET"]}}],"collection":[{"href":"https:\/\/canal4nogoya.com\/web\/wp-json\/wp\/v2\/posts"}],"about":[{"href":"https:\/\/canal4nogoya.com\/web\/wp-json\/wp\/v2\/types\/post"}],"author":[{"embeddable":true,"href":"https:\/\/canal4nogoya.com\/web\/wp-json\/wp\/v2\/users\/3"}],"replies":[{"embeddable":true,"href":"https:\/\/canal4nogoya.com\/web\/wp-json\/wp\/v2\/comments?post=4535"}],"version-history":[{"count":1,"href":"https:\/\/canal4nogoya.com\/web\/wp-json\/wp\/v2\/posts\/4535\/revisions"}],"predecessor-version":[{"id":4537,"href":"https:\/\/canal4nogoya.com\/web\/wp-json\/wp\/v2\/posts\/4535\/revisions\/4537"}],"wp:featuredmedia":[{"embeddable":true,"href":"https:\/\/canal4nogoya.com\/web\/wp-json\/wp\/v2\/media\/4536"}],"wp:attachment":[{"href":"https:\/\/canal4nogoya.com\/web\/wp-json\/wp\/v2\/media?parent=4535"}],"wp:term":[{"taxonomy":"category","embeddable":true,"href":"https:\/\/canal4nogoya.com\/web\/wp-json\/wp\/v2\/categories?post=4535"},{"taxonomy":"post_tag","embeddable":true,"href":"https:\/\/canal4nogoya.com\/web\/wp-json\/wp\/v2\/tags?post=4535"}],"curies":[{"name":"wp","href":"https:\/\/api.w.org\/{rel}","templated":true}]}}