{"id":4554,"date":"2026-08-07T17:28:34","date_gmt":"2026-08-07T20:28:34","guid":{"rendered":"https:\/\/canal4nogoya.com\/web\/?p=4554"},"modified":"2026-08-07T17:28:36","modified_gmt":"2026-08-07T20:28:36","slug":"activaron-el-protocolo-en-la-escuela-normal-de-victoria-por-tuberculosis","status":"publish","type":"post","link":"https:\/\/canal4nogoya.com\/web\/activaron-el-protocolo-en-la-escuela-normal-de-victoria-por-tuberculosis\/","title":{"rendered":"Activaron el protocolo en la Escuela Normal de Victoria por tuberculosis"},"content":{"rendered":"\n<p class=\"wp-block-paragraph\"><\/p>\n\n\n\n<p class=\"wp-block-paragraph\">Un&nbsp;<strong>alumno de la Escuela Normal de Victoria fue diagnosticado con tuberculosis<\/strong>&nbsp;y, tras confirmarse el caso este jueves, las autoridades sanitarias activaron el protocolo correspondiente.<\/p>\n\n\n\n<p class=\"wp-block-paragraph\"><\/p>\n\n\n\n<p class=\"wp-block-paragraph\"><strong>Seg\u00fan pudo confirmar&nbsp;<em>AHORA<\/em>, sus compa\u00f1eros ser\u00e1n sometidos a los estudios previstos para estos casos como parte del seguimiento de los contactos estrechos<\/strong>, mientras que este viernes las clases se desarrollaron con normalidad en la instituci\u00f3n.<\/p>\n\n\n\n<p class=\"wp-block-paragraph\"><\/p>\n\n\n\n<p class=\"wp-block-paragraph\">Ante la situaci\u00f3n, el Hospital Dr. Ferm\u00edn Salaberry inform\u00f3 que puso en marcha todas las acciones previstas por los protocolos sanitarios vigentes, en coordinaci\u00f3n con las autoridades de salud.<\/p>\n\n\n\n<p class=\"wp-block-paragraph\"><\/p>\n\n\n\n<p class=\"wp-block-paragraph\">Desde la confirmaci\u00f3n del diagn\u00f3stico se inici\u00f3 la investigaci\u00f3n epidemiol\u00f3gica para identificar a las personas consideradas contactos estrechos del estudiante, quienes ser\u00e1n evaluadas de manera programada de acuerdo con las recomendaciones del Programa Nacional de Control de la Tuberculosis.<\/p>\n\n\n\n<p class=\"wp-block-paragraph\"><\/p>\n\n\n\n<p class=\"wp-block-paragraph\">El hospital precis\u00f3 que personal de salud comenz\u00f3 a comunicarse telef\u00f3nicamente con cada uno de los contactos estrechos para coordinar los estudios correspondientes y brindarles toda la informaci\u00f3n necesaria sobre el proceso de evaluaci\u00f3n.<\/p>\n\n\n\n<p class=\"wp-block-paragraph\"><\/p>\n\n\n\n<p class=\"wp-block-paragraph\">Las autoridades sanitarias aclararon que&nbsp;<strong>la evaluaci\u00f3n de los contactos no constituye una urgencia m\u00e9dica<\/strong>&nbsp;y que quienes hayan sido identificados como contactos estrechos&nbsp;<strong>pueden continuar con sus actividades habituales<\/strong>, incluyendo las escolares, laborales y sociales, siempre que no presenten s\u00edntomas respiratorios. En caso de desarrollar s\u00edntomas, deber\u00e1n consultar oportunamente al sistema de salud.<\/p>\n\n\n\n<p class=\"wp-block-paragraph\"><\/p>\n\n\n\n<p class=\"wp-block-paragraph\">Desde el Hospital Ferm\u00edn Salaberry tambi\u00e9n remarcaron que&nbsp;<strong>la tuberculosis es una enfermedad prevenible, tratable y curable<\/strong>. Explicaron que la transmisi\u00f3n se produce por v\u00eda a\u00e9rea luego de un contacto estrecho y prolongado con una persona que presenta tuberculosis pulmonar transmisible.<\/p>\n\n\n\n<p class=\"wp-block-paragraph\"><\/p>\n\n\n\n<p class=\"wp-block-paragraph\">Asimismo, se\u00f1alaron que&nbsp;<strong>la enfermedad no se transmite por compartir \u00fatiles escolares, alimentos, agua, ropa, objetos o superficies<\/strong>, por lo que no es necesario realizar fumigaciones, desinfecciones especiales ni suspender las actividades. Como medida general, recomendaron mantener una adecuada ventilaci\u00f3n de los ambientes y continuar con las tareas habituales de limpieza.<\/p>\n\n\n\n<p class=\"wp-block-paragraph\"><\/p>\n\n\n\n<p class=\"wp-block-paragraph\">Finalmente, el hospital pidi\u00f3 a la comunidad mantener la tranquilidad, informarse \u00fanicamente por los canales oficiales y respetar la confidencialidad de las personas involucradas.<\/p>\n\n\n\n<p class=\"wp-block-paragraph\"><\/p>\n\n\n\n<p class=\"wp-block-paragraph\"><\/p>\n\n\n\n<p class=\"wp-block-paragraph\">Fuente: Ahora<\/p>\n","protected":false},"excerpt":{"rendered":"<p>Un&nbsp;alumno de la Escuela Normal de Victoria fue diagnosticado con tuberculosis&nbsp;y, tras confirmarse el caso este jueves, las autoridades sanitarias activaron el protocolo correspondiente. Seg\u00fan pudo confirmar&nbsp;AHORA, sus compa\u00f1eros ser\u00e1n sometidos a los estudios previstos para estos casos como parte del seguimiento de los contactos estrechos, mientras que este viernes las clases se desarrollaron con&#8230;<\/p>\n","protected":false},"author":3,"featured_media":4555,"comment_status":"open","ping_status":"closed","sticky":false,"template":"","format":"standard","meta":{"_monsterinsights_skip_tracking":false,"footnotes":""},"categories":[10],"tags":[],"class_list":["post-4554","post","type-post","status-publish","format-standard","has-post-thumbnail","hentry","category-provinciales"],"aioseo_notices":[],"aioseo_head":"\n\t\t<!-- All in One SEO 5.0.1.1 - aioseo.com -->\n\t<meta name=\"description\" content=\"Un alumno de la Escuela Normal de Victoria fue diagnosticado con tuberculosis y, tras confirmarse el caso este jueves, las autoridades sanitarias activaron el protocolo correspondiente. Seg\u00fan pudo confirmar AHORA, sus compa\u00f1eros ser\u00e1n sometidos a los estudios previstos para estos casos como parte del seguimiento de los contactos estrechos, mientras que este viernes las clases se desarrollaron con\" \/>\n\t<meta name=\"robots\" content=\"max-image-preview:large\" \/>\n\t<meta name=\"author\" content=\"Redacci\u00f3n\"\/>\n\t<link rel=\"canonical\" href=\"https:\/\/canal4nogoya.com\/web\/activaron-el-protocolo-en-la-escuela-normal-de-victoria-por-tuberculosis\/\" \/>\n\t<meta name=\"generator\" content=\"All in One SEO (AIOSEO) 5.0.1.1\" \/>\n\t\t<meta property=\"og:locale\" content=\"es_ES\" \/>\n\t\t<meta property=\"og:site_name\" content=\"Canal 4 Nogoy\u00e1 - Nogoy\u00e1 Televisora Color\" \/>\n\t\t<meta property=\"og:type\" content=\"article\" \/>\n\t\t<meta property=\"og:title\" content=\"Activaron el protocolo en la Escuela Normal de Victoria por tuberculosis - Canal 4 Nogoy\u00e1\" \/>\n\t\t<meta property=\"og:description\" content=\"Un alumno de la Escuela Normal de Victoria fue diagnosticado con tuberculosis y, tras confirmarse el caso este jueves, las autoridades sanitarias activaron el protocolo correspondiente. Seg\u00fan pudo confirmar AHORA, sus compa\u00f1eros ser\u00e1n sometidos a los estudios previstos para estos casos como parte del seguimiento de los contactos estrechos, mientras que este viernes las clases se desarrollaron con\" \/>\n\t\t<meta property=\"og:url\" content=\"https:\/\/canal4nogoya.com\/web\/activaron-el-protocolo-en-la-escuela-normal-de-victoria-por-tuberculosis\/\" \/>\n\t\t<meta property=\"og:image\" content=\"https:\/\/canal4nogoya.com\/web\/wp-content\/uploads\/2026\/08\/1-1-1-1-1-1-a-ESN.webp\" \/>\n\t\t<meta property=\"og:image:secure_url\" content=\"https:\/\/canal4nogoya.com\/web\/wp-content\/uploads\/2026\/08\/1-1-1-1-1-1-a-ESN.webp\" \/>\n\t\t<meta property=\"og:image:width\" content=\"900\" \/>\n\t\t<meta property=\"og:image:height\" content=\"507\" \/>\n\t\t<meta property=\"article:published_time\" content=\"2026-08-07T20:28:34+00:00\" \/>\n\t\t<meta property=\"article:modified_time\" content=\"2026-08-07T20:28:36+00:00\" \/>\n\t\t<meta name=\"twitter:card\" content=\"summary_large_image\" \/>\n\t\t<meta name=\"twitter:title\" content=\"Activaron el protocolo en la Escuela Normal de Victoria por tuberculosis - Canal 4 Nogoy\u00e1\" \/>\n\t\t<meta name=\"twitter:description\" content=\"Un alumno de la Escuela Normal de Victoria fue diagnosticado con tuberculosis y, tras confirmarse el caso este jueves, las autoridades sanitarias activaron el protocolo correspondiente. Seg\u00fan pudo confirmar AHORA, sus compa\u00f1eros ser\u00e1n sometidos a los estudios previstos para estos casos como parte del seguimiento de los contactos estrechos, mientras que este viernes las clases se desarrollaron con\" \/>\n\t\t<meta name=\"twitter:image\" content=\"https:\/\/canal4nogoya.com\/web\/wp-content\/uploads\/2026\/08\/1-1-1-1-1-1-a-ESN.webp\" \/>\n\t\t<script type=\"application\/ld+json\" class=\"aioseo-schema\">\n\t\t\t{\"@context\":\"https:\\\/\\\/schema.org\",\"@graph\":[{\"@type\":\"BlogPosting\",\"@id\":\"https:\\\/\\\/canal4nogoya.com\\\/web\\\/activaron-el-protocolo-en-la-escuela-normal-de-victoria-por-tuberculosis\\\/#blogposting\",\"name\":\"Activaron el protocolo en la Escuela Normal de Victoria por tuberculosis - Canal 4 Nogoy\\u00e1\",\"headline\":\"Activaron el protocolo en la Escuela Normal de Victoria por tuberculosis\",\"author\":{\"@id\":\"https:\\\/\\\/canal4nogoya.com\\\/web\\\/author\\\/gonzalo\\\/#author\"},\"publisher\":{\"@id\":\"https:\\\/\\\/canal4nogoya.com\\\/web\\\/#organization\"},\"image\":{\"@type\":\"ImageObject\",\"url\":\"https:\\\/\\\/canal4nogoya.com\\\/web\\\/wp-content\\\/uploads\\\/2026\\\/08\\\/1-1-1-1-1-1-a-ESN.webp\",\"width\":900,\"height\":507},\"datePublished\":\"2026-08-07T17:28:34-03:00\",\"dateModified\":\"2026-08-07T17:28:36-03:00\",\"inLanguage\":\"es-ES\",\"mainEntityOfPage\":{\"@id\":\"https:\\\/\\\/canal4nogoya.com\\\/web\\\/activaron-el-protocolo-en-la-escuela-normal-de-victoria-por-tuberculosis\\\/#webpage\"},\"isPartOf\":{\"@id\":\"https:\\\/\\\/canal4nogoya.com\\\/web\\\/activaron-el-protocolo-en-la-escuela-normal-de-victoria-por-tuberculosis\\\/#webpage\"},\"articleSection\":\"Provinciales\"},{\"@type\":\"BreadcrumbList\",\"@id\":\"https:\\\/\\\/canal4nogoya.com\\\/web\\\/activaron-el-protocolo-en-la-escuela-normal-de-victoria-por-tuberculosis\\\/#breadcrumblist\",\"itemListElement\":[{\"@type\":\"ListItem\",\"@id\":\"https:\\\/\\\/canal4nogoya.com\\\/web#listItem\",\"position\":1,\"name\":\"Home\",\"item\":\"https:\\\/\\\/canal4nogoya.com\\\/web\",\"nextItem\":{\"@type\":\"ListItem\",\"@id\":\"https:\\\/\\\/canal4nogoya.com\\\/web\\\/category\\\/provinciales\\\/#listItem\",\"name\":\"Provinciales\"}},{\"@type\":\"ListItem\",\"@id\":\"https:\\\/\\\/canal4nogoya.com\\\/web\\\/category\\\/provinciales\\\/#listItem\",\"position\":2,\"name\":\"Provinciales\",\"item\":\"https:\\\/\\\/canal4nogoya.com\\\/web\\\/category\\\/provinciales\\\/\",\"nextItem\":{\"@type\":\"ListItem\",\"@id\":\"https:\\\/\\\/canal4nogoya.com\\\/web\\\/activaron-el-protocolo-en-la-escuela-normal-de-victoria-por-tuberculosis\\\/#listItem\",\"name\":\"Activaron el protocolo en la Escuela Normal de Victoria por tuberculosis\"},\"previousItem\":{\"@type\":\"ListItem\",\"@id\":\"https:\\\/\\\/canal4nogoya.com\\\/web#listItem\",\"name\":\"Home\"}},{\"@type\":\"ListItem\",\"@id\":\"https:\\\/\\\/canal4nogoya.com\\\/web\\\/activaron-el-protocolo-en-la-escuela-normal-de-victoria-por-tuberculosis\\\/#listItem\",\"position\":3,\"name\":\"Activaron el protocolo en la Escuela Normal de Victoria por tuberculosis\",\"previousItem\":{\"@type\":\"ListItem\",\"@id\":\"https:\\\/\\\/canal4nogoya.com\\\/web\\\/category\\\/provinciales\\\/#listItem\",\"name\":\"Provinciales\"}}]},{\"@type\":\"Organization\",\"@id\":\"https:\\\/\\\/canal4nogoya.com\\\/web\\\/#organization\",\"name\":\"Canal 4 Nogoy\\u00e1\",\"description\":\"Nogoy\\u00e1 Televisora Color\",\"url\":\"https:\\\/\\\/canal4nogoya.com\\\/web\\\/\",\"logo\":{\"@type\":\"ImageObject\",\"url\":\"https:\\\/\\\/canal4nogoya.com\\\/web\\\/wp-content\\\/uploads\\\/2025\\\/04\\\/logos-fondo-blanco.jpg\",\"@id\":\"https:\\\/\\\/canal4nogoya.com\\\/web\\\/activaron-el-protocolo-en-la-escuela-normal-de-victoria-por-tuberculosis\\\/#organizationLogo\",\"width\":2353,\"height\":1080},\"image\":{\"@id\":\"https:\\\/\\\/canal4nogoya.com\\\/web\\\/activaron-el-protocolo-en-la-escuela-normal-de-victoria-por-tuberculosis\\\/#organizationLogo\"}},{\"@type\":\"Person\",\"@id\":\"https:\\\/\\\/canal4nogoya.com\\\/web\\\/author\\\/gonzalo\\\/#author\",\"url\":\"https:\\\/\\\/canal4nogoya.com\\\/web\\\/author\\\/gonzalo\\\/\",\"name\":\"Redacci\\u00f3n\",\"image\":{\"@type\":\"ImageObject\",\"@id\":\"https:\\\/\\\/canal4nogoya.com\\\/web\\\/activaron-el-protocolo-en-la-escuela-normal-de-victoria-por-tuberculosis\\\/#authorImage\",\"url\":\"https:\\\/\\\/canal4nogoya.com\\\/web\\\/wp-content\\\/litespeed\\\/avatar\\\/1df8586f31106921a2f6ae0d9530296b.jpg?ver=1787987515\",\"width\":96,\"height\":96,\"caption\":\"Redacci\\u00f3n\"}},{\"@type\":\"WebPage\",\"@id\":\"https:\\\/\\\/canal4nogoya.com\\\/web\\\/activaron-el-protocolo-en-la-escuela-normal-de-victoria-por-tuberculosis\\\/#webpage\",\"url\":\"https:\\\/\\\/canal4nogoya.com\\\/web\\\/activaron-el-protocolo-en-la-escuela-normal-de-victoria-por-tuberculosis\\\/\",\"name\":\"Activaron el protocolo en la Escuela Normal de Victoria por tuberculosis - Canal 4 Nogoy\\u00e1\",\"description\":\"Un alumno de la Escuela Normal de Victoria fue diagnosticado con tuberculosis y, tras confirmarse el caso este jueves, las autoridades sanitarias activaron el protocolo correspondiente. Seg\\u00fan pudo confirmar AHORA, sus compa\\u00f1eros ser\\u00e1n sometidos a los estudios previstos para estos casos como parte del seguimiento de los contactos estrechos, mientras que este viernes las clases se desarrollaron con\",\"inLanguage\":\"es-ES\",\"isPartOf\":{\"@id\":\"https:\\\/\\\/canal4nogoya.com\\\/web\\\/#website\"},\"breadcrumb\":{\"@id\":\"https:\\\/\\\/canal4nogoya.com\\\/web\\\/activaron-el-protocolo-en-la-escuela-normal-de-victoria-por-tuberculosis\\\/#breadcrumblist\"},\"author\":{\"@id\":\"https:\\\/\\\/canal4nogoya.com\\\/web\\\/author\\\/gonzalo\\\/#author\"},\"creator\":{\"@id\":\"https:\\\/\\\/canal4nogoya.com\\\/web\\\/author\\\/gonzalo\\\/#author\"},\"image\":{\"@type\":\"ImageObject\",\"url\":\"https:\\\/\\\/canal4nogoya.com\\\/web\\\/wp-content\\\/uploads\\\/2026\\\/08\\\/1-1-1-1-1-1-a-ESN.webp\",\"@id\":\"https:\\\/\\\/canal4nogoya.com\\\/web\\\/activaron-el-protocolo-en-la-escuela-normal-de-victoria-por-tuberculosis\\\/#mainImage\",\"width\":900,\"height\":507},\"primaryImageOfPage\":{\"@id\":\"https:\\\/\\\/canal4nogoya.com\\\/web\\\/activaron-el-protocolo-en-la-escuela-normal-de-victoria-por-tuberculosis\\\/#mainImage\"},\"datePublished\":\"2026-08-07T17:28:34-03:00\",\"dateModified\":\"2026-08-07T17:28:36-03:00\"},{\"@type\":\"WebSite\",\"@id\":\"https:\\\/\\\/canal4nogoya.com\\\/web\\\/#website\",\"url\":\"https:\\\/\\\/canal4nogoya.com\\\/web\\\/\",\"name\":\"Canal 4 Nogoy\\u00e1\",\"description\":\"Nogoy\\u00e1 Televisora Color\",\"inLanguage\":\"es-ES\",\"publisher\":{\"@id\":\"https:\\\/\\\/canal4nogoya.com\\\/web\\\/#organization\"}}]}\n\t\t<\/script>\n\t\t<!-- All in One SEO -->\n\n","aioseo_head_json":{"title":"Activaron el protocolo en la Escuela Normal de Victoria por tuberculosis - Canal 4 Nogoy\u00e1","description":"Un alumno de la Escuela Normal de Victoria fue diagnosticado con tuberculosis y, tras confirmarse el caso este jueves, las autoridades sanitarias activaron el protocolo correspondiente. Seg\u00fan pudo confirmar AHORA, sus compa\u00f1eros ser\u00e1n sometidos a los estudios previstos para estos casos como parte del seguimiento de los contactos estrechos, mientras que este viernes las clases se desarrollaron con","canonical_url":"https:\/\/canal4nogoya.com\/web\/activaron-el-protocolo-en-la-escuela-normal-de-victoria-por-tuberculosis\/","robots":"max-image-preview:large","keywords":"","webmasterTools":{"miscellaneous":""},"schema":{"@context":"https:\/\/schema.org","@graph":[{"@type":"BlogPosting","@id":"https:\/\/canal4nogoya.com\/web\/activaron-el-protocolo-en-la-escuela-normal-de-victoria-por-tuberculosis\/#blogposting","name":"Activaron el protocolo en la Escuela Normal de Victoria por tuberculosis - Canal 4 Nogoy\u00e1","headline":"Activaron el protocolo en la Escuela Normal de Victoria por tuberculosis","author":{"@id":"https:\/\/canal4nogoya.com\/web\/author\/gonzalo\/#author"},"publisher":{"@id":"https:\/\/canal4nogoya.com\/web\/#organization"},"image":{"@type":"ImageObject","url":"https:\/\/canal4nogoya.com\/web\/wp-content\/uploads\/2026\/08\/1-1-1-1-1-1-a-ESN.webp","width":900,"height":507},"datePublished":"2026-08-07T17:28:34-03:00","dateModified":"2026-08-07T17:28:36-03:00","inLanguage":"es-ES","mainEntityOfPage":{"@id":"https:\/\/canal4nogoya.com\/web\/activaron-el-protocolo-en-la-escuela-normal-de-victoria-por-tuberculosis\/#webpage"},"isPartOf":{"@id":"https:\/\/canal4nogoya.com\/web\/activaron-el-protocolo-en-la-escuela-normal-de-victoria-por-tuberculosis\/#webpage"},"articleSection":"Provinciales"},{"@type":"BreadcrumbList","@id":"https:\/\/canal4nogoya.com\/web\/activaron-el-protocolo-en-la-escuela-normal-de-victoria-por-tuberculosis\/#breadcrumblist","itemListElement":[{"@type":"ListItem","@id":"https:\/\/canal4nogoya.com\/web#listItem","position":1,"name":"Home","item":"https:\/\/canal4nogoya.com\/web","nextItem":{"@type":"ListItem","@id":"https:\/\/canal4nogoya.com\/web\/category\/provinciales\/#listItem","name":"Provinciales"}},{"@type":"ListItem","@id":"https:\/\/canal4nogoya.com\/web\/category\/provinciales\/#listItem","position":2,"name":"Provinciales","item":"https:\/\/canal4nogoya.com\/web\/category\/provinciales\/","nextItem":{"@type":"ListItem","@id":"https:\/\/canal4nogoya.com\/web\/activaron-el-protocolo-en-la-escuela-normal-de-victoria-por-tuberculosis\/#listItem","name":"Activaron el protocolo en la Escuela Normal de Victoria por tuberculosis"},"previousItem":{"@type":"ListItem","@id":"https:\/\/canal4nogoya.com\/web#listItem","name":"Home"}},{"@type":"ListItem","@id":"https:\/\/canal4nogoya.com\/web\/activaron-el-protocolo-en-la-escuela-normal-de-victoria-por-tuberculosis\/#listItem","position":3,"name":"Activaron el protocolo en la Escuela Normal de Victoria por tuberculosis","previousItem":{"@type":"ListItem","@id":"https:\/\/canal4nogoya.com\/web\/category\/provinciales\/#listItem","name":"Provinciales"}}]},{"@type":"Organization","@id":"https:\/\/canal4nogoya.com\/web\/#organization","name":"Canal 4 Nogoy\u00e1","description":"Nogoy\u00e1 Televisora Color","url":"https:\/\/canal4nogoya.com\/web\/","logo":{"@type":"ImageObject","url":"https:\/\/canal4nogoya.com\/web\/wp-content\/uploads\/2025\/04\/logos-fondo-blanco.jpg","@id":"https:\/\/canal4nogoya.com\/web\/activaron-el-protocolo-en-la-escuela-normal-de-victoria-por-tuberculosis\/#organizationLogo","width":2353,"height":1080},"image":{"@id":"https:\/\/canal4nogoya.com\/web\/activaron-el-protocolo-en-la-escuela-normal-de-victoria-por-tuberculosis\/#organizationLogo"}},{"@type":"Person","@id":"https:\/\/canal4nogoya.com\/web\/author\/gonzalo\/#author","url":"https:\/\/canal4nogoya.com\/web\/author\/gonzalo\/","name":"Redacci\u00f3n","image":{"@type":"ImageObject","@id":"https:\/\/canal4nogoya.com\/web\/activaron-el-protocolo-en-la-escuela-normal-de-victoria-por-tuberculosis\/#authorImage","url":"https:\/\/canal4nogoya.com\/web\/wp-content\/litespeed\/avatar\/1df8586f31106921a2f6ae0d9530296b.jpg?ver=1787987515","width":96,"height":96,"caption":"Redacci\u00f3n"}},{"@type":"WebPage","@id":"https:\/\/canal4nogoya.com\/web\/activaron-el-protocolo-en-la-escuela-normal-de-victoria-por-tuberculosis\/#webpage","url":"https:\/\/canal4nogoya.com\/web\/activaron-el-protocolo-en-la-escuela-normal-de-victoria-por-tuberculosis\/","name":"Activaron el protocolo en la Escuela Normal de Victoria por tuberculosis - Canal 4 Nogoy\u00e1","description":"Un alumno de la Escuela Normal de Victoria fue diagnosticado con tuberculosis y, tras confirmarse el caso este jueves, las autoridades sanitarias activaron el protocolo correspondiente. Seg\u00fan pudo confirmar AHORA, sus compa\u00f1eros ser\u00e1n sometidos a los estudios previstos para estos casos como parte del seguimiento de los contactos estrechos, mientras que este viernes las clases se desarrollaron con","inLanguage":"es-ES","isPartOf":{"@id":"https:\/\/canal4nogoya.com\/web\/#website"},"breadcrumb":{"@id":"https:\/\/canal4nogoya.com\/web\/activaron-el-protocolo-en-la-escuela-normal-de-victoria-por-tuberculosis\/#breadcrumblist"},"author":{"@id":"https:\/\/canal4nogoya.com\/web\/author\/gonzalo\/#author"},"creator":{"@id":"https:\/\/canal4nogoya.com\/web\/author\/gonzalo\/#author"},"image":{"@type":"ImageObject","url":"https:\/\/canal4nogoya.com\/web\/wp-content\/uploads\/2026\/08\/1-1-1-1-1-1-a-ESN.webp","@id":"https:\/\/canal4nogoya.com\/web\/activaron-el-protocolo-en-la-escuela-normal-de-victoria-por-tuberculosis\/#mainImage","width":900,"height":507},"primaryImageOfPage":{"@id":"https:\/\/canal4nogoya.com\/web\/activaron-el-protocolo-en-la-escuela-normal-de-victoria-por-tuberculosis\/#mainImage"},"datePublished":"2026-08-07T17:28:34-03:00","dateModified":"2026-08-07T17:28:36-03:00"},{"@type":"WebSite","@id":"https:\/\/canal4nogoya.com\/web\/#website","url":"https:\/\/canal4nogoya.com\/web\/","name":"Canal 4 Nogoy\u00e1","description":"Nogoy\u00e1 Televisora Color","inLanguage":"es-ES","publisher":{"@id":"https:\/\/canal4nogoya.com\/web\/#organization"}}]},"og:locale":"es_ES","og:site_name":"Canal 4 Nogoy\u00e1 - Nogoy\u00e1 Televisora Color","og:type":"article","og:title":"Activaron el protocolo en la Escuela Normal de Victoria por tuberculosis - Canal 4 Nogoy\u00e1","og:description":"Un alumno de la Escuela Normal de Victoria fue diagnosticado con tuberculosis y, tras confirmarse el caso este jueves, las autoridades sanitarias activaron el protocolo correspondiente. Seg\u00fan pudo confirmar AHORA, sus compa\u00f1eros ser\u00e1n sometidos a los estudios previstos para estos casos como parte del seguimiento de los contactos estrechos, mientras que este viernes las clases se desarrollaron con","og:url":"https:\/\/canal4nogoya.com\/web\/activaron-el-protocolo-en-la-escuela-normal-de-victoria-por-tuberculosis\/","og:image":"https:\/\/canal4nogoya.com\/web\/wp-content\/uploads\/2026\/08\/1-1-1-1-1-1-a-ESN.webp","og:image:secure_url":"https:\/\/canal4nogoya.com\/web\/wp-content\/uploads\/2026\/08\/1-1-1-1-1-1-a-ESN.webp","og:image:width":900,"og:image:height":507,"article:published_time":"2026-08-07T20:28:34+00:00","article:modified_time":"2026-08-07T20:28:36+00:00","twitter:card":"summary_large_image","twitter:title":"Activaron el protocolo en la Escuela Normal de Victoria por tuberculosis - Canal 4 Nogoy\u00e1","twitter:description":"Un alumno de la Escuela Normal de Victoria fue diagnosticado con tuberculosis y, tras confirmarse el caso este jueves, las autoridades sanitarias activaron el protocolo correspondiente. Seg\u00fan pudo confirmar AHORA, sus compa\u00f1eros ser\u00e1n sometidos a los estudios previstos para estos casos como parte del seguimiento de los contactos estrechos, mientras que este viernes las clases se desarrollaron con","twitter:image":"https:\/\/canal4nogoya.com\/web\/wp-content\/uploads\/2026\/08\/1-1-1-1-1-1-a-ESN.webp"},"aioseo_meta_data":{"post_id":"4554","title":null,"description":null,"keywords":null,"keyphrases":{"focus":{"keyphrase":"","score":0,"analysis":{"keyphraseInTitle":{"score":0,"maxScore":9,"error":1}}},"additional":[]},"primary_term":null,"canonical_url":null,"og_title":null,"og_description":null,"og_object_type":"default","og_image_type":"default","og_image_url":null,"og_image_width":null,"og_image_height":null,"og_image_custom_url":null,"og_image_custom_fields":null,"og_video":"","og_custom_url":null,"og_article_section":null,"og_article_tags":null,"twitter_use_og":false,"twitter_card":"default","twitter_image_type":"default","twitter_image_url":null,"twitter_image_custom_url":null,"twitter_image_custom_fields":null,"twitter_title":null,"twitter_description":null,"schema":{"blockGraphs":[],"customGraphs":[],"default":{"data":{"Article":[],"Course":[],"Dataset":[],"FAQPage":[],"Movie":[],"Person":[],"Product":[],"ProductReview":[],"Car":[],"Recipe":[],"Service":[],"SoftwareApplication":[],"WebPage":[]},"graphName":"BlogPosting","isEnabled":true},"graphs":[]},"schema_type":"default","schema_type_options":null,"pillar_content":false,"robots_default":true,"robots_noindex":false,"robots_noarchive":false,"robots_nosnippet":false,"robots_nofollow":false,"robots_noimageindex":false,"robots_noodp":false,"robots_notranslate":false,"robots_max_snippet":"-1","robots_max_videopreview":"-1","robots_max_imagepreview":"large","priority":null,"frequency":"default","local_seo":null,"breadcrumb_settings":null,"limit_modified_date":false,"ai":{"faqs":[],"keyPoints":[],"schemas":[],"titles":[],"descriptions":[],"socialPosts":{"email":{"subject":"","preview":"","content":""},"linkedin":[],"twitter":[],"facebook":[],"instagram":[]}},"created":"2026-08-07 20:28:36","updated":"2026-08-07 23:12:16","seo_analyzer_scan_date":null,"focus_keyword":null,"additional_keywords":null,"truseo_locale":null},"aioseo_breadcrumb":"<div class=\"aioseo-breadcrumbs\"><span class=\"aioseo-breadcrumb\">\n\t\t\t<a href=\"https:\/\/canal4nogoya.com\/web\" title=\"Home\">Home<\/a>\n\t\t<\/span><span class=\"aioseo-breadcrumb-separator\">&raquo;<\/span><span class=\"aioseo-breadcrumb\">\n\t\t\t<a href=\"https:\/\/canal4nogoya.com\/web\/category\/provinciales\/\" title=\"Provinciales\">Provinciales<\/a>\n\t\t<\/span><span class=\"aioseo-breadcrumb-separator\">&raquo;<\/span><span class=\"aioseo-breadcrumb\">\n\t\t\tActivaron el protocolo en la Escuela Normal de Victoria por tuberculosis\n\t\t<\/span><\/div>","aioseo_breadcrumb_json":[{"label":"Home","link":"https:\/\/canal4nogoya.com\/web"},{"label":"Provinciales","link":"https:\/\/canal4nogoya.com\/web\/category\/provinciales\/"},{"label":"Activaron el protocolo en la Escuela Normal de Victoria por tuberculosis","link":"https:\/\/canal4nogoya.com\/web\/activaron-el-protocolo-en-la-escuela-normal-de-victoria-por-tuberculosis\/"}],"jetpack_featured_media_url":"https:\/\/canal4nogoya.com\/web\/wp-content\/uploads\/2026\/08\/1-1-1-1-1-1-a-ESN.webp","_links":{"self":[{"href":"https:\/\/canal4nogoya.com\/web\/wp-json\/wp\/v2\/posts\/4554","targetHints":{"allow":["GET"]}}],"collection":[{"href":"https:\/\/canal4nogoya.com\/web\/wp-json\/wp\/v2\/posts"}],"about":[{"href":"https:\/\/canal4nogoya.com\/web\/wp-json\/wp\/v2\/types\/post"}],"author":[{"embeddable":true,"href":"https:\/\/canal4nogoya.com\/web\/wp-json\/wp\/v2\/users\/3"}],"replies":[{"embeddable":true,"href":"https:\/\/canal4nogoya.com\/web\/wp-json\/wp\/v2\/comments?post=4554"}],"version-history":[{"count":1,"href":"https:\/\/canal4nogoya.com\/web\/wp-json\/wp\/v2\/posts\/4554\/revisions"}],"predecessor-version":[{"id":4556,"href":"https:\/\/canal4nogoya.com\/web\/wp-json\/wp\/v2\/posts\/4554\/revisions\/4556"}],"wp:featuredmedia":[{"embeddable":true,"href":"https:\/\/canal4nogoya.com\/web\/wp-json\/wp\/v2\/media\/4555"}],"wp:attachment":[{"href":"https:\/\/canal4nogoya.com\/web\/wp-json\/wp\/v2\/media?parent=4554"}],"wp:term":[{"taxonomy":"category","embeddable":true,"href":"https:\/\/canal4nogoya.com\/web\/wp-json\/wp\/v2\/categories?post=4554"},{"taxonomy":"post_tag","embeddable":true,"href":"https:\/\/canal4nogoya.com\/web\/wp-json\/wp\/v2\/tags?post=4554"}],"curies":[{"name":"wp","href":"https:\/\/api.w.org\/{rel}","templated":true}]}}