{"id":4557,"date":"2026-08-07T17:33:34","date_gmt":"2026-08-07T20:33:34","guid":{"rendered":"https:\/\/canal4nogoya.com\/web\/?p=4557"},"modified":"2026-08-07T17:33:36","modified_gmt":"2026-08-07T20:33:36","slug":"revocan-la-prescripcion-en-causa-contra-cirujano-del-hospital-san-blas","status":"publish","type":"post","link":"https:\/\/canal4nogoya.com\/web\/revocan-la-prescripcion-en-causa-contra-cirujano-del-hospital-san-blas\/","title":{"rendered":"Revocan la prescripci\u00f3n en causa contra cirujano del Hospital San Blas"},"content":{"rendered":"\n<p class=\"wp-block-paragraph\"><\/p>\n\n\n\n<p class=\"wp-block-paragraph\">La Sala Criminal de Gualeguay, a trav\u00e9s del vocal&nbsp;<strong>Dardo Oscar Tortul<\/strong>, emiti\u00f3 este viernes un fallo que redefine el alcance de la responsabilidad penal para los&nbsp;<strong>profesionales de la salud vinculados al Estado<\/strong>. La decisi\u00f3n surge tras la apelaci\u00f3n de una resoluci\u00f3n de primera instancia que hab\u00eda declarado la prescripci\u00f3n de la acci\u00f3n penal en una causa por&nbsp;<strong>lesiones graves culposas<\/strong>&nbsp;contra el m\u00e9dico&nbsp;<strong>Gustavo Cresta<\/strong>.<\/p>\n\n\n\n<p class=\"wp-block-paragraph\"><\/p>\n\n\n\n<p class=\"wp-block-paragraph\">La causa se inici\u00f3 tras la denuncia de la madre de la v\u00edctima. Originalmente, el juez de garant\u00edas subrogante Am\u00e9rico Daniel Luna (titular del Juzgado Civil y Comercial) consider\u00f3 que el paso del tiempo era suficiente para&nbsp;<strong>cerrar el expediente<\/strong>, argumentando que&nbsp;<strong>un m\u00e9dico no es un \u201cfuncionario p\u00fablico\u201d&nbsp;<\/strong>en el sentido estricto que requiere la ley para suspender la prescripci\u00f3n.<\/p>\n\n\n\n<p class=\"wp-block-paragraph\"><\/p>\n\n\n\n<p class=\"wp-block-paragraph\">Seg\u00fan la visi\u00f3n que fue revocada, el concepto de&nbsp;<strong>\u201ccargo p\u00fablico\u201d&nbsp;<\/strong>deb\u00eda limitarse a&nbsp;<strong>personas con jerarqu\u00eda o influencia pol\u00edtica&nbsp;<\/strong>capaz de obstaculizar una investigaci\u00f3n, sosteniendo que una supuesta mala praxis se comete bajo habilitaci\u00f3n profesional y&nbsp;<strong>no en ejercicio de la funci\u00f3n p\u00fablica.<\/strong><\/p>\n\n\n\n<p class=\"wp-block-paragraph\"><\/p>\n\n\n\n<p class=\"wp-block-paragraph\">Tanto el agente fiscal de Nogoy\u00e1,&nbsp;<strong>Fernando Mart\u00ednez<\/strong>, como el abogado querellante,&nbsp;<strong>Walter Luis Mart\u00ednez<\/strong>, impugnaron esa interpretaci\u00f3n. Los apelantes argumentaron que el C\u00f3digo Penal no distingue entre rangos ni entre funciones administrativas y asistenciales.<\/p>\n\n\n\n<p class=\"wp-block-paragraph\"><\/p>\n\n\n\n<p class=\"wp-block-paragraph\">Como prueba fundamental, la Fiscal\u00eda present\u00f3 el Decreto N.\u00ba 3.840 MS de noviembre de 2018 (firmado por el entonces gobernador&nbsp;<strong>Gustavo Borde<\/strong>t), mediante el cual<strong>&nbsp;Cresta fue designado&nbsp;<\/strong>\u2014tras ganar un concurso\u2014 como&nbsp;<strong>profesional asistente m\u00e9dico&nbsp;<\/strong>y jefe interino del Servicio de Cirug\u00eda del&nbsp;<strong>Hospital San Blas de Nogoy\u00e1<\/strong>. Bajo este esquema, sostuvieron que el cirujano es un agente estatal regido por la Ley Provincial N.\u00ba 9.892 de la Carrera Profesional de Asistencia Sanitaria.<\/p>\n\n\n\n<p class=\"wp-block-paragraph\"><\/p>\n\n\n\n<p class=\"wp-block-paragraph\">Al analizar el caso, el vocal Tortul realiz\u00f3 un recorrido hist\u00f3rico sobre la evoluci\u00f3n del art\u00edculo 67 del C\u00f3digo Penal. El magistrado destac\u00f3 que, tras la reforma de 1999 (Ley 25.188), el legislador<strong>&nbsp;busc\u00f3 aumentar las exigencias de responsabilidad para quienes ocupan cargos p\u00fablicos<\/strong>, independientemente de si el delito es de car\u00e1cter administrativo o patrimonial.<\/p>\n\n\n\n<p class=\"wp-block-paragraph\"><\/p>\n\n\n\n<p class=\"wp-block-paragraph\">El fallo remarca que&nbsp;<strong>Cresta<\/strong>, al atender pacientes en un nosocomio p\u00fablico,<strong>&nbsp;\u201cejerce actos de praxis m\u00e9dica en nombre del Estado\u201d.<\/strong>&nbsp;Por tanto, su rol est\u00e1 intr\u00ednsecamente ligado a la funci\u00f3n p\u00fablica, lo que encuadra en las definiciones de la Convenci\u00f3n Interamericana contra la Corrupci\u00f3n, que&nbsp;<strong>considera funcionario a cualquier empleado designado para cumplir tareas al servicio del Estado<\/strong>&nbsp;en cualquier nivel jer\u00e1rquico.<\/p>\n\n\n\n<p class=\"wp-block-paragraph\"><\/p>\n\n\n\n<p class=\"wp-block-paragraph\">El juez tambi\u00e9n aclar\u00f3 una confusi\u00f3n habitual: una cosa es la \u201cmotivaci\u00f3n\u201d de la ley (evitar que los&nbsp;<strong>poderosos abusen de su cargo<\/strong>&nbsp;para frenar juicios) y otra son los \u201crequisitos\u201d para su aplicaci\u00f3n. Seg\u00fan Tortul, la norma solo exige que el imputado sea funcionario p\u00fablico para que la prescripci\u00f3n se suspenda,<strong>&nbsp;sin necesidad de probar que efectivamente us\u00f3 su influencia&nbsp;<\/strong>para entorpecer el proceso.<\/p>\n\n\n\n<p class=\"wp-block-paragraph\"><\/p>\n\n\n\n<p class=\"wp-block-paragraph\"><strong>El caso se remonta a enero de 2019<\/strong>, tras la atenci\u00f3n m\u00e9dica brindada a&nbsp;<strong>una ni\u00f1a de ocho a\u00f1os en el Hospital San Blas<\/strong>. La fiscal Maite Burruchaga formaliz\u00f3 la investigaci\u00f3n bajo el cargo de lesiones graves culposas, sosteniendo que Cresta obr\u00f3 de manera negligente al dilatar la intervenci\u00f3n quir\u00fargica de urgencia (apendicetom\u00eda)&nbsp;<strong>aproximadamente doce horas.<\/strong><\/p>\n\n\n\n<p class=\"wp-block-paragraph\">Seg\u00fan la acusaci\u00f3n, esa demora provoc\u00f3&nbsp;<strong>complicaciones graves en la salud de la menor<\/strong>, como un absceso intraabdominal y de pared que deriv\u00f3 en fascitis necrotizante y evisceraci\u00f3n, dejando una debilitaci\u00f3n permanente de la pared abdominal.<\/p>\n\n\n\n<p class=\"wp-block-paragraph\"><\/p>\n\n\n\n<p class=\"wp-block-paragraph\">Al defenderse en su declaraci\u00f3n del 12 de octubre de 2021,&nbsp;<strong>Cresta explic\u00f3 las limitaciones materiales del nosocomio&nbsp;<\/strong>y rechaz\u00f3 la acusaci\u00f3n.<\/p>\n\n\n\n<p class=\"wp-block-paragraph\"><\/p>\n\n\n\n<p class=\"wp-block-paragraph\">Argument\u00f3 que la postergaci\u00f3n se debi\u00f3 a una urgencia ginecol\u00f3gica (ces\u00e1rea) que pon\u00eda en riesgo la vida de un reci\u00e9n nacido. \u201cLas apendicitis no constituyen una emergencia,&nbsp;<strong>sino una urgencia<\/strong>; hay 24 horas para su resoluci\u00f3n. Yo program\u00e9 la cirug\u00eda para el d\u00eda siguiente a primer t\u00e9rmino,&nbsp;<strong>pero surgi\u00f3 la ces\u00e1rea de urgencia<\/strong>. La ni\u00f1a ten\u00eda una apendicitis flemonosa, pero no present\u00f3 abscesos ni infecciones en la cavidad\u201d, manifest\u00f3 el profesional.<\/p>\n\n\n\n<p class=\"wp-block-paragraph\"><\/p>\n\n\n\n<p class=\"wp-block-paragraph\">Con la resoluci\u00f3n de la Sala Criminal de Gualeguay, que&nbsp;<strong>revoca el fallo de primera instancia y dispone la continuidad del tr\u00e1mite<\/strong>, la causa seguir\u00e1 su curso legal. El tribunal concluy\u00f3 que, si bien debe respetarse la garant\u00eda del plazo razonable de juzgamiento, esta no se contradice con la suspensi\u00f3n de la prescripci\u00f3n que establece la ley de fondo para los agentes estatales mientras permanezcan en su cargo.<\/p>\n\n\n\n<p class=\"wp-block-paragraph\"><\/p>\n\n\n\n<p class=\"wp-block-paragraph\"><\/p>\n\n\n\n<p class=\"wp-block-paragraph\">Fuente: Ahora<\/p>\n\n\n\n<p class=\"wp-block-paragraph\"><\/p>\n","protected":false},"excerpt":{"rendered":"<p>La Sala Criminal de Gualeguay, a trav\u00e9s del vocal&nbsp;Dardo Oscar Tortul, emiti\u00f3 este viernes un fallo que redefine el alcance de la responsabilidad penal para los&nbsp;profesionales de la salud vinculados al Estado. La decisi\u00f3n surge tras la apelaci\u00f3n de una resoluci\u00f3n de primera instancia que hab\u00eda declarado la prescripci\u00f3n de la acci\u00f3n penal en una&#8230;<\/p>\n","protected":false},"author":3,"featured_media":4558,"comment_status":"open","ping_status":"closed","sticky":false,"template":"","format":"standard","meta":{"_monsterinsights_skip_tracking":false,"footnotes":""},"categories":[8],"tags":[],"class_list":["post-4557","post","type-post","status-publish","format-standard","has-post-thumbnail","hentry","category-locales"],"aioseo_notices":[],"aioseo_head":"\n\t\t<!-- All in One SEO 5.0.1.1 - aioseo.com -->\n\t<meta name=\"description\" content=\"La Sala Criminal de Gualeguay, a trav\u00e9s del vocal Dardo Oscar Tortul, emiti\u00f3 este viernes un fallo que redefine el alcance de la responsabilidad penal para los profesionales de la salud vinculados al Estado. La decisi\u00f3n surge tras la apelaci\u00f3n de una resoluci\u00f3n de primera instancia que hab\u00eda declarado la prescripci\u00f3n de la acci\u00f3n penal en una\" \/>\n\t<meta name=\"robots\" content=\"max-image-preview:large\" \/>\n\t<meta name=\"author\" content=\"Redacci\u00f3n\"\/>\n\t<link rel=\"canonical\" href=\"https:\/\/canal4nogoya.com\/web\/revocan-la-prescripcion-en-causa-contra-cirujano-del-hospital-san-blas\/\" \/>\n\t<meta name=\"generator\" content=\"All in One SEO (AIOSEO) 5.0.1.1\" \/>\n\t\t<meta property=\"og:locale\" content=\"es_ES\" \/>\n\t\t<meta property=\"og:site_name\" content=\"Canal 4 Nogoy\u00e1 - Nogoy\u00e1 Televisora Color\" \/>\n\t\t<meta property=\"og:type\" content=\"article\" \/>\n\t\t<meta property=\"og:title\" content=\"Revocan la prescripci\u00f3n en causa contra cirujano del Hospital San Blas - Canal 4 Nogoy\u00e1\" \/>\n\t\t<meta property=\"og:description\" content=\"La Sala Criminal de Gualeguay, a trav\u00e9s del vocal Dardo Oscar Tortul, emiti\u00f3 este viernes un fallo que redefine el alcance de la responsabilidad penal para los profesionales de la salud vinculados al Estado. La decisi\u00f3n surge tras la apelaci\u00f3n de una resoluci\u00f3n de primera instancia que hab\u00eda declarado la prescripci\u00f3n de la acci\u00f3n penal en una\" \/>\n\t\t<meta property=\"og:url\" content=\"https:\/\/canal4nogoya.com\/web\/revocan-la-prescripcion-en-causa-contra-cirujano-del-hospital-san-blas\/\" \/>\n\t\t<meta property=\"og:image\" content=\"https:\/\/canal4nogoya.com\/web\/wp-content\/uploads\/2026\/08\/1-1-1-1-1-1-a-HS.jpeg\" \/>\n\t\t<meta property=\"og:image:secure_url\" content=\"https:\/\/canal4nogoya.com\/web\/wp-content\/uploads\/2026\/08\/1-1-1-1-1-1-a-HS.jpeg\" \/>\n\t\t<meta property=\"og:image:width\" content=\"224\" \/>\n\t\t<meta property=\"og:image:height\" content=\"224\" \/>\n\t\t<meta property=\"article:published_time\" content=\"2026-08-07T20:33:34+00:00\" \/>\n\t\t<meta property=\"article:modified_time\" content=\"2026-08-07T20:33:36+00:00\" \/>\n\t\t<meta name=\"twitter:card\" content=\"summary_large_image\" \/>\n\t\t<meta name=\"twitter:title\" content=\"Revocan la prescripci\u00f3n en causa contra cirujano del Hospital San Blas - Canal 4 Nogoy\u00e1\" \/>\n\t\t<meta name=\"twitter:description\" content=\"La Sala Criminal de Gualeguay, a trav\u00e9s del vocal Dardo Oscar Tortul, emiti\u00f3 este viernes un fallo que redefine el alcance de la responsabilidad penal para los profesionales de la salud vinculados al Estado. La decisi\u00f3n surge tras la apelaci\u00f3n de una resoluci\u00f3n de primera instancia que hab\u00eda declarado la prescripci\u00f3n de la acci\u00f3n penal en una\" \/>\n\t\t<meta name=\"twitter:image\" content=\"https:\/\/canal4nogoya.com\/web\/wp-content\/uploads\/2026\/08\/1-1-1-1-1-1-a-HS.jpeg\" \/>\n\t\t<script type=\"application\/ld+json\" class=\"aioseo-schema\">\n\t\t\t{\"@context\":\"https:\\\/\\\/schema.org\",\"@graph\":[{\"@type\":\"BlogPosting\",\"@id\":\"https:\\\/\\\/canal4nogoya.com\\\/web\\\/revocan-la-prescripcion-en-causa-contra-cirujano-del-hospital-san-blas\\\/#blogposting\",\"name\":\"Revocan la prescripci\\u00f3n en causa contra cirujano del Hospital San Blas - Canal 4 Nogoy\\u00e1\",\"headline\":\"Revocan la prescripci\\u00f3n en causa contra cirujano del Hospital San Blas\",\"author\":{\"@id\":\"https:\\\/\\\/canal4nogoya.com\\\/web\\\/author\\\/gonzalo\\\/#author\"},\"publisher\":{\"@id\":\"https:\\\/\\\/canal4nogoya.com\\\/web\\\/#organization\"},\"image\":{\"@type\":\"ImageObject\",\"url\":\"https:\\\/\\\/canal4nogoya.com\\\/web\\\/wp-content\\\/uploads\\\/2026\\\/08\\\/1-1-1-1-1-1-a-HS.jpeg\",\"width\":224,\"height\":224},\"datePublished\":\"2026-08-07T17:33:34-03:00\",\"dateModified\":\"2026-08-07T17:33:36-03:00\",\"inLanguage\":\"es-ES\",\"mainEntityOfPage\":{\"@id\":\"https:\\\/\\\/canal4nogoya.com\\\/web\\\/revocan-la-prescripcion-en-causa-contra-cirujano-del-hospital-san-blas\\\/#webpage\"},\"isPartOf\":{\"@id\":\"https:\\\/\\\/canal4nogoya.com\\\/web\\\/revocan-la-prescripcion-en-causa-contra-cirujano-del-hospital-san-blas\\\/#webpage\"},\"articleSection\":\"Locales\"},{\"@type\":\"BreadcrumbList\",\"@id\":\"https:\\\/\\\/canal4nogoya.com\\\/web\\\/revocan-la-prescripcion-en-causa-contra-cirujano-del-hospital-san-blas\\\/#breadcrumblist\",\"itemListElement\":[{\"@type\":\"ListItem\",\"@id\":\"https:\\\/\\\/canal4nogoya.com\\\/web#listItem\",\"position\":1,\"name\":\"Home\",\"item\":\"https:\\\/\\\/canal4nogoya.com\\\/web\",\"nextItem\":{\"@type\":\"ListItem\",\"@id\":\"https:\\\/\\\/canal4nogoya.com\\\/web\\\/category\\\/locales\\\/#listItem\",\"name\":\"Locales\"}},{\"@type\":\"ListItem\",\"@id\":\"https:\\\/\\\/canal4nogoya.com\\\/web\\\/category\\\/locales\\\/#listItem\",\"position\":2,\"name\":\"Locales\",\"item\":\"https:\\\/\\\/canal4nogoya.com\\\/web\\\/category\\\/locales\\\/\",\"nextItem\":{\"@type\":\"ListItem\",\"@id\":\"https:\\\/\\\/canal4nogoya.com\\\/web\\\/revocan-la-prescripcion-en-causa-contra-cirujano-del-hospital-san-blas\\\/#listItem\",\"name\":\"Revocan la prescripci\\u00f3n en causa contra cirujano del Hospital San Blas\"},\"previousItem\":{\"@type\":\"ListItem\",\"@id\":\"https:\\\/\\\/canal4nogoya.com\\\/web#listItem\",\"name\":\"Home\"}},{\"@type\":\"ListItem\",\"@id\":\"https:\\\/\\\/canal4nogoya.com\\\/web\\\/revocan-la-prescripcion-en-causa-contra-cirujano-del-hospital-san-blas\\\/#listItem\",\"position\":3,\"name\":\"Revocan la prescripci\\u00f3n en causa contra cirujano del Hospital San Blas\",\"previousItem\":{\"@type\":\"ListItem\",\"@id\":\"https:\\\/\\\/canal4nogoya.com\\\/web\\\/category\\\/locales\\\/#listItem\",\"name\":\"Locales\"}}]},{\"@type\":\"Organization\",\"@id\":\"https:\\\/\\\/canal4nogoya.com\\\/web\\\/#organization\",\"name\":\"Canal 4 Nogoy\\u00e1\",\"description\":\"Nogoy\\u00e1 Televisora Color\",\"url\":\"https:\\\/\\\/canal4nogoya.com\\\/web\\\/\",\"logo\":{\"@type\":\"ImageObject\",\"url\":\"https:\\\/\\\/canal4nogoya.com\\\/web\\\/wp-content\\\/uploads\\\/2025\\\/04\\\/logos-fondo-blanco.jpg\",\"@id\":\"https:\\\/\\\/canal4nogoya.com\\\/web\\\/revocan-la-prescripcion-en-causa-contra-cirujano-del-hospital-san-blas\\\/#organizationLogo\",\"width\":2353,\"height\":1080},\"image\":{\"@id\":\"https:\\\/\\\/canal4nogoya.com\\\/web\\\/revocan-la-prescripcion-en-causa-contra-cirujano-del-hospital-san-blas\\\/#organizationLogo\"}},{\"@type\":\"Person\",\"@id\":\"https:\\\/\\\/canal4nogoya.com\\\/web\\\/author\\\/gonzalo\\\/#author\",\"url\":\"https:\\\/\\\/canal4nogoya.com\\\/web\\\/author\\\/gonzalo\\\/\",\"name\":\"Redacci\\u00f3n\",\"image\":{\"@type\":\"ImageObject\",\"@id\":\"https:\\\/\\\/canal4nogoya.com\\\/web\\\/revocan-la-prescripcion-en-causa-contra-cirujano-del-hospital-san-blas\\\/#authorImage\",\"url\":\"https:\\\/\\\/canal4nogoya.com\\\/web\\\/wp-content\\\/litespeed\\\/avatar\\\/1df8586f31106921a2f6ae0d9530296b.jpg?ver=1787987515\",\"width\":96,\"height\":96,\"caption\":\"Redacci\\u00f3n\"}},{\"@type\":\"WebPage\",\"@id\":\"https:\\\/\\\/canal4nogoya.com\\\/web\\\/revocan-la-prescripcion-en-causa-contra-cirujano-del-hospital-san-blas\\\/#webpage\",\"url\":\"https:\\\/\\\/canal4nogoya.com\\\/web\\\/revocan-la-prescripcion-en-causa-contra-cirujano-del-hospital-san-blas\\\/\",\"name\":\"Revocan la prescripci\\u00f3n en causa contra cirujano del Hospital San Blas - Canal 4 Nogoy\\u00e1\",\"description\":\"La Sala Criminal de Gualeguay, a trav\\u00e9s del vocal Dardo Oscar Tortul, emiti\\u00f3 este viernes un fallo que redefine el alcance de la responsabilidad penal para los profesionales de la salud vinculados al Estado. La decisi\\u00f3n surge tras la apelaci\\u00f3n de una resoluci\\u00f3n de primera instancia que hab\\u00eda declarado la prescripci\\u00f3n de la acci\\u00f3n penal en una\",\"inLanguage\":\"es-ES\",\"isPartOf\":{\"@id\":\"https:\\\/\\\/canal4nogoya.com\\\/web\\\/#website\"},\"breadcrumb\":{\"@id\":\"https:\\\/\\\/canal4nogoya.com\\\/web\\\/revocan-la-prescripcion-en-causa-contra-cirujano-del-hospital-san-blas\\\/#breadcrumblist\"},\"author\":{\"@id\":\"https:\\\/\\\/canal4nogoya.com\\\/web\\\/author\\\/gonzalo\\\/#author\"},\"creator\":{\"@id\":\"https:\\\/\\\/canal4nogoya.com\\\/web\\\/author\\\/gonzalo\\\/#author\"},\"image\":{\"@type\":\"ImageObject\",\"url\":\"https:\\\/\\\/canal4nogoya.com\\\/web\\\/wp-content\\\/uploads\\\/2026\\\/08\\\/1-1-1-1-1-1-a-HS.jpeg\",\"@id\":\"https:\\\/\\\/canal4nogoya.com\\\/web\\\/revocan-la-prescripcion-en-causa-contra-cirujano-del-hospital-san-blas\\\/#mainImage\",\"width\":224,\"height\":224},\"primaryImageOfPage\":{\"@id\":\"https:\\\/\\\/canal4nogoya.com\\\/web\\\/revocan-la-prescripcion-en-causa-contra-cirujano-del-hospital-san-blas\\\/#mainImage\"},\"datePublished\":\"2026-08-07T17:33:34-03:00\",\"dateModified\":\"2026-08-07T17:33:36-03:00\"},{\"@type\":\"WebSite\",\"@id\":\"https:\\\/\\\/canal4nogoya.com\\\/web\\\/#website\",\"url\":\"https:\\\/\\\/canal4nogoya.com\\\/web\\\/\",\"name\":\"Canal 4 Nogoy\\u00e1\",\"description\":\"Nogoy\\u00e1 Televisora Color\",\"inLanguage\":\"es-ES\",\"publisher\":{\"@id\":\"https:\\\/\\\/canal4nogoya.com\\\/web\\\/#organization\"}}]}\n\t\t<\/script>\n\t\t<!-- All in One SEO -->\n\n","aioseo_head_json":{"title":"Revocan la prescripci\u00f3n en causa contra cirujano del Hospital San Blas - Canal 4 Nogoy\u00e1","description":"La Sala Criminal de Gualeguay, a trav\u00e9s del vocal Dardo Oscar Tortul, emiti\u00f3 este viernes un fallo que redefine el alcance de la responsabilidad penal para los profesionales de la salud vinculados al Estado. La decisi\u00f3n surge tras la apelaci\u00f3n de una resoluci\u00f3n de primera instancia que hab\u00eda declarado la prescripci\u00f3n de la acci\u00f3n penal en una","canonical_url":"https:\/\/canal4nogoya.com\/web\/revocan-la-prescripcion-en-causa-contra-cirujano-del-hospital-san-blas\/","robots":"max-image-preview:large","keywords":"","webmasterTools":{"miscellaneous":""},"schema":{"@context":"https:\/\/schema.org","@graph":[{"@type":"BlogPosting","@id":"https:\/\/canal4nogoya.com\/web\/revocan-la-prescripcion-en-causa-contra-cirujano-del-hospital-san-blas\/#blogposting","name":"Revocan la prescripci\u00f3n en causa contra cirujano del Hospital San Blas - Canal 4 Nogoy\u00e1","headline":"Revocan la prescripci\u00f3n en causa contra cirujano del Hospital San Blas","author":{"@id":"https:\/\/canal4nogoya.com\/web\/author\/gonzalo\/#author"},"publisher":{"@id":"https:\/\/canal4nogoya.com\/web\/#organization"},"image":{"@type":"ImageObject","url":"https:\/\/canal4nogoya.com\/web\/wp-content\/uploads\/2026\/08\/1-1-1-1-1-1-a-HS.jpeg","width":224,"height":224},"datePublished":"2026-08-07T17:33:34-03:00","dateModified":"2026-08-07T17:33:36-03:00","inLanguage":"es-ES","mainEntityOfPage":{"@id":"https:\/\/canal4nogoya.com\/web\/revocan-la-prescripcion-en-causa-contra-cirujano-del-hospital-san-blas\/#webpage"},"isPartOf":{"@id":"https:\/\/canal4nogoya.com\/web\/revocan-la-prescripcion-en-causa-contra-cirujano-del-hospital-san-blas\/#webpage"},"articleSection":"Locales"},{"@type":"BreadcrumbList","@id":"https:\/\/canal4nogoya.com\/web\/revocan-la-prescripcion-en-causa-contra-cirujano-del-hospital-san-blas\/#breadcrumblist","itemListElement":[{"@type":"ListItem","@id":"https:\/\/canal4nogoya.com\/web#listItem","position":1,"name":"Home","item":"https:\/\/canal4nogoya.com\/web","nextItem":{"@type":"ListItem","@id":"https:\/\/canal4nogoya.com\/web\/category\/locales\/#listItem","name":"Locales"}},{"@type":"ListItem","@id":"https:\/\/canal4nogoya.com\/web\/category\/locales\/#listItem","position":2,"name":"Locales","item":"https:\/\/canal4nogoya.com\/web\/category\/locales\/","nextItem":{"@type":"ListItem","@id":"https:\/\/canal4nogoya.com\/web\/revocan-la-prescripcion-en-causa-contra-cirujano-del-hospital-san-blas\/#listItem","name":"Revocan la prescripci\u00f3n en causa contra cirujano del Hospital San Blas"},"previousItem":{"@type":"ListItem","@id":"https:\/\/canal4nogoya.com\/web#listItem","name":"Home"}},{"@type":"ListItem","@id":"https:\/\/canal4nogoya.com\/web\/revocan-la-prescripcion-en-causa-contra-cirujano-del-hospital-san-blas\/#listItem","position":3,"name":"Revocan la prescripci\u00f3n en causa contra cirujano del Hospital San Blas","previousItem":{"@type":"ListItem","@id":"https:\/\/canal4nogoya.com\/web\/category\/locales\/#listItem","name":"Locales"}}]},{"@type":"Organization","@id":"https:\/\/canal4nogoya.com\/web\/#organization","name":"Canal 4 Nogoy\u00e1","description":"Nogoy\u00e1 Televisora Color","url":"https:\/\/canal4nogoya.com\/web\/","logo":{"@type":"ImageObject","url":"https:\/\/canal4nogoya.com\/web\/wp-content\/uploads\/2025\/04\/logos-fondo-blanco.jpg","@id":"https:\/\/canal4nogoya.com\/web\/revocan-la-prescripcion-en-causa-contra-cirujano-del-hospital-san-blas\/#organizationLogo","width":2353,"height":1080},"image":{"@id":"https:\/\/canal4nogoya.com\/web\/revocan-la-prescripcion-en-causa-contra-cirujano-del-hospital-san-blas\/#organizationLogo"}},{"@type":"Person","@id":"https:\/\/canal4nogoya.com\/web\/author\/gonzalo\/#author","url":"https:\/\/canal4nogoya.com\/web\/author\/gonzalo\/","name":"Redacci\u00f3n","image":{"@type":"ImageObject","@id":"https:\/\/canal4nogoya.com\/web\/revocan-la-prescripcion-en-causa-contra-cirujano-del-hospital-san-blas\/#authorImage","url":"https:\/\/canal4nogoya.com\/web\/wp-content\/litespeed\/avatar\/1df8586f31106921a2f6ae0d9530296b.jpg?ver=1787987515","width":96,"height":96,"caption":"Redacci\u00f3n"}},{"@type":"WebPage","@id":"https:\/\/canal4nogoya.com\/web\/revocan-la-prescripcion-en-causa-contra-cirujano-del-hospital-san-blas\/#webpage","url":"https:\/\/canal4nogoya.com\/web\/revocan-la-prescripcion-en-causa-contra-cirujano-del-hospital-san-blas\/","name":"Revocan la prescripci\u00f3n en causa contra cirujano del Hospital San Blas - Canal 4 Nogoy\u00e1","description":"La Sala Criminal de Gualeguay, a trav\u00e9s del vocal Dardo Oscar Tortul, emiti\u00f3 este viernes un fallo que redefine el alcance de la responsabilidad penal para los profesionales de la salud vinculados al Estado. La decisi\u00f3n surge tras la apelaci\u00f3n de una resoluci\u00f3n de primera instancia que hab\u00eda declarado la prescripci\u00f3n de la acci\u00f3n penal en una","inLanguage":"es-ES","isPartOf":{"@id":"https:\/\/canal4nogoya.com\/web\/#website"},"breadcrumb":{"@id":"https:\/\/canal4nogoya.com\/web\/revocan-la-prescripcion-en-causa-contra-cirujano-del-hospital-san-blas\/#breadcrumblist"},"author":{"@id":"https:\/\/canal4nogoya.com\/web\/author\/gonzalo\/#author"},"creator":{"@id":"https:\/\/canal4nogoya.com\/web\/author\/gonzalo\/#author"},"image":{"@type":"ImageObject","url":"https:\/\/canal4nogoya.com\/web\/wp-content\/uploads\/2026\/08\/1-1-1-1-1-1-a-HS.jpeg","@id":"https:\/\/canal4nogoya.com\/web\/revocan-la-prescripcion-en-causa-contra-cirujano-del-hospital-san-blas\/#mainImage","width":224,"height":224},"primaryImageOfPage":{"@id":"https:\/\/canal4nogoya.com\/web\/revocan-la-prescripcion-en-causa-contra-cirujano-del-hospital-san-blas\/#mainImage"},"datePublished":"2026-08-07T17:33:34-03:00","dateModified":"2026-08-07T17:33:36-03:00"},{"@type":"WebSite","@id":"https:\/\/canal4nogoya.com\/web\/#website","url":"https:\/\/canal4nogoya.com\/web\/","name":"Canal 4 Nogoy\u00e1","description":"Nogoy\u00e1 Televisora Color","inLanguage":"es-ES","publisher":{"@id":"https:\/\/canal4nogoya.com\/web\/#organization"}}]},"og:locale":"es_ES","og:site_name":"Canal 4 Nogoy\u00e1 - Nogoy\u00e1 Televisora Color","og:type":"article","og:title":"Revocan la prescripci\u00f3n en causa contra cirujano del Hospital San Blas - Canal 4 Nogoy\u00e1","og:description":"La Sala Criminal de Gualeguay, a trav\u00e9s del vocal Dardo Oscar Tortul, emiti\u00f3 este viernes un fallo que redefine el alcance de la responsabilidad penal para los profesionales de la salud vinculados al Estado. La decisi\u00f3n surge tras la apelaci\u00f3n de una resoluci\u00f3n de primera instancia que hab\u00eda declarado la prescripci\u00f3n de la acci\u00f3n penal en una","og:url":"https:\/\/canal4nogoya.com\/web\/revocan-la-prescripcion-en-causa-contra-cirujano-del-hospital-san-blas\/","og:image":"https:\/\/canal4nogoya.com\/web\/wp-content\/uploads\/2026\/08\/1-1-1-1-1-1-a-HS.jpeg","og:image:secure_url":"https:\/\/canal4nogoya.com\/web\/wp-content\/uploads\/2026\/08\/1-1-1-1-1-1-a-HS.jpeg","og:image:width":224,"og:image:height":224,"article:published_time":"2026-08-07T20:33:34+00:00","article:modified_time":"2026-08-07T20:33:36+00:00","twitter:card":"summary_large_image","twitter:title":"Revocan la prescripci\u00f3n en causa contra cirujano del Hospital San Blas - Canal 4 Nogoy\u00e1","twitter:description":"La Sala Criminal de Gualeguay, a trav\u00e9s del vocal Dardo Oscar Tortul, emiti\u00f3 este viernes un fallo que redefine el alcance de la responsabilidad penal para los profesionales de la salud vinculados al Estado. La decisi\u00f3n surge tras la apelaci\u00f3n de una resoluci\u00f3n de primera instancia que hab\u00eda declarado la prescripci\u00f3n de la acci\u00f3n penal en una","twitter:image":"https:\/\/canal4nogoya.com\/web\/wp-content\/uploads\/2026\/08\/1-1-1-1-1-1-a-HS.jpeg"},"aioseo_meta_data":{"post_id":"4557","title":null,"description":null,"keywords":null,"keyphrases":{"focus":{"keyphrase":"","score":0,"analysis":{"keyphraseInTitle":{"score":0,"maxScore":9,"error":1}}},"additional":[]},"primary_term":null,"canonical_url":null,"og_title":null,"og_description":null,"og_object_type":"default","og_image_type":"default","og_image_url":null,"og_image_width":null,"og_image_height":null,"og_image_custom_url":null,"og_image_custom_fields":null,"og_video":"","og_custom_url":null,"og_article_section":null,"og_article_tags":null,"twitter_use_og":false,"twitter_card":"default","twitter_image_type":"default","twitter_image_url":null,"twitter_image_custom_url":null,"twitter_image_custom_fields":null,"twitter_title":null,"twitter_description":null,"schema":{"blockGraphs":[],"customGraphs":[],"default":{"data":{"Article":[],"Course":[],"Dataset":[],"FAQPage":[],"Movie":[],"Person":[],"Product":[],"ProductReview":[],"Car":[],"Recipe":[],"Service":[],"SoftwareApplication":[],"WebPage":[]},"graphName":"BlogPosting","isEnabled":true},"graphs":[]},"schema_type":"default","schema_type_options":null,"pillar_content":false,"robots_default":true,"robots_noindex":false,"robots_noarchive":false,"robots_nosnippet":false,"robots_nofollow":false,"robots_noimageindex":false,"robots_noodp":false,"robots_notranslate":false,"robots_max_snippet":"-1","robots_max_videopreview":"-1","robots_max_imagepreview":"large","priority":null,"frequency":"default","local_seo":null,"breadcrumb_settings":null,"limit_modified_date":false,"ai":{"faqs":[],"keyPoints":[],"schemas":[],"titles":[],"descriptions":[],"socialPosts":{"email":{"subject":"","preview":"","content":""},"linkedin":[],"twitter":[],"facebook":[],"instagram":[]}},"created":"2026-08-07 20:33:36","updated":"2026-08-07 23:12:16","seo_analyzer_scan_date":null,"focus_keyword":null,"additional_keywords":null,"truseo_locale":null},"aioseo_breadcrumb":"<div class=\"aioseo-breadcrumbs\"><span class=\"aioseo-breadcrumb\">\n\t\t\t<a href=\"https:\/\/canal4nogoya.com\/web\" title=\"Home\">Home<\/a>\n\t\t<\/span><span class=\"aioseo-breadcrumb-separator\">&raquo;<\/span><span class=\"aioseo-breadcrumb\">\n\t\t\t<a href=\"https:\/\/canal4nogoya.com\/web\/category\/locales\/\" title=\"Locales\">Locales<\/a>\n\t\t<\/span><span class=\"aioseo-breadcrumb-separator\">&raquo;<\/span><span class=\"aioseo-breadcrumb\">\n\t\t\tRevocan la prescripci\u00f3n en causa contra cirujano del Hospital San Blas\n\t\t<\/span><\/div>","aioseo_breadcrumb_json":[{"label":"Home","link":"https:\/\/canal4nogoya.com\/web"},{"label":"Locales","link":"https:\/\/canal4nogoya.com\/web\/category\/locales\/"},{"label":"Revocan la prescripci\u00f3n en causa contra cirujano del Hospital San Blas","link":"https:\/\/canal4nogoya.com\/web\/revocan-la-prescripcion-en-causa-contra-cirujano-del-hospital-san-blas\/"}],"jetpack_featured_media_url":"https:\/\/canal4nogoya.com\/web\/wp-content\/uploads\/2026\/08\/1-1-1-1-1-1-a-HS.jpeg","_links":{"self":[{"href":"https:\/\/canal4nogoya.com\/web\/wp-json\/wp\/v2\/posts\/4557","targetHints":{"allow":["GET"]}}],"collection":[{"href":"https:\/\/canal4nogoya.com\/web\/wp-json\/wp\/v2\/posts"}],"about":[{"href":"https:\/\/canal4nogoya.com\/web\/wp-json\/wp\/v2\/types\/post"}],"author":[{"embeddable":true,"href":"https:\/\/canal4nogoya.com\/web\/wp-json\/wp\/v2\/users\/3"}],"replies":[{"embeddable":true,"href":"https:\/\/canal4nogoya.com\/web\/wp-json\/wp\/v2\/comments?post=4557"}],"version-history":[{"count":1,"href":"https:\/\/canal4nogoya.com\/web\/wp-json\/wp\/v2\/posts\/4557\/revisions"}],"predecessor-version":[{"id":4559,"href":"https:\/\/canal4nogoya.com\/web\/wp-json\/wp\/v2\/posts\/4557\/revisions\/4559"}],"wp:featuredmedia":[{"embeddable":true,"href":"https:\/\/canal4nogoya.com\/web\/wp-json\/wp\/v2\/media\/4558"}],"wp:attachment":[{"href":"https:\/\/canal4nogoya.com\/web\/wp-json\/wp\/v2\/media?parent=4557"}],"wp:term":[{"taxonomy":"category","embeddable":true,"href":"https:\/\/canal4nogoya.com\/web\/wp-json\/wp\/v2\/categories?post=4557"},{"taxonomy":"post_tag","embeddable":true,"href":"https:\/\/canal4nogoya.com\/web\/wp-json\/wp\/v2\/tags?post=4557"}],"curies":[{"name":"wp","href":"https:\/\/api.w.org\/{rel}","templated":true}]}}