{"id":4562,"date":"2026-08-09T22:31:46","date_gmt":"2026-08-10T01:31:46","guid":{"rendered":"https:\/\/canal4nogoya.com\/web\/?p=4562"},"modified":"2026-08-09T22:32:12","modified_gmt":"2026-08-10T01:32:12","slug":"la-despedida-de-messi-a-su-padre","status":"publish","type":"post","link":"https:\/\/canal4nogoya.com\/web\/la-despedida-de-messi-a-su-padre\/","title":{"rendered":"La despedida de Messi a su padre"},"content":{"rendered":"\n<p class=\"wp-block-paragraph\"><\/p>\n\n\n\n<p class=\"wp-block-paragraph\"><\/p>\n\n\n\n<p class=\"wp-block-paragraph\">El \u00faltimo adi\u00f3s a Jorge Messi se cumpli\u00f3 este domingo en el cementerio El Prado de Rosario, en una ceremonia \u00edntima encabezada por Lionel Messi, sus amigos, allegados y toda la familia.<\/p>\n\n\n\n<p class=\"wp-block-paragraph\">El padre del capit\u00e1n de la Selecci\u00f3n Argentina muri\u00f3 el s\u00e1bado a los 68 a\u00f1os, en un sanatorio de la ciudad santafesina, tras atravesar una larga enfermedad. Su fallecimiento conmocion\u00f3 al mundo del f\u00fatbol, que volc\u00f3 masivos mensajes de apoyo.<\/p>\n\n\n\n<p class=\"wp-block-paragraph\"><\/p>\n\n\n\n<p class=\"wp-block-paragraph\">Lionel Messi aterriz\u00f3 en Rosario el s\u00e1bado alrededor de las 20.45, a bordo de un avi\u00f3n privado procedente de Fort Lauderdale, Florida. Lo acompa\u00f1aron su esposa Antonela Roccuzzo y sus tres hijos. Inmediatamente despu\u00e9s de su arribo, el astro se reuni\u00f3 con el resto de sus seres queridos para acompa\u00f1ar a su madre, Celia Cuccittini, y a sus hermanos Rodrigo, Mat\u00edas y Mar\u00eda Sol.<\/p>\n\n\n\n<p class=\"wp-block-paragraph\"><\/p>\n\n\n\n<p class=\"wp-block-paragraph\">La ceremonia se realiz\u00f3 con la presencia de amigos y allegados, en un marco de estricta reserva. M\u00e1s all\u00e1 de ser el sost\u00e9n del entorno familiar, Jorge Messi hab\u00eda tomado a su cargo la administraci\u00f3n de todas las responsabilidades del jugador fuera del terreno de juego durante su extensa trayectoria<\/p>\n\n\n\n<p class=\"wp-block-paragraph\"><\/p>\n\n\n\n<p class=\"wp-block-paragraph\">El cementerio fue blindado para evitar drones y miradas durante el funeral. Se estima que Lionel Messi permanezca algunos d\u00edas en la Argentina junto a su c\u00edrculo m\u00e1s \u00edntimo, antes de retornar a los entrenamientos con el Inter Miami en Estados Unidos.<\/p>\n\n\n\n<p class=\"wp-block-paragraph\"><\/p>\n\n\n\n<p class=\"wp-block-paragraph\"><\/p>\n\n\n\n<p class=\"wp-block-paragraph\">Fuente: Ahora<\/p>\n","protected":false},"excerpt":{"rendered":"<p>El \u00faltimo adi\u00f3s a Jorge Messi se cumpli\u00f3 este domingo en el cementerio El Prado de Rosario, en una ceremonia \u00edntima encabezada por Lionel Messi, sus amigos, allegados y toda la familia. El padre del capit\u00e1n de la Selecci\u00f3n Argentina muri\u00f3 el s\u00e1bado a los 68 a\u00f1os, en un sanatorio de la ciudad santafesina, tras&#8230;<\/p>\n","protected":false},"author":3,"featured_media":4563,"comment_status":"open","ping_status":"closed","sticky":false,"template":"","format":"standard","meta":{"_monsterinsights_skip_tracking":false,"footnotes":""},"categories":[9],"tags":[],"class_list":["post-4562","post","type-post","status-publish","format-standard","has-post-thumbnail","hentry","category-nacionales"],"aioseo_notices":[],"aioseo_head":"\n\t\t<!-- All in One SEO 5.0.1.1 - aioseo.com -->\n\t<meta name=\"description\" content=\"El \u00faltimo adi\u00f3s a Jorge Messi se cumpli\u00f3 este domingo en el cementerio El Prado de Rosario, en una ceremonia \u00edntima encabezada por Lionel Messi, sus amigos, allegados y toda la familia. El padre del capit\u00e1n de la Selecci\u00f3n Argentina muri\u00f3 el s\u00e1bado a los 68 a\u00f1os, en un sanatorio de la ciudad santafesina, tras\" \/>\n\t<meta name=\"robots\" content=\"max-image-preview:large\" \/>\n\t<meta name=\"author\" content=\"Redacci\u00f3n\"\/>\n\t<link rel=\"canonical\" href=\"https:\/\/canal4nogoya.com\/web\/la-despedida-de-messi-a-su-padre\/\" \/>\n\t<meta name=\"generator\" content=\"All in One SEO (AIOSEO) 5.0.1.1\" \/>\n\t\t<meta property=\"og:locale\" content=\"es_ES\" \/>\n\t\t<meta property=\"og:site_name\" content=\"Canal 4 Nogoy\u00e1 - Nogoy\u00e1 Televisora Color\" \/>\n\t\t<meta property=\"og:type\" content=\"article\" \/>\n\t\t<meta property=\"og:title\" content=\"La despedida de Messi a su padre - Canal 4 Nogoy\u00e1\" \/>\n\t\t<meta property=\"og:description\" content=\"El \u00faltimo adi\u00f3s a Jorge Messi se cumpli\u00f3 este domingo en el cementerio El Prado de Rosario, en una ceremonia \u00edntima encabezada por Lionel Messi, sus amigos, allegados y toda la familia. El padre del capit\u00e1n de la Selecci\u00f3n Argentina muri\u00f3 el s\u00e1bado a los 68 a\u00f1os, en un sanatorio de la ciudad santafesina, tras\" \/>\n\t\t<meta property=\"og:url\" content=\"https:\/\/canal4nogoya.com\/web\/la-despedida-de-messi-a-su-padre\/\" \/>\n\t\t<meta property=\"og:image\" content=\"https:\/\/canal4nogoya.com\/web\/wp-content\/uploads\/2026\/08\/1-1-1-1-1-1-a-Mess.webp\" \/>\n\t\t<meta property=\"og:image:secure_url\" content=\"https:\/\/canal4nogoya.com\/web\/wp-content\/uploads\/2026\/08\/1-1-1-1-1-1-a-Mess.webp\" \/>\n\t\t<meta property=\"og:image:width\" content=\"450\" \/>\n\t\t<meta property=\"og:image:height\" content=\"253\" \/>\n\t\t<meta property=\"article:published_time\" content=\"2026-08-10T01:31:46+00:00\" \/>\n\t\t<meta property=\"article:modified_time\" content=\"2026-08-10T01:32:12+00:00\" \/>\n\t\t<meta name=\"twitter:card\" content=\"summary_large_image\" \/>\n\t\t<meta name=\"twitter:title\" content=\"La despedida de Messi a su padre - Canal 4 Nogoy\u00e1\" \/>\n\t\t<meta name=\"twitter:description\" content=\"El \u00faltimo adi\u00f3s a Jorge Messi se cumpli\u00f3 este domingo en el cementerio El Prado de Rosario, en una ceremonia \u00edntima encabezada por Lionel Messi, sus amigos, allegados y toda la familia. El padre del capit\u00e1n de la Selecci\u00f3n Argentina muri\u00f3 el s\u00e1bado a los 68 a\u00f1os, en un sanatorio de la ciudad santafesina, tras\" \/>\n\t\t<meta name=\"twitter:image\" content=\"https:\/\/canal4nogoya.com\/web\/wp-content\/uploads\/2026\/08\/1-1-1-1-1-1-a-Mess.webp\" \/>\n\t\t<script type=\"application\/ld+json\" class=\"aioseo-schema\">\n\t\t\t{\"@context\":\"https:\\\/\\\/schema.org\",\"@graph\":[{\"@type\":\"BlogPosting\",\"@id\":\"https:\\\/\\\/canal4nogoya.com\\\/web\\\/la-despedida-de-messi-a-su-padre\\\/#blogposting\",\"name\":\"La despedida de Messi a su padre - Canal 4 Nogoy\\u00e1\",\"headline\":\"La despedida de Messi a su padre\",\"author\":{\"@id\":\"https:\\\/\\\/canal4nogoya.com\\\/web\\\/author\\\/gonzalo\\\/#author\"},\"publisher\":{\"@id\":\"https:\\\/\\\/canal4nogoya.com\\\/web\\\/#organization\"},\"image\":{\"@type\":\"ImageObject\",\"url\":\"https:\\\/\\\/canal4nogoya.com\\\/web\\\/wp-content\\\/uploads\\\/2026\\\/08\\\/1-1-1-1-1-1-a-Mess.webp\",\"width\":450,\"height\":253},\"datePublished\":\"2026-08-09T22:31:46-03:00\",\"dateModified\":\"2026-08-09T22:32:12-03:00\",\"inLanguage\":\"es-ES\",\"mainEntityOfPage\":{\"@id\":\"https:\\\/\\\/canal4nogoya.com\\\/web\\\/la-despedida-de-messi-a-su-padre\\\/#webpage\"},\"isPartOf\":{\"@id\":\"https:\\\/\\\/canal4nogoya.com\\\/web\\\/la-despedida-de-messi-a-su-padre\\\/#webpage\"},\"articleSection\":\"Nacionales\"},{\"@type\":\"BreadcrumbList\",\"@id\":\"https:\\\/\\\/canal4nogoya.com\\\/web\\\/la-despedida-de-messi-a-su-padre\\\/#breadcrumblist\",\"itemListElement\":[{\"@type\":\"ListItem\",\"@id\":\"https:\\\/\\\/canal4nogoya.com\\\/web#listItem\",\"position\":1,\"name\":\"Home\",\"item\":\"https:\\\/\\\/canal4nogoya.com\\\/web\",\"nextItem\":{\"@type\":\"ListItem\",\"@id\":\"https:\\\/\\\/canal4nogoya.com\\\/web\\\/category\\\/nacionales\\\/#listItem\",\"name\":\"Nacionales\"}},{\"@type\":\"ListItem\",\"@id\":\"https:\\\/\\\/canal4nogoya.com\\\/web\\\/category\\\/nacionales\\\/#listItem\",\"position\":2,\"name\":\"Nacionales\",\"item\":\"https:\\\/\\\/canal4nogoya.com\\\/web\\\/category\\\/nacionales\\\/\",\"nextItem\":{\"@type\":\"ListItem\",\"@id\":\"https:\\\/\\\/canal4nogoya.com\\\/web\\\/la-despedida-de-messi-a-su-padre\\\/#listItem\",\"name\":\"La despedida de Messi a su padre\"},\"previousItem\":{\"@type\":\"ListItem\",\"@id\":\"https:\\\/\\\/canal4nogoya.com\\\/web#listItem\",\"name\":\"Home\"}},{\"@type\":\"ListItem\",\"@id\":\"https:\\\/\\\/canal4nogoya.com\\\/web\\\/la-despedida-de-messi-a-su-padre\\\/#listItem\",\"position\":3,\"name\":\"La despedida de Messi a su padre\",\"previousItem\":{\"@type\":\"ListItem\",\"@id\":\"https:\\\/\\\/canal4nogoya.com\\\/web\\\/category\\\/nacionales\\\/#listItem\",\"name\":\"Nacionales\"}}]},{\"@type\":\"Organization\",\"@id\":\"https:\\\/\\\/canal4nogoya.com\\\/web\\\/#organization\",\"name\":\"Canal 4 Nogoy\\u00e1\",\"description\":\"Nogoy\\u00e1 Televisora Color\",\"url\":\"https:\\\/\\\/canal4nogoya.com\\\/web\\\/\",\"logo\":{\"@type\":\"ImageObject\",\"url\":\"https:\\\/\\\/canal4nogoya.com\\\/web\\\/wp-content\\\/uploads\\\/2025\\\/04\\\/logos-fondo-blanco.jpg\",\"@id\":\"https:\\\/\\\/canal4nogoya.com\\\/web\\\/la-despedida-de-messi-a-su-padre\\\/#organizationLogo\",\"width\":2353,\"height\":1080},\"image\":{\"@id\":\"https:\\\/\\\/canal4nogoya.com\\\/web\\\/la-despedida-de-messi-a-su-padre\\\/#organizationLogo\"}},{\"@type\":\"Person\",\"@id\":\"https:\\\/\\\/canal4nogoya.com\\\/web\\\/author\\\/gonzalo\\\/#author\",\"url\":\"https:\\\/\\\/canal4nogoya.com\\\/web\\\/author\\\/gonzalo\\\/\",\"name\":\"Redacci\\u00f3n\",\"image\":{\"@type\":\"ImageObject\",\"@id\":\"https:\\\/\\\/canal4nogoya.com\\\/web\\\/la-despedida-de-messi-a-su-padre\\\/#authorImage\",\"url\":\"https:\\\/\\\/canal4nogoya.com\\\/web\\\/wp-content\\\/litespeed\\\/avatar\\\/1df8586f31106921a2f6ae0d9530296b.jpg?ver=1787987515\",\"width\":96,\"height\":96,\"caption\":\"Redacci\\u00f3n\"}},{\"@type\":\"WebPage\",\"@id\":\"https:\\\/\\\/canal4nogoya.com\\\/web\\\/la-despedida-de-messi-a-su-padre\\\/#webpage\",\"url\":\"https:\\\/\\\/canal4nogoya.com\\\/web\\\/la-despedida-de-messi-a-su-padre\\\/\",\"name\":\"La despedida de Messi a su padre - Canal 4 Nogoy\\u00e1\",\"description\":\"El \\u00faltimo adi\\u00f3s a Jorge Messi se cumpli\\u00f3 este domingo en el cementerio El Prado de Rosario, en una ceremonia \\u00edntima encabezada por Lionel Messi, sus amigos, allegados y toda la familia. El padre del capit\\u00e1n de la Selecci\\u00f3n Argentina muri\\u00f3 el s\\u00e1bado a los 68 a\\u00f1os, en un sanatorio de la ciudad santafesina, tras\",\"inLanguage\":\"es-ES\",\"isPartOf\":{\"@id\":\"https:\\\/\\\/canal4nogoya.com\\\/web\\\/#website\"},\"breadcrumb\":{\"@id\":\"https:\\\/\\\/canal4nogoya.com\\\/web\\\/la-despedida-de-messi-a-su-padre\\\/#breadcrumblist\"},\"author\":{\"@id\":\"https:\\\/\\\/canal4nogoya.com\\\/web\\\/author\\\/gonzalo\\\/#author\"},\"creator\":{\"@id\":\"https:\\\/\\\/canal4nogoya.com\\\/web\\\/author\\\/gonzalo\\\/#author\"},\"image\":{\"@type\":\"ImageObject\",\"url\":\"https:\\\/\\\/canal4nogoya.com\\\/web\\\/wp-content\\\/uploads\\\/2026\\\/08\\\/1-1-1-1-1-1-a-Mess.webp\",\"@id\":\"https:\\\/\\\/canal4nogoya.com\\\/web\\\/la-despedida-de-messi-a-su-padre\\\/#mainImage\",\"width\":450,\"height\":253},\"primaryImageOfPage\":{\"@id\":\"https:\\\/\\\/canal4nogoya.com\\\/web\\\/la-despedida-de-messi-a-su-padre\\\/#mainImage\"},\"datePublished\":\"2026-08-09T22:31:46-03:00\",\"dateModified\":\"2026-08-09T22:32:12-03:00\"},{\"@type\":\"WebSite\",\"@id\":\"https:\\\/\\\/canal4nogoya.com\\\/web\\\/#website\",\"url\":\"https:\\\/\\\/canal4nogoya.com\\\/web\\\/\",\"name\":\"Canal 4 Nogoy\\u00e1\",\"description\":\"Nogoy\\u00e1 Televisora Color\",\"inLanguage\":\"es-ES\",\"publisher\":{\"@id\":\"https:\\\/\\\/canal4nogoya.com\\\/web\\\/#organization\"}}]}\n\t\t<\/script>\n\t\t<!-- All in One SEO -->\n\n","aioseo_head_json":{"title":"La despedida de Messi a su padre - Canal 4 Nogoy\u00e1","description":"El \u00faltimo adi\u00f3s a Jorge Messi se cumpli\u00f3 este domingo en el cementerio El Prado de Rosario, en una ceremonia \u00edntima encabezada por Lionel Messi, sus amigos, allegados y toda la familia. El padre del capit\u00e1n de la Selecci\u00f3n Argentina muri\u00f3 el s\u00e1bado a los 68 a\u00f1os, en un sanatorio de la ciudad santafesina, tras","canonical_url":"https:\/\/canal4nogoya.com\/web\/la-despedida-de-messi-a-su-padre\/","robots":"max-image-preview:large","keywords":"","webmasterTools":{"miscellaneous":""},"schema":{"@context":"https:\/\/schema.org","@graph":[{"@type":"BlogPosting","@id":"https:\/\/canal4nogoya.com\/web\/la-despedida-de-messi-a-su-padre\/#blogposting","name":"La despedida de Messi a su padre - Canal 4 Nogoy\u00e1","headline":"La despedida de Messi a su padre","author":{"@id":"https:\/\/canal4nogoya.com\/web\/author\/gonzalo\/#author"},"publisher":{"@id":"https:\/\/canal4nogoya.com\/web\/#organization"},"image":{"@type":"ImageObject","url":"https:\/\/canal4nogoya.com\/web\/wp-content\/uploads\/2026\/08\/1-1-1-1-1-1-a-Mess.webp","width":450,"height":253},"datePublished":"2026-08-09T22:31:46-03:00","dateModified":"2026-08-09T22:32:12-03:00","inLanguage":"es-ES","mainEntityOfPage":{"@id":"https:\/\/canal4nogoya.com\/web\/la-despedida-de-messi-a-su-padre\/#webpage"},"isPartOf":{"@id":"https:\/\/canal4nogoya.com\/web\/la-despedida-de-messi-a-su-padre\/#webpage"},"articleSection":"Nacionales"},{"@type":"BreadcrumbList","@id":"https:\/\/canal4nogoya.com\/web\/la-despedida-de-messi-a-su-padre\/#breadcrumblist","itemListElement":[{"@type":"ListItem","@id":"https:\/\/canal4nogoya.com\/web#listItem","position":1,"name":"Home","item":"https:\/\/canal4nogoya.com\/web","nextItem":{"@type":"ListItem","@id":"https:\/\/canal4nogoya.com\/web\/category\/nacionales\/#listItem","name":"Nacionales"}},{"@type":"ListItem","@id":"https:\/\/canal4nogoya.com\/web\/category\/nacionales\/#listItem","position":2,"name":"Nacionales","item":"https:\/\/canal4nogoya.com\/web\/category\/nacionales\/","nextItem":{"@type":"ListItem","@id":"https:\/\/canal4nogoya.com\/web\/la-despedida-de-messi-a-su-padre\/#listItem","name":"La despedida de Messi a su padre"},"previousItem":{"@type":"ListItem","@id":"https:\/\/canal4nogoya.com\/web#listItem","name":"Home"}},{"@type":"ListItem","@id":"https:\/\/canal4nogoya.com\/web\/la-despedida-de-messi-a-su-padre\/#listItem","position":3,"name":"La despedida de Messi a su padre","previousItem":{"@type":"ListItem","@id":"https:\/\/canal4nogoya.com\/web\/category\/nacionales\/#listItem","name":"Nacionales"}}]},{"@type":"Organization","@id":"https:\/\/canal4nogoya.com\/web\/#organization","name":"Canal 4 Nogoy\u00e1","description":"Nogoy\u00e1 Televisora Color","url":"https:\/\/canal4nogoya.com\/web\/","logo":{"@type":"ImageObject","url":"https:\/\/canal4nogoya.com\/web\/wp-content\/uploads\/2025\/04\/logos-fondo-blanco.jpg","@id":"https:\/\/canal4nogoya.com\/web\/la-despedida-de-messi-a-su-padre\/#organizationLogo","width":2353,"height":1080},"image":{"@id":"https:\/\/canal4nogoya.com\/web\/la-despedida-de-messi-a-su-padre\/#organizationLogo"}},{"@type":"Person","@id":"https:\/\/canal4nogoya.com\/web\/author\/gonzalo\/#author","url":"https:\/\/canal4nogoya.com\/web\/author\/gonzalo\/","name":"Redacci\u00f3n","image":{"@type":"ImageObject","@id":"https:\/\/canal4nogoya.com\/web\/la-despedida-de-messi-a-su-padre\/#authorImage","url":"https:\/\/canal4nogoya.com\/web\/wp-content\/litespeed\/avatar\/1df8586f31106921a2f6ae0d9530296b.jpg?ver=1787987515","width":96,"height":96,"caption":"Redacci\u00f3n"}},{"@type":"WebPage","@id":"https:\/\/canal4nogoya.com\/web\/la-despedida-de-messi-a-su-padre\/#webpage","url":"https:\/\/canal4nogoya.com\/web\/la-despedida-de-messi-a-su-padre\/","name":"La despedida de Messi a su padre - Canal 4 Nogoy\u00e1","description":"El \u00faltimo adi\u00f3s a Jorge Messi se cumpli\u00f3 este domingo en el cementerio El Prado de Rosario, en una ceremonia \u00edntima encabezada por Lionel Messi, sus amigos, allegados y toda la familia. El padre del capit\u00e1n de la Selecci\u00f3n Argentina muri\u00f3 el s\u00e1bado a los 68 a\u00f1os, en un sanatorio de la ciudad santafesina, tras","inLanguage":"es-ES","isPartOf":{"@id":"https:\/\/canal4nogoya.com\/web\/#website"},"breadcrumb":{"@id":"https:\/\/canal4nogoya.com\/web\/la-despedida-de-messi-a-su-padre\/#breadcrumblist"},"author":{"@id":"https:\/\/canal4nogoya.com\/web\/author\/gonzalo\/#author"},"creator":{"@id":"https:\/\/canal4nogoya.com\/web\/author\/gonzalo\/#author"},"image":{"@type":"ImageObject","url":"https:\/\/canal4nogoya.com\/web\/wp-content\/uploads\/2026\/08\/1-1-1-1-1-1-a-Mess.webp","@id":"https:\/\/canal4nogoya.com\/web\/la-despedida-de-messi-a-su-padre\/#mainImage","width":450,"height":253},"primaryImageOfPage":{"@id":"https:\/\/canal4nogoya.com\/web\/la-despedida-de-messi-a-su-padre\/#mainImage"},"datePublished":"2026-08-09T22:31:46-03:00","dateModified":"2026-08-09T22:32:12-03:00"},{"@type":"WebSite","@id":"https:\/\/canal4nogoya.com\/web\/#website","url":"https:\/\/canal4nogoya.com\/web\/","name":"Canal 4 Nogoy\u00e1","description":"Nogoy\u00e1 Televisora Color","inLanguage":"es-ES","publisher":{"@id":"https:\/\/canal4nogoya.com\/web\/#organization"}}]},"og:locale":"es_ES","og:site_name":"Canal 4 Nogoy\u00e1 - Nogoy\u00e1 Televisora Color","og:type":"article","og:title":"La despedida de Messi a su padre - Canal 4 Nogoy\u00e1","og:description":"El \u00faltimo adi\u00f3s a Jorge Messi se cumpli\u00f3 este domingo en el cementerio El Prado de Rosario, en una ceremonia \u00edntima encabezada por Lionel Messi, sus amigos, allegados y toda la familia. El padre del capit\u00e1n de la Selecci\u00f3n Argentina muri\u00f3 el s\u00e1bado a los 68 a\u00f1os, en un sanatorio de la ciudad santafesina, tras","og:url":"https:\/\/canal4nogoya.com\/web\/la-despedida-de-messi-a-su-padre\/","og:image":"https:\/\/canal4nogoya.com\/web\/wp-content\/uploads\/2026\/08\/1-1-1-1-1-1-a-Mess.webp","og:image:secure_url":"https:\/\/canal4nogoya.com\/web\/wp-content\/uploads\/2026\/08\/1-1-1-1-1-1-a-Mess.webp","og:image:width":450,"og:image:height":253,"article:published_time":"2026-08-10T01:31:46+00:00","article:modified_time":"2026-08-10T01:32:12+00:00","twitter:card":"summary_large_image","twitter:title":"La despedida de Messi a su padre - Canal 4 Nogoy\u00e1","twitter:description":"El \u00faltimo adi\u00f3s a Jorge Messi se cumpli\u00f3 este domingo en el cementerio El Prado de Rosario, en una ceremonia \u00edntima encabezada por Lionel Messi, sus amigos, allegados y toda la familia. El padre del capit\u00e1n de la Selecci\u00f3n Argentina muri\u00f3 el s\u00e1bado a los 68 a\u00f1os, en un sanatorio de la ciudad santafesina, tras","twitter:image":"https:\/\/canal4nogoya.com\/web\/wp-content\/uploads\/2026\/08\/1-1-1-1-1-1-a-Mess.webp"},"aioseo_meta_data":{"post_id":"4562","title":null,"description":null,"keywords":null,"keyphrases":{"focus":{"keyphrase":"","score":0,"analysis":{"keyphraseInTitle":{"score":0,"maxScore":9,"error":1}}},"additional":[]},"primary_term":null,"canonical_url":null,"og_title":null,"og_description":null,"og_object_type":"default","og_image_type":"default","og_image_url":null,"og_image_width":null,"og_image_height":null,"og_image_custom_url":null,"og_image_custom_fields":null,"og_video":"","og_custom_url":null,"og_article_section":null,"og_article_tags":null,"twitter_use_og":false,"twitter_card":"default","twitter_image_type":"default","twitter_image_url":null,"twitter_image_custom_url":null,"twitter_image_custom_fields":null,"twitter_title":null,"twitter_description":null,"schema":{"blockGraphs":[],"customGraphs":[],"default":{"data":{"Article":[],"Course":[],"Dataset":[],"FAQPage":[],"Movie":[],"Person":[],"Product":[],"ProductReview":[],"Car":[],"Recipe":[],"Service":[],"SoftwareApplication":[],"WebPage":[]},"graphName":"BlogPosting","isEnabled":true},"graphs":[]},"schema_type":"default","schema_type_options":null,"pillar_content":false,"robots_default":true,"robots_noindex":false,"robots_noarchive":false,"robots_nosnippet":false,"robots_nofollow":false,"robots_noimageindex":false,"robots_noodp":false,"robots_notranslate":false,"robots_max_snippet":"-1","robots_max_videopreview":"-1","robots_max_imagepreview":"large","priority":null,"frequency":"default","local_seo":null,"breadcrumb_settings":null,"limit_modified_date":false,"ai":{"faqs":[],"keyPoints":[],"schemas":[],"titles":[],"descriptions":[],"socialPosts":{"email":{"subject":"","preview":"","content":""},"linkedin":[],"twitter":[],"facebook":[],"instagram":[]}},"created":"2026-08-10 01:31:48","updated":"2026-08-10 19:06:23","seo_analyzer_scan_date":null,"focus_keyword":null,"additional_keywords":null,"truseo_locale":null},"aioseo_breadcrumb":"<div class=\"aioseo-breadcrumbs\"><span class=\"aioseo-breadcrumb\">\n\t\t\t<a href=\"https:\/\/canal4nogoya.com\/web\" title=\"Home\">Home<\/a>\n\t\t<\/span><span class=\"aioseo-breadcrumb-separator\">&raquo;<\/span><span class=\"aioseo-breadcrumb\">\n\t\t\t<a href=\"https:\/\/canal4nogoya.com\/web\/category\/nacionales\/\" title=\"Nacionales\">Nacionales<\/a>\n\t\t<\/span><span class=\"aioseo-breadcrumb-separator\">&raquo;<\/span><span class=\"aioseo-breadcrumb\">\n\t\t\tLa despedida de Messi a su padre\n\t\t<\/span><\/div>","aioseo_breadcrumb_json":[{"label":"Home","link":"https:\/\/canal4nogoya.com\/web"},{"label":"Nacionales","link":"https:\/\/canal4nogoya.com\/web\/category\/nacionales\/"},{"label":"La despedida de Messi a su padre","link":"https:\/\/canal4nogoya.com\/web\/la-despedida-de-messi-a-su-padre\/"}],"jetpack_featured_media_url":"https:\/\/canal4nogoya.com\/web\/wp-content\/uploads\/2026\/08\/1-1-1-1-1-1-a-Mess.webp","_links":{"self":[{"href":"https:\/\/canal4nogoya.com\/web\/wp-json\/wp\/v2\/posts\/4562","targetHints":{"allow":["GET"]}}],"collection":[{"href":"https:\/\/canal4nogoya.com\/web\/wp-json\/wp\/v2\/posts"}],"about":[{"href":"https:\/\/canal4nogoya.com\/web\/wp-json\/wp\/v2\/types\/post"}],"author":[{"embeddable":true,"href":"https:\/\/canal4nogoya.com\/web\/wp-json\/wp\/v2\/users\/3"}],"replies":[{"embeddable":true,"href":"https:\/\/canal4nogoya.com\/web\/wp-json\/wp\/v2\/comments?post=4562"}],"version-history":[{"count":1,"href":"https:\/\/canal4nogoya.com\/web\/wp-json\/wp\/v2\/posts\/4562\/revisions"}],"predecessor-version":[{"id":4564,"href":"https:\/\/canal4nogoya.com\/web\/wp-json\/wp\/v2\/posts\/4562\/revisions\/4564"}],"wp:featuredmedia":[{"embeddable":true,"href":"https:\/\/canal4nogoya.com\/web\/wp-json\/wp\/v2\/media\/4563"}],"wp:attachment":[{"href":"https:\/\/canal4nogoya.com\/web\/wp-json\/wp\/v2\/media?parent=4562"}],"wp:term":[{"taxonomy":"category","embeddable":true,"href":"https:\/\/canal4nogoya.com\/web\/wp-json\/wp\/v2\/categories?post=4562"},{"taxonomy":"post_tag","embeddable":true,"href":"https:\/\/canal4nogoya.com\/web\/wp-json\/wp\/v2\/tags?post=4562"}],"curies":[{"name":"wp","href":"https:\/\/api.w.org\/{rel}","templated":true}]}}