{"id":4580,"date":"2026-08-11T22:21:35","date_gmt":"2026-08-12T01:21:35","guid":{"rendered":"https:\/\/canal4nogoya.com\/web\/?p=4580"},"modified":"2026-08-11T22:21:38","modified_gmt":"2026-08-12T01:21:38","slug":"choque-de-un-camion-con-una-motocicleta","status":"publish","type":"post","link":"https:\/\/canal4nogoya.com\/web\/choque-de-un-camion-con-una-motocicleta\/","title":{"rendered":"Choque de un cami\u00f3n con una motocicleta"},"content":{"rendered":"\n<p class=\"wp-block-paragraph\"><\/p>\n\n\n\n<p class=\"wp-block-paragraph\">La Jefatura Departamental Nogoy\u00e1,  tom\u00f3 intervenci\u00f3n en un accidente de tr\u00e1nsito ocurrido en la intersecci\u00f3n de Bv. Sarmiento y Fray Retamal.<\/p>\n\n\n\n<p class=\"wp-block-paragraph\"><\/p>\n\n\n\n<p class=\"wp-block-paragraph\"><br>El siniestro fue protagonizado por un cami\u00f3n marca Iveco Tector 90-190, conducido por un hombre, de 50 a\u00f1os, y por una motocicleta en la que circulaban dos j\u00f3venes de 18 y 15 a\u00f1os con domicilio en la ciudad.<\/p>\n\n\n\n<p class=\"wp-block-paragraph\"><br>Como consecuencia del impacto, ambos ocupantes del motoveh\u00edculo fueron trasladados en ambulancia al nosocomio local. Posteriormente, el acompa\u00f1ante fue derivado al Centro de Im\u00e1genes Urquiza para la realizaci\u00f3n de una tomograf\u00eda en la rodilla, diagnostic\u00e1ndosele lesiones de car\u00e1cter leves.<\/p>\n\n\n\n<p class=\"wp-block-paragraph\"><br>En el lugar se comision\u00f3 a personal de Tr\u00e1nsito Municipal y a personal de la Divisi\u00f3n Polic\u00eda Cient\u00edfica &#8211; Secci\u00f3n Fotograf\u00edas, a fin de realizar las tareas de rigor.<\/p>\n\n\n\n<p class=\"wp-block-paragraph\"><br><\/p>\n","protected":false},"excerpt":{"rendered":"<p>La Jefatura Departamental Nogoy\u00e1, tom\u00f3 intervenci\u00f3n en un accidente de tr\u00e1nsito ocurrido en la intersecci\u00f3n de Bv. Sarmiento y Fray Retamal. El siniestro fue protagonizado por un cami\u00f3n marca Iveco Tector 90-190, conducido por un hombre, de 50 a\u00f1os, y por una motocicleta en la que circulaban dos j\u00f3venes de 18 y 15 a\u00f1os con&#8230;<\/p>\n","protected":false},"author":3,"featured_media":4581,"comment_status":"open","ping_status":"closed","sticky":false,"template":"","format":"standard","meta":{"_monsterinsights_skip_tracking":false,"footnotes":""},"categories":[8],"tags":[],"class_list":["post-4580","post","type-post","status-publish","format-standard","has-post-thumbnail","hentry","category-locales"],"aioseo_notices":[],"aioseo_head":"\n\t\t<!-- All in One SEO 5.0.1.1 - aioseo.com -->\n\t<meta name=\"description\" content=\"La Jefatura Departamental Nogoy\u00e1, tom\u00f3 intervenci\u00f3n en un accidente de tr\u00e1nsito ocurrido en la intersecci\u00f3n de Bv. Sarmiento y Fray Retamal. El siniestro fue protagonizado por un cami\u00f3n marca Iveco Tector 90-190, conducido por un hombre, de 50 a\u00f1os, y por una motocicleta en la que circulaban dos j\u00f3venes de 18 y 15 a\u00f1os con\" \/>\n\t<meta name=\"robots\" content=\"max-image-preview:large\" \/>\n\t<meta name=\"author\" content=\"Redacci\u00f3n\"\/>\n\t<link rel=\"canonical\" href=\"https:\/\/canal4nogoya.com\/web\/choque-de-un-camion-con-una-motocicleta\/\" \/>\n\t<meta name=\"generator\" content=\"All in One SEO (AIOSEO) 5.0.1.1\" \/>\n\t\t<meta property=\"og:locale\" content=\"es_ES\" \/>\n\t\t<meta property=\"og:site_name\" content=\"Canal 4 Nogoy\u00e1 - Nogoy\u00e1 Televisora Color\" \/>\n\t\t<meta property=\"og:type\" content=\"article\" \/>\n\t\t<meta property=\"og:title\" content=\"Choque de un cami\u00f3n con una motocicleta - Canal 4 Nogoy\u00e1\" \/>\n\t\t<meta property=\"og:description\" content=\"La Jefatura Departamental Nogoy\u00e1, tom\u00f3 intervenci\u00f3n en un accidente de tr\u00e1nsito ocurrido en la intersecci\u00f3n de Bv. Sarmiento y Fray Retamal. El siniestro fue protagonizado por un cami\u00f3n marca Iveco Tector 90-190, conducido por un hombre, de 50 a\u00f1os, y por una motocicleta en la que circulaban dos j\u00f3venes de 18 y 15 a\u00f1os con\" \/>\n\t\t<meta property=\"og:url\" content=\"https:\/\/canal4nogoya.com\/web\/choque-de-un-camion-con-una-motocicleta\/\" \/>\n\t\t<meta property=\"og:image\" content=\"https:\/\/canal4nogoya.com\/web\/wp-content\/uploads\/2026\/08\/1-1-1-1-1-1-1-a-choq.jpeg\" \/>\n\t\t<meta property=\"og:image:secure_url\" content=\"https:\/\/canal4nogoya.com\/web\/wp-content\/uploads\/2026\/08\/1-1-1-1-1-1-1-a-choq.jpeg\" \/>\n\t\t<meta property=\"og:image:width\" content=\"1600\" \/>\n\t\t<meta property=\"og:image:height\" content=\"1066\" \/>\n\t\t<meta property=\"article:published_time\" content=\"2026-08-12T01:21:35+00:00\" \/>\n\t\t<meta property=\"article:modified_time\" content=\"2026-08-12T01:21:38+00:00\" \/>\n\t\t<meta name=\"twitter:card\" content=\"summary_large_image\" \/>\n\t\t<meta name=\"twitter:title\" content=\"Choque de un cami\u00f3n con una motocicleta - Canal 4 Nogoy\u00e1\" \/>\n\t\t<meta name=\"twitter:description\" content=\"La Jefatura Departamental Nogoy\u00e1, tom\u00f3 intervenci\u00f3n en un accidente de tr\u00e1nsito ocurrido en la intersecci\u00f3n de Bv. Sarmiento y Fray Retamal. El siniestro fue protagonizado por un cami\u00f3n marca Iveco Tector 90-190, conducido por un hombre, de 50 a\u00f1os, y por una motocicleta en la que circulaban dos j\u00f3venes de 18 y 15 a\u00f1os con\" \/>\n\t\t<meta name=\"twitter:image\" content=\"https:\/\/canal4nogoya.com\/web\/wp-content\/uploads\/2026\/08\/1-1-1-1-1-1-1-a-choq.jpeg\" \/>\n\t\t<script type=\"application\/ld+json\" class=\"aioseo-schema\">\n\t\t\t{\"@context\":\"https:\\\/\\\/schema.org\",\"@graph\":[{\"@type\":\"BlogPosting\",\"@id\":\"https:\\\/\\\/canal4nogoya.com\\\/web\\\/choque-de-un-camion-con-una-motocicleta\\\/#blogposting\",\"name\":\"Choque de un cami\\u00f3n con una motocicleta - Canal 4 Nogoy\\u00e1\",\"headline\":\"Choque de un cami\\u00f3n con una motocicleta\",\"author\":{\"@id\":\"https:\\\/\\\/canal4nogoya.com\\\/web\\\/author\\\/gonzalo\\\/#author\"},\"publisher\":{\"@id\":\"https:\\\/\\\/canal4nogoya.com\\\/web\\\/#organization\"},\"image\":{\"@type\":\"ImageObject\",\"url\":\"https:\\\/\\\/canal4nogoya.com\\\/web\\\/wp-content\\\/uploads\\\/2026\\\/08\\\/1-1-1-1-1-1-1-a-choq.jpeg\",\"width\":1600,\"height\":1066},\"datePublished\":\"2026-08-11T22:21:35-03:00\",\"dateModified\":\"2026-08-11T22:21:38-03:00\",\"inLanguage\":\"es-ES\",\"mainEntityOfPage\":{\"@id\":\"https:\\\/\\\/canal4nogoya.com\\\/web\\\/choque-de-un-camion-con-una-motocicleta\\\/#webpage\"},\"isPartOf\":{\"@id\":\"https:\\\/\\\/canal4nogoya.com\\\/web\\\/choque-de-un-camion-con-una-motocicleta\\\/#webpage\"},\"articleSection\":\"Locales\"},{\"@type\":\"BreadcrumbList\",\"@id\":\"https:\\\/\\\/canal4nogoya.com\\\/web\\\/choque-de-un-camion-con-una-motocicleta\\\/#breadcrumblist\",\"itemListElement\":[{\"@type\":\"ListItem\",\"@id\":\"https:\\\/\\\/canal4nogoya.com\\\/web#listItem\",\"position\":1,\"name\":\"Home\",\"item\":\"https:\\\/\\\/canal4nogoya.com\\\/web\",\"nextItem\":{\"@type\":\"ListItem\",\"@id\":\"https:\\\/\\\/canal4nogoya.com\\\/web\\\/category\\\/locales\\\/#listItem\",\"name\":\"Locales\"}},{\"@type\":\"ListItem\",\"@id\":\"https:\\\/\\\/canal4nogoya.com\\\/web\\\/category\\\/locales\\\/#listItem\",\"position\":2,\"name\":\"Locales\",\"item\":\"https:\\\/\\\/canal4nogoya.com\\\/web\\\/category\\\/locales\\\/\",\"nextItem\":{\"@type\":\"ListItem\",\"@id\":\"https:\\\/\\\/canal4nogoya.com\\\/web\\\/choque-de-un-camion-con-una-motocicleta\\\/#listItem\",\"name\":\"Choque de un cami\\u00f3n con una motocicleta\"},\"previousItem\":{\"@type\":\"ListItem\",\"@id\":\"https:\\\/\\\/canal4nogoya.com\\\/web#listItem\",\"name\":\"Home\"}},{\"@type\":\"ListItem\",\"@id\":\"https:\\\/\\\/canal4nogoya.com\\\/web\\\/choque-de-un-camion-con-una-motocicleta\\\/#listItem\",\"position\":3,\"name\":\"Choque de un cami\\u00f3n con una motocicleta\",\"previousItem\":{\"@type\":\"ListItem\",\"@id\":\"https:\\\/\\\/canal4nogoya.com\\\/web\\\/category\\\/locales\\\/#listItem\",\"name\":\"Locales\"}}]},{\"@type\":\"Organization\",\"@id\":\"https:\\\/\\\/canal4nogoya.com\\\/web\\\/#organization\",\"name\":\"Canal 4 Nogoy\\u00e1\",\"description\":\"Nogoy\\u00e1 Televisora Color\",\"url\":\"https:\\\/\\\/canal4nogoya.com\\\/web\\\/\",\"logo\":{\"@type\":\"ImageObject\",\"url\":\"https:\\\/\\\/canal4nogoya.com\\\/web\\\/wp-content\\\/uploads\\\/2025\\\/04\\\/logos-fondo-blanco.jpg\",\"@id\":\"https:\\\/\\\/canal4nogoya.com\\\/web\\\/choque-de-un-camion-con-una-motocicleta\\\/#organizationLogo\",\"width\":2353,\"height\":1080},\"image\":{\"@id\":\"https:\\\/\\\/canal4nogoya.com\\\/web\\\/choque-de-un-camion-con-una-motocicleta\\\/#organizationLogo\"}},{\"@type\":\"Person\",\"@id\":\"https:\\\/\\\/canal4nogoya.com\\\/web\\\/author\\\/gonzalo\\\/#author\",\"url\":\"https:\\\/\\\/canal4nogoya.com\\\/web\\\/author\\\/gonzalo\\\/\",\"name\":\"Redacci\\u00f3n\",\"image\":{\"@type\":\"ImageObject\",\"@id\":\"https:\\\/\\\/canal4nogoya.com\\\/web\\\/choque-de-un-camion-con-una-motocicleta\\\/#authorImage\",\"url\":\"https:\\\/\\\/canal4nogoya.com\\\/web\\\/wp-content\\\/litespeed\\\/avatar\\\/1df8586f31106921a2f6ae0d9530296b.jpg?ver=1787987515\",\"width\":96,\"height\":96,\"caption\":\"Redacci\\u00f3n\"}},{\"@type\":\"WebPage\",\"@id\":\"https:\\\/\\\/canal4nogoya.com\\\/web\\\/choque-de-un-camion-con-una-motocicleta\\\/#webpage\",\"url\":\"https:\\\/\\\/canal4nogoya.com\\\/web\\\/choque-de-un-camion-con-una-motocicleta\\\/\",\"name\":\"Choque de un cami\\u00f3n con una motocicleta - Canal 4 Nogoy\\u00e1\",\"description\":\"La Jefatura Departamental Nogoy\\u00e1, tom\\u00f3 intervenci\\u00f3n en un accidente de tr\\u00e1nsito ocurrido en la intersecci\\u00f3n de Bv. Sarmiento y Fray Retamal. El siniestro fue protagonizado por un cami\\u00f3n marca Iveco Tector 90-190, conducido por un hombre, de 50 a\\u00f1os, y por una motocicleta en la que circulaban dos j\\u00f3venes de 18 y 15 a\\u00f1os con\",\"inLanguage\":\"es-ES\",\"isPartOf\":{\"@id\":\"https:\\\/\\\/canal4nogoya.com\\\/web\\\/#website\"},\"breadcrumb\":{\"@id\":\"https:\\\/\\\/canal4nogoya.com\\\/web\\\/choque-de-un-camion-con-una-motocicleta\\\/#breadcrumblist\"},\"author\":{\"@id\":\"https:\\\/\\\/canal4nogoya.com\\\/web\\\/author\\\/gonzalo\\\/#author\"},\"creator\":{\"@id\":\"https:\\\/\\\/canal4nogoya.com\\\/web\\\/author\\\/gonzalo\\\/#author\"},\"image\":{\"@type\":\"ImageObject\",\"url\":\"https:\\\/\\\/canal4nogoya.com\\\/web\\\/wp-content\\\/uploads\\\/2026\\\/08\\\/1-1-1-1-1-1-1-a-choq.jpeg\",\"@id\":\"https:\\\/\\\/canal4nogoya.com\\\/web\\\/choque-de-un-camion-con-una-motocicleta\\\/#mainImage\",\"width\":1600,\"height\":1066},\"primaryImageOfPage\":{\"@id\":\"https:\\\/\\\/canal4nogoya.com\\\/web\\\/choque-de-un-camion-con-una-motocicleta\\\/#mainImage\"},\"datePublished\":\"2026-08-11T22:21:35-03:00\",\"dateModified\":\"2026-08-11T22:21:38-03:00\"},{\"@type\":\"WebSite\",\"@id\":\"https:\\\/\\\/canal4nogoya.com\\\/web\\\/#website\",\"url\":\"https:\\\/\\\/canal4nogoya.com\\\/web\\\/\",\"name\":\"Canal 4 Nogoy\\u00e1\",\"description\":\"Nogoy\\u00e1 Televisora Color\",\"inLanguage\":\"es-ES\",\"publisher\":{\"@id\":\"https:\\\/\\\/canal4nogoya.com\\\/web\\\/#organization\"}}]}\n\t\t<\/script>\n\t\t<!-- All in One SEO -->\n\n","aioseo_head_json":{"title":"Choque de un cami\u00f3n con una motocicleta - Canal 4 Nogoy\u00e1","description":"La Jefatura Departamental Nogoy\u00e1, tom\u00f3 intervenci\u00f3n en un accidente de tr\u00e1nsito ocurrido en la intersecci\u00f3n de Bv. Sarmiento y Fray Retamal. El siniestro fue protagonizado por un cami\u00f3n marca Iveco Tector 90-190, conducido por un hombre, de 50 a\u00f1os, y por una motocicleta en la que circulaban dos j\u00f3venes de 18 y 15 a\u00f1os con","canonical_url":"https:\/\/canal4nogoya.com\/web\/choque-de-un-camion-con-una-motocicleta\/","robots":"max-image-preview:large","keywords":"","webmasterTools":{"miscellaneous":""},"schema":{"@context":"https:\/\/schema.org","@graph":[{"@type":"BlogPosting","@id":"https:\/\/canal4nogoya.com\/web\/choque-de-un-camion-con-una-motocicleta\/#blogposting","name":"Choque de un cami\u00f3n con una motocicleta - Canal 4 Nogoy\u00e1","headline":"Choque de un cami\u00f3n con una motocicleta","author":{"@id":"https:\/\/canal4nogoya.com\/web\/author\/gonzalo\/#author"},"publisher":{"@id":"https:\/\/canal4nogoya.com\/web\/#organization"},"image":{"@type":"ImageObject","url":"https:\/\/canal4nogoya.com\/web\/wp-content\/uploads\/2026\/08\/1-1-1-1-1-1-1-a-choq.jpeg","width":1600,"height":1066},"datePublished":"2026-08-11T22:21:35-03:00","dateModified":"2026-08-11T22:21:38-03:00","inLanguage":"es-ES","mainEntityOfPage":{"@id":"https:\/\/canal4nogoya.com\/web\/choque-de-un-camion-con-una-motocicleta\/#webpage"},"isPartOf":{"@id":"https:\/\/canal4nogoya.com\/web\/choque-de-un-camion-con-una-motocicleta\/#webpage"},"articleSection":"Locales"},{"@type":"BreadcrumbList","@id":"https:\/\/canal4nogoya.com\/web\/choque-de-un-camion-con-una-motocicleta\/#breadcrumblist","itemListElement":[{"@type":"ListItem","@id":"https:\/\/canal4nogoya.com\/web#listItem","position":1,"name":"Home","item":"https:\/\/canal4nogoya.com\/web","nextItem":{"@type":"ListItem","@id":"https:\/\/canal4nogoya.com\/web\/category\/locales\/#listItem","name":"Locales"}},{"@type":"ListItem","@id":"https:\/\/canal4nogoya.com\/web\/category\/locales\/#listItem","position":2,"name":"Locales","item":"https:\/\/canal4nogoya.com\/web\/category\/locales\/","nextItem":{"@type":"ListItem","@id":"https:\/\/canal4nogoya.com\/web\/choque-de-un-camion-con-una-motocicleta\/#listItem","name":"Choque de un cami\u00f3n con una motocicleta"},"previousItem":{"@type":"ListItem","@id":"https:\/\/canal4nogoya.com\/web#listItem","name":"Home"}},{"@type":"ListItem","@id":"https:\/\/canal4nogoya.com\/web\/choque-de-un-camion-con-una-motocicleta\/#listItem","position":3,"name":"Choque de un cami\u00f3n con una motocicleta","previousItem":{"@type":"ListItem","@id":"https:\/\/canal4nogoya.com\/web\/category\/locales\/#listItem","name":"Locales"}}]},{"@type":"Organization","@id":"https:\/\/canal4nogoya.com\/web\/#organization","name":"Canal 4 Nogoy\u00e1","description":"Nogoy\u00e1 Televisora Color","url":"https:\/\/canal4nogoya.com\/web\/","logo":{"@type":"ImageObject","url":"https:\/\/canal4nogoya.com\/web\/wp-content\/uploads\/2025\/04\/logos-fondo-blanco.jpg","@id":"https:\/\/canal4nogoya.com\/web\/choque-de-un-camion-con-una-motocicleta\/#organizationLogo","width":2353,"height":1080},"image":{"@id":"https:\/\/canal4nogoya.com\/web\/choque-de-un-camion-con-una-motocicleta\/#organizationLogo"}},{"@type":"Person","@id":"https:\/\/canal4nogoya.com\/web\/author\/gonzalo\/#author","url":"https:\/\/canal4nogoya.com\/web\/author\/gonzalo\/","name":"Redacci\u00f3n","image":{"@type":"ImageObject","@id":"https:\/\/canal4nogoya.com\/web\/choque-de-un-camion-con-una-motocicleta\/#authorImage","url":"https:\/\/canal4nogoya.com\/web\/wp-content\/litespeed\/avatar\/1df8586f31106921a2f6ae0d9530296b.jpg?ver=1787987515","width":96,"height":96,"caption":"Redacci\u00f3n"}},{"@type":"WebPage","@id":"https:\/\/canal4nogoya.com\/web\/choque-de-un-camion-con-una-motocicleta\/#webpage","url":"https:\/\/canal4nogoya.com\/web\/choque-de-un-camion-con-una-motocicleta\/","name":"Choque de un cami\u00f3n con una motocicleta - Canal 4 Nogoy\u00e1","description":"La Jefatura Departamental Nogoy\u00e1, tom\u00f3 intervenci\u00f3n en un accidente de tr\u00e1nsito ocurrido en la intersecci\u00f3n de Bv. Sarmiento y Fray Retamal. El siniestro fue protagonizado por un cami\u00f3n marca Iveco Tector 90-190, conducido por un hombre, de 50 a\u00f1os, y por una motocicleta en la que circulaban dos j\u00f3venes de 18 y 15 a\u00f1os con","inLanguage":"es-ES","isPartOf":{"@id":"https:\/\/canal4nogoya.com\/web\/#website"},"breadcrumb":{"@id":"https:\/\/canal4nogoya.com\/web\/choque-de-un-camion-con-una-motocicleta\/#breadcrumblist"},"author":{"@id":"https:\/\/canal4nogoya.com\/web\/author\/gonzalo\/#author"},"creator":{"@id":"https:\/\/canal4nogoya.com\/web\/author\/gonzalo\/#author"},"image":{"@type":"ImageObject","url":"https:\/\/canal4nogoya.com\/web\/wp-content\/uploads\/2026\/08\/1-1-1-1-1-1-1-a-choq.jpeg","@id":"https:\/\/canal4nogoya.com\/web\/choque-de-un-camion-con-una-motocicleta\/#mainImage","width":1600,"height":1066},"primaryImageOfPage":{"@id":"https:\/\/canal4nogoya.com\/web\/choque-de-un-camion-con-una-motocicleta\/#mainImage"},"datePublished":"2026-08-11T22:21:35-03:00","dateModified":"2026-08-11T22:21:38-03:00"},{"@type":"WebSite","@id":"https:\/\/canal4nogoya.com\/web\/#website","url":"https:\/\/canal4nogoya.com\/web\/","name":"Canal 4 Nogoy\u00e1","description":"Nogoy\u00e1 Televisora Color","inLanguage":"es-ES","publisher":{"@id":"https:\/\/canal4nogoya.com\/web\/#organization"}}]},"og:locale":"es_ES","og:site_name":"Canal 4 Nogoy\u00e1 - Nogoy\u00e1 Televisora Color","og:type":"article","og:title":"Choque de un cami\u00f3n con una motocicleta - Canal 4 Nogoy\u00e1","og:description":"La Jefatura Departamental Nogoy\u00e1, tom\u00f3 intervenci\u00f3n en un accidente de tr\u00e1nsito ocurrido en la intersecci\u00f3n de Bv. Sarmiento y Fray Retamal. El siniestro fue protagonizado por un cami\u00f3n marca Iveco Tector 90-190, conducido por un hombre, de 50 a\u00f1os, y por una motocicleta en la que circulaban dos j\u00f3venes de 18 y 15 a\u00f1os con","og:url":"https:\/\/canal4nogoya.com\/web\/choque-de-un-camion-con-una-motocicleta\/","og:image":"https:\/\/canal4nogoya.com\/web\/wp-content\/uploads\/2026\/08\/1-1-1-1-1-1-1-a-choq.jpeg","og:image:secure_url":"https:\/\/canal4nogoya.com\/web\/wp-content\/uploads\/2026\/08\/1-1-1-1-1-1-1-a-choq.jpeg","og:image:width":1600,"og:image:height":1066,"article:published_time":"2026-08-12T01:21:35+00:00","article:modified_time":"2026-08-12T01:21:38+00:00","twitter:card":"summary_large_image","twitter:title":"Choque de un cami\u00f3n con una motocicleta - Canal 4 Nogoy\u00e1","twitter:description":"La Jefatura Departamental Nogoy\u00e1, tom\u00f3 intervenci\u00f3n en un accidente de tr\u00e1nsito ocurrido en la intersecci\u00f3n de Bv. Sarmiento y Fray Retamal. El siniestro fue protagonizado por un cami\u00f3n marca Iveco Tector 90-190, conducido por un hombre, de 50 a\u00f1os, y por una motocicleta en la que circulaban dos j\u00f3venes de 18 y 15 a\u00f1os con","twitter:image":"https:\/\/canal4nogoya.com\/web\/wp-content\/uploads\/2026\/08\/1-1-1-1-1-1-1-a-choq.jpeg"},"aioseo_meta_data":{"post_id":"4580","title":null,"description":null,"keywords":null,"keyphrases":{"focus":{"keyphrase":"","score":0,"analysis":{"keyphraseInTitle":{"score":0,"maxScore":9,"error":1}}},"additional":[]},"primary_term":null,"canonical_url":null,"og_title":null,"og_description":null,"og_object_type":"default","og_image_type":"default","og_image_url":null,"og_image_width":null,"og_image_height":null,"og_image_custom_url":null,"og_image_custom_fields":null,"og_video":"","og_custom_url":null,"og_article_section":null,"og_article_tags":null,"twitter_use_og":false,"twitter_card":"default","twitter_image_type":"default","twitter_image_url":null,"twitter_image_custom_url":null,"twitter_image_custom_fields":null,"twitter_title":null,"twitter_description":null,"schema":{"blockGraphs":[],"customGraphs":[],"default":{"data":{"Article":[],"Course":[],"Dataset":[],"FAQPage":[],"Movie":[],"Person":[],"Product":[],"ProductReview":[],"Car":[],"Recipe":[],"Service":[],"SoftwareApplication":[],"WebPage":[]},"graphName":"BlogPosting","isEnabled":true},"graphs":[]},"schema_type":"default","schema_type_options":null,"pillar_content":false,"robots_default":true,"robots_noindex":false,"robots_noarchive":false,"robots_nosnippet":false,"robots_nofollow":false,"robots_noimageindex":false,"robots_noodp":false,"robots_notranslate":false,"robots_max_snippet":"-1","robots_max_videopreview":"-1","robots_max_imagepreview":"large","priority":null,"frequency":"default","local_seo":null,"breadcrumb_settings":null,"limit_modified_date":false,"ai":{"faqs":[],"keyPoints":[],"schemas":[],"titles":[],"descriptions":[],"socialPosts":{"email":{"subject":"","preview":"","content":""},"linkedin":[],"twitter":[],"facebook":[],"instagram":[]}},"created":"2026-08-12 01:21:38","updated":"2026-08-12 01:22:21","seo_analyzer_scan_date":null,"focus_keyword":null,"additional_keywords":null,"truseo_locale":null},"aioseo_breadcrumb":"<div class=\"aioseo-breadcrumbs\"><span class=\"aioseo-breadcrumb\">\n\t\t\t<a href=\"https:\/\/canal4nogoya.com\/web\" title=\"Home\">Home<\/a>\n\t\t<\/span><span class=\"aioseo-breadcrumb-separator\">&raquo;<\/span><span class=\"aioseo-breadcrumb\">\n\t\t\t<a href=\"https:\/\/canal4nogoya.com\/web\/category\/locales\/\" title=\"Locales\">Locales<\/a>\n\t\t<\/span><span class=\"aioseo-breadcrumb-separator\">&raquo;<\/span><span class=\"aioseo-breadcrumb\">\n\t\t\tChoque de un cami\u00f3n con una motocicleta\n\t\t<\/span><\/div>","aioseo_breadcrumb_json":[{"label":"Home","link":"https:\/\/canal4nogoya.com\/web"},{"label":"Locales","link":"https:\/\/canal4nogoya.com\/web\/category\/locales\/"},{"label":"Choque de un cami\u00f3n con una motocicleta","link":"https:\/\/canal4nogoya.com\/web\/choque-de-un-camion-con-una-motocicleta\/"}],"jetpack_featured_media_url":"https:\/\/canal4nogoya.com\/web\/wp-content\/uploads\/2026\/08\/1-1-1-1-1-1-1-a-choq.jpeg","_links":{"self":[{"href":"https:\/\/canal4nogoya.com\/web\/wp-json\/wp\/v2\/posts\/4580","targetHints":{"allow":["GET"]}}],"collection":[{"href":"https:\/\/canal4nogoya.com\/web\/wp-json\/wp\/v2\/posts"}],"about":[{"href":"https:\/\/canal4nogoya.com\/web\/wp-json\/wp\/v2\/types\/post"}],"author":[{"embeddable":true,"href":"https:\/\/canal4nogoya.com\/web\/wp-json\/wp\/v2\/users\/3"}],"replies":[{"embeddable":true,"href":"https:\/\/canal4nogoya.com\/web\/wp-json\/wp\/v2\/comments?post=4580"}],"version-history":[{"count":1,"href":"https:\/\/canal4nogoya.com\/web\/wp-json\/wp\/v2\/posts\/4580\/revisions"}],"predecessor-version":[{"id":4582,"href":"https:\/\/canal4nogoya.com\/web\/wp-json\/wp\/v2\/posts\/4580\/revisions\/4582"}],"wp:featuredmedia":[{"embeddable":true,"href":"https:\/\/canal4nogoya.com\/web\/wp-json\/wp\/v2\/media\/4581"}],"wp:attachment":[{"href":"https:\/\/canal4nogoya.com\/web\/wp-json\/wp\/v2\/media?parent=4580"}],"wp:term":[{"taxonomy":"category","embeddable":true,"href":"https:\/\/canal4nogoya.com\/web\/wp-json\/wp\/v2\/categories?post=4580"},{"taxonomy":"post_tag","embeddable":true,"href":"https:\/\/canal4nogoya.com\/web\/wp-json\/wp\/v2\/tags?post=4580"}],"curies":[{"name":"wp","href":"https:\/\/api.w.org\/{rel}","templated":true}]}}