{"id":4584,"date":"2026-08-11T22:33:35","date_gmt":"2026-08-12T01:33:35","guid":{"rendered":"https:\/\/canal4nogoya.com\/web\/?p=4584"},"modified":"2026-08-11T22:33:37","modified_gmt":"2026-08-12T01:33:37","slug":"detenido-por-causa-de-abuso-sexual","status":"publish","type":"post","link":"https:\/\/canal4nogoya.com\/web\/detenido-por-causa-de-abuso-sexual\/","title":{"rendered":"Detenido por causa de abuso sexual"},"content":{"rendered":"\n<p class=\"wp-block-paragraph\"><\/p>\n\n\n\n<p class=\"wp-block-paragraph\">En el marco de causa caratulada \u00abNN S\/ ABUSO SEXUAL\u00bb, tramitada ante el Juzgado de Garant\u00edas de Nogoy\u00e1, personal de esta dependencia dio cumplimiento en el d\u00eda de la fecha al diligenciamiento de oficio emanado por la autoridad judicial.<\/p>\n\n\n\n<p class=\"wp-block-paragraph\"><\/p>\n\n\n\n<p class=\"wp-block-paragraph\"><strong><br>La medida se llev\u00f3 a cabo, en un Establecimiento Rural de Don Crist\u00f3bal II \u2013 Dpto. Nogoy\u00e1, donde se procedi\u00f3 a la detenci\u00f3n de un ciudadano de 21 a\u00f1os de edad, domiciliado en esa localidad.<\/strong><\/p>\n\n\n\n<p class=\"wp-block-paragraph\"><\/p>\n\n\n\n<p class=\"wp-block-paragraph\"><br>Durante el procedimiento tambi\u00e9n se realiz\u00f3 el secuestro de (01) tel\u00e9fono celular marca Motorola, color azul, con chip de la empresa Personal, de inter\u00e9s para la causa.<\/p>\n\n\n\n<p class=\"wp-block-paragraph\"><\/p>\n\n\n\n<p class=\"wp-block-paragraph\"><br>El detenido fue trasladado y qued\u00f3 alojado en la jefatura Departamental Nogoya a disposici\u00f3n de la autoridades Judiciales intervinientes.<\/p>\n","protected":false},"excerpt":{"rendered":"<p>En el marco de causa caratulada \u00abNN S\/ ABUSO SEXUAL\u00bb, tramitada ante el Juzgado de Garant\u00edas de Nogoy\u00e1, personal de esta dependencia dio cumplimiento en el d\u00eda de la fecha al diligenciamiento de oficio emanado por la autoridad judicial. La medida se llev\u00f3 a cabo, en un Establecimiento Rural de Don Crist\u00f3bal II \u2013 Dpto&#8230;.<\/p>\n","protected":false},"author":3,"featured_media":4585,"comment_status":"open","ping_status":"closed","sticky":false,"template":"","format":"standard","meta":{"_monsterinsights_skip_tracking":false,"footnotes":""},"categories":[8],"tags":[],"class_list":["post-4584","post","type-post","status-publish","format-standard","has-post-thumbnail","hentry","category-locales"],"aioseo_notices":[],"aioseo_head":"\n\t\t<!-- All in One SEO 5.0.1.1 - aioseo.com -->\n\t<meta name=\"description\" content=\"En el marco de causa caratulada &quot;NN S\/ ABUSO SEXUAL&quot;, tramitada ante el Juzgado de Garant\u00edas de Nogoy\u00e1, personal de esta dependencia dio cumplimiento en el d\u00eda de la fecha al diligenciamiento de oficio emanado por la autoridad judicial. La medida se llev\u00f3 a cabo, en un Establecimiento Rural de Don Crist\u00f3bal II \u2013 Dpto.\" \/>\n\t<meta name=\"robots\" content=\"max-image-preview:large\" \/>\n\t<meta name=\"author\" content=\"Redacci\u00f3n\"\/>\n\t<link rel=\"canonical\" href=\"https:\/\/canal4nogoya.com\/web\/detenido-por-causa-de-abuso-sexual\/\" \/>\n\t<meta name=\"generator\" content=\"All in One SEO (AIOSEO) 5.0.1.1\" \/>\n\t\t<meta property=\"og:locale\" content=\"es_ES\" \/>\n\t\t<meta property=\"og:site_name\" content=\"Canal 4 Nogoy\u00e1 - Nogoy\u00e1 Televisora Color\" \/>\n\t\t<meta property=\"og:type\" content=\"article\" \/>\n\t\t<meta property=\"og:title\" content=\"Detenido por causa de abuso sexual - Canal 4 Nogoy\u00e1\" \/>\n\t\t<meta property=\"og:description\" content=\"En el marco de causa caratulada &quot;NN S\/ ABUSO SEXUAL&quot;, tramitada ante el Juzgado de Garant\u00edas de Nogoy\u00e1, personal de esta dependencia dio cumplimiento en el d\u00eda de la fecha al diligenciamiento de oficio emanado por la autoridad judicial. La medida se llev\u00f3 a cabo, en un Establecimiento Rural de Don Crist\u00f3bal II \u2013 Dpto.\" \/>\n\t\t<meta property=\"og:url\" content=\"https:\/\/canal4nogoya.com\/web\/detenido-por-causa-de-abuso-sexual\/\" \/>\n\t\t<meta property=\"og:image\" content=\"https:\/\/canal4nogoya.com\/web\/wp-content\/uploads\/2026\/08\/1-1-1-1-1-1-a-abus.jpeg\" \/>\n\t\t<meta property=\"og:image:secure_url\" content=\"https:\/\/canal4nogoya.com\/web\/wp-content\/uploads\/2026\/08\/1-1-1-1-1-1-a-abus.jpeg\" \/>\n\t\t<meta property=\"og:image:width\" content=\"720\" \/>\n\t\t<meta property=\"og:image:height\" content=\"895\" \/>\n\t\t<meta property=\"article:published_time\" content=\"2026-08-12T01:33:35+00:00\" \/>\n\t\t<meta property=\"article:modified_time\" content=\"2026-08-12T01:33:37+00:00\" \/>\n\t\t<meta name=\"twitter:card\" content=\"summary_large_image\" \/>\n\t\t<meta name=\"twitter:title\" content=\"Detenido por causa de abuso sexual - Canal 4 Nogoy\u00e1\" \/>\n\t\t<meta name=\"twitter:description\" content=\"En el marco de causa caratulada &quot;NN S\/ ABUSO SEXUAL&quot;, tramitada ante el Juzgado de Garant\u00edas de Nogoy\u00e1, personal de esta dependencia dio cumplimiento en el d\u00eda de la fecha al diligenciamiento de oficio emanado por la autoridad judicial. La medida se llev\u00f3 a cabo, en un Establecimiento Rural de Don Crist\u00f3bal II \u2013 Dpto.\" \/>\n\t\t<meta name=\"twitter:image\" content=\"https:\/\/canal4nogoya.com\/web\/wp-content\/uploads\/2026\/08\/1-1-1-1-1-1-a-abus.jpeg\" \/>\n\t\t<script type=\"application\/ld+json\" class=\"aioseo-schema\">\n\t\t\t{\"@context\":\"https:\\\/\\\/schema.org\",\"@graph\":[{\"@type\":\"BlogPosting\",\"@id\":\"https:\\\/\\\/canal4nogoya.com\\\/web\\\/detenido-por-causa-de-abuso-sexual\\\/#blogposting\",\"name\":\"Detenido por causa de abuso sexual - Canal 4 Nogoy\\u00e1\",\"headline\":\"Detenido por causa de abuso sexual\",\"author\":{\"@id\":\"https:\\\/\\\/canal4nogoya.com\\\/web\\\/author\\\/gonzalo\\\/#author\"},\"publisher\":{\"@id\":\"https:\\\/\\\/canal4nogoya.com\\\/web\\\/#organization\"},\"image\":{\"@type\":\"ImageObject\",\"url\":\"https:\\\/\\\/canal4nogoya.com\\\/web\\\/wp-content\\\/uploads\\\/2026\\\/08\\\/1-1-1-1-1-1-a-abus.jpeg\",\"width\":720,\"height\":895},\"datePublished\":\"2026-08-11T22:33:35-03:00\",\"dateModified\":\"2026-08-11T22:33:37-03:00\",\"inLanguage\":\"es-ES\",\"mainEntityOfPage\":{\"@id\":\"https:\\\/\\\/canal4nogoya.com\\\/web\\\/detenido-por-causa-de-abuso-sexual\\\/#webpage\"},\"isPartOf\":{\"@id\":\"https:\\\/\\\/canal4nogoya.com\\\/web\\\/detenido-por-causa-de-abuso-sexual\\\/#webpage\"},\"articleSection\":\"Locales\"},{\"@type\":\"BreadcrumbList\",\"@id\":\"https:\\\/\\\/canal4nogoya.com\\\/web\\\/detenido-por-causa-de-abuso-sexual\\\/#breadcrumblist\",\"itemListElement\":[{\"@type\":\"ListItem\",\"@id\":\"https:\\\/\\\/canal4nogoya.com\\\/web#listItem\",\"position\":1,\"name\":\"Home\",\"item\":\"https:\\\/\\\/canal4nogoya.com\\\/web\",\"nextItem\":{\"@type\":\"ListItem\",\"@id\":\"https:\\\/\\\/canal4nogoya.com\\\/web\\\/category\\\/locales\\\/#listItem\",\"name\":\"Locales\"}},{\"@type\":\"ListItem\",\"@id\":\"https:\\\/\\\/canal4nogoya.com\\\/web\\\/category\\\/locales\\\/#listItem\",\"position\":2,\"name\":\"Locales\",\"item\":\"https:\\\/\\\/canal4nogoya.com\\\/web\\\/category\\\/locales\\\/\",\"nextItem\":{\"@type\":\"ListItem\",\"@id\":\"https:\\\/\\\/canal4nogoya.com\\\/web\\\/detenido-por-causa-de-abuso-sexual\\\/#listItem\",\"name\":\"Detenido por causa de abuso sexual\"},\"previousItem\":{\"@type\":\"ListItem\",\"@id\":\"https:\\\/\\\/canal4nogoya.com\\\/web#listItem\",\"name\":\"Home\"}},{\"@type\":\"ListItem\",\"@id\":\"https:\\\/\\\/canal4nogoya.com\\\/web\\\/detenido-por-causa-de-abuso-sexual\\\/#listItem\",\"position\":3,\"name\":\"Detenido por causa de abuso sexual\",\"previousItem\":{\"@type\":\"ListItem\",\"@id\":\"https:\\\/\\\/canal4nogoya.com\\\/web\\\/category\\\/locales\\\/#listItem\",\"name\":\"Locales\"}}]},{\"@type\":\"Organization\",\"@id\":\"https:\\\/\\\/canal4nogoya.com\\\/web\\\/#organization\",\"name\":\"Canal 4 Nogoy\\u00e1\",\"description\":\"Nogoy\\u00e1 Televisora Color\",\"url\":\"https:\\\/\\\/canal4nogoya.com\\\/web\\\/\",\"logo\":{\"@type\":\"ImageObject\",\"url\":\"https:\\\/\\\/canal4nogoya.com\\\/web\\\/wp-content\\\/uploads\\\/2025\\\/04\\\/logos-fondo-blanco.jpg\",\"@id\":\"https:\\\/\\\/canal4nogoya.com\\\/web\\\/detenido-por-causa-de-abuso-sexual\\\/#organizationLogo\",\"width\":2353,\"height\":1080},\"image\":{\"@id\":\"https:\\\/\\\/canal4nogoya.com\\\/web\\\/detenido-por-causa-de-abuso-sexual\\\/#organizationLogo\"}},{\"@type\":\"Person\",\"@id\":\"https:\\\/\\\/canal4nogoya.com\\\/web\\\/author\\\/gonzalo\\\/#author\",\"url\":\"https:\\\/\\\/canal4nogoya.com\\\/web\\\/author\\\/gonzalo\\\/\",\"name\":\"Redacci\\u00f3n\",\"image\":{\"@type\":\"ImageObject\",\"@id\":\"https:\\\/\\\/canal4nogoya.com\\\/web\\\/detenido-por-causa-de-abuso-sexual\\\/#authorImage\",\"url\":\"https:\\\/\\\/canal4nogoya.com\\\/web\\\/wp-content\\\/litespeed\\\/avatar\\\/1df8586f31106921a2f6ae0d9530296b.jpg?ver=1787987515\",\"width\":96,\"height\":96,\"caption\":\"Redacci\\u00f3n\"}},{\"@type\":\"WebPage\",\"@id\":\"https:\\\/\\\/canal4nogoya.com\\\/web\\\/detenido-por-causa-de-abuso-sexual\\\/#webpage\",\"url\":\"https:\\\/\\\/canal4nogoya.com\\\/web\\\/detenido-por-causa-de-abuso-sexual\\\/\",\"name\":\"Detenido por causa de abuso sexual - Canal 4 Nogoy\\u00e1\",\"description\":\"En el marco de causa caratulada \\\"NN S\\\/ ABUSO SEXUAL\\\", tramitada ante el Juzgado de Garant\\u00edas de Nogoy\\u00e1, personal de esta dependencia dio cumplimiento en el d\\u00eda de la fecha al diligenciamiento de oficio emanado por la autoridad judicial. La medida se llev\\u00f3 a cabo, en un Establecimiento Rural de Don Crist\\u00f3bal II \\u2013 Dpto.\",\"inLanguage\":\"es-ES\",\"isPartOf\":{\"@id\":\"https:\\\/\\\/canal4nogoya.com\\\/web\\\/#website\"},\"breadcrumb\":{\"@id\":\"https:\\\/\\\/canal4nogoya.com\\\/web\\\/detenido-por-causa-de-abuso-sexual\\\/#breadcrumblist\"},\"author\":{\"@id\":\"https:\\\/\\\/canal4nogoya.com\\\/web\\\/author\\\/gonzalo\\\/#author\"},\"creator\":{\"@id\":\"https:\\\/\\\/canal4nogoya.com\\\/web\\\/author\\\/gonzalo\\\/#author\"},\"image\":{\"@type\":\"ImageObject\",\"url\":\"https:\\\/\\\/canal4nogoya.com\\\/web\\\/wp-content\\\/uploads\\\/2026\\\/08\\\/1-1-1-1-1-1-a-abus.jpeg\",\"@id\":\"https:\\\/\\\/canal4nogoya.com\\\/web\\\/detenido-por-causa-de-abuso-sexual\\\/#mainImage\",\"width\":720,\"height\":895},\"primaryImageOfPage\":{\"@id\":\"https:\\\/\\\/canal4nogoya.com\\\/web\\\/detenido-por-causa-de-abuso-sexual\\\/#mainImage\"},\"datePublished\":\"2026-08-11T22:33:35-03:00\",\"dateModified\":\"2026-08-11T22:33:37-03:00\"},{\"@type\":\"WebSite\",\"@id\":\"https:\\\/\\\/canal4nogoya.com\\\/web\\\/#website\",\"url\":\"https:\\\/\\\/canal4nogoya.com\\\/web\\\/\",\"name\":\"Canal 4 Nogoy\\u00e1\",\"description\":\"Nogoy\\u00e1 Televisora Color\",\"inLanguage\":\"es-ES\",\"publisher\":{\"@id\":\"https:\\\/\\\/canal4nogoya.com\\\/web\\\/#organization\"}}]}\n\t\t<\/script>\n\t\t<!-- All in One SEO -->\n\n","aioseo_head_json":{"title":"Detenido por causa de abuso sexual - Canal 4 Nogoy\u00e1","description":"En el marco de causa caratulada \"NN S\/ ABUSO SEXUAL\", tramitada ante el Juzgado de Garant\u00edas de Nogoy\u00e1, personal de esta dependencia dio cumplimiento en el d\u00eda de la fecha al diligenciamiento de oficio emanado por la autoridad judicial. La medida se llev\u00f3 a cabo, en un Establecimiento Rural de Don Crist\u00f3bal II \u2013 Dpto.","canonical_url":"https:\/\/canal4nogoya.com\/web\/detenido-por-causa-de-abuso-sexual\/","robots":"max-image-preview:large","keywords":"","webmasterTools":{"miscellaneous":""},"schema":{"@context":"https:\/\/schema.org","@graph":[{"@type":"BlogPosting","@id":"https:\/\/canal4nogoya.com\/web\/detenido-por-causa-de-abuso-sexual\/#blogposting","name":"Detenido por causa de abuso sexual - Canal 4 Nogoy\u00e1","headline":"Detenido por causa de abuso sexual","author":{"@id":"https:\/\/canal4nogoya.com\/web\/author\/gonzalo\/#author"},"publisher":{"@id":"https:\/\/canal4nogoya.com\/web\/#organization"},"image":{"@type":"ImageObject","url":"https:\/\/canal4nogoya.com\/web\/wp-content\/uploads\/2026\/08\/1-1-1-1-1-1-a-abus.jpeg","width":720,"height":895},"datePublished":"2026-08-11T22:33:35-03:00","dateModified":"2026-08-11T22:33:37-03:00","inLanguage":"es-ES","mainEntityOfPage":{"@id":"https:\/\/canal4nogoya.com\/web\/detenido-por-causa-de-abuso-sexual\/#webpage"},"isPartOf":{"@id":"https:\/\/canal4nogoya.com\/web\/detenido-por-causa-de-abuso-sexual\/#webpage"},"articleSection":"Locales"},{"@type":"BreadcrumbList","@id":"https:\/\/canal4nogoya.com\/web\/detenido-por-causa-de-abuso-sexual\/#breadcrumblist","itemListElement":[{"@type":"ListItem","@id":"https:\/\/canal4nogoya.com\/web#listItem","position":1,"name":"Home","item":"https:\/\/canal4nogoya.com\/web","nextItem":{"@type":"ListItem","@id":"https:\/\/canal4nogoya.com\/web\/category\/locales\/#listItem","name":"Locales"}},{"@type":"ListItem","@id":"https:\/\/canal4nogoya.com\/web\/category\/locales\/#listItem","position":2,"name":"Locales","item":"https:\/\/canal4nogoya.com\/web\/category\/locales\/","nextItem":{"@type":"ListItem","@id":"https:\/\/canal4nogoya.com\/web\/detenido-por-causa-de-abuso-sexual\/#listItem","name":"Detenido por causa de abuso sexual"},"previousItem":{"@type":"ListItem","@id":"https:\/\/canal4nogoya.com\/web#listItem","name":"Home"}},{"@type":"ListItem","@id":"https:\/\/canal4nogoya.com\/web\/detenido-por-causa-de-abuso-sexual\/#listItem","position":3,"name":"Detenido por causa de abuso sexual","previousItem":{"@type":"ListItem","@id":"https:\/\/canal4nogoya.com\/web\/category\/locales\/#listItem","name":"Locales"}}]},{"@type":"Organization","@id":"https:\/\/canal4nogoya.com\/web\/#organization","name":"Canal 4 Nogoy\u00e1","description":"Nogoy\u00e1 Televisora Color","url":"https:\/\/canal4nogoya.com\/web\/","logo":{"@type":"ImageObject","url":"https:\/\/canal4nogoya.com\/web\/wp-content\/uploads\/2025\/04\/logos-fondo-blanco.jpg","@id":"https:\/\/canal4nogoya.com\/web\/detenido-por-causa-de-abuso-sexual\/#organizationLogo","width":2353,"height":1080},"image":{"@id":"https:\/\/canal4nogoya.com\/web\/detenido-por-causa-de-abuso-sexual\/#organizationLogo"}},{"@type":"Person","@id":"https:\/\/canal4nogoya.com\/web\/author\/gonzalo\/#author","url":"https:\/\/canal4nogoya.com\/web\/author\/gonzalo\/","name":"Redacci\u00f3n","image":{"@type":"ImageObject","@id":"https:\/\/canal4nogoya.com\/web\/detenido-por-causa-de-abuso-sexual\/#authorImage","url":"https:\/\/canal4nogoya.com\/web\/wp-content\/litespeed\/avatar\/1df8586f31106921a2f6ae0d9530296b.jpg?ver=1787987515","width":96,"height":96,"caption":"Redacci\u00f3n"}},{"@type":"WebPage","@id":"https:\/\/canal4nogoya.com\/web\/detenido-por-causa-de-abuso-sexual\/#webpage","url":"https:\/\/canal4nogoya.com\/web\/detenido-por-causa-de-abuso-sexual\/","name":"Detenido por causa de abuso sexual - Canal 4 Nogoy\u00e1","description":"En el marco de causa caratulada \"NN S\/ ABUSO SEXUAL\", tramitada ante el Juzgado de Garant\u00edas de Nogoy\u00e1, personal de esta dependencia dio cumplimiento en el d\u00eda de la fecha al diligenciamiento de oficio emanado por la autoridad judicial. La medida se llev\u00f3 a cabo, en un Establecimiento Rural de Don Crist\u00f3bal II \u2013 Dpto.","inLanguage":"es-ES","isPartOf":{"@id":"https:\/\/canal4nogoya.com\/web\/#website"},"breadcrumb":{"@id":"https:\/\/canal4nogoya.com\/web\/detenido-por-causa-de-abuso-sexual\/#breadcrumblist"},"author":{"@id":"https:\/\/canal4nogoya.com\/web\/author\/gonzalo\/#author"},"creator":{"@id":"https:\/\/canal4nogoya.com\/web\/author\/gonzalo\/#author"},"image":{"@type":"ImageObject","url":"https:\/\/canal4nogoya.com\/web\/wp-content\/uploads\/2026\/08\/1-1-1-1-1-1-a-abus.jpeg","@id":"https:\/\/canal4nogoya.com\/web\/detenido-por-causa-de-abuso-sexual\/#mainImage","width":720,"height":895},"primaryImageOfPage":{"@id":"https:\/\/canal4nogoya.com\/web\/detenido-por-causa-de-abuso-sexual\/#mainImage"},"datePublished":"2026-08-11T22:33:35-03:00","dateModified":"2026-08-11T22:33:37-03:00"},{"@type":"WebSite","@id":"https:\/\/canal4nogoya.com\/web\/#website","url":"https:\/\/canal4nogoya.com\/web\/","name":"Canal 4 Nogoy\u00e1","description":"Nogoy\u00e1 Televisora Color","inLanguage":"es-ES","publisher":{"@id":"https:\/\/canal4nogoya.com\/web\/#organization"}}]},"og:locale":"es_ES","og:site_name":"Canal 4 Nogoy\u00e1 - Nogoy\u00e1 Televisora Color","og:type":"article","og:title":"Detenido por causa de abuso sexual - Canal 4 Nogoy\u00e1","og:description":"En el marco de causa caratulada &quot;NN S\/ ABUSO SEXUAL&quot;, tramitada ante el Juzgado de Garant\u00edas de Nogoy\u00e1, personal de esta dependencia dio cumplimiento en el d\u00eda de la fecha al diligenciamiento de oficio emanado por la autoridad judicial. La medida se llev\u00f3 a cabo, en un Establecimiento Rural de Don Crist\u00f3bal II \u2013 Dpto.","og:url":"https:\/\/canal4nogoya.com\/web\/detenido-por-causa-de-abuso-sexual\/","og:image":"https:\/\/canal4nogoya.com\/web\/wp-content\/uploads\/2026\/08\/1-1-1-1-1-1-a-abus.jpeg","og:image:secure_url":"https:\/\/canal4nogoya.com\/web\/wp-content\/uploads\/2026\/08\/1-1-1-1-1-1-a-abus.jpeg","og:image:width":720,"og:image:height":895,"article:published_time":"2026-08-12T01:33:35+00:00","article:modified_time":"2026-08-12T01:33:37+00:00","twitter:card":"summary_large_image","twitter:title":"Detenido por causa de abuso sexual - Canal 4 Nogoy\u00e1","twitter:description":"En el marco de causa caratulada &quot;NN S\/ ABUSO SEXUAL&quot;, tramitada ante el Juzgado de Garant\u00edas de Nogoy\u00e1, personal de esta dependencia dio cumplimiento en el d\u00eda de la fecha al diligenciamiento de oficio emanado por la autoridad judicial. La medida se llev\u00f3 a cabo, en un Establecimiento Rural de Don Crist\u00f3bal II \u2013 Dpto.","twitter:image":"https:\/\/canal4nogoya.com\/web\/wp-content\/uploads\/2026\/08\/1-1-1-1-1-1-a-abus.jpeg"},"aioseo_meta_data":{"post_id":"4584","title":null,"description":null,"keywords":null,"keyphrases":{"focus":{"keyphrase":"","score":0,"analysis":{"keyphraseInTitle":{"score":0,"maxScore":9,"error":1}}},"additional":[]},"primary_term":null,"canonical_url":null,"og_title":null,"og_description":null,"og_object_type":"default","og_image_type":"default","og_image_url":null,"og_image_width":null,"og_image_height":null,"og_image_custom_url":null,"og_image_custom_fields":null,"og_video":"","og_custom_url":null,"og_article_section":null,"og_article_tags":null,"twitter_use_og":false,"twitter_card":"default","twitter_image_type":"default","twitter_image_url":null,"twitter_image_custom_url":null,"twitter_image_custom_fields":null,"twitter_title":null,"twitter_description":null,"schema":{"blockGraphs":[],"customGraphs":[],"default":{"data":{"Article":[],"Course":[],"Dataset":[],"FAQPage":[],"Movie":[],"Person":[],"Product":[],"ProductReview":[],"Car":[],"Recipe":[],"Service":[],"SoftwareApplication":[],"WebPage":[]},"graphName":"BlogPosting","isEnabled":true},"graphs":[]},"schema_type":"default","schema_type_options":null,"pillar_content":false,"robots_default":true,"robots_noindex":false,"robots_noarchive":false,"robots_nosnippet":false,"robots_nofollow":false,"robots_noimageindex":false,"robots_noodp":false,"robots_notranslate":false,"robots_max_snippet":"-1","robots_max_videopreview":"-1","robots_max_imagepreview":"large","priority":null,"frequency":"default","local_seo":null,"breadcrumb_settings":null,"limit_modified_date":false,"ai":{"faqs":[],"keyPoints":[],"schemas":[],"titles":[],"descriptions":[],"socialPosts":{"email":{"subject":"","preview":"","content":""},"linkedin":[],"twitter":[],"facebook":[],"instagram":[]}},"created":"2026-08-12 01:33:37","updated":"2026-08-12 04:12:17","seo_analyzer_scan_date":null,"focus_keyword":null,"additional_keywords":null,"truseo_locale":null},"aioseo_breadcrumb":"<div class=\"aioseo-breadcrumbs\"><span class=\"aioseo-breadcrumb\">\n\t\t\t<a href=\"https:\/\/canal4nogoya.com\/web\" title=\"Home\">Home<\/a>\n\t\t<\/span><span class=\"aioseo-breadcrumb-separator\">&raquo;<\/span><span class=\"aioseo-breadcrumb\">\n\t\t\t<a href=\"https:\/\/canal4nogoya.com\/web\/category\/locales\/\" title=\"Locales\">Locales<\/a>\n\t\t<\/span><span class=\"aioseo-breadcrumb-separator\">&raquo;<\/span><span class=\"aioseo-breadcrumb\">\n\t\t\tDetenido por causa de abuso sexual\n\t\t<\/span><\/div>","aioseo_breadcrumb_json":[{"label":"Home","link":"https:\/\/canal4nogoya.com\/web"},{"label":"Locales","link":"https:\/\/canal4nogoya.com\/web\/category\/locales\/"},{"label":"Detenido por causa de abuso sexual","link":"https:\/\/canal4nogoya.com\/web\/detenido-por-causa-de-abuso-sexual\/"}],"jetpack_featured_media_url":"https:\/\/canal4nogoya.com\/web\/wp-content\/uploads\/2026\/08\/1-1-1-1-1-1-a-abus.jpeg","_links":{"self":[{"href":"https:\/\/canal4nogoya.com\/web\/wp-json\/wp\/v2\/posts\/4584","targetHints":{"allow":["GET"]}}],"collection":[{"href":"https:\/\/canal4nogoya.com\/web\/wp-json\/wp\/v2\/posts"}],"about":[{"href":"https:\/\/canal4nogoya.com\/web\/wp-json\/wp\/v2\/types\/post"}],"author":[{"embeddable":true,"href":"https:\/\/canal4nogoya.com\/web\/wp-json\/wp\/v2\/users\/3"}],"replies":[{"embeddable":true,"href":"https:\/\/canal4nogoya.com\/web\/wp-json\/wp\/v2\/comments?post=4584"}],"version-history":[{"count":1,"href":"https:\/\/canal4nogoya.com\/web\/wp-json\/wp\/v2\/posts\/4584\/revisions"}],"predecessor-version":[{"id":4586,"href":"https:\/\/canal4nogoya.com\/web\/wp-json\/wp\/v2\/posts\/4584\/revisions\/4586"}],"wp:featuredmedia":[{"embeddable":true,"href":"https:\/\/canal4nogoya.com\/web\/wp-json\/wp\/v2\/media\/4585"}],"wp:attachment":[{"href":"https:\/\/canal4nogoya.com\/web\/wp-json\/wp\/v2\/media?parent=4584"}],"wp:term":[{"taxonomy":"category","embeddable":true,"href":"https:\/\/canal4nogoya.com\/web\/wp-json\/wp\/v2\/categories?post=4584"},{"taxonomy":"post_tag","embeddable":true,"href":"https:\/\/canal4nogoya.com\/web\/wp-json\/wp\/v2\/tags?post=4584"}],"curies":[{"name":"wp","href":"https:\/\/api.w.org\/{rel}","templated":true}]}}