{"id":4587,"date":"2026-08-12T11:43:21","date_gmt":"2026-08-12T14:43:21","guid":{"rendered":"https:\/\/canal4nogoya.com\/web\/?p=4587"},"modified":"2026-08-12T11:44:16","modified_gmt":"2026-08-12T14:44:16","slug":"una-ciudad-tambien-necesita-verse","status":"publish","type":"post","link":"https:\/\/canal4nogoya.com\/web\/una-ciudad-tambien-necesita-verse\/","title":{"rendered":"\u00abUna ciudad tambi\u00e9n necesita verse\u00bb"},"content":{"rendered":"\n<p class=\"wp-block-paragraph\"><\/p>\n\n\n\n<p class=\"wp-block-paragraph\"><strong>Por Pablo Marcosich<\/strong><\/p>\n\n\n\n<p class=\"wp-block-paragraph\"><\/p>\n\n\n\n<p class=\"wp-block-paragraph\">Hoy es el D\u00eda del Trabajador de la Televisi\u00f3n.<br>Y quiz\u00e1s sea una buena oportunidad para pensar qu\u00e9 significa tener un canal de televisi\u00f3n en una ciudad peque\u00f1a.<br>Porque en las grandes ciudades la televisi\u00f3n puede parecer simplemente un medio de comunicaci\u00f3n.<\/p>\n\n\n\n<p class=\"wp-block-paragraph\"><br>Pero en una comunidad como la nuestra es algo m\u00e1s. Es memoria. Es cercan\u00eda. Es identidad.<br>Un canal local es ese lugar donde aparece el vecino que conocemos. La escuela de nuestros hijos. El club del barrio. El deportista que consigui\u00f3 una medalla y quiz\u00e1s nunca llegar\u00e1 a una pantalla nacional. El artista que necesita un escenario. La instituci\u00f3n que trabaja silenciosamente. El comerciante que todos los d\u00edas levanta su persiana. El jubilado que tiene una historia para contar. La fiesta de nuestro pueblo. Nuestros problemas. Nuestros sue\u00f1os. Nuestra gente.<\/p>\n\n\n\n<p class=\"wp-block-paragraph\"><br>Porque una televisi\u00f3n local tiene una enorme responsabilidad: hacer visible aquello que para los grandes medios muchas veces resulta invisible. Y eso tiene un valor inmenso.<br>Una ciudad tambi\u00e9n necesita verse<br>Necesitamos reconocernos.<\/p>\n\n\n\n<p class=\"wp-block-paragraph\"><br>Saber qu\u00e9 est\u00e1 pasando a pocas cuadras de nuestra casa.<br>Conocer a quienes hacen cosas importantes sin buscar notoriedad.<br>Escuchar distintas voces.<\/p>\n\n\n\n<figure class=\"wp-block-gallery has-nested-images columns-default is-cropped wp-block-gallery-1 is-layout-flex wp-block-gallery-is-layout-flex\">\n<figure class=\"wp-block-image size-large\"><img loading=\"lazy\" decoding=\"async\" width=\"1024\" height=\"730\" data-id=\"4588\" src=\"https:\/\/canal4nogoya.com\/web\/wp-content\/uploads\/2026\/08\/1-1-1-1-1-1-1-a-Di-V-1024x730.jpeg\" alt=\"\" class=\"wp-image-4588\" srcset=\"https:\/\/canal4nogoya.com\/web\/wp-content\/uploads\/2026\/08\/1-1-1-1-1-1-1-a-Di-V-1024x730.jpeg 1024w, https:\/\/canal4nogoya.com\/web\/wp-content\/uploads\/2026\/08\/1-1-1-1-1-1-1-a-Di-V-300x214.jpeg 300w, https:\/\/canal4nogoya.com\/web\/wp-content\/uploads\/2026\/08\/1-1-1-1-1-1-1-a-Di-V-768x548.jpeg 768w, https:\/\/canal4nogoya.com\/web\/wp-content\/uploads\/2026\/08\/1-1-1-1-1-1-1-a-Di-V.jpeg 1080w\" sizes=\"auto, (max-width: 1024px) 100vw, 1024px\" \/><\/figure>\n<\/figure>\n\n\n\n<p class=\"wp-block-paragraph\"><br>Guardar im\u00e1genes que dentro de veinte o treinta a\u00f1os ser\u00e1n parte de nuestra memoria colectiva.<br>Porque pensemos por un instante en algo: \u00bfCu\u00e1ntos acontecimientos de nuestra historia reciente conocemos hoy porque alguna vez hubo una c\u00e1mara encendida?<br>Una fiesta.<br>Una entrevista.<br>Una inauguraci\u00f3n.<br>Una escuela cumpliendo a\u00f1os.<br>Un personaje querido que ya no est\u00e1.<br>Una calle que cambi\u00f3.<br>Un paisaje que desapareci\u00f3.<\/p>\n\n\n\n<p class=\"wp-block-paragraph\"><br>Personas que quiz\u00e1s hoy podemos volver a escuchar solamente porque alguien tuvo la decisi\u00f3n de grabarlas.<br>Entonces comprendemos que un canal local no solamente cuenta el presente.<\/p>\n\n\n\n<p class=\"wp-block-paragraph\"><br>Tambi\u00e9n est\u00e1 construyendo el archivo de la memoria de una comunidad. Y detr\u00e1s de esa pantalla hay personas<br>Hay camar\u00f3grafos. T\u00e9cnicos. Editores. Productores. Periodistas. Conductores. Administrativos.<\/p>\n\n\n\n<p class=\"wp-block-paragraph\"><br>Personas que instalan un cable, preparan una luz, revisan un sonido o llegan antes que todos para que cuando se encienda la pantalla todo funcione.<\/p>\n\n\n\n<p class=\"wp-block-paragraph\"><br>Muchas veces el televidente solamente ve el resultado. Pero detr\u00e1s de cada minuto al aire hay trabajo, compromiso y vocaci\u00f3n.<br>Por eso hoy debemos reconocer a quienes est\u00e1n delante de c\u00e1mara y, especialmente, a quienes trabajan detr\u00e1s de ella. A los que estuvieron antes. A quienes est\u00e1n hoy. Y a quienes hicieron posible que nuestra ciudad pudiera tener una televisi\u00f3n propia.<\/p>\n\n\n\n<p class=\"wp-block-paragraph\"><br>Porque trabajar en un medio local tambi\u00e9n significa asumir un compromiso con el lugar donde vivimos. Contar sus alegr\u00edas sin exagerarlas. Mostrar sus problemas sin aprovecharse de ellos. Preguntar cuando hay que preguntar. Escuchar cuando hay que escuchar. Y comprender que del otro lado de la c\u00e1mara no hay solamente una audiencia:<br>hay vecinos.<\/p>\n\n\n\n<figure class=\"wp-block-gallery has-nested-images columns-default is-cropped wp-block-gallery-2 is-layout-flex wp-block-gallery-is-layout-flex\">\n<figure class=\"wp-block-image size-large\"><img loading=\"lazy\" decoding=\"async\" width=\"1024\" height=\"944\" data-id=\"4589\" src=\"https:\/\/canal4nogoya.com\/web\/wp-content\/uploads\/2026\/08\/1-1-1-1-1-11-a-d-Sm-1024x944.jpeg\" alt=\"\" class=\"wp-image-4589\" srcset=\"https:\/\/canal4nogoya.com\/web\/wp-content\/uploads\/2026\/08\/1-1-1-1-1-11-a-d-Sm-1024x944.jpeg 1024w, https:\/\/canal4nogoya.com\/web\/wp-content\/uploads\/2026\/08\/1-1-1-1-1-11-a-d-Sm-300x276.jpeg 300w, https:\/\/canal4nogoya.com\/web\/wp-content\/uploads\/2026\/08\/1-1-1-1-1-11-a-d-Sm-768x708.jpeg 768w, https:\/\/canal4nogoya.com\/web\/wp-content\/uploads\/2026\/08\/1-1-1-1-1-11-a-d-Sm.jpeg 1172w\" sizes=\"auto, (max-width: 1024px) 100vw, 1024px\" \/><\/figure>\n<\/figure>\n\n\n\n<p class=\"wp-block-paragraph\"><br>Quiz\u00e1s esa sea la verdadera grandeza de una televisi\u00f3n en una ciudad peque\u00f1a. No necesitar millones de espectadores para sentirse importante. Porque a veces alcanza con que una familia pueda ver a su hijo en un acto escolar. Con que un artista tenga por primera vez la posibilidad de mostrar lo que hace. Con que una instituci\u00f3n pueda contar lo que necesita. Con que un vecino encuentre un lugar donde su voz sea escuchada.<\/p>\n\n\n\n<p class=\"wp-block-paragraph\"><br>La televisi\u00f3n local no solamente transmite im\u00e1genes. Transmite pertenencia.<br>Y mientras exista una c\u00e1mara dispuesta a mirar nuestra gente, nuestras calles, nuestros problemas, nuestras alegr\u00edas y nuestros sue\u00f1os, habr\u00e1 una comunidad que podr\u00e1 seguir contando su propia historia.<\/p>\n\n\n\n<p class=\"wp-block-paragraph\"><br>Feliz d\u00eda a todos los trabajadores de la televisi\u00f3n.<\/p>\n\n\n\n<p class=\"wp-block-paragraph\"><br>Y gracias a quienes, cada d\u00eda, hacen posible algo maravilloso: que una ciudad pueda mirarse en una pantalla y reconocerse en ella.<\/p>\n","protected":false},"excerpt":{"rendered":"<p>Por Pablo Marcosich Hoy es el D\u00eda del Trabajador de la Televisi\u00f3n.Y quiz\u00e1s sea una buena oportunidad para pensar qu\u00e9 significa tener un canal de televisi\u00f3n en una ciudad peque\u00f1a.Porque en las grandes ciudades la televisi\u00f3n puede parecer simplemente un medio de comunicaci\u00f3n. Pero en una comunidad como la nuestra es algo m\u00e1s. Es memoria&#8230;.<\/p>\n","protected":false},"author":3,"featured_media":4590,"comment_status":"open","ping_status":"closed","sticky":false,"template":"","format":"standard","meta":{"_monsterinsights_skip_tracking":false,"footnotes":""},"categories":[8],"tags":[],"class_list":["post-4587","post","type-post","status-publish","format-standard","has-post-thumbnail","hentry","category-locales"],"aioseo_notices":[],"aioseo_head":"\n\t\t<!-- All in One SEO 5.0.1.1 - aioseo.com -->\n\t<meta name=\"description\" content=\"Por Pablo Marcosich Hoy es el D\u00eda del Trabajador de la Televisi\u00f3n.Y quiz\u00e1s sea una buena oportunidad para pensar qu\u00e9 significa tener un canal de televisi\u00f3n en una ciudad peque\u00f1a.Porque en las grandes ciudades la televisi\u00f3n puede parecer simplemente un medio de comunicaci\u00f3n. Pero en una comunidad como la nuestra es algo m\u00e1s. Es memoria.\" \/>\n\t<meta name=\"robots\" content=\"max-image-preview:large\" \/>\n\t<meta name=\"author\" content=\"Redacci\u00f3n\"\/>\n\t<link rel=\"canonical\" href=\"https:\/\/canal4nogoya.com\/web\/una-ciudad-tambien-necesita-verse\/\" \/>\n\t<meta name=\"generator\" content=\"All in One SEO (AIOSEO) 5.0.1.1\" \/>\n\t\t<meta property=\"og:locale\" content=\"es_ES\" \/>\n\t\t<meta property=\"og:site_name\" content=\"Canal 4 Nogoy\u00e1 - Nogoy\u00e1 Televisora Color\" \/>\n\t\t<meta property=\"og:type\" content=\"article\" \/>\n\t\t<meta property=\"og:title\" content=\"\u00abUna ciudad tambi\u00e9n necesita verse\u00bb - Canal 4 Nogoy\u00e1\" \/>\n\t\t<meta property=\"og:description\" content=\"Por Pablo Marcosich Hoy es el D\u00eda del Trabajador de la Televisi\u00f3n.Y quiz\u00e1s sea una buena oportunidad para pensar qu\u00e9 significa tener un canal de televisi\u00f3n en una ciudad peque\u00f1a.Porque en las grandes ciudades la televisi\u00f3n puede parecer simplemente un medio de comunicaci\u00f3n. Pero en una comunidad como la nuestra es algo m\u00e1s. Es memoria.\" \/>\n\t\t<meta property=\"og:url\" content=\"https:\/\/canal4nogoya.com\/web\/una-ciudad-tambien-necesita-verse\/\" \/>\n\t\t<meta property=\"og:image\" content=\"https:\/\/canal4nogoya.com\/web\/wp-content\/uploads\/2026\/08\/1-1-1-1-1-1-1-1-a-d-S.jpeg\" \/>\n\t\t<meta property=\"og:image:secure_url\" content=\"https:\/\/canal4nogoya.com\/web\/wp-content\/uploads\/2026\/08\/1-1-1-1-1-1-1-1-a-d-S.jpeg\" \/>\n\t\t<meta property=\"og:image:width\" content=\"1080\" \/>\n\t\t<meta property=\"og:image:height\" content=\"715\" \/>\n\t\t<meta property=\"article:published_time\" content=\"2026-08-12T14:43:21+00:00\" \/>\n\t\t<meta property=\"article:modified_time\" content=\"2026-08-12T14:44:16+00:00\" \/>\n\t\t<meta name=\"twitter:card\" content=\"summary_large_image\" \/>\n\t\t<meta name=\"twitter:title\" content=\"\u00abUna ciudad tambi\u00e9n necesita verse\u00bb - Canal 4 Nogoy\u00e1\" \/>\n\t\t<meta name=\"twitter:description\" content=\"Por Pablo Marcosich Hoy es el D\u00eda del Trabajador de la Televisi\u00f3n.Y quiz\u00e1s sea una buena oportunidad para pensar qu\u00e9 significa tener un canal de televisi\u00f3n en una ciudad peque\u00f1a.Porque en las grandes ciudades la televisi\u00f3n puede parecer simplemente un medio de comunicaci\u00f3n. Pero en una comunidad como la nuestra es algo m\u00e1s. Es memoria.\" \/>\n\t\t<meta name=\"twitter:image\" content=\"https:\/\/canal4nogoya.com\/web\/wp-content\/uploads\/2026\/08\/1-1-1-1-1-1-1-1-a-d-S.jpeg\" \/>\n\t\t<script type=\"application\/ld+json\" class=\"aioseo-schema\">\n\t\t\t{\"@context\":\"https:\\\/\\\/schema.org\",\"@graph\":[{\"@type\":\"BlogPosting\",\"@id\":\"https:\\\/\\\/canal4nogoya.com\\\/web\\\/una-ciudad-tambien-necesita-verse\\\/#blogposting\",\"name\":\"\\u00abUna ciudad tambi\\u00e9n necesita verse\\u00bb - Canal 4 Nogoy\\u00e1\",\"headline\":\"\\u00abUna ciudad tambi\\u00e9n necesita verse\\u00bb\",\"author\":{\"@id\":\"https:\\\/\\\/canal4nogoya.com\\\/web\\\/author\\\/gonzalo\\\/#author\"},\"publisher\":{\"@id\":\"https:\\\/\\\/canal4nogoya.com\\\/web\\\/#organization\"},\"image\":{\"@type\":\"ImageObject\",\"url\":\"https:\\\/\\\/canal4nogoya.com\\\/web\\\/wp-content\\\/uploads\\\/2026\\\/08\\\/1-1-1-1-1-1-1-1-a-d-S.jpeg\",\"width\":1080,\"height\":715},\"datePublished\":\"2026-08-12T11:43:21-03:00\",\"dateModified\":\"2026-08-12T11:44:16-03:00\",\"inLanguage\":\"es-ES\",\"mainEntityOfPage\":{\"@id\":\"https:\\\/\\\/canal4nogoya.com\\\/web\\\/una-ciudad-tambien-necesita-verse\\\/#webpage\"},\"isPartOf\":{\"@id\":\"https:\\\/\\\/canal4nogoya.com\\\/web\\\/una-ciudad-tambien-necesita-verse\\\/#webpage\"},\"articleSection\":\"Locales\"},{\"@type\":\"BreadcrumbList\",\"@id\":\"https:\\\/\\\/canal4nogoya.com\\\/web\\\/una-ciudad-tambien-necesita-verse\\\/#breadcrumblist\",\"itemListElement\":[{\"@type\":\"ListItem\",\"@id\":\"https:\\\/\\\/canal4nogoya.com\\\/web#listItem\",\"position\":1,\"name\":\"Home\",\"item\":\"https:\\\/\\\/canal4nogoya.com\\\/web\",\"nextItem\":{\"@type\":\"ListItem\",\"@id\":\"https:\\\/\\\/canal4nogoya.com\\\/web\\\/category\\\/locales\\\/#listItem\",\"name\":\"Locales\"}},{\"@type\":\"ListItem\",\"@id\":\"https:\\\/\\\/canal4nogoya.com\\\/web\\\/category\\\/locales\\\/#listItem\",\"position\":2,\"name\":\"Locales\",\"item\":\"https:\\\/\\\/canal4nogoya.com\\\/web\\\/category\\\/locales\\\/\",\"nextItem\":{\"@type\":\"ListItem\",\"@id\":\"https:\\\/\\\/canal4nogoya.com\\\/web\\\/una-ciudad-tambien-necesita-verse\\\/#listItem\",\"name\":\"\\u00abUna ciudad tambi\\u00e9n necesita verse\\u00bb\"},\"previousItem\":{\"@type\":\"ListItem\",\"@id\":\"https:\\\/\\\/canal4nogoya.com\\\/web#listItem\",\"name\":\"Home\"}},{\"@type\":\"ListItem\",\"@id\":\"https:\\\/\\\/canal4nogoya.com\\\/web\\\/una-ciudad-tambien-necesita-verse\\\/#listItem\",\"position\":3,\"name\":\"\\u00abUna ciudad tambi\\u00e9n necesita verse\\u00bb\",\"previousItem\":{\"@type\":\"ListItem\",\"@id\":\"https:\\\/\\\/canal4nogoya.com\\\/web\\\/category\\\/locales\\\/#listItem\",\"name\":\"Locales\"}}]},{\"@type\":\"Organization\",\"@id\":\"https:\\\/\\\/canal4nogoya.com\\\/web\\\/#organization\",\"name\":\"Canal 4 Nogoy\\u00e1\",\"description\":\"Nogoy\\u00e1 Televisora Color\",\"url\":\"https:\\\/\\\/canal4nogoya.com\\\/web\\\/\",\"logo\":{\"@type\":\"ImageObject\",\"url\":\"https:\\\/\\\/canal4nogoya.com\\\/web\\\/wp-content\\\/uploads\\\/2025\\\/04\\\/logos-fondo-blanco.jpg\",\"@id\":\"https:\\\/\\\/canal4nogoya.com\\\/web\\\/una-ciudad-tambien-necesita-verse\\\/#organizationLogo\",\"width\":2353,\"height\":1080},\"image\":{\"@id\":\"https:\\\/\\\/canal4nogoya.com\\\/web\\\/una-ciudad-tambien-necesita-verse\\\/#organizationLogo\"}},{\"@type\":\"Person\",\"@id\":\"https:\\\/\\\/canal4nogoya.com\\\/web\\\/author\\\/gonzalo\\\/#author\",\"url\":\"https:\\\/\\\/canal4nogoya.com\\\/web\\\/author\\\/gonzalo\\\/\",\"name\":\"Redacci\\u00f3n\",\"image\":{\"@type\":\"ImageObject\",\"@id\":\"https:\\\/\\\/canal4nogoya.com\\\/web\\\/una-ciudad-tambien-necesita-verse\\\/#authorImage\",\"url\":\"https:\\\/\\\/canal4nogoya.com\\\/web\\\/wp-content\\\/litespeed\\\/avatar\\\/1df8586f31106921a2f6ae0d9530296b.jpg?ver=1787987515\",\"width\":96,\"height\":96,\"caption\":\"Redacci\\u00f3n\"}},{\"@type\":\"WebPage\",\"@id\":\"https:\\\/\\\/canal4nogoya.com\\\/web\\\/una-ciudad-tambien-necesita-verse\\\/#webpage\",\"url\":\"https:\\\/\\\/canal4nogoya.com\\\/web\\\/una-ciudad-tambien-necesita-verse\\\/\",\"name\":\"\\u00abUna ciudad tambi\\u00e9n necesita verse\\u00bb - Canal 4 Nogoy\\u00e1\",\"description\":\"Por Pablo Marcosich Hoy es el D\\u00eda del Trabajador de la Televisi\\u00f3n.Y quiz\\u00e1s sea una buena oportunidad para pensar qu\\u00e9 significa tener un canal de televisi\\u00f3n en una ciudad peque\\u00f1a.Porque en las grandes ciudades la televisi\\u00f3n puede parecer simplemente un medio de comunicaci\\u00f3n. Pero en una comunidad como la nuestra es algo m\\u00e1s. Es memoria.\",\"inLanguage\":\"es-ES\",\"isPartOf\":{\"@id\":\"https:\\\/\\\/canal4nogoya.com\\\/web\\\/#website\"},\"breadcrumb\":{\"@id\":\"https:\\\/\\\/canal4nogoya.com\\\/web\\\/una-ciudad-tambien-necesita-verse\\\/#breadcrumblist\"},\"author\":{\"@id\":\"https:\\\/\\\/canal4nogoya.com\\\/web\\\/author\\\/gonzalo\\\/#author\"},\"creator\":{\"@id\":\"https:\\\/\\\/canal4nogoya.com\\\/web\\\/author\\\/gonzalo\\\/#author\"},\"image\":{\"@type\":\"ImageObject\",\"url\":\"https:\\\/\\\/canal4nogoya.com\\\/web\\\/wp-content\\\/uploads\\\/2026\\\/08\\\/1-1-1-1-1-1-1-1-a-d-S.jpeg\",\"@id\":\"https:\\\/\\\/canal4nogoya.com\\\/web\\\/una-ciudad-tambien-necesita-verse\\\/#mainImage\",\"width\":1080,\"height\":715},\"primaryImageOfPage\":{\"@id\":\"https:\\\/\\\/canal4nogoya.com\\\/web\\\/una-ciudad-tambien-necesita-verse\\\/#mainImage\"},\"datePublished\":\"2026-08-12T11:43:21-03:00\",\"dateModified\":\"2026-08-12T11:44:16-03:00\"},{\"@type\":\"WebSite\",\"@id\":\"https:\\\/\\\/canal4nogoya.com\\\/web\\\/#website\",\"url\":\"https:\\\/\\\/canal4nogoya.com\\\/web\\\/\",\"name\":\"Canal 4 Nogoy\\u00e1\",\"description\":\"Nogoy\\u00e1 Televisora Color\",\"inLanguage\":\"es-ES\",\"publisher\":{\"@id\":\"https:\\\/\\\/canal4nogoya.com\\\/web\\\/#organization\"}}]}\n\t\t<\/script>\n\t\t<!-- All in One SEO -->\n\n","aioseo_head_json":{"title":"\u00abUna ciudad tambi\u00e9n necesita verse\u00bb - Canal 4 Nogoy\u00e1","description":"Por Pablo Marcosich Hoy es el D\u00eda del Trabajador de la Televisi\u00f3n.Y quiz\u00e1s sea una buena oportunidad para pensar qu\u00e9 significa tener un canal de televisi\u00f3n en una ciudad peque\u00f1a.Porque en las grandes ciudades la televisi\u00f3n puede parecer simplemente un medio de comunicaci\u00f3n. Pero en una comunidad como la nuestra es algo m\u00e1s. Es memoria.","canonical_url":"https:\/\/canal4nogoya.com\/web\/una-ciudad-tambien-necesita-verse\/","robots":"max-image-preview:large","keywords":"","webmasterTools":{"miscellaneous":""},"schema":{"@context":"https:\/\/schema.org","@graph":[{"@type":"BlogPosting","@id":"https:\/\/canal4nogoya.com\/web\/una-ciudad-tambien-necesita-verse\/#blogposting","name":"\u00abUna ciudad tambi\u00e9n necesita verse\u00bb - Canal 4 Nogoy\u00e1","headline":"\u00abUna ciudad tambi\u00e9n necesita verse\u00bb","author":{"@id":"https:\/\/canal4nogoya.com\/web\/author\/gonzalo\/#author"},"publisher":{"@id":"https:\/\/canal4nogoya.com\/web\/#organization"},"image":{"@type":"ImageObject","url":"https:\/\/canal4nogoya.com\/web\/wp-content\/uploads\/2026\/08\/1-1-1-1-1-1-1-1-a-d-S.jpeg","width":1080,"height":715},"datePublished":"2026-08-12T11:43:21-03:00","dateModified":"2026-08-12T11:44:16-03:00","inLanguage":"es-ES","mainEntityOfPage":{"@id":"https:\/\/canal4nogoya.com\/web\/una-ciudad-tambien-necesita-verse\/#webpage"},"isPartOf":{"@id":"https:\/\/canal4nogoya.com\/web\/una-ciudad-tambien-necesita-verse\/#webpage"},"articleSection":"Locales"},{"@type":"BreadcrumbList","@id":"https:\/\/canal4nogoya.com\/web\/una-ciudad-tambien-necesita-verse\/#breadcrumblist","itemListElement":[{"@type":"ListItem","@id":"https:\/\/canal4nogoya.com\/web#listItem","position":1,"name":"Home","item":"https:\/\/canal4nogoya.com\/web","nextItem":{"@type":"ListItem","@id":"https:\/\/canal4nogoya.com\/web\/category\/locales\/#listItem","name":"Locales"}},{"@type":"ListItem","@id":"https:\/\/canal4nogoya.com\/web\/category\/locales\/#listItem","position":2,"name":"Locales","item":"https:\/\/canal4nogoya.com\/web\/category\/locales\/","nextItem":{"@type":"ListItem","@id":"https:\/\/canal4nogoya.com\/web\/una-ciudad-tambien-necesita-verse\/#listItem","name":"\u00abUna ciudad tambi\u00e9n necesita verse\u00bb"},"previousItem":{"@type":"ListItem","@id":"https:\/\/canal4nogoya.com\/web#listItem","name":"Home"}},{"@type":"ListItem","@id":"https:\/\/canal4nogoya.com\/web\/una-ciudad-tambien-necesita-verse\/#listItem","position":3,"name":"\u00abUna ciudad tambi\u00e9n necesita verse\u00bb","previousItem":{"@type":"ListItem","@id":"https:\/\/canal4nogoya.com\/web\/category\/locales\/#listItem","name":"Locales"}}]},{"@type":"Organization","@id":"https:\/\/canal4nogoya.com\/web\/#organization","name":"Canal 4 Nogoy\u00e1","description":"Nogoy\u00e1 Televisora Color","url":"https:\/\/canal4nogoya.com\/web\/","logo":{"@type":"ImageObject","url":"https:\/\/canal4nogoya.com\/web\/wp-content\/uploads\/2025\/04\/logos-fondo-blanco.jpg","@id":"https:\/\/canal4nogoya.com\/web\/una-ciudad-tambien-necesita-verse\/#organizationLogo","width":2353,"height":1080},"image":{"@id":"https:\/\/canal4nogoya.com\/web\/una-ciudad-tambien-necesita-verse\/#organizationLogo"}},{"@type":"Person","@id":"https:\/\/canal4nogoya.com\/web\/author\/gonzalo\/#author","url":"https:\/\/canal4nogoya.com\/web\/author\/gonzalo\/","name":"Redacci\u00f3n","image":{"@type":"ImageObject","@id":"https:\/\/canal4nogoya.com\/web\/una-ciudad-tambien-necesita-verse\/#authorImage","url":"https:\/\/canal4nogoya.com\/web\/wp-content\/litespeed\/avatar\/1df8586f31106921a2f6ae0d9530296b.jpg?ver=1787987515","width":96,"height":96,"caption":"Redacci\u00f3n"}},{"@type":"WebPage","@id":"https:\/\/canal4nogoya.com\/web\/una-ciudad-tambien-necesita-verse\/#webpage","url":"https:\/\/canal4nogoya.com\/web\/una-ciudad-tambien-necesita-verse\/","name":"\u00abUna ciudad tambi\u00e9n necesita verse\u00bb - Canal 4 Nogoy\u00e1","description":"Por Pablo Marcosich Hoy es el D\u00eda del Trabajador de la Televisi\u00f3n.Y quiz\u00e1s sea una buena oportunidad para pensar qu\u00e9 significa tener un canal de televisi\u00f3n en una ciudad peque\u00f1a.Porque en las grandes ciudades la televisi\u00f3n puede parecer simplemente un medio de comunicaci\u00f3n. Pero en una comunidad como la nuestra es algo m\u00e1s. Es memoria.","inLanguage":"es-ES","isPartOf":{"@id":"https:\/\/canal4nogoya.com\/web\/#website"},"breadcrumb":{"@id":"https:\/\/canal4nogoya.com\/web\/una-ciudad-tambien-necesita-verse\/#breadcrumblist"},"author":{"@id":"https:\/\/canal4nogoya.com\/web\/author\/gonzalo\/#author"},"creator":{"@id":"https:\/\/canal4nogoya.com\/web\/author\/gonzalo\/#author"},"image":{"@type":"ImageObject","url":"https:\/\/canal4nogoya.com\/web\/wp-content\/uploads\/2026\/08\/1-1-1-1-1-1-1-1-a-d-S.jpeg","@id":"https:\/\/canal4nogoya.com\/web\/una-ciudad-tambien-necesita-verse\/#mainImage","width":1080,"height":715},"primaryImageOfPage":{"@id":"https:\/\/canal4nogoya.com\/web\/una-ciudad-tambien-necesita-verse\/#mainImage"},"datePublished":"2026-08-12T11:43:21-03:00","dateModified":"2026-08-12T11:44:16-03:00"},{"@type":"WebSite","@id":"https:\/\/canal4nogoya.com\/web\/#website","url":"https:\/\/canal4nogoya.com\/web\/","name":"Canal 4 Nogoy\u00e1","description":"Nogoy\u00e1 Televisora Color","inLanguage":"es-ES","publisher":{"@id":"https:\/\/canal4nogoya.com\/web\/#organization"}}]},"og:locale":"es_ES","og:site_name":"Canal 4 Nogoy\u00e1 - Nogoy\u00e1 Televisora Color","og:type":"article","og:title":"\u00abUna ciudad tambi\u00e9n necesita verse\u00bb - Canal 4 Nogoy\u00e1","og:description":"Por Pablo Marcosich Hoy es el D\u00eda del Trabajador de la Televisi\u00f3n.Y quiz\u00e1s sea una buena oportunidad para pensar qu\u00e9 significa tener un canal de televisi\u00f3n en una ciudad peque\u00f1a.Porque en las grandes ciudades la televisi\u00f3n puede parecer simplemente un medio de comunicaci\u00f3n. Pero en una comunidad como la nuestra es algo m\u00e1s. Es memoria.","og:url":"https:\/\/canal4nogoya.com\/web\/una-ciudad-tambien-necesita-verse\/","og:image":"https:\/\/canal4nogoya.com\/web\/wp-content\/uploads\/2026\/08\/1-1-1-1-1-1-1-1-a-d-S.jpeg","og:image:secure_url":"https:\/\/canal4nogoya.com\/web\/wp-content\/uploads\/2026\/08\/1-1-1-1-1-1-1-1-a-d-S.jpeg","og:image:width":1080,"og:image:height":715,"article:published_time":"2026-08-12T14:43:21+00:00","article:modified_time":"2026-08-12T14:44:16+00:00","twitter:card":"summary_large_image","twitter:title":"\u00abUna ciudad tambi\u00e9n necesita verse\u00bb - Canal 4 Nogoy\u00e1","twitter:description":"Por Pablo Marcosich Hoy es el D\u00eda del Trabajador de la Televisi\u00f3n.Y quiz\u00e1s sea una buena oportunidad para pensar qu\u00e9 significa tener un canal de televisi\u00f3n en una ciudad peque\u00f1a.Porque en las grandes ciudades la televisi\u00f3n puede parecer simplemente un medio de comunicaci\u00f3n. Pero en una comunidad como la nuestra es algo m\u00e1s. Es memoria.","twitter:image":"https:\/\/canal4nogoya.com\/web\/wp-content\/uploads\/2026\/08\/1-1-1-1-1-1-1-1-a-d-S.jpeg"},"aioseo_meta_data":{"post_id":"4587","title":null,"description":null,"keywords":null,"keyphrases":{"focus":{"keyphrase":"","score":0,"analysis":{"keyphraseInTitle":{"score":0,"maxScore":9,"error":1}}},"additional":[]},"primary_term":null,"canonical_url":null,"og_title":null,"og_description":null,"og_object_type":"default","og_image_type":"default","og_image_url":null,"og_image_width":null,"og_image_height":null,"og_image_custom_url":null,"og_image_custom_fields":null,"og_video":"","og_custom_url":null,"og_article_section":null,"og_article_tags":null,"twitter_use_og":false,"twitter_card":"default","twitter_image_type":"default","twitter_image_url":null,"twitter_image_custom_url":null,"twitter_image_custom_fields":null,"twitter_title":null,"twitter_description":null,"schema":{"blockGraphs":[],"customGraphs":[],"default":{"data":{"Article":[],"Course":[],"Dataset":[],"FAQPage":[],"Movie":[],"Person":[],"Product":[],"ProductReview":[],"Car":[],"Recipe":[],"Service":[],"SoftwareApplication":[],"WebPage":[]},"graphName":"BlogPosting","isEnabled":true},"graphs":[]},"schema_type":"default","schema_type_options":null,"pillar_content":false,"robots_default":true,"robots_noindex":false,"robots_noarchive":false,"robots_nosnippet":false,"robots_nofollow":false,"robots_noimageindex":false,"robots_noodp":false,"robots_notranslate":false,"robots_max_snippet":"-1","robots_max_videopreview":"-1","robots_max_imagepreview":"large","priority":null,"frequency":"default","local_seo":null,"breadcrumb_settings":null,"limit_modified_date":false,"ai":{"faqs":[],"keyPoints":[],"schemas":[],"titles":[],"descriptions":[],"socialPosts":{"email":{"subject":"","preview":"","content":""},"linkedin":[],"twitter":[],"facebook":[],"instagram":[]}},"created":"2026-08-12 14:43:22","updated":"2026-08-12 17:12:16","seo_analyzer_scan_date":null,"focus_keyword":null,"additional_keywords":null,"truseo_locale":null},"aioseo_breadcrumb":"<div class=\"aioseo-breadcrumbs\"><span class=\"aioseo-breadcrumb\">\n\t\t\t<a href=\"https:\/\/canal4nogoya.com\/web\" title=\"Home\">Home<\/a>\n\t\t<\/span><span class=\"aioseo-breadcrumb-separator\">&raquo;<\/span><span class=\"aioseo-breadcrumb\">\n\t\t\t<a href=\"https:\/\/canal4nogoya.com\/web\/category\/locales\/\" title=\"Locales\">Locales<\/a>\n\t\t<\/span><span class=\"aioseo-breadcrumb-separator\">&raquo;<\/span><span class=\"aioseo-breadcrumb\">\n\t\t\t\u00abUna ciudad tambi\u00e9n necesita verse\u00bb\n\t\t<\/span><\/div>","aioseo_breadcrumb_json":[{"label":"Home","link":"https:\/\/canal4nogoya.com\/web"},{"label":"Locales","link":"https:\/\/canal4nogoya.com\/web\/category\/locales\/"},{"label":"\u00abUna ciudad tambi\u00e9n necesita verse\u00bb","link":"https:\/\/canal4nogoya.com\/web\/una-ciudad-tambien-necesita-verse\/"}],"jetpack_featured_media_url":"https:\/\/canal4nogoya.com\/web\/wp-content\/uploads\/2026\/08\/1-1-1-1-1-1-1-1-a-d-S.jpeg","_links":{"self":[{"href":"https:\/\/canal4nogoya.com\/web\/wp-json\/wp\/v2\/posts\/4587","targetHints":{"allow":["GET"]}}],"collection":[{"href":"https:\/\/canal4nogoya.com\/web\/wp-json\/wp\/v2\/posts"}],"about":[{"href":"https:\/\/canal4nogoya.com\/web\/wp-json\/wp\/v2\/types\/post"}],"author":[{"embeddable":true,"href":"https:\/\/canal4nogoya.com\/web\/wp-json\/wp\/v2\/users\/3"}],"replies":[{"embeddable":true,"href":"https:\/\/canal4nogoya.com\/web\/wp-json\/wp\/v2\/comments?post=4587"}],"version-history":[{"count":2,"href":"https:\/\/canal4nogoya.com\/web\/wp-json\/wp\/v2\/posts\/4587\/revisions"}],"predecessor-version":[{"id":4592,"href":"https:\/\/canal4nogoya.com\/web\/wp-json\/wp\/v2\/posts\/4587\/revisions\/4592"}],"wp:featuredmedia":[{"embeddable":true,"href":"https:\/\/canal4nogoya.com\/web\/wp-json\/wp\/v2\/media\/4590"}],"wp:attachment":[{"href":"https:\/\/canal4nogoya.com\/web\/wp-json\/wp\/v2\/media?parent=4587"}],"wp:term":[{"taxonomy":"category","embeddable":true,"href":"https:\/\/canal4nogoya.com\/web\/wp-json\/wp\/v2\/categories?post=4587"},{"taxonomy":"post_tag","embeddable":true,"href":"https:\/\/canal4nogoya.com\/web\/wp-json\/wp\/v2\/tags?post=4587"}],"curies":[{"name":"wp","href":"https:\/\/api.w.org\/{rel}","templated":true}]}}