{"id":4593,"date":"2026-08-12T16:23:29","date_gmt":"2026-08-12T19:23:29","guid":{"rendered":"https:\/\/canal4nogoya.com\/web\/?p=4593"},"modified":"2026-08-12T16:23:30","modified_gmt":"2026-08-12T19:23:30","slug":"en-victoria-dos-delincuentes-rompieron-vidrieras-robaron-y-fueron-detenidos","status":"publish","type":"post","link":"https:\/\/canal4nogoya.com\/web\/en-victoria-dos-delincuentes-rompieron-vidrieras-robaron-y-fueron-detenidos\/","title":{"rendered":"En Victoria, dos delincuentes rompieron vidrieras, robaron y fueron detenidos"},"content":{"rendered":"\n<p class=\"wp-block-paragraph\"><\/p>\n\n\n\n<p class=\"wp-block-paragraph\">En horas de la madrugada se registraron\u00a0<strong>robos en comercios de Victoria<\/strong>, donde dos sujetos que se movilizaban en una moto habr\u00edan ingresado tras provocar da\u00f1os en los accesos, principalmente sobre dos propiedades: por un lado una verduler\u00eda en zona de calles Rondeau y Florencio Varela, y una carnicera ubicada en calle 25 de Mayo y G\u00fcemes.<\/p>\n\n\n\n<p class=\"wp-block-paragraph\"><\/p>\n\n\n\n<p class=\"wp-block-paragraph\">En ambos casos se constataron&nbsp;<strong>da\u00f1os y el faltante de dinero en efectivo.<\/strong><\/p>\n\n\n\n<p class=\"wp-block-paragraph\"><\/p>\n\n\n\n<p class=\"wp-block-paragraph\">A partir de una r\u00e1pida y coordinada labor policial, se realiz\u00f3 el relevamiento de los lugares, interviniendo personal de Polic\u00eda Cient\u00edfica, Divisi\u00f3n Investigaciones e Inteligencia Criminal, y las \u00e1reas operacionales, logrando obtener rastros y registros f\u00edlmicos qu\u00e9 permitieron la identificaci\u00f3n de los autores:&nbsp;<strong>dos hombres de 24 y 22 a\u00f1os.<\/strong><\/p>\n\n\n\n<p class=\"wp-block-paragraph\"><\/p>\n\n\n\n<p class=\"wp-block-paragraph\">Asimismo, se estableci\u00f3 que&nbsp;<strong>la moto utilizada para cometer los il\u00edcitos habr\u00eda sido denunciada como sustra\u00edda previamente en zona de la Abad\u00eda.<\/strong><\/p>\n\n\n\n<p class=\"wp-block-paragraph\"><\/p>\n\n\n\n<p class=\"wp-block-paragraph\">Como resultado de las tareas investigativas, durante la jornada se cumpliment\u00f3 una orden de allanamiento y requisa domiciliaria, emanada del Juzgado de Garant\u00edas y Transici\u00f3n, en un domicilio del Barrio Medalla Milagrosa.<\/p>\n\n\n\n<p class=\"wp-block-paragraph\"><\/p>\n\n\n\n<p class=\"wp-block-paragraph\"><strong>La medida culmin\u00f3 con la detenci\u00f3n de ambos hombres y al secuestro de dinero en efectivo, prendas de vestir, calzado y otros elementos de inter\u00e9s para la causa.<\/strong><\/p>\n\n\n\n<p class=\"wp-block-paragraph\"><\/p>\n\n\n\n<p class=\"wp-block-paragraph\">El procedimiento destaca el trabajo articulado entre las distintas \u00e1reas policiales, que permiti\u00f3 que, en pocas horas desde la comisi\u00f3n de los il\u00edcitos, se lograra identificar a los presuntos autores, localizar elementos de inter\u00e9s y concretar las detenciones mediante el allanamiento dispuesto por la Justicia. Adem\u00e1s se trabaj\u00f3 en la&nbsp;<strong>comprobaci\u00f3n de hechos anteriores, donde fueran imputados por delitos de robos.<\/strong><\/p>\n","protected":false},"excerpt":{"rendered":"<p>En horas de la madrugada se registraron\u00a0robos en comercios de Victoria, donde dos sujetos que se movilizaban en una moto habr\u00edan ingresado tras provocar da\u00f1os en los accesos, principalmente sobre dos propiedades: por un lado una verduler\u00eda en zona de calles Rondeau y Florencio Varela, y una carnicera ubicada en calle 25 de Mayo y&#8230;<\/p>\n","protected":false},"author":3,"featured_media":2367,"comment_status":"open","ping_status":"closed","sticky":false,"template":"","format":"standard","meta":{"_monsterinsights_skip_tracking":false,"footnotes":""},"categories":[10],"tags":[],"class_list":["post-4593","post","type-post","status-publish","format-standard","has-post-thumbnail","hentry","category-provinciales"],"aioseo_notices":[],"aioseo_head":"\n\t\t<!-- All in One SEO 5.0.1.1 - aioseo.com -->\n\t<meta name=\"description\" content=\"En horas de la madrugada se registraron robos en comercios de Victoria, donde dos sujetos que se movilizaban en una moto habr\u00edan ingresado tras provocar da\u00f1os en los accesos, principalmente sobre dos propiedades: por un lado una verduler\u00eda en zona de calles Rondeau y Florencio Varela, y una carnicera ubicada en calle 25 de Mayo y\" \/>\n\t<meta name=\"robots\" content=\"max-image-preview:large\" \/>\n\t<meta name=\"author\" content=\"Redacci\u00f3n\"\/>\n\t<link rel=\"canonical\" href=\"https:\/\/canal4nogoya.com\/web\/en-victoria-dos-delincuentes-rompieron-vidrieras-robaron-y-fueron-detenidos\/\" \/>\n\t<meta name=\"generator\" content=\"All in One SEO (AIOSEO) 5.0.1.1\" \/>\n\t\t<meta property=\"og:locale\" content=\"es_ES\" \/>\n\t\t<meta property=\"og:site_name\" content=\"Canal 4 Nogoy\u00e1 - Nogoy\u00e1 Televisora Color\" \/>\n\t\t<meta property=\"og:type\" content=\"article\" \/>\n\t\t<meta property=\"og:title\" content=\"En Victoria, dos delincuentes rompieron vidrieras, robaron y fueron detenidos - Canal 4 Nogoy\u00e1\" \/>\n\t\t<meta property=\"og:description\" content=\"En horas de la madrugada se registraron robos en comercios de Victoria, donde dos sujetos que se movilizaban en una moto habr\u00edan ingresado tras provocar da\u00f1os en los accesos, principalmente sobre dos propiedades: por un lado una verduler\u00eda en zona de calles Rondeau y Florencio Varela, y una carnicera ubicada en calle 25 de Mayo y\" \/>\n\t\t<meta property=\"og:url\" content=\"https:\/\/canal4nogoya.com\/web\/en-victoria-dos-delincuentes-rompieron-vidrieras-robaron-y-fueron-detenidos\/\" \/>\n\t\t<meta property=\"og:image\" content=\"https:\/\/canal4nogoya.com\/web\/wp-content\/uploads\/2025\/12\/pol.jpeg\" \/>\n\t\t<meta property=\"og:image:secure_url\" content=\"https:\/\/canal4nogoya.com\/web\/wp-content\/uploads\/2025\/12\/pol.jpeg\" \/>\n\t\t<meta property=\"og:image:width\" content=\"299\" \/>\n\t\t<meta property=\"og:image:height\" content=\"168\" \/>\n\t\t<meta property=\"article:published_time\" content=\"2026-08-12T19:23:29+00:00\" \/>\n\t\t<meta property=\"article:modified_time\" content=\"2026-08-12T19:23:30+00:00\" \/>\n\t\t<meta name=\"twitter:card\" content=\"summary_large_image\" \/>\n\t\t<meta name=\"twitter:title\" content=\"En Victoria, dos delincuentes rompieron vidrieras, robaron y fueron detenidos - Canal 4 Nogoy\u00e1\" \/>\n\t\t<meta name=\"twitter:description\" content=\"En horas de la madrugada se registraron robos en comercios de Victoria, donde dos sujetos que se movilizaban en una moto habr\u00edan ingresado tras provocar da\u00f1os en los accesos, principalmente sobre dos propiedades: por un lado una verduler\u00eda en zona de calles Rondeau y Florencio Varela, y una carnicera ubicada en calle 25 de Mayo y\" \/>\n\t\t<meta name=\"twitter:image\" content=\"https:\/\/canal4nogoya.com\/web\/wp-content\/uploads\/2025\/12\/pol.jpeg\" \/>\n\t\t<script type=\"application\/ld+json\" class=\"aioseo-schema\">\n\t\t\t{\"@context\":\"https:\\\/\\\/schema.org\",\"@graph\":[{\"@type\":\"BlogPosting\",\"@id\":\"https:\\\/\\\/canal4nogoya.com\\\/web\\\/en-victoria-dos-delincuentes-rompieron-vidrieras-robaron-y-fueron-detenidos\\\/#blogposting\",\"name\":\"En Victoria, dos delincuentes rompieron vidrieras, robaron y fueron detenidos - Canal 4 Nogoy\\u00e1\",\"headline\":\"En Victoria, dos delincuentes rompieron vidrieras, robaron y fueron detenidos\",\"author\":{\"@id\":\"https:\\\/\\\/canal4nogoya.com\\\/web\\\/author\\\/gonzalo\\\/#author\"},\"publisher\":{\"@id\":\"https:\\\/\\\/canal4nogoya.com\\\/web\\\/#organization\"},\"image\":{\"@type\":\"ImageObject\",\"url\":\"https:\\\/\\\/canal4nogoya.com\\\/web\\\/wp-content\\\/uploads\\\/2025\\\/12\\\/pol.jpeg\",\"width\":299,\"height\":168},\"datePublished\":\"2026-08-12T16:23:29-03:00\",\"dateModified\":\"2026-08-12T16:23:30-03:00\",\"inLanguage\":\"es-ES\",\"mainEntityOfPage\":{\"@id\":\"https:\\\/\\\/canal4nogoya.com\\\/web\\\/en-victoria-dos-delincuentes-rompieron-vidrieras-robaron-y-fueron-detenidos\\\/#webpage\"},\"isPartOf\":{\"@id\":\"https:\\\/\\\/canal4nogoya.com\\\/web\\\/en-victoria-dos-delincuentes-rompieron-vidrieras-robaron-y-fueron-detenidos\\\/#webpage\"},\"articleSection\":\"Provinciales\"},{\"@type\":\"BreadcrumbList\",\"@id\":\"https:\\\/\\\/canal4nogoya.com\\\/web\\\/en-victoria-dos-delincuentes-rompieron-vidrieras-robaron-y-fueron-detenidos\\\/#breadcrumblist\",\"itemListElement\":[{\"@type\":\"ListItem\",\"@id\":\"https:\\\/\\\/canal4nogoya.com\\\/web#listItem\",\"position\":1,\"name\":\"Home\",\"item\":\"https:\\\/\\\/canal4nogoya.com\\\/web\",\"nextItem\":{\"@type\":\"ListItem\",\"@id\":\"https:\\\/\\\/canal4nogoya.com\\\/web\\\/category\\\/provinciales\\\/#listItem\",\"name\":\"Provinciales\"}},{\"@type\":\"ListItem\",\"@id\":\"https:\\\/\\\/canal4nogoya.com\\\/web\\\/category\\\/provinciales\\\/#listItem\",\"position\":2,\"name\":\"Provinciales\",\"item\":\"https:\\\/\\\/canal4nogoya.com\\\/web\\\/category\\\/provinciales\\\/\",\"nextItem\":{\"@type\":\"ListItem\",\"@id\":\"https:\\\/\\\/canal4nogoya.com\\\/web\\\/en-victoria-dos-delincuentes-rompieron-vidrieras-robaron-y-fueron-detenidos\\\/#listItem\",\"name\":\"En Victoria, dos delincuentes rompieron vidrieras, robaron y fueron detenidos\"},\"previousItem\":{\"@type\":\"ListItem\",\"@id\":\"https:\\\/\\\/canal4nogoya.com\\\/web#listItem\",\"name\":\"Home\"}},{\"@type\":\"ListItem\",\"@id\":\"https:\\\/\\\/canal4nogoya.com\\\/web\\\/en-victoria-dos-delincuentes-rompieron-vidrieras-robaron-y-fueron-detenidos\\\/#listItem\",\"position\":3,\"name\":\"En Victoria, dos delincuentes rompieron vidrieras, robaron y fueron detenidos\",\"previousItem\":{\"@type\":\"ListItem\",\"@id\":\"https:\\\/\\\/canal4nogoya.com\\\/web\\\/category\\\/provinciales\\\/#listItem\",\"name\":\"Provinciales\"}}]},{\"@type\":\"Organization\",\"@id\":\"https:\\\/\\\/canal4nogoya.com\\\/web\\\/#organization\",\"name\":\"Canal 4 Nogoy\\u00e1\",\"description\":\"Nogoy\\u00e1 Televisora Color\",\"url\":\"https:\\\/\\\/canal4nogoya.com\\\/web\\\/\",\"logo\":{\"@type\":\"ImageObject\",\"url\":\"https:\\\/\\\/canal4nogoya.com\\\/web\\\/wp-content\\\/uploads\\\/2025\\\/04\\\/logos-fondo-blanco.jpg\",\"@id\":\"https:\\\/\\\/canal4nogoya.com\\\/web\\\/en-victoria-dos-delincuentes-rompieron-vidrieras-robaron-y-fueron-detenidos\\\/#organizationLogo\",\"width\":2353,\"height\":1080},\"image\":{\"@id\":\"https:\\\/\\\/canal4nogoya.com\\\/web\\\/en-victoria-dos-delincuentes-rompieron-vidrieras-robaron-y-fueron-detenidos\\\/#organizationLogo\"}},{\"@type\":\"Person\",\"@id\":\"https:\\\/\\\/canal4nogoya.com\\\/web\\\/author\\\/gonzalo\\\/#author\",\"url\":\"https:\\\/\\\/canal4nogoya.com\\\/web\\\/author\\\/gonzalo\\\/\",\"name\":\"Redacci\\u00f3n\",\"image\":{\"@type\":\"ImageObject\",\"@id\":\"https:\\\/\\\/canal4nogoya.com\\\/web\\\/en-victoria-dos-delincuentes-rompieron-vidrieras-robaron-y-fueron-detenidos\\\/#authorImage\",\"url\":\"https:\\\/\\\/canal4nogoya.com\\\/web\\\/wp-content\\\/litespeed\\\/avatar\\\/1df8586f31106921a2f6ae0d9530296b.jpg?ver=1787987515\",\"width\":96,\"height\":96,\"caption\":\"Redacci\\u00f3n\"}},{\"@type\":\"WebPage\",\"@id\":\"https:\\\/\\\/canal4nogoya.com\\\/web\\\/en-victoria-dos-delincuentes-rompieron-vidrieras-robaron-y-fueron-detenidos\\\/#webpage\",\"url\":\"https:\\\/\\\/canal4nogoya.com\\\/web\\\/en-victoria-dos-delincuentes-rompieron-vidrieras-robaron-y-fueron-detenidos\\\/\",\"name\":\"En Victoria, dos delincuentes rompieron vidrieras, robaron y fueron detenidos - Canal 4 Nogoy\\u00e1\",\"description\":\"En horas de la madrugada se registraron robos en comercios de Victoria, donde dos sujetos que se movilizaban en una moto habr\\u00edan ingresado tras provocar da\\u00f1os en los accesos, principalmente sobre dos propiedades: por un lado una verduler\\u00eda en zona de calles Rondeau y Florencio Varela, y una carnicera ubicada en calle 25 de Mayo y\",\"inLanguage\":\"es-ES\",\"isPartOf\":{\"@id\":\"https:\\\/\\\/canal4nogoya.com\\\/web\\\/#website\"},\"breadcrumb\":{\"@id\":\"https:\\\/\\\/canal4nogoya.com\\\/web\\\/en-victoria-dos-delincuentes-rompieron-vidrieras-robaron-y-fueron-detenidos\\\/#breadcrumblist\"},\"author\":{\"@id\":\"https:\\\/\\\/canal4nogoya.com\\\/web\\\/author\\\/gonzalo\\\/#author\"},\"creator\":{\"@id\":\"https:\\\/\\\/canal4nogoya.com\\\/web\\\/author\\\/gonzalo\\\/#author\"},\"image\":{\"@type\":\"ImageObject\",\"url\":\"https:\\\/\\\/canal4nogoya.com\\\/web\\\/wp-content\\\/uploads\\\/2025\\\/12\\\/pol.jpeg\",\"@id\":\"https:\\\/\\\/canal4nogoya.com\\\/web\\\/en-victoria-dos-delincuentes-rompieron-vidrieras-robaron-y-fueron-detenidos\\\/#mainImage\",\"width\":299,\"height\":168},\"primaryImageOfPage\":{\"@id\":\"https:\\\/\\\/canal4nogoya.com\\\/web\\\/en-victoria-dos-delincuentes-rompieron-vidrieras-robaron-y-fueron-detenidos\\\/#mainImage\"},\"datePublished\":\"2026-08-12T16:23:29-03:00\",\"dateModified\":\"2026-08-12T16:23:30-03:00\"},{\"@type\":\"WebSite\",\"@id\":\"https:\\\/\\\/canal4nogoya.com\\\/web\\\/#website\",\"url\":\"https:\\\/\\\/canal4nogoya.com\\\/web\\\/\",\"name\":\"Canal 4 Nogoy\\u00e1\",\"description\":\"Nogoy\\u00e1 Televisora Color\",\"inLanguage\":\"es-ES\",\"publisher\":{\"@id\":\"https:\\\/\\\/canal4nogoya.com\\\/web\\\/#organization\"}}]}\n\t\t<\/script>\n\t\t<!-- All in One SEO -->\n\n","aioseo_head_json":{"title":"En Victoria, dos delincuentes rompieron vidrieras, robaron y fueron detenidos - Canal 4 Nogoy\u00e1","description":"En horas de la madrugada se registraron robos en comercios de Victoria, donde dos sujetos que se movilizaban en una moto habr\u00edan ingresado tras provocar da\u00f1os en los accesos, principalmente sobre dos propiedades: por un lado una verduler\u00eda en zona de calles Rondeau y Florencio Varela, y una carnicera ubicada en calle 25 de Mayo y","canonical_url":"https:\/\/canal4nogoya.com\/web\/en-victoria-dos-delincuentes-rompieron-vidrieras-robaron-y-fueron-detenidos\/","robots":"max-image-preview:large","keywords":"","webmasterTools":{"miscellaneous":""},"schema":{"@context":"https:\/\/schema.org","@graph":[{"@type":"BlogPosting","@id":"https:\/\/canal4nogoya.com\/web\/en-victoria-dos-delincuentes-rompieron-vidrieras-robaron-y-fueron-detenidos\/#blogposting","name":"En Victoria, dos delincuentes rompieron vidrieras, robaron y fueron detenidos - Canal 4 Nogoy\u00e1","headline":"En Victoria, dos delincuentes rompieron vidrieras, robaron y fueron detenidos","author":{"@id":"https:\/\/canal4nogoya.com\/web\/author\/gonzalo\/#author"},"publisher":{"@id":"https:\/\/canal4nogoya.com\/web\/#organization"},"image":{"@type":"ImageObject","url":"https:\/\/canal4nogoya.com\/web\/wp-content\/uploads\/2025\/12\/pol.jpeg","width":299,"height":168},"datePublished":"2026-08-12T16:23:29-03:00","dateModified":"2026-08-12T16:23:30-03:00","inLanguage":"es-ES","mainEntityOfPage":{"@id":"https:\/\/canal4nogoya.com\/web\/en-victoria-dos-delincuentes-rompieron-vidrieras-robaron-y-fueron-detenidos\/#webpage"},"isPartOf":{"@id":"https:\/\/canal4nogoya.com\/web\/en-victoria-dos-delincuentes-rompieron-vidrieras-robaron-y-fueron-detenidos\/#webpage"},"articleSection":"Provinciales"},{"@type":"BreadcrumbList","@id":"https:\/\/canal4nogoya.com\/web\/en-victoria-dos-delincuentes-rompieron-vidrieras-robaron-y-fueron-detenidos\/#breadcrumblist","itemListElement":[{"@type":"ListItem","@id":"https:\/\/canal4nogoya.com\/web#listItem","position":1,"name":"Home","item":"https:\/\/canal4nogoya.com\/web","nextItem":{"@type":"ListItem","@id":"https:\/\/canal4nogoya.com\/web\/category\/provinciales\/#listItem","name":"Provinciales"}},{"@type":"ListItem","@id":"https:\/\/canal4nogoya.com\/web\/category\/provinciales\/#listItem","position":2,"name":"Provinciales","item":"https:\/\/canal4nogoya.com\/web\/category\/provinciales\/","nextItem":{"@type":"ListItem","@id":"https:\/\/canal4nogoya.com\/web\/en-victoria-dos-delincuentes-rompieron-vidrieras-robaron-y-fueron-detenidos\/#listItem","name":"En Victoria, dos delincuentes rompieron vidrieras, robaron y fueron detenidos"},"previousItem":{"@type":"ListItem","@id":"https:\/\/canal4nogoya.com\/web#listItem","name":"Home"}},{"@type":"ListItem","@id":"https:\/\/canal4nogoya.com\/web\/en-victoria-dos-delincuentes-rompieron-vidrieras-robaron-y-fueron-detenidos\/#listItem","position":3,"name":"En Victoria, dos delincuentes rompieron vidrieras, robaron y fueron detenidos","previousItem":{"@type":"ListItem","@id":"https:\/\/canal4nogoya.com\/web\/category\/provinciales\/#listItem","name":"Provinciales"}}]},{"@type":"Organization","@id":"https:\/\/canal4nogoya.com\/web\/#organization","name":"Canal 4 Nogoy\u00e1","description":"Nogoy\u00e1 Televisora Color","url":"https:\/\/canal4nogoya.com\/web\/","logo":{"@type":"ImageObject","url":"https:\/\/canal4nogoya.com\/web\/wp-content\/uploads\/2025\/04\/logos-fondo-blanco.jpg","@id":"https:\/\/canal4nogoya.com\/web\/en-victoria-dos-delincuentes-rompieron-vidrieras-robaron-y-fueron-detenidos\/#organizationLogo","width":2353,"height":1080},"image":{"@id":"https:\/\/canal4nogoya.com\/web\/en-victoria-dos-delincuentes-rompieron-vidrieras-robaron-y-fueron-detenidos\/#organizationLogo"}},{"@type":"Person","@id":"https:\/\/canal4nogoya.com\/web\/author\/gonzalo\/#author","url":"https:\/\/canal4nogoya.com\/web\/author\/gonzalo\/","name":"Redacci\u00f3n","image":{"@type":"ImageObject","@id":"https:\/\/canal4nogoya.com\/web\/en-victoria-dos-delincuentes-rompieron-vidrieras-robaron-y-fueron-detenidos\/#authorImage","url":"https:\/\/canal4nogoya.com\/web\/wp-content\/litespeed\/avatar\/1df8586f31106921a2f6ae0d9530296b.jpg?ver=1787987515","width":96,"height":96,"caption":"Redacci\u00f3n"}},{"@type":"WebPage","@id":"https:\/\/canal4nogoya.com\/web\/en-victoria-dos-delincuentes-rompieron-vidrieras-robaron-y-fueron-detenidos\/#webpage","url":"https:\/\/canal4nogoya.com\/web\/en-victoria-dos-delincuentes-rompieron-vidrieras-robaron-y-fueron-detenidos\/","name":"En Victoria, dos delincuentes rompieron vidrieras, robaron y fueron detenidos - Canal 4 Nogoy\u00e1","description":"En horas de la madrugada se registraron robos en comercios de Victoria, donde dos sujetos que se movilizaban en una moto habr\u00edan ingresado tras provocar da\u00f1os en los accesos, principalmente sobre dos propiedades: por un lado una verduler\u00eda en zona de calles Rondeau y Florencio Varela, y una carnicera ubicada en calle 25 de Mayo y","inLanguage":"es-ES","isPartOf":{"@id":"https:\/\/canal4nogoya.com\/web\/#website"},"breadcrumb":{"@id":"https:\/\/canal4nogoya.com\/web\/en-victoria-dos-delincuentes-rompieron-vidrieras-robaron-y-fueron-detenidos\/#breadcrumblist"},"author":{"@id":"https:\/\/canal4nogoya.com\/web\/author\/gonzalo\/#author"},"creator":{"@id":"https:\/\/canal4nogoya.com\/web\/author\/gonzalo\/#author"},"image":{"@type":"ImageObject","url":"https:\/\/canal4nogoya.com\/web\/wp-content\/uploads\/2025\/12\/pol.jpeg","@id":"https:\/\/canal4nogoya.com\/web\/en-victoria-dos-delincuentes-rompieron-vidrieras-robaron-y-fueron-detenidos\/#mainImage","width":299,"height":168},"primaryImageOfPage":{"@id":"https:\/\/canal4nogoya.com\/web\/en-victoria-dos-delincuentes-rompieron-vidrieras-robaron-y-fueron-detenidos\/#mainImage"},"datePublished":"2026-08-12T16:23:29-03:00","dateModified":"2026-08-12T16:23:30-03:00"},{"@type":"WebSite","@id":"https:\/\/canal4nogoya.com\/web\/#website","url":"https:\/\/canal4nogoya.com\/web\/","name":"Canal 4 Nogoy\u00e1","description":"Nogoy\u00e1 Televisora Color","inLanguage":"es-ES","publisher":{"@id":"https:\/\/canal4nogoya.com\/web\/#organization"}}]},"og:locale":"es_ES","og:site_name":"Canal 4 Nogoy\u00e1 - Nogoy\u00e1 Televisora Color","og:type":"article","og:title":"En Victoria, dos delincuentes rompieron vidrieras, robaron y fueron detenidos - Canal 4 Nogoy\u00e1","og:description":"En horas de la madrugada se registraron robos en comercios de Victoria, donde dos sujetos que se movilizaban en una moto habr\u00edan ingresado tras provocar da\u00f1os en los accesos, principalmente sobre dos propiedades: por un lado una verduler\u00eda en zona de calles Rondeau y Florencio Varela, y una carnicera ubicada en calle 25 de Mayo y","og:url":"https:\/\/canal4nogoya.com\/web\/en-victoria-dos-delincuentes-rompieron-vidrieras-robaron-y-fueron-detenidos\/","og:image":"https:\/\/canal4nogoya.com\/web\/wp-content\/uploads\/2025\/12\/pol.jpeg","og:image:secure_url":"https:\/\/canal4nogoya.com\/web\/wp-content\/uploads\/2025\/12\/pol.jpeg","og:image:width":299,"og:image:height":168,"article:published_time":"2026-08-12T19:23:29+00:00","article:modified_time":"2026-08-12T19:23:30+00:00","twitter:card":"summary_large_image","twitter:title":"En Victoria, dos delincuentes rompieron vidrieras, robaron y fueron detenidos - Canal 4 Nogoy\u00e1","twitter:description":"En horas de la madrugada se registraron robos en comercios de Victoria, donde dos sujetos que se movilizaban en una moto habr\u00edan ingresado tras provocar da\u00f1os en los accesos, principalmente sobre dos propiedades: por un lado una verduler\u00eda en zona de calles Rondeau y Florencio Varela, y una carnicera ubicada en calle 25 de Mayo y","twitter:image":"https:\/\/canal4nogoya.com\/web\/wp-content\/uploads\/2025\/12\/pol.jpeg"},"aioseo_meta_data":{"post_id":"4593","title":null,"description":null,"keywords":null,"keyphrases":{"focus":{"keyphrase":"","score":0,"analysis":{"keyphraseInTitle":{"score":0,"maxScore":9,"error":1}}},"additional":[]},"primary_term":null,"canonical_url":null,"og_title":null,"og_description":null,"og_object_type":"default","og_image_type":"default","og_image_url":null,"og_image_width":null,"og_image_height":null,"og_image_custom_url":null,"og_image_custom_fields":null,"og_video":"","og_custom_url":null,"og_article_section":null,"og_article_tags":null,"twitter_use_og":false,"twitter_card":"default","twitter_image_type":"default","twitter_image_url":null,"twitter_image_custom_url":null,"twitter_image_custom_fields":null,"twitter_title":null,"twitter_description":null,"schema":{"blockGraphs":[],"customGraphs":[],"default":{"data":{"Article":[],"Course":[],"Dataset":[],"FAQPage":[],"Movie":[],"Person":[],"Product":[],"ProductReview":[],"Car":[],"Recipe":[],"Service":[],"SoftwareApplication":[],"WebPage":[]},"graphName":"BlogPosting","isEnabled":true},"graphs":[]},"schema_type":"default","schema_type_options":null,"pillar_content":false,"robots_default":true,"robots_noindex":false,"robots_noarchive":false,"robots_nosnippet":false,"robots_nofollow":false,"robots_noimageindex":false,"robots_noodp":false,"robots_notranslate":false,"robots_max_snippet":"-1","robots_max_videopreview":"-1","robots_max_imagepreview":"large","priority":null,"frequency":"default","local_seo":null,"breadcrumb_settings":null,"limit_modified_date":false,"ai":{"faqs":[],"keyPoints":[],"schemas":[],"titles":[],"descriptions":[],"socialPosts":{"email":{"subject":"","preview":"","content":""},"linkedin":[],"twitter":[],"facebook":[],"instagram":[]}},"created":"2026-08-12 19:23:30","updated":"2026-08-13 04:28:54","seo_analyzer_scan_date":null,"focus_keyword":null,"additional_keywords":null,"truseo_locale":null},"aioseo_breadcrumb":"<div class=\"aioseo-breadcrumbs\"><span class=\"aioseo-breadcrumb\">\n\t\t\t<a href=\"https:\/\/canal4nogoya.com\/web\" title=\"Home\">Home<\/a>\n\t\t<\/span><span class=\"aioseo-breadcrumb-separator\">&raquo;<\/span><span class=\"aioseo-breadcrumb\">\n\t\t\t<a href=\"https:\/\/canal4nogoya.com\/web\/category\/provinciales\/\" title=\"Provinciales\">Provinciales<\/a>\n\t\t<\/span><span class=\"aioseo-breadcrumb-separator\">&raquo;<\/span><span class=\"aioseo-breadcrumb\">\n\t\t\tEn Victoria, dos delincuentes rompieron vidrieras, robaron y fueron detenidos\n\t\t<\/span><\/div>","aioseo_breadcrumb_json":[{"label":"Home","link":"https:\/\/canal4nogoya.com\/web"},{"label":"Provinciales","link":"https:\/\/canal4nogoya.com\/web\/category\/provinciales\/"},{"label":"En Victoria, dos delincuentes rompieron vidrieras, robaron y fueron detenidos","link":"https:\/\/canal4nogoya.com\/web\/en-victoria-dos-delincuentes-rompieron-vidrieras-robaron-y-fueron-detenidos\/"}],"jetpack_featured_media_url":"https:\/\/canal4nogoya.com\/web\/wp-content\/uploads\/2025\/12\/pol.jpeg","_links":{"self":[{"href":"https:\/\/canal4nogoya.com\/web\/wp-json\/wp\/v2\/posts\/4593","targetHints":{"allow":["GET"]}}],"collection":[{"href":"https:\/\/canal4nogoya.com\/web\/wp-json\/wp\/v2\/posts"}],"about":[{"href":"https:\/\/canal4nogoya.com\/web\/wp-json\/wp\/v2\/types\/post"}],"author":[{"embeddable":true,"href":"https:\/\/canal4nogoya.com\/web\/wp-json\/wp\/v2\/users\/3"}],"replies":[{"embeddable":true,"href":"https:\/\/canal4nogoya.com\/web\/wp-json\/wp\/v2\/comments?post=4593"}],"version-history":[{"count":1,"href":"https:\/\/canal4nogoya.com\/web\/wp-json\/wp\/v2\/posts\/4593\/revisions"}],"predecessor-version":[{"id":4594,"href":"https:\/\/canal4nogoya.com\/web\/wp-json\/wp\/v2\/posts\/4593\/revisions\/4594"}],"wp:featuredmedia":[{"embeddable":true,"href":"https:\/\/canal4nogoya.com\/web\/wp-json\/wp\/v2\/media\/2367"}],"wp:attachment":[{"href":"https:\/\/canal4nogoya.com\/web\/wp-json\/wp\/v2\/media?parent=4593"}],"wp:term":[{"taxonomy":"category","embeddable":true,"href":"https:\/\/canal4nogoya.com\/web\/wp-json\/wp\/v2\/categories?post=4593"},{"taxonomy":"post_tag","embeddable":true,"href":"https:\/\/canal4nogoya.com\/web\/wp-json\/wp\/v2\/tags?post=4593"}],"curies":[{"name":"wp","href":"https:\/\/api.w.org\/{rel}","templated":true}]}}