{"id":4600,"date":"2026-08-13T16:17:59","date_gmt":"2026-08-13T19:17:59","guid":{"rendered":"https:\/\/canal4nogoya.com\/web\/?p=4600"},"modified":"2026-08-13T16:18:01","modified_gmt":"2026-08-13T19:18:01","slug":"la-inflacion-se-acelero-en-julio-y-se-ubico-en-el-21-segun-el-indec","status":"publish","type":"post","link":"https:\/\/canal4nogoya.com\/web\/la-inflacion-se-acelero-en-julio-y-se-ubico-en-el-21-segun-el-indec\/","title":{"rendered":"La inflaci\u00f3n se aceler\u00f3 en julio y se ubic\u00f3 en el 2,1%, seg\u00fan el Indec"},"content":{"rendered":"\n<p class=\"wp-block-paragraph\"><\/p>\n\n\n\n<p class=\"wp-block-paragraph\">El Instituto Nacional de Estad\u00edstica y Censos (Indec) dio a conocer este jueves el dato de&nbsp;<strong>inflaci\u00f3n del mes de julio, que se ubic\u00f3 en el 2,1%<\/strong>. Con este dato, los precios acumularon un alza de 19,3% en el a\u00f1o.<\/p>\n\n\n\n<p class=\"wp-block-paragraph\"><\/p>\n\n\n\n<p class=\"wp-block-paragraph\">Cabe recordar que el \u00faltimo registro nacional, correspondiente a junio, hab\u00eda marcado una inflaci\u00f3n del 1,9%, el primer dato que comenzaba con \u201c1\u201d desde agosto de 2025. Previamente, el \u00edndice hab\u00eda acelerado hasta alcanzar un m\u00e1ximo de 3,4% en marzo de este a\u00f1o.<\/p>\n\n\n\n<p class=\"wp-block-paragraph\"><\/p>\n\n\n\n<p class=\"wp-block-paragraph\">De este modo, el dato de julio muestra una&nbsp;<strong>aceleraci\u00f3n leve con respecto al mes previo, cortando la racha descendente de tres meses que se inici\u00f3 en abril.<\/strong><\/p>\n\n\n\n<p class=\"wp-block-paragraph\"><\/p>\n\n\n\n<p class=\"wp-block-paragraph\">La divisi\u00f3n con mayor variaci\u00f3n mensual en julio de 2026 fue&nbsp;<strong>Recreaci\u00f3n y Cultura (5,0%)<\/strong>; y la de menor, Prendas de vestir y calzado (-1,3%).<\/p>\n\n\n\n<p class=\"wp-block-paragraph\"><\/p>\n\n\n\n<p class=\"wp-block-paragraph\"><\/p>\n\n\n\n<p class=\"wp-block-paragraph\">Fuente: Ahora<\/p>\n","protected":false},"excerpt":{"rendered":"<p>El Instituto Nacional de Estad\u00edstica y Censos (Indec) dio a conocer este jueves el dato de&nbsp;inflaci\u00f3n del mes de julio, que se ubic\u00f3 en el 2,1%. Con este dato, los precios acumularon un alza de 19,3% en el a\u00f1o. Cabe recordar que el \u00faltimo registro nacional, correspondiente a junio, hab\u00eda marcado una inflaci\u00f3n del 1,9%,&#8230;<\/p>\n","protected":false},"author":3,"featured_media":4369,"comment_status":"open","ping_status":"closed","sticky":false,"template":"","format":"standard","meta":{"_monsterinsights_skip_tracking":false,"footnotes":""},"categories":[9],"tags":[],"class_list":["post-4600","post","type-post","status-publish","format-standard","has-post-thumbnail","hentry","category-nacionales"],"aioseo_notices":[],"aioseo_head":"\n\t\t<!-- All in One SEO 5.0.1.1 - aioseo.com -->\n\t<meta name=\"description\" content=\"El Instituto Nacional de Estad\u00edstica y Censos (Indec) dio a conocer este jueves el dato de inflaci\u00f3n del mes de julio, que se ubic\u00f3 en el 2,1%. Con este dato, los precios acumularon un alza de 19,3% en el a\u00f1o. Cabe recordar que el \u00faltimo registro nacional, correspondiente a junio, hab\u00eda marcado una inflaci\u00f3n del 1,9%,\" \/>\n\t<meta name=\"robots\" content=\"max-image-preview:large\" \/>\n\t<meta name=\"author\" content=\"Redacci\u00f3n\"\/>\n\t<link rel=\"canonical\" href=\"https:\/\/canal4nogoya.com\/web\/la-inflacion-se-acelero-en-julio-y-se-ubico-en-el-21-segun-el-indec\/\" \/>\n\t<meta name=\"generator\" content=\"All in One SEO (AIOSEO) 5.0.1.1\" \/>\n\t\t<meta property=\"og:locale\" content=\"es_ES\" \/>\n\t\t<meta property=\"og:site_name\" content=\"Canal 4 Nogoy\u00e1 - Nogoy\u00e1 Televisora Color\" \/>\n\t\t<meta property=\"og:type\" content=\"article\" \/>\n\t\t<meta property=\"og:title\" content=\"La inflaci\u00f3n se aceler\u00f3 en julio y se ubic\u00f3 en el 2,1%, seg\u00fan el Indec - Canal 4 Nogoy\u00e1\" \/>\n\t\t<meta property=\"og:description\" content=\"El Instituto Nacional de Estad\u00edstica y Censos (Indec) dio a conocer este jueves el dato de inflaci\u00f3n del mes de julio, que se ubic\u00f3 en el 2,1%. Con este dato, los precios acumularon un alza de 19,3% en el a\u00f1o. Cabe recordar que el \u00faltimo registro nacional, correspondiente a junio, hab\u00eda marcado una inflaci\u00f3n del 1,9%,\" \/>\n\t\t<meta property=\"og:url\" content=\"https:\/\/canal4nogoya.com\/web\/la-inflacion-se-acelero-en-julio-y-se-ubico-en-el-21-segun-el-indec\/\" \/>\n\t\t<meta property=\"og:image\" content=\"https:\/\/canal4nogoya.com\/web\/wp-content\/uploads\/2026\/07\/1-1-1-1-1-1-1-1-a-bille.webp\" \/>\n\t\t<meta property=\"og:image:secure_url\" content=\"https:\/\/canal4nogoya.com\/web\/wp-content\/uploads\/2026\/07\/1-1-1-1-1-1-1-1-a-bille.webp\" \/>\n\t\t<meta property=\"og:image:width\" content=\"790\" \/>\n\t\t<meta property=\"og:image:height\" content=\"444\" \/>\n\t\t<meta property=\"article:published_time\" content=\"2026-08-13T19:17:59+00:00\" \/>\n\t\t<meta property=\"article:modified_time\" content=\"2026-08-13T19:18:01+00:00\" \/>\n\t\t<meta name=\"twitter:card\" content=\"summary_large_image\" \/>\n\t\t<meta name=\"twitter:title\" content=\"La inflaci\u00f3n se aceler\u00f3 en julio y se ubic\u00f3 en el 2,1%, seg\u00fan el Indec - Canal 4 Nogoy\u00e1\" \/>\n\t\t<meta name=\"twitter:description\" content=\"El Instituto Nacional de Estad\u00edstica y Censos (Indec) dio a conocer este jueves el dato de inflaci\u00f3n del mes de julio, que se ubic\u00f3 en el 2,1%. Con este dato, los precios acumularon un alza de 19,3% en el a\u00f1o. Cabe recordar que el \u00faltimo registro nacional, correspondiente a junio, hab\u00eda marcado una inflaci\u00f3n del 1,9%,\" \/>\n\t\t<meta name=\"twitter:image\" content=\"https:\/\/canal4nogoya.com\/web\/wp-content\/uploads\/2026\/07\/1-1-1-1-1-1-1-1-a-bille.webp\" \/>\n\t\t<script type=\"application\/ld+json\" class=\"aioseo-schema\">\n\t\t\t{\"@context\":\"https:\\\/\\\/schema.org\",\"@graph\":[{\"@type\":\"BlogPosting\",\"@id\":\"https:\\\/\\\/canal4nogoya.com\\\/web\\\/la-inflacion-se-acelero-en-julio-y-se-ubico-en-el-21-segun-el-indec\\\/#blogposting\",\"name\":\"La inflaci\\u00f3n se aceler\\u00f3 en julio y se ubic\\u00f3 en el 2,1%, seg\\u00fan el Indec - Canal 4 Nogoy\\u00e1\",\"headline\":\"La inflaci\\u00f3n se aceler\\u00f3 en julio y se ubic\\u00f3 en el 2,1%, seg\\u00fan el Indec\",\"author\":{\"@id\":\"https:\\\/\\\/canal4nogoya.com\\\/web\\\/author\\\/gonzalo\\\/#author\"},\"publisher\":{\"@id\":\"https:\\\/\\\/canal4nogoya.com\\\/web\\\/#organization\"},\"image\":{\"@type\":\"ImageObject\",\"url\":\"https:\\\/\\\/canal4nogoya.com\\\/web\\\/wp-content\\\/uploads\\\/2026\\\/07\\\/1-1-1-1-1-1-1-1-a-bille.webp\",\"width\":790,\"height\":444},\"datePublished\":\"2026-08-13T16:17:59-03:00\",\"dateModified\":\"2026-08-13T16:18:01-03:00\",\"inLanguage\":\"es-ES\",\"mainEntityOfPage\":{\"@id\":\"https:\\\/\\\/canal4nogoya.com\\\/web\\\/la-inflacion-se-acelero-en-julio-y-se-ubico-en-el-21-segun-el-indec\\\/#webpage\"},\"isPartOf\":{\"@id\":\"https:\\\/\\\/canal4nogoya.com\\\/web\\\/la-inflacion-se-acelero-en-julio-y-se-ubico-en-el-21-segun-el-indec\\\/#webpage\"},\"articleSection\":\"Nacionales\"},{\"@type\":\"BreadcrumbList\",\"@id\":\"https:\\\/\\\/canal4nogoya.com\\\/web\\\/la-inflacion-se-acelero-en-julio-y-se-ubico-en-el-21-segun-el-indec\\\/#breadcrumblist\",\"itemListElement\":[{\"@type\":\"ListItem\",\"@id\":\"https:\\\/\\\/canal4nogoya.com\\\/web#listItem\",\"position\":1,\"name\":\"Home\",\"item\":\"https:\\\/\\\/canal4nogoya.com\\\/web\",\"nextItem\":{\"@type\":\"ListItem\",\"@id\":\"https:\\\/\\\/canal4nogoya.com\\\/web\\\/category\\\/nacionales\\\/#listItem\",\"name\":\"Nacionales\"}},{\"@type\":\"ListItem\",\"@id\":\"https:\\\/\\\/canal4nogoya.com\\\/web\\\/category\\\/nacionales\\\/#listItem\",\"position\":2,\"name\":\"Nacionales\",\"item\":\"https:\\\/\\\/canal4nogoya.com\\\/web\\\/category\\\/nacionales\\\/\",\"nextItem\":{\"@type\":\"ListItem\",\"@id\":\"https:\\\/\\\/canal4nogoya.com\\\/web\\\/la-inflacion-se-acelero-en-julio-y-se-ubico-en-el-21-segun-el-indec\\\/#listItem\",\"name\":\"La inflaci\\u00f3n se aceler\\u00f3 en julio y se ubic\\u00f3 en el 2,1%, seg\\u00fan el Indec\"},\"previousItem\":{\"@type\":\"ListItem\",\"@id\":\"https:\\\/\\\/canal4nogoya.com\\\/web#listItem\",\"name\":\"Home\"}},{\"@type\":\"ListItem\",\"@id\":\"https:\\\/\\\/canal4nogoya.com\\\/web\\\/la-inflacion-se-acelero-en-julio-y-se-ubico-en-el-21-segun-el-indec\\\/#listItem\",\"position\":3,\"name\":\"La inflaci\\u00f3n se aceler\\u00f3 en julio y se ubic\\u00f3 en el 2,1%, seg\\u00fan el Indec\",\"previousItem\":{\"@type\":\"ListItem\",\"@id\":\"https:\\\/\\\/canal4nogoya.com\\\/web\\\/category\\\/nacionales\\\/#listItem\",\"name\":\"Nacionales\"}}]},{\"@type\":\"Organization\",\"@id\":\"https:\\\/\\\/canal4nogoya.com\\\/web\\\/#organization\",\"name\":\"Canal 4 Nogoy\\u00e1\",\"description\":\"Nogoy\\u00e1 Televisora Color\",\"url\":\"https:\\\/\\\/canal4nogoya.com\\\/web\\\/\",\"logo\":{\"@type\":\"ImageObject\",\"url\":\"https:\\\/\\\/canal4nogoya.com\\\/web\\\/wp-content\\\/uploads\\\/2025\\\/04\\\/logos-fondo-blanco.jpg\",\"@id\":\"https:\\\/\\\/canal4nogoya.com\\\/web\\\/la-inflacion-se-acelero-en-julio-y-se-ubico-en-el-21-segun-el-indec\\\/#organizationLogo\",\"width\":2353,\"height\":1080},\"image\":{\"@id\":\"https:\\\/\\\/canal4nogoya.com\\\/web\\\/la-inflacion-se-acelero-en-julio-y-se-ubico-en-el-21-segun-el-indec\\\/#organizationLogo\"}},{\"@type\":\"Person\",\"@id\":\"https:\\\/\\\/canal4nogoya.com\\\/web\\\/author\\\/gonzalo\\\/#author\",\"url\":\"https:\\\/\\\/canal4nogoya.com\\\/web\\\/author\\\/gonzalo\\\/\",\"name\":\"Redacci\\u00f3n\",\"image\":{\"@type\":\"ImageObject\",\"@id\":\"https:\\\/\\\/canal4nogoya.com\\\/web\\\/la-inflacion-se-acelero-en-julio-y-se-ubico-en-el-21-segun-el-indec\\\/#authorImage\",\"url\":\"https:\\\/\\\/canal4nogoya.com\\\/web\\\/wp-content\\\/litespeed\\\/avatar\\\/1df8586f31106921a2f6ae0d9530296b.jpg?ver=1787987515\",\"width\":96,\"height\":96,\"caption\":\"Redacci\\u00f3n\"}},{\"@type\":\"WebPage\",\"@id\":\"https:\\\/\\\/canal4nogoya.com\\\/web\\\/la-inflacion-se-acelero-en-julio-y-se-ubico-en-el-21-segun-el-indec\\\/#webpage\",\"url\":\"https:\\\/\\\/canal4nogoya.com\\\/web\\\/la-inflacion-se-acelero-en-julio-y-se-ubico-en-el-21-segun-el-indec\\\/\",\"name\":\"La inflaci\\u00f3n se aceler\\u00f3 en julio y se ubic\\u00f3 en el 2,1%, seg\\u00fan el Indec - Canal 4 Nogoy\\u00e1\",\"description\":\"El Instituto Nacional de Estad\\u00edstica y Censos (Indec) dio a conocer este jueves el dato de inflaci\\u00f3n del mes de julio, que se ubic\\u00f3 en el 2,1%. Con este dato, los precios acumularon un alza de 19,3% en el a\\u00f1o. Cabe recordar que el \\u00faltimo registro nacional, correspondiente a junio, hab\\u00eda marcado una inflaci\\u00f3n del 1,9%,\",\"inLanguage\":\"es-ES\",\"isPartOf\":{\"@id\":\"https:\\\/\\\/canal4nogoya.com\\\/web\\\/#website\"},\"breadcrumb\":{\"@id\":\"https:\\\/\\\/canal4nogoya.com\\\/web\\\/la-inflacion-se-acelero-en-julio-y-se-ubico-en-el-21-segun-el-indec\\\/#breadcrumblist\"},\"author\":{\"@id\":\"https:\\\/\\\/canal4nogoya.com\\\/web\\\/author\\\/gonzalo\\\/#author\"},\"creator\":{\"@id\":\"https:\\\/\\\/canal4nogoya.com\\\/web\\\/author\\\/gonzalo\\\/#author\"},\"image\":{\"@type\":\"ImageObject\",\"url\":\"https:\\\/\\\/canal4nogoya.com\\\/web\\\/wp-content\\\/uploads\\\/2026\\\/07\\\/1-1-1-1-1-1-1-1-a-bille.webp\",\"@id\":\"https:\\\/\\\/canal4nogoya.com\\\/web\\\/la-inflacion-se-acelero-en-julio-y-se-ubico-en-el-21-segun-el-indec\\\/#mainImage\",\"width\":790,\"height\":444},\"primaryImageOfPage\":{\"@id\":\"https:\\\/\\\/canal4nogoya.com\\\/web\\\/la-inflacion-se-acelero-en-julio-y-se-ubico-en-el-21-segun-el-indec\\\/#mainImage\"},\"datePublished\":\"2026-08-13T16:17:59-03:00\",\"dateModified\":\"2026-08-13T16:18:01-03:00\"},{\"@type\":\"WebSite\",\"@id\":\"https:\\\/\\\/canal4nogoya.com\\\/web\\\/#website\",\"url\":\"https:\\\/\\\/canal4nogoya.com\\\/web\\\/\",\"name\":\"Canal 4 Nogoy\\u00e1\",\"description\":\"Nogoy\\u00e1 Televisora Color\",\"inLanguage\":\"es-ES\",\"publisher\":{\"@id\":\"https:\\\/\\\/canal4nogoya.com\\\/web\\\/#organization\"}}]}\n\t\t<\/script>\n\t\t<!-- All in One SEO -->\n\n","aioseo_head_json":{"title":"La inflaci\u00f3n se aceler\u00f3 en julio y se ubic\u00f3 en el 2,1%, seg\u00fan el Indec - Canal 4 Nogoy\u00e1","description":"El Instituto Nacional de Estad\u00edstica y Censos (Indec) dio a conocer este jueves el dato de inflaci\u00f3n del mes de julio, que se ubic\u00f3 en el 2,1%. Con este dato, los precios acumularon un alza de 19,3% en el a\u00f1o. Cabe recordar que el \u00faltimo registro nacional, correspondiente a junio, hab\u00eda marcado una inflaci\u00f3n del 1,9%,","canonical_url":"https:\/\/canal4nogoya.com\/web\/la-inflacion-se-acelero-en-julio-y-se-ubico-en-el-21-segun-el-indec\/","robots":"max-image-preview:large","keywords":"","webmasterTools":{"miscellaneous":""},"schema":{"@context":"https:\/\/schema.org","@graph":[{"@type":"BlogPosting","@id":"https:\/\/canal4nogoya.com\/web\/la-inflacion-se-acelero-en-julio-y-se-ubico-en-el-21-segun-el-indec\/#blogposting","name":"La inflaci\u00f3n se aceler\u00f3 en julio y se ubic\u00f3 en el 2,1%, seg\u00fan el Indec - Canal 4 Nogoy\u00e1","headline":"La inflaci\u00f3n se aceler\u00f3 en julio y se ubic\u00f3 en el 2,1%, seg\u00fan el Indec","author":{"@id":"https:\/\/canal4nogoya.com\/web\/author\/gonzalo\/#author"},"publisher":{"@id":"https:\/\/canal4nogoya.com\/web\/#organization"},"image":{"@type":"ImageObject","url":"https:\/\/canal4nogoya.com\/web\/wp-content\/uploads\/2026\/07\/1-1-1-1-1-1-1-1-a-bille.webp","width":790,"height":444},"datePublished":"2026-08-13T16:17:59-03:00","dateModified":"2026-08-13T16:18:01-03:00","inLanguage":"es-ES","mainEntityOfPage":{"@id":"https:\/\/canal4nogoya.com\/web\/la-inflacion-se-acelero-en-julio-y-se-ubico-en-el-21-segun-el-indec\/#webpage"},"isPartOf":{"@id":"https:\/\/canal4nogoya.com\/web\/la-inflacion-se-acelero-en-julio-y-se-ubico-en-el-21-segun-el-indec\/#webpage"},"articleSection":"Nacionales"},{"@type":"BreadcrumbList","@id":"https:\/\/canal4nogoya.com\/web\/la-inflacion-se-acelero-en-julio-y-se-ubico-en-el-21-segun-el-indec\/#breadcrumblist","itemListElement":[{"@type":"ListItem","@id":"https:\/\/canal4nogoya.com\/web#listItem","position":1,"name":"Home","item":"https:\/\/canal4nogoya.com\/web","nextItem":{"@type":"ListItem","@id":"https:\/\/canal4nogoya.com\/web\/category\/nacionales\/#listItem","name":"Nacionales"}},{"@type":"ListItem","@id":"https:\/\/canal4nogoya.com\/web\/category\/nacionales\/#listItem","position":2,"name":"Nacionales","item":"https:\/\/canal4nogoya.com\/web\/category\/nacionales\/","nextItem":{"@type":"ListItem","@id":"https:\/\/canal4nogoya.com\/web\/la-inflacion-se-acelero-en-julio-y-se-ubico-en-el-21-segun-el-indec\/#listItem","name":"La inflaci\u00f3n se aceler\u00f3 en julio y se ubic\u00f3 en el 2,1%, seg\u00fan el Indec"},"previousItem":{"@type":"ListItem","@id":"https:\/\/canal4nogoya.com\/web#listItem","name":"Home"}},{"@type":"ListItem","@id":"https:\/\/canal4nogoya.com\/web\/la-inflacion-se-acelero-en-julio-y-se-ubico-en-el-21-segun-el-indec\/#listItem","position":3,"name":"La inflaci\u00f3n se aceler\u00f3 en julio y se ubic\u00f3 en el 2,1%, seg\u00fan el Indec","previousItem":{"@type":"ListItem","@id":"https:\/\/canal4nogoya.com\/web\/category\/nacionales\/#listItem","name":"Nacionales"}}]},{"@type":"Organization","@id":"https:\/\/canal4nogoya.com\/web\/#organization","name":"Canal 4 Nogoy\u00e1","description":"Nogoy\u00e1 Televisora Color","url":"https:\/\/canal4nogoya.com\/web\/","logo":{"@type":"ImageObject","url":"https:\/\/canal4nogoya.com\/web\/wp-content\/uploads\/2025\/04\/logos-fondo-blanco.jpg","@id":"https:\/\/canal4nogoya.com\/web\/la-inflacion-se-acelero-en-julio-y-se-ubico-en-el-21-segun-el-indec\/#organizationLogo","width":2353,"height":1080},"image":{"@id":"https:\/\/canal4nogoya.com\/web\/la-inflacion-se-acelero-en-julio-y-se-ubico-en-el-21-segun-el-indec\/#organizationLogo"}},{"@type":"Person","@id":"https:\/\/canal4nogoya.com\/web\/author\/gonzalo\/#author","url":"https:\/\/canal4nogoya.com\/web\/author\/gonzalo\/","name":"Redacci\u00f3n","image":{"@type":"ImageObject","@id":"https:\/\/canal4nogoya.com\/web\/la-inflacion-se-acelero-en-julio-y-se-ubico-en-el-21-segun-el-indec\/#authorImage","url":"https:\/\/canal4nogoya.com\/web\/wp-content\/litespeed\/avatar\/1df8586f31106921a2f6ae0d9530296b.jpg?ver=1787987515","width":96,"height":96,"caption":"Redacci\u00f3n"}},{"@type":"WebPage","@id":"https:\/\/canal4nogoya.com\/web\/la-inflacion-se-acelero-en-julio-y-se-ubico-en-el-21-segun-el-indec\/#webpage","url":"https:\/\/canal4nogoya.com\/web\/la-inflacion-se-acelero-en-julio-y-se-ubico-en-el-21-segun-el-indec\/","name":"La inflaci\u00f3n se aceler\u00f3 en julio y se ubic\u00f3 en el 2,1%, seg\u00fan el Indec - Canal 4 Nogoy\u00e1","description":"El Instituto Nacional de Estad\u00edstica y Censos (Indec) dio a conocer este jueves el dato de inflaci\u00f3n del mes de julio, que se ubic\u00f3 en el 2,1%. Con este dato, los precios acumularon un alza de 19,3% en el a\u00f1o. Cabe recordar que el \u00faltimo registro nacional, correspondiente a junio, hab\u00eda marcado una inflaci\u00f3n del 1,9%,","inLanguage":"es-ES","isPartOf":{"@id":"https:\/\/canal4nogoya.com\/web\/#website"},"breadcrumb":{"@id":"https:\/\/canal4nogoya.com\/web\/la-inflacion-se-acelero-en-julio-y-se-ubico-en-el-21-segun-el-indec\/#breadcrumblist"},"author":{"@id":"https:\/\/canal4nogoya.com\/web\/author\/gonzalo\/#author"},"creator":{"@id":"https:\/\/canal4nogoya.com\/web\/author\/gonzalo\/#author"},"image":{"@type":"ImageObject","url":"https:\/\/canal4nogoya.com\/web\/wp-content\/uploads\/2026\/07\/1-1-1-1-1-1-1-1-a-bille.webp","@id":"https:\/\/canal4nogoya.com\/web\/la-inflacion-se-acelero-en-julio-y-se-ubico-en-el-21-segun-el-indec\/#mainImage","width":790,"height":444},"primaryImageOfPage":{"@id":"https:\/\/canal4nogoya.com\/web\/la-inflacion-se-acelero-en-julio-y-se-ubico-en-el-21-segun-el-indec\/#mainImage"},"datePublished":"2026-08-13T16:17:59-03:00","dateModified":"2026-08-13T16:18:01-03:00"},{"@type":"WebSite","@id":"https:\/\/canal4nogoya.com\/web\/#website","url":"https:\/\/canal4nogoya.com\/web\/","name":"Canal 4 Nogoy\u00e1","description":"Nogoy\u00e1 Televisora Color","inLanguage":"es-ES","publisher":{"@id":"https:\/\/canal4nogoya.com\/web\/#organization"}}]},"og:locale":"es_ES","og:site_name":"Canal 4 Nogoy\u00e1 - Nogoy\u00e1 Televisora Color","og:type":"article","og:title":"La inflaci\u00f3n se aceler\u00f3 en julio y se ubic\u00f3 en el 2,1%, seg\u00fan el Indec - Canal 4 Nogoy\u00e1","og:description":"El Instituto Nacional de Estad\u00edstica y Censos (Indec) dio a conocer este jueves el dato de inflaci\u00f3n del mes de julio, que se ubic\u00f3 en el 2,1%. Con este dato, los precios acumularon un alza de 19,3% en el a\u00f1o. Cabe recordar que el \u00faltimo registro nacional, correspondiente a junio, hab\u00eda marcado una inflaci\u00f3n del 1,9%,","og:url":"https:\/\/canal4nogoya.com\/web\/la-inflacion-se-acelero-en-julio-y-se-ubico-en-el-21-segun-el-indec\/","og:image":"https:\/\/canal4nogoya.com\/web\/wp-content\/uploads\/2026\/07\/1-1-1-1-1-1-1-1-a-bille.webp","og:image:secure_url":"https:\/\/canal4nogoya.com\/web\/wp-content\/uploads\/2026\/07\/1-1-1-1-1-1-1-1-a-bille.webp","og:image:width":790,"og:image:height":444,"article:published_time":"2026-08-13T19:17:59+00:00","article:modified_time":"2026-08-13T19:18:01+00:00","twitter:card":"summary_large_image","twitter:title":"La inflaci\u00f3n se aceler\u00f3 en julio y se ubic\u00f3 en el 2,1%, seg\u00fan el Indec - Canal 4 Nogoy\u00e1","twitter:description":"El Instituto Nacional de Estad\u00edstica y Censos (Indec) dio a conocer este jueves el dato de inflaci\u00f3n del mes de julio, que se ubic\u00f3 en el 2,1%. Con este dato, los precios acumularon un alza de 19,3% en el a\u00f1o. Cabe recordar que el \u00faltimo registro nacional, correspondiente a junio, hab\u00eda marcado una inflaci\u00f3n del 1,9%,","twitter:image":"https:\/\/canal4nogoya.com\/web\/wp-content\/uploads\/2026\/07\/1-1-1-1-1-1-1-1-a-bille.webp"},"aioseo_meta_data":{"post_id":"4600","title":null,"description":null,"keywords":null,"keyphrases":{"focus":{"keyphrase":"","score":0,"analysis":{"keyphraseInTitle":{"score":0,"maxScore":9,"error":1}}},"additional":[]},"primary_term":null,"canonical_url":null,"og_title":null,"og_description":null,"og_object_type":"default","og_image_type":"default","og_image_url":null,"og_image_width":null,"og_image_height":null,"og_image_custom_url":null,"og_image_custom_fields":null,"og_video":"","og_custom_url":null,"og_article_section":null,"og_article_tags":null,"twitter_use_og":false,"twitter_card":"default","twitter_image_type":"default","twitter_image_url":null,"twitter_image_custom_url":null,"twitter_image_custom_fields":null,"twitter_title":null,"twitter_description":null,"schema":{"blockGraphs":[],"customGraphs":[],"default":{"data":{"Article":[],"Course":[],"Dataset":[],"FAQPage":[],"Movie":[],"Person":[],"Product":[],"ProductReview":[],"Car":[],"Recipe":[],"Service":[],"SoftwareApplication":[],"WebPage":[]},"graphName":"BlogPosting","isEnabled":true},"graphs":[]},"schema_type":"default","schema_type_options":null,"pillar_content":false,"robots_default":true,"robots_noindex":false,"robots_noarchive":false,"robots_nosnippet":false,"robots_nofollow":false,"robots_noimageindex":false,"robots_noodp":false,"robots_notranslate":false,"robots_max_snippet":"-1","robots_max_videopreview":"-1","robots_max_imagepreview":"large","priority":null,"frequency":"default","local_seo":null,"breadcrumb_settings":null,"limit_modified_date":false,"ai":{"faqs":[],"keyPoints":[],"schemas":[],"titles":[],"descriptions":[],"socialPosts":{"email":{"subject":"","preview":"","content":""},"linkedin":[],"twitter":[],"facebook":[],"instagram":[]}},"created":"2026-08-13 19:18:01","updated":"2026-08-14 01:39:43","seo_analyzer_scan_date":null,"focus_keyword":null,"additional_keywords":null,"truseo_locale":null},"aioseo_breadcrumb":"<div class=\"aioseo-breadcrumbs\"><span class=\"aioseo-breadcrumb\">\n\t\t\t<a href=\"https:\/\/canal4nogoya.com\/web\" title=\"Home\">Home<\/a>\n\t\t<\/span><span class=\"aioseo-breadcrumb-separator\">&raquo;<\/span><span class=\"aioseo-breadcrumb\">\n\t\t\t<a href=\"https:\/\/canal4nogoya.com\/web\/category\/nacionales\/\" title=\"Nacionales\">Nacionales<\/a>\n\t\t<\/span><span class=\"aioseo-breadcrumb-separator\">&raquo;<\/span><span class=\"aioseo-breadcrumb\">\n\t\t\tLa inflaci\u00f3n se aceler\u00f3 en julio y se ubic\u00f3 en el 2,1%, seg\u00fan el Indec\n\t\t<\/span><\/div>","aioseo_breadcrumb_json":[{"label":"Home","link":"https:\/\/canal4nogoya.com\/web"},{"label":"Nacionales","link":"https:\/\/canal4nogoya.com\/web\/category\/nacionales\/"},{"label":"La inflaci\u00f3n se aceler\u00f3 en julio y se ubic\u00f3 en el 2,1%, seg\u00fan el Indec","link":"https:\/\/canal4nogoya.com\/web\/la-inflacion-se-acelero-en-julio-y-se-ubico-en-el-21-segun-el-indec\/"}],"jetpack_featured_media_url":"https:\/\/canal4nogoya.com\/web\/wp-content\/uploads\/2026\/07\/1-1-1-1-1-1-1-1-a-bille.webp","_links":{"self":[{"href":"https:\/\/canal4nogoya.com\/web\/wp-json\/wp\/v2\/posts\/4600","targetHints":{"allow":["GET"]}}],"collection":[{"href":"https:\/\/canal4nogoya.com\/web\/wp-json\/wp\/v2\/posts"}],"about":[{"href":"https:\/\/canal4nogoya.com\/web\/wp-json\/wp\/v2\/types\/post"}],"author":[{"embeddable":true,"href":"https:\/\/canal4nogoya.com\/web\/wp-json\/wp\/v2\/users\/3"}],"replies":[{"embeddable":true,"href":"https:\/\/canal4nogoya.com\/web\/wp-json\/wp\/v2\/comments?post=4600"}],"version-history":[{"count":1,"href":"https:\/\/canal4nogoya.com\/web\/wp-json\/wp\/v2\/posts\/4600\/revisions"}],"predecessor-version":[{"id":4601,"href":"https:\/\/canal4nogoya.com\/web\/wp-json\/wp\/v2\/posts\/4600\/revisions\/4601"}],"wp:featuredmedia":[{"embeddable":true,"href":"https:\/\/canal4nogoya.com\/web\/wp-json\/wp\/v2\/media\/4369"}],"wp:attachment":[{"href":"https:\/\/canal4nogoya.com\/web\/wp-json\/wp\/v2\/media?parent=4600"}],"wp:term":[{"taxonomy":"category","embeddable":true,"href":"https:\/\/canal4nogoya.com\/web\/wp-json\/wp\/v2\/categories?post=4600"},{"taxonomy":"post_tag","embeddable":true,"href":"https:\/\/canal4nogoya.com\/web\/wp-json\/wp\/v2\/tags?post=4600"}],"curies":[{"name":"wp","href":"https:\/\/api.w.org\/{rel}","templated":true}]}}