{"id":4602,"date":"2026-08-13T16:22:54","date_gmt":"2026-08-13T19:22:54","guid":{"rendered":"https:\/\/canal4nogoya.com\/web\/?p=4602"},"modified":"2026-08-13T16:22:55","modified_gmt":"2026-08-13T19:22:55","slug":"hernandez-recibe-el-rally-entrerriano","status":"publish","type":"post","link":"https:\/\/canal4nogoya.com\/web\/hernandez-recibe-el-rally-entrerriano\/","title":{"rendered":"Hern\u00e1ndez recibe el Rally Entrerriano"},"content":{"rendered":"\n<p class=\"wp-block-paragraph\"><\/p>\n\n\n\n<p class=\"wp-block-paragraph\">Hern\u00e1ndez se prepara para recibir el rugir de motores de la cuarta jornada de la temporada del Rally Entrerriano Campeonato R\u00edo Uruguay Seguros 2026, que se disputar\u00e1 del 14 al 16 de agosto tras la reprogramaci\u00f3n de la fecha. <\/p>\n\n\n\n<p class=\"wp-block-paragraph\"><\/p>\n\n\n\n<p class=\"wp-block-paragraph\">La competencia contempla un trazado de tres d\u00edas con ocho pruebas especiales que recorrer\u00e1n tambi\u00e9n la zona rural y el enlace con Betbeder.<\/p>\n\n\n\n<p class=\"wp-block-paragraph\"><\/p>\n\n\n\n<p class=\"wp-block-paragraph\">La actividad oficial comenzar\u00e1 el viernes 14 con la realizaci\u00f3n del Shakedown a partir de las 16:00 horas, mientras que el inicio formal tendr\u00e1 lugar a las 20:30 con la Ceremonia de Largada Simb\u00f3lica en la Explanada del Mural a Diego Maradona que contar\u00e1 con la televisaci\u00f3n de Canal 4 Nogoy\u00e1 Televisora Color.  <\/p>\n","protected":false},"excerpt":{"rendered":"<p>Hern\u00e1ndez se prepara para recibir el rugir de motores de la cuarta jornada de la temporada del Rally Entrerriano Campeonato R\u00edo Uruguay Seguros 2026, que se disputar\u00e1 del 14 al 16 de agosto tras la reprogramaci\u00f3n de la fecha. La competencia contempla un trazado de tres d\u00edas con ocho pruebas especiales que recorrer\u00e1n tambi\u00e9n la&#8230;<\/p>\n","protected":false},"author":3,"featured_media":4603,"comment_status":"open","ping_status":"closed","sticky":false,"template":"","format":"standard","meta":{"_monsterinsights_skip_tracking":false,"footnotes":""},"categories":[10],"tags":[],"class_list":["post-4602","post","type-post","status-publish","format-standard","has-post-thumbnail","hentry","category-provinciales"],"aioseo_notices":[],"aioseo_head":"\n\t\t<!-- All in One SEO 5.0.1.1 - aioseo.com -->\n\t<meta name=\"description\" content=\"Hern\u00e1ndez se prepara para recibir el rugir de motores de la cuarta jornada de la temporada del Rally Entrerriano Campeonato R\u00edo Uruguay Seguros 2026, que se disputar\u00e1 del 14 al 16 de agosto tras la reprogramaci\u00f3n de la fecha. La competencia contempla un trazado de tres d\u00edas con ocho pruebas especiales que recorrer\u00e1n tambi\u00e9n la\" \/>\n\t<meta name=\"robots\" content=\"max-image-preview:large\" \/>\n\t<meta name=\"author\" content=\"Redacci\u00f3n\"\/>\n\t<link rel=\"canonical\" href=\"https:\/\/canal4nogoya.com\/web\/hernandez-recibe-el-rally-entrerriano\/\" \/>\n\t<meta name=\"generator\" content=\"All in One SEO (AIOSEO) 5.0.1.1\" \/>\n\t\t<meta property=\"og:locale\" content=\"es_ES\" \/>\n\t\t<meta property=\"og:site_name\" content=\"Canal 4 Nogoy\u00e1 - Nogoy\u00e1 Televisora Color\" \/>\n\t\t<meta property=\"og:type\" content=\"article\" \/>\n\t\t<meta property=\"og:title\" content=\"Hern\u00e1ndez recibe el Rally Entrerriano - Canal 4 Nogoy\u00e1\" \/>\n\t\t<meta property=\"og:description\" content=\"Hern\u00e1ndez se prepara para recibir el rugir de motores de la cuarta jornada de la temporada del Rally Entrerriano Campeonato R\u00edo Uruguay Seguros 2026, que se disputar\u00e1 del 14 al 16 de agosto tras la reprogramaci\u00f3n de la fecha. La competencia contempla un trazado de tres d\u00edas con ocho pruebas especiales que recorrer\u00e1n tambi\u00e9n la\" \/>\n\t\t<meta property=\"og:url\" content=\"https:\/\/canal4nogoya.com\/web\/hernandez-recibe-el-rally-entrerriano\/\" \/>\n\t\t<meta property=\"og:image\" content=\"https:\/\/canal4nogoya.com\/web\/wp-content\/uploads\/2026\/08\/1-1-1-1-1-1-1-a-rly.webp\" \/>\n\t\t<meta property=\"og:image:secure_url\" content=\"https:\/\/canal4nogoya.com\/web\/wp-content\/uploads\/2026\/08\/1-1-1-1-1-1-1-a-rly.webp\" \/>\n\t\t<meta property=\"og:image:width\" content=\"1200\" \/>\n\t\t<meta property=\"og:image:height\" content=\"799\" \/>\n\t\t<meta property=\"article:published_time\" content=\"2026-08-13T19:22:54+00:00\" \/>\n\t\t<meta property=\"article:modified_time\" content=\"2026-08-13T19:22:55+00:00\" \/>\n\t\t<meta name=\"twitter:card\" content=\"summary_large_image\" \/>\n\t\t<meta name=\"twitter:title\" content=\"Hern\u00e1ndez recibe el Rally Entrerriano - Canal 4 Nogoy\u00e1\" \/>\n\t\t<meta name=\"twitter:description\" content=\"Hern\u00e1ndez se prepara para recibir el rugir de motores de la cuarta jornada de la temporada del Rally Entrerriano Campeonato R\u00edo Uruguay Seguros 2026, que se disputar\u00e1 del 14 al 16 de agosto tras la reprogramaci\u00f3n de la fecha. La competencia contempla un trazado de tres d\u00edas con ocho pruebas especiales que recorrer\u00e1n tambi\u00e9n la\" \/>\n\t\t<meta name=\"twitter:image\" content=\"https:\/\/canal4nogoya.com\/web\/wp-content\/uploads\/2026\/08\/1-1-1-1-1-1-1-a-rly.webp\" \/>\n\t\t<script type=\"application\/ld+json\" class=\"aioseo-schema\">\n\t\t\t{\"@context\":\"https:\\\/\\\/schema.org\",\"@graph\":[{\"@type\":\"BlogPosting\",\"@id\":\"https:\\\/\\\/canal4nogoya.com\\\/web\\\/hernandez-recibe-el-rally-entrerriano\\\/#blogposting\",\"name\":\"Hern\\u00e1ndez recibe el Rally Entrerriano - Canal 4 Nogoy\\u00e1\",\"headline\":\"Hern\\u00e1ndez recibe el Rally Entrerriano\",\"author\":{\"@id\":\"https:\\\/\\\/canal4nogoya.com\\\/web\\\/author\\\/gonzalo\\\/#author\"},\"publisher\":{\"@id\":\"https:\\\/\\\/canal4nogoya.com\\\/web\\\/#organization\"},\"image\":{\"@type\":\"ImageObject\",\"url\":\"https:\\\/\\\/canal4nogoya.com\\\/web\\\/wp-content\\\/uploads\\\/2026\\\/08\\\/1-1-1-1-1-1-1-a-rly.webp\",\"width\":1200,\"height\":799},\"datePublished\":\"2026-08-13T16:22:54-03:00\",\"dateModified\":\"2026-08-13T16:22:55-03:00\",\"inLanguage\":\"es-ES\",\"mainEntityOfPage\":{\"@id\":\"https:\\\/\\\/canal4nogoya.com\\\/web\\\/hernandez-recibe-el-rally-entrerriano\\\/#webpage\"},\"isPartOf\":{\"@id\":\"https:\\\/\\\/canal4nogoya.com\\\/web\\\/hernandez-recibe-el-rally-entrerriano\\\/#webpage\"},\"articleSection\":\"Provinciales\"},{\"@type\":\"BreadcrumbList\",\"@id\":\"https:\\\/\\\/canal4nogoya.com\\\/web\\\/hernandez-recibe-el-rally-entrerriano\\\/#breadcrumblist\",\"itemListElement\":[{\"@type\":\"ListItem\",\"@id\":\"https:\\\/\\\/canal4nogoya.com\\\/web#listItem\",\"position\":1,\"name\":\"Home\",\"item\":\"https:\\\/\\\/canal4nogoya.com\\\/web\",\"nextItem\":{\"@type\":\"ListItem\",\"@id\":\"https:\\\/\\\/canal4nogoya.com\\\/web\\\/category\\\/provinciales\\\/#listItem\",\"name\":\"Provinciales\"}},{\"@type\":\"ListItem\",\"@id\":\"https:\\\/\\\/canal4nogoya.com\\\/web\\\/category\\\/provinciales\\\/#listItem\",\"position\":2,\"name\":\"Provinciales\",\"item\":\"https:\\\/\\\/canal4nogoya.com\\\/web\\\/category\\\/provinciales\\\/\",\"nextItem\":{\"@type\":\"ListItem\",\"@id\":\"https:\\\/\\\/canal4nogoya.com\\\/web\\\/hernandez-recibe-el-rally-entrerriano\\\/#listItem\",\"name\":\"Hern\\u00e1ndez recibe el Rally Entrerriano\"},\"previousItem\":{\"@type\":\"ListItem\",\"@id\":\"https:\\\/\\\/canal4nogoya.com\\\/web#listItem\",\"name\":\"Home\"}},{\"@type\":\"ListItem\",\"@id\":\"https:\\\/\\\/canal4nogoya.com\\\/web\\\/hernandez-recibe-el-rally-entrerriano\\\/#listItem\",\"position\":3,\"name\":\"Hern\\u00e1ndez recibe el Rally Entrerriano\",\"previousItem\":{\"@type\":\"ListItem\",\"@id\":\"https:\\\/\\\/canal4nogoya.com\\\/web\\\/category\\\/provinciales\\\/#listItem\",\"name\":\"Provinciales\"}}]},{\"@type\":\"Organization\",\"@id\":\"https:\\\/\\\/canal4nogoya.com\\\/web\\\/#organization\",\"name\":\"Canal 4 Nogoy\\u00e1\",\"description\":\"Nogoy\\u00e1 Televisora Color\",\"url\":\"https:\\\/\\\/canal4nogoya.com\\\/web\\\/\",\"logo\":{\"@type\":\"ImageObject\",\"url\":\"https:\\\/\\\/canal4nogoya.com\\\/web\\\/wp-content\\\/uploads\\\/2025\\\/04\\\/logos-fondo-blanco.jpg\",\"@id\":\"https:\\\/\\\/canal4nogoya.com\\\/web\\\/hernandez-recibe-el-rally-entrerriano\\\/#organizationLogo\",\"width\":2353,\"height\":1080},\"image\":{\"@id\":\"https:\\\/\\\/canal4nogoya.com\\\/web\\\/hernandez-recibe-el-rally-entrerriano\\\/#organizationLogo\"}},{\"@type\":\"Person\",\"@id\":\"https:\\\/\\\/canal4nogoya.com\\\/web\\\/author\\\/gonzalo\\\/#author\",\"url\":\"https:\\\/\\\/canal4nogoya.com\\\/web\\\/author\\\/gonzalo\\\/\",\"name\":\"Redacci\\u00f3n\",\"image\":{\"@type\":\"ImageObject\",\"@id\":\"https:\\\/\\\/canal4nogoya.com\\\/web\\\/hernandez-recibe-el-rally-entrerriano\\\/#authorImage\",\"url\":\"https:\\\/\\\/canal4nogoya.com\\\/web\\\/wp-content\\\/litespeed\\\/avatar\\\/1df8586f31106921a2f6ae0d9530296b.jpg?ver=1787987515\",\"width\":96,\"height\":96,\"caption\":\"Redacci\\u00f3n\"}},{\"@type\":\"WebPage\",\"@id\":\"https:\\\/\\\/canal4nogoya.com\\\/web\\\/hernandez-recibe-el-rally-entrerriano\\\/#webpage\",\"url\":\"https:\\\/\\\/canal4nogoya.com\\\/web\\\/hernandez-recibe-el-rally-entrerriano\\\/\",\"name\":\"Hern\\u00e1ndez recibe el Rally Entrerriano - Canal 4 Nogoy\\u00e1\",\"description\":\"Hern\\u00e1ndez se prepara para recibir el rugir de motores de la cuarta jornada de la temporada del Rally Entrerriano Campeonato R\\u00edo Uruguay Seguros 2026, que se disputar\\u00e1 del 14 al 16 de agosto tras la reprogramaci\\u00f3n de la fecha. La competencia contempla un trazado de tres d\\u00edas con ocho pruebas especiales que recorrer\\u00e1n tambi\\u00e9n la\",\"inLanguage\":\"es-ES\",\"isPartOf\":{\"@id\":\"https:\\\/\\\/canal4nogoya.com\\\/web\\\/#website\"},\"breadcrumb\":{\"@id\":\"https:\\\/\\\/canal4nogoya.com\\\/web\\\/hernandez-recibe-el-rally-entrerriano\\\/#breadcrumblist\"},\"author\":{\"@id\":\"https:\\\/\\\/canal4nogoya.com\\\/web\\\/author\\\/gonzalo\\\/#author\"},\"creator\":{\"@id\":\"https:\\\/\\\/canal4nogoya.com\\\/web\\\/author\\\/gonzalo\\\/#author\"},\"image\":{\"@type\":\"ImageObject\",\"url\":\"https:\\\/\\\/canal4nogoya.com\\\/web\\\/wp-content\\\/uploads\\\/2026\\\/08\\\/1-1-1-1-1-1-1-a-rly.webp\",\"@id\":\"https:\\\/\\\/canal4nogoya.com\\\/web\\\/hernandez-recibe-el-rally-entrerriano\\\/#mainImage\",\"width\":1200,\"height\":799},\"primaryImageOfPage\":{\"@id\":\"https:\\\/\\\/canal4nogoya.com\\\/web\\\/hernandez-recibe-el-rally-entrerriano\\\/#mainImage\"},\"datePublished\":\"2026-08-13T16:22:54-03:00\",\"dateModified\":\"2026-08-13T16:22:55-03:00\"},{\"@type\":\"WebSite\",\"@id\":\"https:\\\/\\\/canal4nogoya.com\\\/web\\\/#website\",\"url\":\"https:\\\/\\\/canal4nogoya.com\\\/web\\\/\",\"name\":\"Canal 4 Nogoy\\u00e1\",\"description\":\"Nogoy\\u00e1 Televisora Color\",\"inLanguage\":\"es-ES\",\"publisher\":{\"@id\":\"https:\\\/\\\/canal4nogoya.com\\\/web\\\/#organization\"}}]}\n\t\t<\/script>\n\t\t<!-- All in One SEO -->\n\n","aioseo_head_json":{"title":"Hern\u00e1ndez recibe el Rally Entrerriano - Canal 4 Nogoy\u00e1","description":"Hern\u00e1ndez se prepara para recibir el rugir de motores de la cuarta jornada de la temporada del Rally Entrerriano Campeonato R\u00edo Uruguay Seguros 2026, que se disputar\u00e1 del 14 al 16 de agosto tras la reprogramaci\u00f3n de la fecha. La competencia contempla un trazado de tres d\u00edas con ocho pruebas especiales que recorrer\u00e1n tambi\u00e9n la","canonical_url":"https:\/\/canal4nogoya.com\/web\/hernandez-recibe-el-rally-entrerriano\/","robots":"max-image-preview:large","keywords":"","webmasterTools":{"miscellaneous":""},"schema":{"@context":"https:\/\/schema.org","@graph":[{"@type":"BlogPosting","@id":"https:\/\/canal4nogoya.com\/web\/hernandez-recibe-el-rally-entrerriano\/#blogposting","name":"Hern\u00e1ndez recibe el Rally Entrerriano - Canal 4 Nogoy\u00e1","headline":"Hern\u00e1ndez recibe el Rally Entrerriano","author":{"@id":"https:\/\/canal4nogoya.com\/web\/author\/gonzalo\/#author"},"publisher":{"@id":"https:\/\/canal4nogoya.com\/web\/#organization"},"image":{"@type":"ImageObject","url":"https:\/\/canal4nogoya.com\/web\/wp-content\/uploads\/2026\/08\/1-1-1-1-1-1-1-a-rly.webp","width":1200,"height":799},"datePublished":"2026-08-13T16:22:54-03:00","dateModified":"2026-08-13T16:22:55-03:00","inLanguage":"es-ES","mainEntityOfPage":{"@id":"https:\/\/canal4nogoya.com\/web\/hernandez-recibe-el-rally-entrerriano\/#webpage"},"isPartOf":{"@id":"https:\/\/canal4nogoya.com\/web\/hernandez-recibe-el-rally-entrerriano\/#webpage"},"articleSection":"Provinciales"},{"@type":"BreadcrumbList","@id":"https:\/\/canal4nogoya.com\/web\/hernandez-recibe-el-rally-entrerriano\/#breadcrumblist","itemListElement":[{"@type":"ListItem","@id":"https:\/\/canal4nogoya.com\/web#listItem","position":1,"name":"Home","item":"https:\/\/canal4nogoya.com\/web","nextItem":{"@type":"ListItem","@id":"https:\/\/canal4nogoya.com\/web\/category\/provinciales\/#listItem","name":"Provinciales"}},{"@type":"ListItem","@id":"https:\/\/canal4nogoya.com\/web\/category\/provinciales\/#listItem","position":2,"name":"Provinciales","item":"https:\/\/canal4nogoya.com\/web\/category\/provinciales\/","nextItem":{"@type":"ListItem","@id":"https:\/\/canal4nogoya.com\/web\/hernandez-recibe-el-rally-entrerriano\/#listItem","name":"Hern\u00e1ndez recibe el Rally Entrerriano"},"previousItem":{"@type":"ListItem","@id":"https:\/\/canal4nogoya.com\/web#listItem","name":"Home"}},{"@type":"ListItem","@id":"https:\/\/canal4nogoya.com\/web\/hernandez-recibe-el-rally-entrerriano\/#listItem","position":3,"name":"Hern\u00e1ndez recibe el Rally Entrerriano","previousItem":{"@type":"ListItem","@id":"https:\/\/canal4nogoya.com\/web\/category\/provinciales\/#listItem","name":"Provinciales"}}]},{"@type":"Organization","@id":"https:\/\/canal4nogoya.com\/web\/#organization","name":"Canal 4 Nogoy\u00e1","description":"Nogoy\u00e1 Televisora Color","url":"https:\/\/canal4nogoya.com\/web\/","logo":{"@type":"ImageObject","url":"https:\/\/canal4nogoya.com\/web\/wp-content\/uploads\/2025\/04\/logos-fondo-blanco.jpg","@id":"https:\/\/canal4nogoya.com\/web\/hernandez-recibe-el-rally-entrerriano\/#organizationLogo","width":2353,"height":1080},"image":{"@id":"https:\/\/canal4nogoya.com\/web\/hernandez-recibe-el-rally-entrerriano\/#organizationLogo"}},{"@type":"Person","@id":"https:\/\/canal4nogoya.com\/web\/author\/gonzalo\/#author","url":"https:\/\/canal4nogoya.com\/web\/author\/gonzalo\/","name":"Redacci\u00f3n","image":{"@type":"ImageObject","@id":"https:\/\/canal4nogoya.com\/web\/hernandez-recibe-el-rally-entrerriano\/#authorImage","url":"https:\/\/canal4nogoya.com\/web\/wp-content\/litespeed\/avatar\/1df8586f31106921a2f6ae0d9530296b.jpg?ver=1787987515","width":96,"height":96,"caption":"Redacci\u00f3n"}},{"@type":"WebPage","@id":"https:\/\/canal4nogoya.com\/web\/hernandez-recibe-el-rally-entrerriano\/#webpage","url":"https:\/\/canal4nogoya.com\/web\/hernandez-recibe-el-rally-entrerriano\/","name":"Hern\u00e1ndez recibe el Rally Entrerriano - Canal 4 Nogoy\u00e1","description":"Hern\u00e1ndez se prepara para recibir el rugir de motores de la cuarta jornada de la temporada del Rally Entrerriano Campeonato R\u00edo Uruguay Seguros 2026, que se disputar\u00e1 del 14 al 16 de agosto tras la reprogramaci\u00f3n de la fecha. La competencia contempla un trazado de tres d\u00edas con ocho pruebas especiales que recorrer\u00e1n tambi\u00e9n la","inLanguage":"es-ES","isPartOf":{"@id":"https:\/\/canal4nogoya.com\/web\/#website"},"breadcrumb":{"@id":"https:\/\/canal4nogoya.com\/web\/hernandez-recibe-el-rally-entrerriano\/#breadcrumblist"},"author":{"@id":"https:\/\/canal4nogoya.com\/web\/author\/gonzalo\/#author"},"creator":{"@id":"https:\/\/canal4nogoya.com\/web\/author\/gonzalo\/#author"},"image":{"@type":"ImageObject","url":"https:\/\/canal4nogoya.com\/web\/wp-content\/uploads\/2026\/08\/1-1-1-1-1-1-1-a-rly.webp","@id":"https:\/\/canal4nogoya.com\/web\/hernandez-recibe-el-rally-entrerriano\/#mainImage","width":1200,"height":799},"primaryImageOfPage":{"@id":"https:\/\/canal4nogoya.com\/web\/hernandez-recibe-el-rally-entrerriano\/#mainImage"},"datePublished":"2026-08-13T16:22:54-03:00","dateModified":"2026-08-13T16:22:55-03:00"},{"@type":"WebSite","@id":"https:\/\/canal4nogoya.com\/web\/#website","url":"https:\/\/canal4nogoya.com\/web\/","name":"Canal 4 Nogoy\u00e1","description":"Nogoy\u00e1 Televisora Color","inLanguage":"es-ES","publisher":{"@id":"https:\/\/canal4nogoya.com\/web\/#organization"}}]},"og:locale":"es_ES","og:site_name":"Canal 4 Nogoy\u00e1 - Nogoy\u00e1 Televisora Color","og:type":"article","og:title":"Hern\u00e1ndez recibe el Rally Entrerriano - Canal 4 Nogoy\u00e1","og:description":"Hern\u00e1ndez se prepara para recibir el rugir de motores de la cuarta jornada de la temporada del Rally Entrerriano Campeonato R\u00edo Uruguay Seguros 2026, que se disputar\u00e1 del 14 al 16 de agosto tras la reprogramaci\u00f3n de la fecha. La competencia contempla un trazado de tres d\u00edas con ocho pruebas especiales que recorrer\u00e1n tambi\u00e9n la","og:url":"https:\/\/canal4nogoya.com\/web\/hernandez-recibe-el-rally-entrerriano\/","og:image":"https:\/\/canal4nogoya.com\/web\/wp-content\/uploads\/2026\/08\/1-1-1-1-1-1-1-a-rly.webp","og:image:secure_url":"https:\/\/canal4nogoya.com\/web\/wp-content\/uploads\/2026\/08\/1-1-1-1-1-1-1-a-rly.webp","og:image:width":1200,"og:image:height":799,"article:published_time":"2026-08-13T19:22:54+00:00","article:modified_time":"2026-08-13T19:22:55+00:00","twitter:card":"summary_large_image","twitter:title":"Hern\u00e1ndez recibe el Rally Entrerriano - Canal 4 Nogoy\u00e1","twitter:description":"Hern\u00e1ndez se prepara para recibir el rugir de motores de la cuarta jornada de la temporada del Rally Entrerriano Campeonato R\u00edo Uruguay Seguros 2026, que se disputar\u00e1 del 14 al 16 de agosto tras la reprogramaci\u00f3n de la fecha. La competencia contempla un trazado de tres d\u00edas con ocho pruebas especiales que recorrer\u00e1n tambi\u00e9n la","twitter:image":"https:\/\/canal4nogoya.com\/web\/wp-content\/uploads\/2026\/08\/1-1-1-1-1-1-1-a-rly.webp"},"aioseo_meta_data":{"post_id":"4602","title":null,"description":null,"keywords":null,"keyphrases":{"focus":{"keyphrase":"","score":0,"analysis":{"keyphraseInTitle":{"score":0,"maxScore":9,"error":1}}},"additional":[]},"primary_term":null,"canonical_url":null,"og_title":null,"og_description":null,"og_object_type":"default","og_image_type":"default","og_image_url":null,"og_image_width":null,"og_image_height":null,"og_image_custom_url":null,"og_image_custom_fields":null,"og_video":"","og_custom_url":null,"og_article_section":null,"og_article_tags":null,"twitter_use_og":false,"twitter_card":"default","twitter_image_type":"default","twitter_image_url":null,"twitter_image_custom_url":null,"twitter_image_custom_fields":null,"twitter_title":null,"twitter_description":null,"schema":{"blockGraphs":[],"customGraphs":[],"default":{"data":{"Article":[],"Course":[],"Dataset":[],"FAQPage":[],"Movie":[],"Person":[],"Product":[],"ProductReview":[],"Car":[],"Recipe":[],"Service":[],"SoftwareApplication":[],"WebPage":[]},"graphName":"BlogPosting","isEnabled":true},"graphs":[]},"schema_type":"default","schema_type_options":null,"pillar_content":false,"robots_default":true,"robots_noindex":false,"robots_noarchive":false,"robots_nosnippet":false,"robots_nofollow":false,"robots_noimageindex":false,"robots_noodp":false,"robots_notranslate":false,"robots_max_snippet":"-1","robots_max_videopreview":"-1","robots_max_imagepreview":"large","priority":null,"frequency":"default","local_seo":null,"breadcrumb_settings":null,"limit_modified_date":false,"ai":{"faqs":[],"keyPoints":[],"schemas":[],"titles":[],"descriptions":[],"socialPosts":{"email":{"subject":"","preview":"","content":""},"linkedin":[],"twitter":[],"facebook":[],"instagram":[]}},"created":"2026-08-13 19:22:55","updated":"2026-08-14 01:39:43","seo_analyzer_scan_date":null,"focus_keyword":null,"additional_keywords":null,"truseo_locale":null},"aioseo_breadcrumb":"<div class=\"aioseo-breadcrumbs\"><span class=\"aioseo-breadcrumb\">\n\t\t\t<a href=\"https:\/\/canal4nogoya.com\/web\" title=\"Home\">Home<\/a>\n\t\t<\/span><span class=\"aioseo-breadcrumb-separator\">&raquo;<\/span><span class=\"aioseo-breadcrumb\">\n\t\t\t<a href=\"https:\/\/canal4nogoya.com\/web\/category\/provinciales\/\" title=\"Provinciales\">Provinciales<\/a>\n\t\t<\/span><span class=\"aioseo-breadcrumb-separator\">&raquo;<\/span><span class=\"aioseo-breadcrumb\">\n\t\t\tHern\u00e1ndez recibe el Rally Entrerriano\n\t\t<\/span><\/div>","aioseo_breadcrumb_json":[{"label":"Home","link":"https:\/\/canal4nogoya.com\/web"},{"label":"Provinciales","link":"https:\/\/canal4nogoya.com\/web\/category\/provinciales\/"},{"label":"Hern\u00e1ndez recibe el Rally Entrerriano","link":"https:\/\/canal4nogoya.com\/web\/hernandez-recibe-el-rally-entrerriano\/"}],"jetpack_featured_media_url":"https:\/\/canal4nogoya.com\/web\/wp-content\/uploads\/2026\/08\/1-1-1-1-1-1-1-a-rly.webp","_links":{"self":[{"href":"https:\/\/canal4nogoya.com\/web\/wp-json\/wp\/v2\/posts\/4602","targetHints":{"allow":["GET"]}}],"collection":[{"href":"https:\/\/canal4nogoya.com\/web\/wp-json\/wp\/v2\/posts"}],"about":[{"href":"https:\/\/canal4nogoya.com\/web\/wp-json\/wp\/v2\/types\/post"}],"author":[{"embeddable":true,"href":"https:\/\/canal4nogoya.com\/web\/wp-json\/wp\/v2\/users\/3"}],"replies":[{"embeddable":true,"href":"https:\/\/canal4nogoya.com\/web\/wp-json\/wp\/v2\/comments?post=4602"}],"version-history":[{"count":1,"href":"https:\/\/canal4nogoya.com\/web\/wp-json\/wp\/v2\/posts\/4602\/revisions"}],"predecessor-version":[{"id":4604,"href":"https:\/\/canal4nogoya.com\/web\/wp-json\/wp\/v2\/posts\/4602\/revisions\/4604"}],"wp:featuredmedia":[{"embeddable":true,"href":"https:\/\/canal4nogoya.com\/web\/wp-json\/wp\/v2\/media\/4603"}],"wp:attachment":[{"href":"https:\/\/canal4nogoya.com\/web\/wp-json\/wp\/v2\/media?parent=4602"}],"wp:term":[{"taxonomy":"category","embeddable":true,"href":"https:\/\/canal4nogoya.com\/web\/wp-json\/wp\/v2\/categories?post=4602"},{"taxonomy":"post_tag","embeddable":true,"href":"https:\/\/canal4nogoya.com\/web\/wp-json\/wp\/v2\/tags?post=4602"}],"curies":[{"name":"wp","href":"https:\/\/api.w.org\/{rel}","templated":true}]}}