{"id":4617,"date":"2026-08-18T17:45:36","date_gmt":"2026-08-18T20:45:36","guid":{"rendered":"https:\/\/canal4nogoya.com\/web\/?p=4617"},"modified":"2026-08-18T17:45:39","modified_gmt":"2026-08-18T20:45:39","slug":"la-inflacion-mayorista-acumulo-311-en-los-ultimos-doce-meses","status":"publish","type":"post","link":"https:\/\/canal4nogoya.com\/web\/la-inflacion-mayorista-acumulo-311-en-los-ultimos-doce-meses\/","title":{"rendered":"La inflaci\u00f3n mayorista acumul\u00f3 31,1% en los \u00faltimos doce meses"},"content":{"rendered":"\n<p class=\"wp-block-paragraph\"><\/p>\n\n\n\n<p class=\"wp-block-paragraph\">La&nbsp;<strong>inflaci\u00f3n mayorista mostr\u00f3 una suba de 0,8% en julio de 2026<\/strong>, una variaci\u00f3n<strong>&nbsp;interanual de 31,1%<\/strong>&nbsp;y un aumento acumulado de 16,6% seg\u00fan el informe oficial del Instituto Nacional de Estad\u00edstica y Censos (Indec).<\/p>\n\n\n\n<p class=\"wp-block-paragraph\">El indicador experiment\u00f3 un&nbsp;<strong>retroceso de 0,3 puntos porcentuales respecto a junio<\/strong>. Al mismo tiempo, volvi\u00f3 a quedar&nbsp;<strong>por debajo del \u00cdndice de Precios al Consumidor (IPC), la inflaci\u00f3n minorista, que avanz\u00f3 2,1% en julio.<\/strong><\/p>\n\n\n\n<p class=\"wp-block-paragraph\">El incremento mensual reflej\u00f3 el comportamiento de los productos nacionales, que tambi\u00e9n avanzaron 0,8%, y de los productos importados, que registraron una variaci\u00f3n de 0,5% respecto al mes anterior.<\/p>\n\n\n\n<p class=\"wp-block-paragraph\"><\/p>\n\n\n\n<p class=\"wp-block-paragraph\">De acuerdo con el reporte difundido por el Indec, las divisiones de productos nacionales con mayor impacto positivo sobre el IPIM fueron \u201cproductos agropecuarios\u201d, aportando 0,39 puntos porcentuales al \u00edndice general, seguidos por \u201csustancias y productos qu\u00edmicos\u201d, con 0,19 puntos, \u201cveh\u00edculos automotores, carrocer\u00edas y repuestos\u201d con 0,17 puntos, y \u201calimentos y bebidas\u201d, con 0,16 puntos. El rubro \u201cpetr\u00f3leo crudo y gas\u201d rest\u00f3 0,91 puntos porcentuales, lo que compens\u00f3 en parte el aumento de otras categor\u00edas.<\/p>\n\n\n\n<p class=\"wp-block-paragraph\"><\/p>\n\n\n\n<p class=\"wp-block-paragraph\"><\/p>\n\n\n\n<p class=\"wp-block-paragraph\"><\/p>\n\n\n\n<p class=\"wp-block-paragraph\"><\/p>\n","protected":false},"excerpt":{"rendered":"<p>La&nbsp;inflaci\u00f3n mayorista mostr\u00f3 una suba de 0,8% en julio de 2026, una variaci\u00f3n&nbsp;interanual de 31,1%&nbsp;y un aumento acumulado de 16,6% seg\u00fan el informe oficial del Instituto Nacional de Estad\u00edstica y Censos (Indec). El indicador experiment\u00f3 un&nbsp;retroceso de 0,3 puntos porcentuales respecto a junio. Al mismo tiempo, volvi\u00f3 a quedar&nbsp;por debajo del \u00cdndice de Precios al&#8230;<\/p>\n","protected":false},"author":3,"featured_media":4618,"comment_status":"open","ping_status":"closed","sticky":false,"template":"","format":"standard","meta":{"_monsterinsights_skip_tracking":false,"footnotes":""},"categories":[9],"tags":[],"class_list":["post-4617","post","type-post","status-publish","format-standard","has-post-thumbnail","hentry","category-nacionales"],"aioseo_notices":[],"aioseo_head":"\n\t\t<!-- All in One SEO 5.0.1.1 - aioseo.com -->\n\t<meta name=\"description\" content=\"La inflaci\u00f3n mayorista mostr\u00f3 una suba de 0,8% en julio de 2026, una variaci\u00f3n interanual de 31,1% y un aumento acumulado de 16,6% seg\u00fan el informe oficial del Instituto Nacional de Estad\u00edstica y Censos (Indec). El indicador experiment\u00f3 un retroceso de 0,3 puntos porcentuales respecto a junio. Al mismo tiempo, volvi\u00f3 a quedar por debajo del \u00cdndice de Precios al\" \/>\n\t<meta name=\"robots\" content=\"max-image-preview:large\" \/>\n\t<meta name=\"author\" content=\"Redacci\u00f3n\"\/>\n\t<link rel=\"canonical\" href=\"https:\/\/canal4nogoya.com\/web\/la-inflacion-mayorista-acumulo-311-en-los-ultimos-doce-meses\/\" \/>\n\t<meta name=\"generator\" content=\"All in One SEO (AIOSEO) 5.0.1.1\" \/>\n\t\t<meta property=\"og:locale\" content=\"es_ES\" \/>\n\t\t<meta property=\"og:site_name\" content=\"Canal 4 Nogoy\u00e1 - Nogoy\u00e1 Televisora Color\" \/>\n\t\t<meta property=\"og:type\" content=\"article\" \/>\n\t\t<meta property=\"og:title\" content=\"La inflaci\u00f3n mayorista acumul\u00f3 31,1% en los \u00faltimos doce meses - Canal 4 Nogoy\u00e1\" \/>\n\t\t<meta property=\"og:description\" content=\"La inflaci\u00f3n mayorista mostr\u00f3 una suba de 0,8% en julio de 2026, una variaci\u00f3n interanual de 31,1% y un aumento acumulado de 16,6% seg\u00fan el informe oficial del Instituto Nacional de Estad\u00edstica y Censos (Indec). El indicador experiment\u00f3 un retroceso de 0,3 puntos porcentuales respecto a junio. Al mismo tiempo, volvi\u00f3 a quedar por debajo del \u00cdndice de Precios al\" \/>\n\t\t<meta property=\"og:url\" content=\"https:\/\/canal4nogoya.com\/web\/la-inflacion-mayorista-acumulo-311-en-los-ultimos-doce-meses\/\" \/>\n\t\t<meta property=\"og:image\" content=\"https:\/\/canal4nogoya.com\/web\/wp-content\/uploads\/2026\/08\/1-1-1-1-1-1-1-1-1-a-E-Infl.webp\" \/>\n\t\t<meta property=\"og:image:secure_url\" content=\"https:\/\/canal4nogoya.com\/web\/wp-content\/uploads\/2026\/08\/1-1-1-1-1-1-1-1-1-a-E-Infl.webp\" \/>\n\t\t<meta property=\"og:image:width\" content=\"1000\" \/>\n\t\t<meta property=\"og:image:height\" content=\"653\" \/>\n\t\t<meta property=\"article:published_time\" content=\"2026-08-18T20:45:36+00:00\" \/>\n\t\t<meta property=\"article:modified_time\" content=\"2026-08-18T20:45:39+00:00\" \/>\n\t\t<meta name=\"twitter:card\" content=\"summary_large_image\" \/>\n\t\t<meta name=\"twitter:title\" content=\"La inflaci\u00f3n mayorista acumul\u00f3 31,1% en los \u00faltimos doce meses - Canal 4 Nogoy\u00e1\" \/>\n\t\t<meta name=\"twitter:description\" content=\"La inflaci\u00f3n mayorista mostr\u00f3 una suba de 0,8% en julio de 2026, una variaci\u00f3n interanual de 31,1% y un aumento acumulado de 16,6% seg\u00fan el informe oficial del Instituto Nacional de Estad\u00edstica y Censos (Indec). El indicador experiment\u00f3 un retroceso de 0,3 puntos porcentuales respecto a junio. Al mismo tiempo, volvi\u00f3 a quedar por debajo del \u00cdndice de Precios al\" \/>\n\t\t<meta name=\"twitter:image\" content=\"https:\/\/canal4nogoya.com\/web\/wp-content\/uploads\/2026\/08\/1-1-1-1-1-1-1-1-1-a-E-Infl.webp\" \/>\n\t\t<script type=\"application\/ld+json\" class=\"aioseo-schema\">\n\t\t\t{\"@context\":\"https:\\\/\\\/schema.org\",\"@graph\":[{\"@type\":\"BlogPosting\",\"@id\":\"https:\\\/\\\/canal4nogoya.com\\\/web\\\/la-inflacion-mayorista-acumulo-311-en-los-ultimos-doce-meses\\\/#blogposting\",\"name\":\"La inflaci\\u00f3n mayorista acumul\\u00f3 31,1% en los \\u00faltimos doce meses - Canal 4 Nogoy\\u00e1\",\"headline\":\"La inflaci\\u00f3n mayorista acumul\\u00f3 31,1% en los \\u00faltimos doce meses\",\"author\":{\"@id\":\"https:\\\/\\\/canal4nogoya.com\\\/web\\\/author\\\/gonzalo\\\/#author\"},\"publisher\":{\"@id\":\"https:\\\/\\\/canal4nogoya.com\\\/web\\\/#organization\"},\"image\":{\"@type\":\"ImageObject\",\"url\":\"https:\\\/\\\/canal4nogoya.com\\\/web\\\/wp-content\\\/uploads\\\/2026\\\/08\\\/1-1-1-1-1-1-1-1-1-a-E-Infl.webp\",\"width\":1000,\"height\":653},\"datePublished\":\"2026-08-18T17:45:36-03:00\",\"dateModified\":\"2026-08-18T17:45:39-03:00\",\"inLanguage\":\"es-ES\",\"mainEntityOfPage\":{\"@id\":\"https:\\\/\\\/canal4nogoya.com\\\/web\\\/la-inflacion-mayorista-acumulo-311-en-los-ultimos-doce-meses\\\/#webpage\"},\"isPartOf\":{\"@id\":\"https:\\\/\\\/canal4nogoya.com\\\/web\\\/la-inflacion-mayorista-acumulo-311-en-los-ultimos-doce-meses\\\/#webpage\"},\"articleSection\":\"Nacionales\"},{\"@type\":\"BreadcrumbList\",\"@id\":\"https:\\\/\\\/canal4nogoya.com\\\/web\\\/la-inflacion-mayorista-acumulo-311-en-los-ultimos-doce-meses\\\/#breadcrumblist\",\"itemListElement\":[{\"@type\":\"ListItem\",\"@id\":\"https:\\\/\\\/canal4nogoya.com\\\/web#listItem\",\"position\":1,\"name\":\"Home\",\"item\":\"https:\\\/\\\/canal4nogoya.com\\\/web\",\"nextItem\":{\"@type\":\"ListItem\",\"@id\":\"https:\\\/\\\/canal4nogoya.com\\\/web\\\/category\\\/nacionales\\\/#listItem\",\"name\":\"Nacionales\"}},{\"@type\":\"ListItem\",\"@id\":\"https:\\\/\\\/canal4nogoya.com\\\/web\\\/category\\\/nacionales\\\/#listItem\",\"position\":2,\"name\":\"Nacionales\",\"item\":\"https:\\\/\\\/canal4nogoya.com\\\/web\\\/category\\\/nacionales\\\/\",\"nextItem\":{\"@type\":\"ListItem\",\"@id\":\"https:\\\/\\\/canal4nogoya.com\\\/web\\\/la-inflacion-mayorista-acumulo-311-en-los-ultimos-doce-meses\\\/#listItem\",\"name\":\"La inflaci\\u00f3n mayorista acumul\\u00f3 31,1% en los \\u00faltimos doce meses\"},\"previousItem\":{\"@type\":\"ListItem\",\"@id\":\"https:\\\/\\\/canal4nogoya.com\\\/web#listItem\",\"name\":\"Home\"}},{\"@type\":\"ListItem\",\"@id\":\"https:\\\/\\\/canal4nogoya.com\\\/web\\\/la-inflacion-mayorista-acumulo-311-en-los-ultimos-doce-meses\\\/#listItem\",\"position\":3,\"name\":\"La inflaci\\u00f3n mayorista acumul\\u00f3 31,1% en los \\u00faltimos doce meses\",\"previousItem\":{\"@type\":\"ListItem\",\"@id\":\"https:\\\/\\\/canal4nogoya.com\\\/web\\\/category\\\/nacionales\\\/#listItem\",\"name\":\"Nacionales\"}}]},{\"@type\":\"Organization\",\"@id\":\"https:\\\/\\\/canal4nogoya.com\\\/web\\\/#organization\",\"name\":\"Canal 4 Nogoy\\u00e1\",\"description\":\"Nogoy\\u00e1 Televisora Color\",\"url\":\"https:\\\/\\\/canal4nogoya.com\\\/web\\\/\",\"logo\":{\"@type\":\"ImageObject\",\"url\":\"https:\\\/\\\/canal4nogoya.com\\\/web\\\/wp-content\\\/uploads\\\/2025\\\/04\\\/logos-fondo-blanco.jpg\",\"@id\":\"https:\\\/\\\/canal4nogoya.com\\\/web\\\/la-inflacion-mayorista-acumulo-311-en-los-ultimos-doce-meses\\\/#organizationLogo\",\"width\":2353,\"height\":1080},\"image\":{\"@id\":\"https:\\\/\\\/canal4nogoya.com\\\/web\\\/la-inflacion-mayorista-acumulo-311-en-los-ultimos-doce-meses\\\/#organizationLogo\"}},{\"@type\":\"Person\",\"@id\":\"https:\\\/\\\/canal4nogoya.com\\\/web\\\/author\\\/gonzalo\\\/#author\",\"url\":\"https:\\\/\\\/canal4nogoya.com\\\/web\\\/author\\\/gonzalo\\\/\",\"name\":\"Redacci\\u00f3n\",\"image\":{\"@type\":\"ImageObject\",\"@id\":\"https:\\\/\\\/canal4nogoya.com\\\/web\\\/la-inflacion-mayorista-acumulo-311-en-los-ultimos-doce-meses\\\/#authorImage\",\"url\":\"https:\\\/\\\/canal4nogoya.com\\\/web\\\/wp-content\\\/litespeed\\\/avatar\\\/1df8586f31106921a2f6ae0d9530296b.jpg?ver=1787987515\",\"width\":96,\"height\":96,\"caption\":\"Redacci\\u00f3n\"}},{\"@type\":\"WebPage\",\"@id\":\"https:\\\/\\\/canal4nogoya.com\\\/web\\\/la-inflacion-mayorista-acumulo-311-en-los-ultimos-doce-meses\\\/#webpage\",\"url\":\"https:\\\/\\\/canal4nogoya.com\\\/web\\\/la-inflacion-mayorista-acumulo-311-en-los-ultimos-doce-meses\\\/\",\"name\":\"La inflaci\\u00f3n mayorista acumul\\u00f3 31,1% en los \\u00faltimos doce meses - Canal 4 Nogoy\\u00e1\",\"description\":\"La inflaci\\u00f3n mayorista mostr\\u00f3 una suba de 0,8% en julio de 2026, una variaci\\u00f3n interanual de 31,1% y un aumento acumulado de 16,6% seg\\u00fan el informe oficial del Instituto Nacional de Estad\\u00edstica y Censos (Indec). El indicador experiment\\u00f3 un retroceso de 0,3 puntos porcentuales respecto a junio. Al mismo tiempo, volvi\\u00f3 a quedar por debajo del \\u00cdndice de Precios al\",\"inLanguage\":\"es-ES\",\"isPartOf\":{\"@id\":\"https:\\\/\\\/canal4nogoya.com\\\/web\\\/#website\"},\"breadcrumb\":{\"@id\":\"https:\\\/\\\/canal4nogoya.com\\\/web\\\/la-inflacion-mayorista-acumulo-311-en-los-ultimos-doce-meses\\\/#breadcrumblist\"},\"author\":{\"@id\":\"https:\\\/\\\/canal4nogoya.com\\\/web\\\/author\\\/gonzalo\\\/#author\"},\"creator\":{\"@id\":\"https:\\\/\\\/canal4nogoya.com\\\/web\\\/author\\\/gonzalo\\\/#author\"},\"image\":{\"@type\":\"ImageObject\",\"url\":\"https:\\\/\\\/canal4nogoya.com\\\/web\\\/wp-content\\\/uploads\\\/2026\\\/08\\\/1-1-1-1-1-1-1-1-1-a-E-Infl.webp\",\"@id\":\"https:\\\/\\\/canal4nogoya.com\\\/web\\\/la-inflacion-mayorista-acumulo-311-en-los-ultimos-doce-meses\\\/#mainImage\",\"width\":1000,\"height\":653},\"primaryImageOfPage\":{\"@id\":\"https:\\\/\\\/canal4nogoya.com\\\/web\\\/la-inflacion-mayorista-acumulo-311-en-los-ultimos-doce-meses\\\/#mainImage\"},\"datePublished\":\"2026-08-18T17:45:36-03:00\",\"dateModified\":\"2026-08-18T17:45:39-03:00\"},{\"@type\":\"WebSite\",\"@id\":\"https:\\\/\\\/canal4nogoya.com\\\/web\\\/#website\",\"url\":\"https:\\\/\\\/canal4nogoya.com\\\/web\\\/\",\"name\":\"Canal 4 Nogoy\\u00e1\",\"description\":\"Nogoy\\u00e1 Televisora Color\",\"inLanguage\":\"es-ES\",\"publisher\":{\"@id\":\"https:\\\/\\\/canal4nogoya.com\\\/web\\\/#organization\"}}]}\n\t\t<\/script>\n\t\t<!-- All in One SEO -->\n\n","aioseo_head_json":{"title":"La inflaci\u00f3n mayorista acumul\u00f3 31,1% en los \u00faltimos doce meses - Canal 4 Nogoy\u00e1","description":"La inflaci\u00f3n mayorista mostr\u00f3 una suba de 0,8% en julio de 2026, una variaci\u00f3n interanual de 31,1% y un aumento acumulado de 16,6% seg\u00fan el informe oficial del Instituto Nacional de Estad\u00edstica y Censos (Indec). El indicador experiment\u00f3 un retroceso de 0,3 puntos porcentuales respecto a junio. Al mismo tiempo, volvi\u00f3 a quedar por debajo del \u00cdndice de Precios al","canonical_url":"https:\/\/canal4nogoya.com\/web\/la-inflacion-mayorista-acumulo-311-en-los-ultimos-doce-meses\/","robots":"max-image-preview:large","keywords":"","webmasterTools":{"miscellaneous":""},"schema":{"@context":"https:\/\/schema.org","@graph":[{"@type":"BlogPosting","@id":"https:\/\/canal4nogoya.com\/web\/la-inflacion-mayorista-acumulo-311-en-los-ultimos-doce-meses\/#blogposting","name":"La inflaci\u00f3n mayorista acumul\u00f3 31,1% en los \u00faltimos doce meses - Canal 4 Nogoy\u00e1","headline":"La inflaci\u00f3n mayorista acumul\u00f3 31,1% en los \u00faltimos doce meses","author":{"@id":"https:\/\/canal4nogoya.com\/web\/author\/gonzalo\/#author"},"publisher":{"@id":"https:\/\/canal4nogoya.com\/web\/#organization"},"image":{"@type":"ImageObject","url":"https:\/\/canal4nogoya.com\/web\/wp-content\/uploads\/2026\/08\/1-1-1-1-1-1-1-1-1-a-E-Infl.webp","width":1000,"height":653},"datePublished":"2026-08-18T17:45:36-03:00","dateModified":"2026-08-18T17:45:39-03:00","inLanguage":"es-ES","mainEntityOfPage":{"@id":"https:\/\/canal4nogoya.com\/web\/la-inflacion-mayorista-acumulo-311-en-los-ultimos-doce-meses\/#webpage"},"isPartOf":{"@id":"https:\/\/canal4nogoya.com\/web\/la-inflacion-mayorista-acumulo-311-en-los-ultimos-doce-meses\/#webpage"},"articleSection":"Nacionales"},{"@type":"BreadcrumbList","@id":"https:\/\/canal4nogoya.com\/web\/la-inflacion-mayorista-acumulo-311-en-los-ultimos-doce-meses\/#breadcrumblist","itemListElement":[{"@type":"ListItem","@id":"https:\/\/canal4nogoya.com\/web#listItem","position":1,"name":"Home","item":"https:\/\/canal4nogoya.com\/web","nextItem":{"@type":"ListItem","@id":"https:\/\/canal4nogoya.com\/web\/category\/nacionales\/#listItem","name":"Nacionales"}},{"@type":"ListItem","@id":"https:\/\/canal4nogoya.com\/web\/category\/nacionales\/#listItem","position":2,"name":"Nacionales","item":"https:\/\/canal4nogoya.com\/web\/category\/nacionales\/","nextItem":{"@type":"ListItem","@id":"https:\/\/canal4nogoya.com\/web\/la-inflacion-mayorista-acumulo-311-en-los-ultimos-doce-meses\/#listItem","name":"La inflaci\u00f3n mayorista acumul\u00f3 31,1% en los \u00faltimos doce meses"},"previousItem":{"@type":"ListItem","@id":"https:\/\/canal4nogoya.com\/web#listItem","name":"Home"}},{"@type":"ListItem","@id":"https:\/\/canal4nogoya.com\/web\/la-inflacion-mayorista-acumulo-311-en-los-ultimos-doce-meses\/#listItem","position":3,"name":"La inflaci\u00f3n mayorista acumul\u00f3 31,1% en los \u00faltimos doce meses","previousItem":{"@type":"ListItem","@id":"https:\/\/canal4nogoya.com\/web\/category\/nacionales\/#listItem","name":"Nacionales"}}]},{"@type":"Organization","@id":"https:\/\/canal4nogoya.com\/web\/#organization","name":"Canal 4 Nogoy\u00e1","description":"Nogoy\u00e1 Televisora Color","url":"https:\/\/canal4nogoya.com\/web\/","logo":{"@type":"ImageObject","url":"https:\/\/canal4nogoya.com\/web\/wp-content\/uploads\/2025\/04\/logos-fondo-blanco.jpg","@id":"https:\/\/canal4nogoya.com\/web\/la-inflacion-mayorista-acumulo-311-en-los-ultimos-doce-meses\/#organizationLogo","width":2353,"height":1080},"image":{"@id":"https:\/\/canal4nogoya.com\/web\/la-inflacion-mayorista-acumulo-311-en-los-ultimos-doce-meses\/#organizationLogo"}},{"@type":"Person","@id":"https:\/\/canal4nogoya.com\/web\/author\/gonzalo\/#author","url":"https:\/\/canal4nogoya.com\/web\/author\/gonzalo\/","name":"Redacci\u00f3n","image":{"@type":"ImageObject","@id":"https:\/\/canal4nogoya.com\/web\/la-inflacion-mayorista-acumulo-311-en-los-ultimos-doce-meses\/#authorImage","url":"https:\/\/canal4nogoya.com\/web\/wp-content\/litespeed\/avatar\/1df8586f31106921a2f6ae0d9530296b.jpg?ver=1787987515","width":96,"height":96,"caption":"Redacci\u00f3n"}},{"@type":"WebPage","@id":"https:\/\/canal4nogoya.com\/web\/la-inflacion-mayorista-acumulo-311-en-los-ultimos-doce-meses\/#webpage","url":"https:\/\/canal4nogoya.com\/web\/la-inflacion-mayorista-acumulo-311-en-los-ultimos-doce-meses\/","name":"La inflaci\u00f3n mayorista acumul\u00f3 31,1% en los \u00faltimos doce meses - Canal 4 Nogoy\u00e1","description":"La inflaci\u00f3n mayorista mostr\u00f3 una suba de 0,8% en julio de 2026, una variaci\u00f3n interanual de 31,1% y un aumento acumulado de 16,6% seg\u00fan el informe oficial del Instituto Nacional de Estad\u00edstica y Censos (Indec). El indicador experiment\u00f3 un retroceso de 0,3 puntos porcentuales respecto a junio. Al mismo tiempo, volvi\u00f3 a quedar por debajo del \u00cdndice de Precios al","inLanguage":"es-ES","isPartOf":{"@id":"https:\/\/canal4nogoya.com\/web\/#website"},"breadcrumb":{"@id":"https:\/\/canal4nogoya.com\/web\/la-inflacion-mayorista-acumulo-311-en-los-ultimos-doce-meses\/#breadcrumblist"},"author":{"@id":"https:\/\/canal4nogoya.com\/web\/author\/gonzalo\/#author"},"creator":{"@id":"https:\/\/canal4nogoya.com\/web\/author\/gonzalo\/#author"},"image":{"@type":"ImageObject","url":"https:\/\/canal4nogoya.com\/web\/wp-content\/uploads\/2026\/08\/1-1-1-1-1-1-1-1-1-a-E-Infl.webp","@id":"https:\/\/canal4nogoya.com\/web\/la-inflacion-mayorista-acumulo-311-en-los-ultimos-doce-meses\/#mainImage","width":1000,"height":653},"primaryImageOfPage":{"@id":"https:\/\/canal4nogoya.com\/web\/la-inflacion-mayorista-acumulo-311-en-los-ultimos-doce-meses\/#mainImage"},"datePublished":"2026-08-18T17:45:36-03:00","dateModified":"2026-08-18T17:45:39-03:00"},{"@type":"WebSite","@id":"https:\/\/canal4nogoya.com\/web\/#website","url":"https:\/\/canal4nogoya.com\/web\/","name":"Canal 4 Nogoy\u00e1","description":"Nogoy\u00e1 Televisora Color","inLanguage":"es-ES","publisher":{"@id":"https:\/\/canal4nogoya.com\/web\/#organization"}}]},"og:locale":"es_ES","og:site_name":"Canal 4 Nogoy\u00e1 - Nogoy\u00e1 Televisora Color","og:type":"article","og:title":"La inflaci\u00f3n mayorista acumul\u00f3 31,1% en los \u00faltimos doce meses - Canal 4 Nogoy\u00e1","og:description":"La inflaci\u00f3n mayorista mostr\u00f3 una suba de 0,8% en julio de 2026, una variaci\u00f3n interanual de 31,1% y un aumento acumulado de 16,6% seg\u00fan el informe oficial del Instituto Nacional de Estad\u00edstica y Censos (Indec). El indicador experiment\u00f3 un retroceso de 0,3 puntos porcentuales respecto a junio. Al mismo tiempo, volvi\u00f3 a quedar por debajo del \u00cdndice de Precios al","og:url":"https:\/\/canal4nogoya.com\/web\/la-inflacion-mayorista-acumulo-311-en-los-ultimos-doce-meses\/","og:image":"https:\/\/canal4nogoya.com\/web\/wp-content\/uploads\/2026\/08\/1-1-1-1-1-1-1-1-1-a-E-Infl.webp","og:image:secure_url":"https:\/\/canal4nogoya.com\/web\/wp-content\/uploads\/2026\/08\/1-1-1-1-1-1-1-1-1-a-E-Infl.webp","og:image:width":1000,"og:image:height":653,"article:published_time":"2026-08-18T20:45:36+00:00","article:modified_time":"2026-08-18T20:45:39+00:00","twitter:card":"summary_large_image","twitter:title":"La inflaci\u00f3n mayorista acumul\u00f3 31,1% en los \u00faltimos doce meses - Canal 4 Nogoy\u00e1","twitter:description":"La inflaci\u00f3n mayorista mostr\u00f3 una suba de 0,8% en julio de 2026, una variaci\u00f3n interanual de 31,1% y un aumento acumulado de 16,6% seg\u00fan el informe oficial del Instituto Nacional de Estad\u00edstica y Censos (Indec). El indicador experiment\u00f3 un retroceso de 0,3 puntos porcentuales respecto a junio. Al mismo tiempo, volvi\u00f3 a quedar por debajo del \u00cdndice de Precios al","twitter:image":"https:\/\/canal4nogoya.com\/web\/wp-content\/uploads\/2026\/08\/1-1-1-1-1-1-1-1-1-a-E-Infl.webp"},"aioseo_meta_data":{"post_id":"4617","title":null,"description":null,"keywords":null,"keyphrases":{"focus":{"keyphrase":"","score":0,"analysis":{"keyphraseInTitle":{"score":0,"maxScore":9,"error":1}}},"additional":[]},"primary_term":null,"canonical_url":null,"og_title":null,"og_description":null,"og_object_type":"default","og_image_type":"default","og_image_url":null,"og_image_width":null,"og_image_height":null,"og_image_custom_url":null,"og_image_custom_fields":null,"og_video":"","og_custom_url":null,"og_article_section":null,"og_article_tags":null,"twitter_use_og":false,"twitter_card":"default","twitter_image_type":"default","twitter_image_url":null,"twitter_image_custom_url":null,"twitter_image_custom_fields":null,"twitter_title":null,"twitter_description":null,"schema":{"blockGraphs":[],"customGraphs":[],"default":{"data":{"Article":[],"Course":[],"Dataset":[],"FAQPage":[],"Movie":[],"Person":[],"Product":[],"ProductReview":[],"Car":[],"Recipe":[],"Service":[],"SoftwareApplication":[],"WebPage":[]},"graphName":"BlogPosting","isEnabled":true},"graphs":[]},"schema_type":"default","schema_type_options":null,"pillar_content":false,"robots_default":true,"robots_noindex":false,"robots_noarchive":false,"robots_nosnippet":false,"robots_nofollow":false,"robots_noimageindex":false,"robots_noodp":false,"robots_notranslate":false,"robots_max_snippet":"-1","robots_max_videopreview":"-1","robots_max_imagepreview":"large","priority":null,"frequency":"default","local_seo":null,"breadcrumb_settings":null,"limit_modified_date":false,"ai":{"faqs":[],"keyPoints":[],"schemas":[],"titles":[],"descriptions":[],"socialPosts":{"email":{"subject":"","preview":"","content":""},"linkedin":[],"twitter":[],"facebook":[],"instagram":[]}},"created":"2026-08-18 20:45:39","updated":"2026-08-18 21:12:16","seo_analyzer_scan_date":null,"focus_keyword":null,"additional_keywords":null,"truseo_locale":null},"aioseo_breadcrumb":"<div class=\"aioseo-breadcrumbs\"><span class=\"aioseo-breadcrumb\">\n\t\t\t<a href=\"https:\/\/canal4nogoya.com\/web\" title=\"Home\">Home<\/a>\n\t\t<\/span><span class=\"aioseo-breadcrumb-separator\">&raquo;<\/span><span class=\"aioseo-breadcrumb\">\n\t\t\t<a href=\"https:\/\/canal4nogoya.com\/web\/category\/nacionales\/\" title=\"Nacionales\">Nacionales<\/a>\n\t\t<\/span><span class=\"aioseo-breadcrumb-separator\">&raquo;<\/span><span class=\"aioseo-breadcrumb\">\n\t\t\tLa inflaci\u00f3n mayorista acumul\u00f3 31,1% en los \u00faltimos doce meses\n\t\t<\/span><\/div>","aioseo_breadcrumb_json":[{"label":"Home","link":"https:\/\/canal4nogoya.com\/web"},{"label":"Nacionales","link":"https:\/\/canal4nogoya.com\/web\/category\/nacionales\/"},{"label":"La inflaci\u00f3n mayorista acumul\u00f3 31,1% en los \u00faltimos doce meses","link":"https:\/\/canal4nogoya.com\/web\/la-inflacion-mayorista-acumulo-311-en-los-ultimos-doce-meses\/"}],"jetpack_featured_media_url":"https:\/\/canal4nogoya.com\/web\/wp-content\/uploads\/2026\/08\/1-1-1-1-1-1-1-1-1-a-E-Infl.webp","_links":{"self":[{"href":"https:\/\/canal4nogoya.com\/web\/wp-json\/wp\/v2\/posts\/4617","targetHints":{"allow":["GET"]}}],"collection":[{"href":"https:\/\/canal4nogoya.com\/web\/wp-json\/wp\/v2\/posts"}],"about":[{"href":"https:\/\/canal4nogoya.com\/web\/wp-json\/wp\/v2\/types\/post"}],"author":[{"embeddable":true,"href":"https:\/\/canal4nogoya.com\/web\/wp-json\/wp\/v2\/users\/3"}],"replies":[{"embeddable":true,"href":"https:\/\/canal4nogoya.com\/web\/wp-json\/wp\/v2\/comments?post=4617"}],"version-history":[{"count":1,"href":"https:\/\/canal4nogoya.com\/web\/wp-json\/wp\/v2\/posts\/4617\/revisions"}],"predecessor-version":[{"id":4619,"href":"https:\/\/canal4nogoya.com\/web\/wp-json\/wp\/v2\/posts\/4617\/revisions\/4619"}],"wp:featuredmedia":[{"embeddable":true,"href":"https:\/\/canal4nogoya.com\/web\/wp-json\/wp\/v2\/media\/4618"}],"wp:attachment":[{"href":"https:\/\/canal4nogoya.com\/web\/wp-json\/wp\/v2\/media?parent=4617"}],"wp:term":[{"taxonomy":"category","embeddable":true,"href":"https:\/\/canal4nogoya.com\/web\/wp-json\/wp\/v2\/categories?post=4617"},{"taxonomy":"post_tag","embeddable":true,"href":"https:\/\/canal4nogoya.com\/web\/wp-json\/wp\/v2\/tags?post=4617"}],"curies":[{"name":"wp","href":"https:\/\/api.w.org\/{rel}","templated":true}]}}