{"id":4627,"date":"2026-08-18T22:21:48","date_gmt":"2026-08-19T01:21:48","guid":{"rendered":"https:\/\/canal4nogoya.com\/web\/?p=4627"},"modified":"2026-08-18T22:21:50","modified_gmt":"2026-08-19T01:21:50","slug":"los-autos-del-tc-recorreran-las-calles-de-parana","status":"publish","type":"post","link":"https:\/\/canal4nogoya.com\/web\/los-autos-del-tc-recorreran-las-calles-de-parana\/","title":{"rendered":"Los autos del TC recorreran las calles de Paran\u00e1"},"content":{"rendered":"\n<p class=\"wp-block-paragraph\"><\/p>\n\n\n\n<p class=\"wp-block-paragraph\">Los&nbsp;<strong>autos del TC por las calles de Paran\u00e1<\/strong>&nbsp;ser\u00e1n una de las principales atracciones de la previa de la fecha que el Turismo Carretera disputar\u00e1 este fin de semana en el aut\u00f3dromo del Club de Volantes Entrerrianos. La actividad se realizar\u00e1 este viernes 21 de agosto, desde las 18:30, y permitir\u00e1 que el p\u00fablico pueda observar de cerca a pilotos y veh\u00edculos de la categor\u00eda.<\/p>\n\n\n\n<p class=\"wp-block-paragraph\">La propuesta tendr\u00e1 como escenario el Parque Urquiza y formar\u00e1 parte de las actividades organizadas antes de la competencia que marcar\u00e1 el cierre de la etapa regular del campeonato. De esta manera, el Turismo Carretera trasladar\u00e1 parte del espect\u00e1culo desde el circuito hacia uno de los espacios m\u00e1s emblem\u00e1ticos de la capital entrerriana.<\/p>\n\n\n\n<p class=\"wp-block-paragraph\"><\/p>\n\n\n\n<p class=\"wp-block-paragraph\">Desde el Club de Volantes Entrerrianos (CVE) invitaron a los fan\u00e1ticos a participar del encuentro y anticiparon la presencia de protagonistas de la categor\u00eda.\u00a0<strong>\u201c\u00a1El TC sale a las calles de Paran\u00e1! Ven\u00ed a vivirlo de cerca: los pilotos, los autos y toda la pasi\u00f3n del Turismo Carretera en un encuentro imperdible\u201d<\/strong>, expresaron desde la entidad a trav\u00e9s de sus redes sociales.<\/p>\n\n\n\n<p class=\"wp-block-paragraph\"><\/p>\n\n\n\n<p class=\"wp-block-paragraph\">El recorrido de los autos del Turismo Carretera comenzar\u00e1 a las 18,30 hs en la\u00a0<strong>estaci\u00f3n de servicios Shell ubicada sobre avenida Laurencena<\/strong>, desde donde los veh\u00edculos iniciar\u00e1n su paso por las calles de Paran\u00e1.<\/p>\n\n\n\n<p class=\"wp-block-paragraph\">Desde ese punto, los autos&nbsp;<strong>subir\u00e1n por avenida Luis Etchevehere<\/strong>&nbsp;y posteriormente continuar\u00e1n por&nbsp;<strong>Alameda de la Federaci\u00f3n<\/strong>, en pleno Parque Urquiza.<\/p>\n\n\n\n<p class=\"wp-block-paragraph\"><\/p>\n\n\n\n<p class=\"wp-block-paragraph\">El trayecto finalizar\u00e1 en el sector del\u00a0<strong>Monumento a Justo Jos\u00e9 de Urquiza<\/strong>, donde se concentrar\u00e1 parte de la actividad prevista para acercar a los pilotos y veh\u00edculos de la categor\u00eda al p\u00fablico.<\/p>\n\n\n\n<p class=\"wp-block-paragraph\"><\/p>\n\n\n\n<p class=\"wp-block-paragraph\">Fuente: El Once<\/p>\n\n\n\n<p class=\"wp-block-paragraph\"><\/p>\n\n\n\n<p class=\"wp-block-paragraph\"><\/p>\n","protected":false},"excerpt":{"rendered":"<p>Los&nbsp;autos del TC por las calles de Paran\u00e1&nbsp;ser\u00e1n una de las principales atracciones de la previa de la fecha que el Turismo Carretera disputar\u00e1 este fin de semana en el aut\u00f3dromo del Club de Volantes Entrerrianos. La actividad se realizar\u00e1 este viernes 21 de agosto, desde las 18:30, y permitir\u00e1 que el p\u00fablico pueda observar&#8230;<\/p>\n","protected":false},"author":3,"featured_media":4628,"comment_status":"open","ping_status":"closed","sticky":false,"template":"","format":"standard","meta":{"_monsterinsights_skip_tracking":false,"footnotes":""},"categories":[10],"tags":[],"class_list":["post-4627","post","type-post","status-publish","format-standard","has-post-thumbnail","hentry","category-provinciales"],"aioseo_notices":[],"aioseo_head":"\n\t\t<!-- All in One SEO 5.0.1.1 - aioseo.com -->\n\t<meta name=\"description\" content=\"Los autos del TC por las calles de Paran\u00e1 ser\u00e1n una de las principales atracciones de la previa de la fecha que el Turismo Carretera disputar\u00e1 este fin de semana en el aut\u00f3dromo del Club de Volantes Entrerrianos. La actividad se realizar\u00e1 este viernes 21 de agosto, desde las 18:30, y permitir\u00e1 que el p\u00fablico pueda observar\" \/>\n\t<meta name=\"robots\" content=\"max-image-preview:large\" \/>\n\t<meta name=\"author\" content=\"Redacci\u00f3n\"\/>\n\t<link rel=\"canonical\" href=\"https:\/\/canal4nogoya.com\/web\/los-autos-del-tc-recorreran-las-calles-de-parana\/\" \/>\n\t<meta name=\"generator\" content=\"All in One SEO (AIOSEO) 5.0.1.1\" \/>\n\t\t<meta property=\"og:locale\" content=\"es_ES\" \/>\n\t\t<meta property=\"og:site_name\" content=\"Canal 4 Nogoy\u00e1 - Nogoy\u00e1 Televisora Color\" \/>\n\t\t<meta property=\"og:type\" content=\"article\" \/>\n\t\t<meta property=\"og:title\" content=\"Los autos del TC recorreran las calles de Paran\u00e1 - Canal 4 Nogoy\u00e1\" \/>\n\t\t<meta property=\"og:description\" content=\"Los autos del TC por las calles de Paran\u00e1 ser\u00e1n una de las principales atracciones de la previa de la fecha que el Turismo Carretera disputar\u00e1 este fin de semana en el aut\u00f3dromo del Club de Volantes Entrerrianos. La actividad se realizar\u00e1 este viernes 21 de agosto, desde las 18:30, y permitir\u00e1 que el p\u00fablico pueda observar\" \/>\n\t\t<meta property=\"og:url\" content=\"https:\/\/canal4nogoya.com\/web\/los-autos-del-tc-recorreran-las-calles-de-parana\/\" \/>\n\t\t<meta property=\"og:image\" content=\"https:\/\/canal4nogoya.com\/web\/wp-content\/uploads\/2026\/08\/1-1-1-1-1-1-MW.webp\" \/>\n\t\t<meta property=\"og:image:secure_url\" content=\"https:\/\/canal4nogoya.com\/web\/wp-content\/uploads\/2026\/08\/1-1-1-1-1-1-MW.webp\" \/>\n\t\t<meta property=\"og:image:width\" content=\"1200\" \/>\n\t\t<meta property=\"og:image:height\" content=\"800\" \/>\n\t\t<meta property=\"article:published_time\" content=\"2026-08-19T01:21:48+00:00\" \/>\n\t\t<meta property=\"article:modified_time\" content=\"2026-08-19T01:21:50+00:00\" \/>\n\t\t<meta name=\"twitter:card\" content=\"summary_large_image\" \/>\n\t\t<meta name=\"twitter:title\" content=\"Los autos del TC recorreran las calles de Paran\u00e1 - Canal 4 Nogoy\u00e1\" \/>\n\t\t<meta name=\"twitter:description\" content=\"Los autos del TC por las calles de Paran\u00e1 ser\u00e1n una de las principales atracciones de la previa de la fecha que el Turismo Carretera disputar\u00e1 este fin de semana en el aut\u00f3dromo del Club de Volantes Entrerrianos. La actividad se realizar\u00e1 este viernes 21 de agosto, desde las 18:30, y permitir\u00e1 que el p\u00fablico pueda observar\" \/>\n\t\t<meta name=\"twitter:image\" content=\"https:\/\/canal4nogoya.com\/web\/wp-content\/uploads\/2026\/08\/1-1-1-1-1-1-MW.webp\" \/>\n\t\t<script type=\"application\/ld+json\" class=\"aioseo-schema\">\n\t\t\t{\"@context\":\"https:\\\/\\\/schema.org\",\"@graph\":[{\"@type\":\"BlogPosting\",\"@id\":\"https:\\\/\\\/canal4nogoya.com\\\/web\\\/los-autos-del-tc-recorreran-las-calles-de-parana\\\/#blogposting\",\"name\":\"Los autos del TC recorreran las calles de Paran\\u00e1 - Canal 4 Nogoy\\u00e1\",\"headline\":\"Los autos del TC recorreran las calles de Paran\\u00e1\",\"author\":{\"@id\":\"https:\\\/\\\/canal4nogoya.com\\\/web\\\/author\\\/gonzalo\\\/#author\"},\"publisher\":{\"@id\":\"https:\\\/\\\/canal4nogoya.com\\\/web\\\/#organization\"},\"image\":{\"@type\":\"ImageObject\",\"url\":\"https:\\\/\\\/canal4nogoya.com\\\/web\\\/wp-content\\\/uploads\\\/2026\\\/08\\\/1-1-1-1-1-1-MW.webp\",\"width\":1200,\"height\":800},\"datePublished\":\"2026-08-18T22:21:48-03:00\",\"dateModified\":\"2026-08-18T22:21:50-03:00\",\"inLanguage\":\"es-ES\",\"mainEntityOfPage\":{\"@id\":\"https:\\\/\\\/canal4nogoya.com\\\/web\\\/los-autos-del-tc-recorreran-las-calles-de-parana\\\/#webpage\"},\"isPartOf\":{\"@id\":\"https:\\\/\\\/canal4nogoya.com\\\/web\\\/los-autos-del-tc-recorreran-las-calles-de-parana\\\/#webpage\"},\"articleSection\":\"Provinciales\"},{\"@type\":\"BreadcrumbList\",\"@id\":\"https:\\\/\\\/canal4nogoya.com\\\/web\\\/los-autos-del-tc-recorreran-las-calles-de-parana\\\/#breadcrumblist\",\"itemListElement\":[{\"@type\":\"ListItem\",\"@id\":\"https:\\\/\\\/canal4nogoya.com\\\/web#listItem\",\"position\":1,\"name\":\"Home\",\"item\":\"https:\\\/\\\/canal4nogoya.com\\\/web\",\"nextItem\":{\"@type\":\"ListItem\",\"@id\":\"https:\\\/\\\/canal4nogoya.com\\\/web\\\/category\\\/provinciales\\\/#listItem\",\"name\":\"Provinciales\"}},{\"@type\":\"ListItem\",\"@id\":\"https:\\\/\\\/canal4nogoya.com\\\/web\\\/category\\\/provinciales\\\/#listItem\",\"position\":2,\"name\":\"Provinciales\",\"item\":\"https:\\\/\\\/canal4nogoya.com\\\/web\\\/category\\\/provinciales\\\/\",\"nextItem\":{\"@type\":\"ListItem\",\"@id\":\"https:\\\/\\\/canal4nogoya.com\\\/web\\\/los-autos-del-tc-recorreran-las-calles-de-parana\\\/#listItem\",\"name\":\"Los autos del TC recorreran las calles de Paran\\u00e1\"},\"previousItem\":{\"@type\":\"ListItem\",\"@id\":\"https:\\\/\\\/canal4nogoya.com\\\/web#listItem\",\"name\":\"Home\"}},{\"@type\":\"ListItem\",\"@id\":\"https:\\\/\\\/canal4nogoya.com\\\/web\\\/los-autos-del-tc-recorreran-las-calles-de-parana\\\/#listItem\",\"position\":3,\"name\":\"Los autos del TC recorreran las calles de Paran\\u00e1\",\"previousItem\":{\"@type\":\"ListItem\",\"@id\":\"https:\\\/\\\/canal4nogoya.com\\\/web\\\/category\\\/provinciales\\\/#listItem\",\"name\":\"Provinciales\"}}]},{\"@type\":\"Organization\",\"@id\":\"https:\\\/\\\/canal4nogoya.com\\\/web\\\/#organization\",\"name\":\"Canal 4 Nogoy\\u00e1\",\"description\":\"Nogoy\\u00e1 Televisora Color\",\"url\":\"https:\\\/\\\/canal4nogoya.com\\\/web\\\/\",\"logo\":{\"@type\":\"ImageObject\",\"url\":\"https:\\\/\\\/canal4nogoya.com\\\/web\\\/wp-content\\\/uploads\\\/2025\\\/04\\\/logos-fondo-blanco.jpg\",\"@id\":\"https:\\\/\\\/canal4nogoya.com\\\/web\\\/los-autos-del-tc-recorreran-las-calles-de-parana\\\/#organizationLogo\",\"width\":2353,\"height\":1080},\"image\":{\"@id\":\"https:\\\/\\\/canal4nogoya.com\\\/web\\\/los-autos-del-tc-recorreran-las-calles-de-parana\\\/#organizationLogo\"}},{\"@type\":\"Person\",\"@id\":\"https:\\\/\\\/canal4nogoya.com\\\/web\\\/author\\\/gonzalo\\\/#author\",\"url\":\"https:\\\/\\\/canal4nogoya.com\\\/web\\\/author\\\/gonzalo\\\/\",\"name\":\"Redacci\\u00f3n\",\"image\":{\"@type\":\"ImageObject\",\"@id\":\"https:\\\/\\\/canal4nogoya.com\\\/web\\\/los-autos-del-tc-recorreran-las-calles-de-parana\\\/#authorImage\",\"url\":\"https:\\\/\\\/canal4nogoya.com\\\/web\\\/wp-content\\\/litespeed\\\/avatar\\\/1df8586f31106921a2f6ae0d9530296b.jpg?ver=1787987515\",\"width\":96,\"height\":96,\"caption\":\"Redacci\\u00f3n\"}},{\"@type\":\"WebPage\",\"@id\":\"https:\\\/\\\/canal4nogoya.com\\\/web\\\/los-autos-del-tc-recorreran-las-calles-de-parana\\\/#webpage\",\"url\":\"https:\\\/\\\/canal4nogoya.com\\\/web\\\/los-autos-del-tc-recorreran-las-calles-de-parana\\\/\",\"name\":\"Los autos del TC recorreran las calles de Paran\\u00e1 - Canal 4 Nogoy\\u00e1\",\"description\":\"Los autos del TC por las calles de Paran\\u00e1 ser\\u00e1n una de las principales atracciones de la previa de la fecha que el Turismo Carretera disputar\\u00e1 este fin de semana en el aut\\u00f3dromo del Club de Volantes Entrerrianos. La actividad se realizar\\u00e1 este viernes 21 de agosto, desde las 18:30, y permitir\\u00e1 que el p\\u00fablico pueda observar\",\"inLanguage\":\"es-ES\",\"isPartOf\":{\"@id\":\"https:\\\/\\\/canal4nogoya.com\\\/web\\\/#website\"},\"breadcrumb\":{\"@id\":\"https:\\\/\\\/canal4nogoya.com\\\/web\\\/los-autos-del-tc-recorreran-las-calles-de-parana\\\/#breadcrumblist\"},\"author\":{\"@id\":\"https:\\\/\\\/canal4nogoya.com\\\/web\\\/author\\\/gonzalo\\\/#author\"},\"creator\":{\"@id\":\"https:\\\/\\\/canal4nogoya.com\\\/web\\\/author\\\/gonzalo\\\/#author\"},\"image\":{\"@type\":\"ImageObject\",\"url\":\"https:\\\/\\\/canal4nogoya.com\\\/web\\\/wp-content\\\/uploads\\\/2026\\\/08\\\/1-1-1-1-1-1-MW.webp\",\"@id\":\"https:\\\/\\\/canal4nogoya.com\\\/web\\\/los-autos-del-tc-recorreran-las-calles-de-parana\\\/#mainImage\",\"width\":1200,\"height\":800},\"primaryImageOfPage\":{\"@id\":\"https:\\\/\\\/canal4nogoya.com\\\/web\\\/los-autos-del-tc-recorreran-las-calles-de-parana\\\/#mainImage\"},\"datePublished\":\"2026-08-18T22:21:48-03:00\",\"dateModified\":\"2026-08-18T22:21:50-03:00\"},{\"@type\":\"WebSite\",\"@id\":\"https:\\\/\\\/canal4nogoya.com\\\/web\\\/#website\",\"url\":\"https:\\\/\\\/canal4nogoya.com\\\/web\\\/\",\"name\":\"Canal 4 Nogoy\\u00e1\",\"description\":\"Nogoy\\u00e1 Televisora Color\",\"inLanguage\":\"es-ES\",\"publisher\":{\"@id\":\"https:\\\/\\\/canal4nogoya.com\\\/web\\\/#organization\"}}]}\n\t\t<\/script>\n\t\t<!-- All in One SEO -->\n\n","aioseo_head_json":{"title":"Los autos del TC recorreran las calles de Paran\u00e1 - Canal 4 Nogoy\u00e1","description":"Los autos del TC por las calles de Paran\u00e1 ser\u00e1n una de las principales atracciones de la previa de la fecha que el Turismo Carretera disputar\u00e1 este fin de semana en el aut\u00f3dromo del Club de Volantes Entrerrianos. La actividad se realizar\u00e1 este viernes 21 de agosto, desde las 18:30, y permitir\u00e1 que el p\u00fablico pueda observar","canonical_url":"https:\/\/canal4nogoya.com\/web\/los-autos-del-tc-recorreran-las-calles-de-parana\/","robots":"max-image-preview:large","keywords":"","webmasterTools":{"miscellaneous":""},"schema":{"@context":"https:\/\/schema.org","@graph":[{"@type":"BlogPosting","@id":"https:\/\/canal4nogoya.com\/web\/los-autos-del-tc-recorreran-las-calles-de-parana\/#blogposting","name":"Los autos del TC recorreran las calles de Paran\u00e1 - Canal 4 Nogoy\u00e1","headline":"Los autos del TC recorreran las calles de Paran\u00e1","author":{"@id":"https:\/\/canal4nogoya.com\/web\/author\/gonzalo\/#author"},"publisher":{"@id":"https:\/\/canal4nogoya.com\/web\/#organization"},"image":{"@type":"ImageObject","url":"https:\/\/canal4nogoya.com\/web\/wp-content\/uploads\/2026\/08\/1-1-1-1-1-1-MW.webp","width":1200,"height":800},"datePublished":"2026-08-18T22:21:48-03:00","dateModified":"2026-08-18T22:21:50-03:00","inLanguage":"es-ES","mainEntityOfPage":{"@id":"https:\/\/canal4nogoya.com\/web\/los-autos-del-tc-recorreran-las-calles-de-parana\/#webpage"},"isPartOf":{"@id":"https:\/\/canal4nogoya.com\/web\/los-autos-del-tc-recorreran-las-calles-de-parana\/#webpage"},"articleSection":"Provinciales"},{"@type":"BreadcrumbList","@id":"https:\/\/canal4nogoya.com\/web\/los-autos-del-tc-recorreran-las-calles-de-parana\/#breadcrumblist","itemListElement":[{"@type":"ListItem","@id":"https:\/\/canal4nogoya.com\/web#listItem","position":1,"name":"Home","item":"https:\/\/canal4nogoya.com\/web","nextItem":{"@type":"ListItem","@id":"https:\/\/canal4nogoya.com\/web\/category\/provinciales\/#listItem","name":"Provinciales"}},{"@type":"ListItem","@id":"https:\/\/canal4nogoya.com\/web\/category\/provinciales\/#listItem","position":2,"name":"Provinciales","item":"https:\/\/canal4nogoya.com\/web\/category\/provinciales\/","nextItem":{"@type":"ListItem","@id":"https:\/\/canal4nogoya.com\/web\/los-autos-del-tc-recorreran-las-calles-de-parana\/#listItem","name":"Los autos del TC recorreran las calles de Paran\u00e1"},"previousItem":{"@type":"ListItem","@id":"https:\/\/canal4nogoya.com\/web#listItem","name":"Home"}},{"@type":"ListItem","@id":"https:\/\/canal4nogoya.com\/web\/los-autos-del-tc-recorreran-las-calles-de-parana\/#listItem","position":3,"name":"Los autos del TC recorreran las calles de Paran\u00e1","previousItem":{"@type":"ListItem","@id":"https:\/\/canal4nogoya.com\/web\/category\/provinciales\/#listItem","name":"Provinciales"}}]},{"@type":"Organization","@id":"https:\/\/canal4nogoya.com\/web\/#organization","name":"Canal 4 Nogoy\u00e1","description":"Nogoy\u00e1 Televisora Color","url":"https:\/\/canal4nogoya.com\/web\/","logo":{"@type":"ImageObject","url":"https:\/\/canal4nogoya.com\/web\/wp-content\/uploads\/2025\/04\/logos-fondo-blanco.jpg","@id":"https:\/\/canal4nogoya.com\/web\/los-autos-del-tc-recorreran-las-calles-de-parana\/#organizationLogo","width":2353,"height":1080},"image":{"@id":"https:\/\/canal4nogoya.com\/web\/los-autos-del-tc-recorreran-las-calles-de-parana\/#organizationLogo"}},{"@type":"Person","@id":"https:\/\/canal4nogoya.com\/web\/author\/gonzalo\/#author","url":"https:\/\/canal4nogoya.com\/web\/author\/gonzalo\/","name":"Redacci\u00f3n","image":{"@type":"ImageObject","@id":"https:\/\/canal4nogoya.com\/web\/los-autos-del-tc-recorreran-las-calles-de-parana\/#authorImage","url":"https:\/\/canal4nogoya.com\/web\/wp-content\/litespeed\/avatar\/1df8586f31106921a2f6ae0d9530296b.jpg?ver=1787987515","width":96,"height":96,"caption":"Redacci\u00f3n"}},{"@type":"WebPage","@id":"https:\/\/canal4nogoya.com\/web\/los-autos-del-tc-recorreran-las-calles-de-parana\/#webpage","url":"https:\/\/canal4nogoya.com\/web\/los-autos-del-tc-recorreran-las-calles-de-parana\/","name":"Los autos del TC recorreran las calles de Paran\u00e1 - Canal 4 Nogoy\u00e1","description":"Los autos del TC por las calles de Paran\u00e1 ser\u00e1n una de las principales atracciones de la previa de la fecha que el Turismo Carretera disputar\u00e1 este fin de semana en el aut\u00f3dromo del Club de Volantes Entrerrianos. La actividad se realizar\u00e1 este viernes 21 de agosto, desde las 18:30, y permitir\u00e1 que el p\u00fablico pueda observar","inLanguage":"es-ES","isPartOf":{"@id":"https:\/\/canal4nogoya.com\/web\/#website"},"breadcrumb":{"@id":"https:\/\/canal4nogoya.com\/web\/los-autos-del-tc-recorreran-las-calles-de-parana\/#breadcrumblist"},"author":{"@id":"https:\/\/canal4nogoya.com\/web\/author\/gonzalo\/#author"},"creator":{"@id":"https:\/\/canal4nogoya.com\/web\/author\/gonzalo\/#author"},"image":{"@type":"ImageObject","url":"https:\/\/canal4nogoya.com\/web\/wp-content\/uploads\/2026\/08\/1-1-1-1-1-1-MW.webp","@id":"https:\/\/canal4nogoya.com\/web\/los-autos-del-tc-recorreran-las-calles-de-parana\/#mainImage","width":1200,"height":800},"primaryImageOfPage":{"@id":"https:\/\/canal4nogoya.com\/web\/los-autos-del-tc-recorreran-las-calles-de-parana\/#mainImage"},"datePublished":"2026-08-18T22:21:48-03:00","dateModified":"2026-08-18T22:21:50-03:00"},{"@type":"WebSite","@id":"https:\/\/canal4nogoya.com\/web\/#website","url":"https:\/\/canal4nogoya.com\/web\/","name":"Canal 4 Nogoy\u00e1","description":"Nogoy\u00e1 Televisora Color","inLanguage":"es-ES","publisher":{"@id":"https:\/\/canal4nogoya.com\/web\/#organization"}}]},"og:locale":"es_ES","og:site_name":"Canal 4 Nogoy\u00e1 - Nogoy\u00e1 Televisora Color","og:type":"article","og:title":"Los autos del TC recorreran las calles de Paran\u00e1 - Canal 4 Nogoy\u00e1","og:description":"Los autos del TC por las calles de Paran\u00e1 ser\u00e1n una de las principales atracciones de la previa de la fecha que el Turismo Carretera disputar\u00e1 este fin de semana en el aut\u00f3dromo del Club de Volantes Entrerrianos. La actividad se realizar\u00e1 este viernes 21 de agosto, desde las 18:30, y permitir\u00e1 que el p\u00fablico pueda observar","og:url":"https:\/\/canal4nogoya.com\/web\/los-autos-del-tc-recorreran-las-calles-de-parana\/","og:image":"https:\/\/canal4nogoya.com\/web\/wp-content\/uploads\/2026\/08\/1-1-1-1-1-1-MW.webp","og:image:secure_url":"https:\/\/canal4nogoya.com\/web\/wp-content\/uploads\/2026\/08\/1-1-1-1-1-1-MW.webp","og:image:width":1200,"og:image:height":800,"article:published_time":"2026-08-19T01:21:48+00:00","article:modified_time":"2026-08-19T01:21:50+00:00","twitter:card":"summary_large_image","twitter:title":"Los autos del TC recorreran las calles de Paran\u00e1 - Canal 4 Nogoy\u00e1","twitter:description":"Los autos del TC por las calles de Paran\u00e1 ser\u00e1n una de las principales atracciones de la previa de la fecha que el Turismo Carretera disputar\u00e1 este fin de semana en el aut\u00f3dromo del Club de Volantes Entrerrianos. La actividad se realizar\u00e1 este viernes 21 de agosto, desde las 18:30, y permitir\u00e1 que el p\u00fablico pueda observar","twitter:image":"https:\/\/canal4nogoya.com\/web\/wp-content\/uploads\/2026\/08\/1-1-1-1-1-1-MW.webp"},"aioseo_meta_data":{"post_id":"4627","title":null,"description":null,"keywords":null,"keyphrases":{"focus":{"keyphrase":"","score":0,"analysis":{"keyphraseInTitle":{"score":0,"maxScore":9,"error":1}}},"additional":[]},"primary_term":null,"canonical_url":null,"og_title":null,"og_description":null,"og_object_type":"default","og_image_type":"default","og_image_url":null,"og_image_width":null,"og_image_height":null,"og_image_custom_url":null,"og_image_custom_fields":null,"og_video":"","og_custom_url":null,"og_article_section":null,"og_article_tags":null,"twitter_use_og":false,"twitter_card":"default","twitter_image_type":"default","twitter_image_url":null,"twitter_image_custom_url":null,"twitter_image_custom_fields":null,"twitter_title":null,"twitter_description":null,"schema":{"blockGraphs":[],"customGraphs":[],"default":{"data":{"Article":[],"Course":[],"Dataset":[],"FAQPage":[],"Movie":[],"Person":[],"Product":[],"ProductReview":[],"Car":[],"Recipe":[],"Service":[],"SoftwareApplication":[],"WebPage":[]},"graphName":"BlogPosting","isEnabled":true},"graphs":[]},"schema_type":"default","schema_type_options":null,"pillar_content":false,"robots_default":true,"robots_noindex":false,"robots_noarchive":false,"robots_nosnippet":false,"robots_nofollow":false,"robots_noimageindex":false,"robots_noodp":false,"robots_notranslate":false,"robots_max_snippet":"-1","robots_max_videopreview":"-1","robots_max_imagepreview":"large","priority":null,"frequency":"default","local_seo":null,"breadcrumb_settings":null,"limit_modified_date":false,"ai":{"faqs":[],"keyPoints":[],"schemas":[],"titles":[],"descriptions":[],"socialPosts":{"email":{"subject":"","preview":"","content":""},"linkedin":[],"twitter":[],"facebook":[],"instagram":[]}},"created":"2026-08-19 01:21:50","updated":"2026-08-19 03:12:02","seo_analyzer_scan_date":null,"focus_keyword":null,"additional_keywords":null,"truseo_locale":null},"aioseo_breadcrumb":"<div class=\"aioseo-breadcrumbs\"><span class=\"aioseo-breadcrumb\">\n\t\t\t<a href=\"https:\/\/canal4nogoya.com\/web\" title=\"Home\">Home<\/a>\n\t\t<\/span><span class=\"aioseo-breadcrumb-separator\">&raquo;<\/span><span class=\"aioseo-breadcrumb\">\n\t\t\t<a href=\"https:\/\/canal4nogoya.com\/web\/category\/provinciales\/\" title=\"Provinciales\">Provinciales<\/a>\n\t\t<\/span><span class=\"aioseo-breadcrumb-separator\">&raquo;<\/span><span class=\"aioseo-breadcrumb\">\n\t\t\tLos autos del TC recorreran las calles de Paran\u00e1\n\t\t<\/span><\/div>","aioseo_breadcrumb_json":[{"label":"Home","link":"https:\/\/canal4nogoya.com\/web"},{"label":"Provinciales","link":"https:\/\/canal4nogoya.com\/web\/category\/provinciales\/"},{"label":"Los autos del TC recorreran las calles de Paran\u00e1","link":"https:\/\/canal4nogoya.com\/web\/los-autos-del-tc-recorreran-las-calles-de-parana\/"}],"jetpack_featured_media_url":"https:\/\/canal4nogoya.com\/web\/wp-content\/uploads\/2026\/08\/1-1-1-1-1-1-MW.webp","_links":{"self":[{"href":"https:\/\/canal4nogoya.com\/web\/wp-json\/wp\/v2\/posts\/4627","targetHints":{"allow":["GET"]}}],"collection":[{"href":"https:\/\/canal4nogoya.com\/web\/wp-json\/wp\/v2\/posts"}],"about":[{"href":"https:\/\/canal4nogoya.com\/web\/wp-json\/wp\/v2\/types\/post"}],"author":[{"embeddable":true,"href":"https:\/\/canal4nogoya.com\/web\/wp-json\/wp\/v2\/users\/3"}],"replies":[{"embeddable":true,"href":"https:\/\/canal4nogoya.com\/web\/wp-json\/wp\/v2\/comments?post=4627"}],"version-history":[{"count":1,"href":"https:\/\/canal4nogoya.com\/web\/wp-json\/wp\/v2\/posts\/4627\/revisions"}],"predecessor-version":[{"id":4629,"href":"https:\/\/canal4nogoya.com\/web\/wp-json\/wp\/v2\/posts\/4627\/revisions\/4629"}],"wp:featuredmedia":[{"embeddable":true,"href":"https:\/\/canal4nogoya.com\/web\/wp-json\/wp\/v2\/media\/4628"}],"wp:attachment":[{"href":"https:\/\/canal4nogoya.com\/web\/wp-json\/wp\/v2\/media?parent=4627"}],"wp:term":[{"taxonomy":"category","embeddable":true,"href":"https:\/\/canal4nogoya.com\/web\/wp-json\/wp\/v2\/categories?post=4627"},{"taxonomy":"post_tag","embeddable":true,"href":"https:\/\/canal4nogoya.com\/web\/wp-json\/wp\/v2\/tags?post=4627"}],"curies":[{"name":"wp","href":"https:\/\/api.w.org\/{rel}","templated":true}]}}