{"id":4633,"date":"2026-08-19T15:30:11","date_gmt":"2026-08-19T18:30:11","guid":{"rendered":"https:\/\/canal4nogoya.com\/web\/?p=4633"},"modified":"2026-08-19T15:30:13","modified_gmt":"2026-08-19T18:30:13","slug":"tapia-cargo-contra-las-teorias-conspirativas-en-el-mundial","status":"publish","type":"post","link":"https:\/\/canal4nogoya.com\/web\/tapia-cargo-contra-las-teorias-conspirativas-en-el-mundial\/","title":{"rendered":"Tapia carg\u00f3 contra las teor\u00edas conspirativas en el Mundial"},"content":{"rendered":"\n<p class=\"wp-block-paragraph\"><\/p>\n\n\n\n<p class=\"wp-block-paragraph\">El presidente de la AFA,\u00a0<strong>Claudio \u201cChiqui\u201d Tapia<\/strong>, public\u00f3 un contundente mensaje a un mes de la\u00a0<strong>final del Mundial 2026<\/strong>, en la que Espa\u00f1a le gan\u00f3 1 a 0 a Argentina\u00a0y se consagr\u00f3 campeona del mundo. En su descargo, el dirigente apunt\u00f3 contra quienes intentaron instalar\u00a0<strong>teor\u00edas conspirativas<\/strong>\u00a0sobre el equipo:\u00a0<strong>\u201cLos que dejaron el alma no tienen nada que explicar. Los que mintieron, s\u00ed\u201d<\/strong>.<\/p>\n\n\n\n<p class=\"wp-block-paragraph\"><\/p>\n\n\n\n<p class=\"wp-block-paragraph\">\u201cUn mes pas\u00f3. Un mes de aquella final. Un mes de la mentira, de la operaci\u00f3n y de una campa\u00f1a miserable para instalar que esta Selecci\u00f3n se hab\u00eda entregado. Y lo m\u00e1s llamativo es que, despu\u00e9s de un mes, ninguno pidi\u00f3 disculpas\u201d, comenz\u00f3 Tapia en un mensajea publicado en la red social X.<\/p>\n\n\n\n<p class=\"wp-block-paragraph\"><\/p>\n\n\n\n<p class=\"wp-block-paragraph\">En el mensaje, el titular de la AFA se\u00f1al\u00f3 que&nbsp;<strong>equivocarse puede pasar<\/strong>, pero remarc\u00f3 que lo que no puede pasar es mentir, instalar una historia y alimentar una sospecha durante d\u00edas para, cuando el tiempo demuestra que todo era humo, esconderse y hacer de cuenta que nunca pas\u00f3 nada.<\/p>\n\n\n\n<p class=\"wp-block-paragraph\">\u201cMientras nuestros jugadores dejaban todo dentro de la cancha, algunos afuera hac\u00edan exactamente lo contrario\u2026 A todos ellos: h\u00e1ganse cargo\u201d, dispar\u00f3, en referencia a la final disputada en Estados Unidos.<\/p>\n\n\n\n<p class=\"wp-block-paragraph\"><\/p>\n\n\n\n<p class=\"wp-block-paragraph\">Adem\u00e1s, Tapia les recrimin\u00f3 a quienes sembraron dudas que \u201cpidieron explicaciones cuando no ten\u00edan una sola prueba\u201d y que se\u00f1alaron a jugadores que estaban dejando la vida. \u201cAlimentaron una mentira y la instalaron como verdad. Ahora den ustedes las explicaciones. Porque la grandeza tambi\u00e9n est\u00e1 en reconocer una equivocaci\u00f3n\u201d, sostuvo.<\/p>\n\n\n\n<p class=\"wp-block-paragraph\"><\/p>\n\n\n\n<p class=\"wp-block-paragraph\">El presidente de la AFA complet\u00f3 su descargo asegurando que los jugadores, el cuerpo t\u00e9cnico y todos los colaboradores siguen con la frente en alto, porque saben lo que hicieron aquel d\u00eda y cu\u00e1nto dejaron en esa cancha. \u201cCuando termin\u00f3 la final, no le deb\u00edan nada a nadie\u201d, afirm\u00f3.<\/p>\n\n\n\n<p class=\"wp-block-paragraph\"><\/p>\n\n\n\n<p class=\"wp-block-paragraph\">Finalmente, concluy\u00f3 con una frase que resume todo su mensaje:&nbsp;<strong>\u201cLos que dejaron el alma no tienen nada que explicar. Los que mintieron, s\u00ed\u201d<\/strong>.<\/p>\n\n\n\n<p class=\"wp-block-paragraph\"><\/p>\n\n\n\n<p class=\"wp-block-paragraph\">Fuente: Ahora<\/p>\n","protected":false},"excerpt":{"rendered":"<p>El presidente de la AFA,\u00a0Claudio \u201cChiqui\u201d Tapia, public\u00f3 un contundente mensaje a un mes de la\u00a0final del Mundial 2026, en la que Espa\u00f1a le gan\u00f3 1 a 0 a Argentina\u00a0y se consagr\u00f3 campeona del mundo. En su descargo, el dirigente apunt\u00f3 contra quienes intentaron instalar\u00a0teor\u00edas conspirativas\u00a0sobre el equipo:\u00a0\u201cLos que dejaron el alma no tienen nada&#8230;<\/p>\n","protected":false},"author":3,"featured_media":4634,"comment_status":"open","ping_status":"closed","sticky":false,"template":"","format":"standard","meta":{"_monsterinsights_skip_tracking":false,"footnotes":""},"categories":[9],"tags":[],"class_list":["post-4633","post","type-post","status-publish","format-standard","has-post-thumbnail","hentry","category-nacionales"],"aioseo_notices":[],"aioseo_head":"\n\t\t<!-- All in One SEO 5.0.1.1 - aioseo.com -->\n\t<meta name=\"description\" content=\"El presidente de la AFA, Claudio \u201cChiqui\u201d Tapia, public\u00f3 un contundente mensaje a un mes de la final del Mundial 2026, en la que Espa\u00f1a le gan\u00f3 1 a 0 a Argentina y se consagr\u00f3 campeona del mundo. En su descargo, el dirigente apunt\u00f3 contra quienes intentaron instalar teor\u00edas conspirativas sobre el equipo: \u201cLos que dejaron el alma no tienen nada\" \/>\n\t<meta name=\"robots\" content=\"max-image-preview:large\" \/>\n\t<meta name=\"author\" content=\"Redacci\u00f3n\"\/>\n\t<link rel=\"canonical\" href=\"https:\/\/canal4nogoya.com\/web\/tapia-cargo-contra-las-teorias-conspirativas-en-el-mundial\/\" \/>\n\t<meta name=\"generator\" content=\"All in One SEO (AIOSEO) 5.0.1.1\" \/>\n\t\t<meta property=\"og:locale\" content=\"es_ES\" \/>\n\t\t<meta property=\"og:site_name\" content=\"Canal 4 Nogoy\u00e1 - Nogoy\u00e1 Televisora Color\" \/>\n\t\t<meta property=\"og:type\" content=\"article\" \/>\n\t\t<meta property=\"og:title\" content=\"Tapia carg\u00f3 contra las teor\u00edas conspirativas en el Mundial - Canal 4 Nogoy\u00e1\" \/>\n\t\t<meta property=\"og:description\" content=\"El presidente de la AFA, Claudio \u201cChiqui\u201d Tapia, public\u00f3 un contundente mensaje a un mes de la final del Mundial 2026, en la que Espa\u00f1a le gan\u00f3 1 a 0 a Argentina y se consagr\u00f3 campeona del mundo. En su descargo, el dirigente apunt\u00f3 contra quienes intentaron instalar teor\u00edas conspirativas sobre el equipo: \u201cLos que dejaron el alma no tienen nada\" \/>\n\t\t<meta property=\"og:url\" content=\"https:\/\/canal4nogoya.com\/web\/tapia-cargo-contra-las-teorias-conspirativas-en-el-mundial\/\" \/>\n\t\t<meta property=\"og:image\" content=\"https:\/\/canal4nogoya.com\/web\/wp-content\/uploads\/2026\/08\/1-1-1-1-1-1-1-a-M-Ll.avif\" \/>\n\t\t<meta property=\"og:image:secure_url\" content=\"https:\/\/canal4nogoya.com\/web\/wp-content\/uploads\/2026\/08\/1-1-1-1-1-1-1-a-M-Ll.avif\" \/>\n\t\t<meta property=\"og:image:width\" content=\"1200\" \/>\n\t\t<meta property=\"og:image:height\" content=\"800\" \/>\n\t\t<meta property=\"article:published_time\" content=\"2026-08-19T18:30:11+00:00\" \/>\n\t\t<meta property=\"article:modified_time\" content=\"2026-08-19T18:30:13+00:00\" \/>\n\t\t<meta name=\"twitter:card\" content=\"summary_large_image\" \/>\n\t\t<meta name=\"twitter:title\" content=\"Tapia carg\u00f3 contra las teor\u00edas conspirativas en el Mundial - Canal 4 Nogoy\u00e1\" \/>\n\t\t<meta name=\"twitter:description\" content=\"El presidente de la AFA, Claudio \u201cChiqui\u201d Tapia, public\u00f3 un contundente mensaje a un mes de la final del Mundial 2026, en la que Espa\u00f1a le gan\u00f3 1 a 0 a Argentina y se consagr\u00f3 campeona del mundo. En su descargo, el dirigente apunt\u00f3 contra quienes intentaron instalar teor\u00edas conspirativas sobre el equipo: \u201cLos que dejaron el alma no tienen nada\" \/>\n\t\t<meta name=\"twitter:image\" content=\"https:\/\/canal4nogoya.com\/web\/wp-content\/uploads\/2026\/08\/1-1-1-1-1-1-1-a-M-Ll.avif\" \/>\n\t\t<script type=\"application\/ld+json\" class=\"aioseo-schema\">\n\t\t\t{\"@context\":\"https:\\\/\\\/schema.org\",\"@graph\":[{\"@type\":\"BlogPosting\",\"@id\":\"https:\\\/\\\/canal4nogoya.com\\\/web\\\/tapia-cargo-contra-las-teorias-conspirativas-en-el-mundial\\\/#blogposting\",\"name\":\"Tapia carg\\u00f3 contra las teor\\u00edas conspirativas en el Mundial - Canal 4 Nogoy\\u00e1\",\"headline\":\"Tapia carg\\u00f3 contra las teor\\u00edas conspirativas en el Mundial\",\"author\":{\"@id\":\"https:\\\/\\\/canal4nogoya.com\\\/web\\\/author\\\/gonzalo\\\/#author\"},\"publisher\":{\"@id\":\"https:\\\/\\\/canal4nogoya.com\\\/web\\\/#organization\"},\"image\":{\"@type\":\"ImageObject\",\"url\":\"https:\\\/\\\/canal4nogoya.com\\\/web\\\/wp-content\\\/uploads\\\/2026\\\/08\\\/1-1-1-1-1-1-1-a-M-Ll.avif\",\"width\":1200,\"height\":800},\"datePublished\":\"2026-08-19T15:30:11-03:00\",\"dateModified\":\"2026-08-19T15:30:13-03:00\",\"inLanguage\":\"es-ES\",\"mainEntityOfPage\":{\"@id\":\"https:\\\/\\\/canal4nogoya.com\\\/web\\\/tapia-cargo-contra-las-teorias-conspirativas-en-el-mundial\\\/#webpage\"},\"isPartOf\":{\"@id\":\"https:\\\/\\\/canal4nogoya.com\\\/web\\\/tapia-cargo-contra-las-teorias-conspirativas-en-el-mundial\\\/#webpage\"},\"articleSection\":\"Nacionales\"},{\"@type\":\"BreadcrumbList\",\"@id\":\"https:\\\/\\\/canal4nogoya.com\\\/web\\\/tapia-cargo-contra-las-teorias-conspirativas-en-el-mundial\\\/#breadcrumblist\",\"itemListElement\":[{\"@type\":\"ListItem\",\"@id\":\"https:\\\/\\\/canal4nogoya.com\\\/web#listItem\",\"position\":1,\"name\":\"Home\",\"item\":\"https:\\\/\\\/canal4nogoya.com\\\/web\",\"nextItem\":{\"@type\":\"ListItem\",\"@id\":\"https:\\\/\\\/canal4nogoya.com\\\/web\\\/category\\\/nacionales\\\/#listItem\",\"name\":\"Nacionales\"}},{\"@type\":\"ListItem\",\"@id\":\"https:\\\/\\\/canal4nogoya.com\\\/web\\\/category\\\/nacionales\\\/#listItem\",\"position\":2,\"name\":\"Nacionales\",\"item\":\"https:\\\/\\\/canal4nogoya.com\\\/web\\\/category\\\/nacionales\\\/\",\"nextItem\":{\"@type\":\"ListItem\",\"@id\":\"https:\\\/\\\/canal4nogoya.com\\\/web\\\/tapia-cargo-contra-las-teorias-conspirativas-en-el-mundial\\\/#listItem\",\"name\":\"Tapia carg\\u00f3 contra las teor\\u00edas conspirativas en el Mundial\"},\"previousItem\":{\"@type\":\"ListItem\",\"@id\":\"https:\\\/\\\/canal4nogoya.com\\\/web#listItem\",\"name\":\"Home\"}},{\"@type\":\"ListItem\",\"@id\":\"https:\\\/\\\/canal4nogoya.com\\\/web\\\/tapia-cargo-contra-las-teorias-conspirativas-en-el-mundial\\\/#listItem\",\"position\":3,\"name\":\"Tapia carg\\u00f3 contra las teor\\u00edas conspirativas en el Mundial\",\"previousItem\":{\"@type\":\"ListItem\",\"@id\":\"https:\\\/\\\/canal4nogoya.com\\\/web\\\/category\\\/nacionales\\\/#listItem\",\"name\":\"Nacionales\"}}]},{\"@type\":\"Organization\",\"@id\":\"https:\\\/\\\/canal4nogoya.com\\\/web\\\/#organization\",\"name\":\"Canal 4 Nogoy\\u00e1\",\"description\":\"Nogoy\\u00e1 Televisora Color\",\"url\":\"https:\\\/\\\/canal4nogoya.com\\\/web\\\/\",\"logo\":{\"@type\":\"ImageObject\",\"url\":\"https:\\\/\\\/canal4nogoya.com\\\/web\\\/wp-content\\\/uploads\\\/2025\\\/04\\\/logos-fondo-blanco.jpg\",\"@id\":\"https:\\\/\\\/canal4nogoya.com\\\/web\\\/tapia-cargo-contra-las-teorias-conspirativas-en-el-mundial\\\/#organizationLogo\",\"width\":2353,\"height\":1080},\"image\":{\"@id\":\"https:\\\/\\\/canal4nogoya.com\\\/web\\\/tapia-cargo-contra-las-teorias-conspirativas-en-el-mundial\\\/#organizationLogo\"}},{\"@type\":\"Person\",\"@id\":\"https:\\\/\\\/canal4nogoya.com\\\/web\\\/author\\\/gonzalo\\\/#author\",\"url\":\"https:\\\/\\\/canal4nogoya.com\\\/web\\\/author\\\/gonzalo\\\/\",\"name\":\"Redacci\\u00f3n\",\"image\":{\"@type\":\"ImageObject\",\"@id\":\"https:\\\/\\\/canal4nogoya.com\\\/web\\\/tapia-cargo-contra-las-teorias-conspirativas-en-el-mundial\\\/#authorImage\",\"url\":\"https:\\\/\\\/canal4nogoya.com\\\/web\\\/wp-content\\\/litespeed\\\/avatar\\\/1df8586f31106921a2f6ae0d9530296b.jpg?ver=1787987515\",\"width\":96,\"height\":96,\"caption\":\"Redacci\\u00f3n\"}},{\"@type\":\"WebPage\",\"@id\":\"https:\\\/\\\/canal4nogoya.com\\\/web\\\/tapia-cargo-contra-las-teorias-conspirativas-en-el-mundial\\\/#webpage\",\"url\":\"https:\\\/\\\/canal4nogoya.com\\\/web\\\/tapia-cargo-contra-las-teorias-conspirativas-en-el-mundial\\\/\",\"name\":\"Tapia carg\\u00f3 contra las teor\\u00edas conspirativas en el Mundial - Canal 4 Nogoy\\u00e1\",\"description\":\"El presidente de la AFA, Claudio \\u201cChiqui\\u201d Tapia, public\\u00f3 un contundente mensaje a un mes de la final del Mundial 2026, en la que Espa\\u00f1a le gan\\u00f3 1 a 0 a Argentina y se consagr\\u00f3 campeona del mundo. En su descargo, el dirigente apunt\\u00f3 contra quienes intentaron instalar teor\\u00edas conspirativas sobre el equipo: \\u201cLos que dejaron el alma no tienen nada\",\"inLanguage\":\"es-ES\",\"isPartOf\":{\"@id\":\"https:\\\/\\\/canal4nogoya.com\\\/web\\\/#website\"},\"breadcrumb\":{\"@id\":\"https:\\\/\\\/canal4nogoya.com\\\/web\\\/tapia-cargo-contra-las-teorias-conspirativas-en-el-mundial\\\/#breadcrumblist\"},\"author\":{\"@id\":\"https:\\\/\\\/canal4nogoya.com\\\/web\\\/author\\\/gonzalo\\\/#author\"},\"creator\":{\"@id\":\"https:\\\/\\\/canal4nogoya.com\\\/web\\\/author\\\/gonzalo\\\/#author\"},\"image\":{\"@type\":\"ImageObject\",\"url\":\"https:\\\/\\\/canal4nogoya.com\\\/web\\\/wp-content\\\/uploads\\\/2026\\\/08\\\/1-1-1-1-1-1-1-a-M-Ll.avif\",\"@id\":\"https:\\\/\\\/canal4nogoya.com\\\/web\\\/tapia-cargo-contra-las-teorias-conspirativas-en-el-mundial\\\/#mainImage\",\"width\":1200,\"height\":800},\"primaryImageOfPage\":{\"@id\":\"https:\\\/\\\/canal4nogoya.com\\\/web\\\/tapia-cargo-contra-las-teorias-conspirativas-en-el-mundial\\\/#mainImage\"},\"datePublished\":\"2026-08-19T15:30:11-03:00\",\"dateModified\":\"2026-08-19T15:30:13-03:00\"},{\"@type\":\"WebSite\",\"@id\":\"https:\\\/\\\/canal4nogoya.com\\\/web\\\/#website\",\"url\":\"https:\\\/\\\/canal4nogoya.com\\\/web\\\/\",\"name\":\"Canal 4 Nogoy\\u00e1\",\"description\":\"Nogoy\\u00e1 Televisora Color\",\"inLanguage\":\"es-ES\",\"publisher\":{\"@id\":\"https:\\\/\\\/canal4nogoya.com\\\/web\\\/#organization\"}}]}\n\t\t<\/script>\n\t\t<!-- All in One SEO -->\n\n","aioseo_head_json":{"title":"Tapia carg\u00f3 contra las teor\u00edas conspirativas en el Mundial - Canal 4 Nogoy\u00e1","description":"El presidente de la AFA, Claudio \u201cChiqui\u201d Tapia, public\u00f3 un contundente mensaje a un mes de la final del Mundial 2026, en la que Espa\u00f1a le gan\u00f3 1 a 0 a Argentina y se consagr\u00f3 campeona del mundo. En su descargo, el dirigente apunt\u00f3 contra quienes intentaron instalar teor\u00edas conspirativas sobre el equipo: \u201cLos que dejaron el alma no tienen nada","canonical_url":"https:\/\/canal4nogoya.com\/web\/tapia-cargo-contra-las-teorias-conspirativas-en-el-mundial\/","robots":"max-image-preview:large","keywords":"","webmasterTools":{"miscellaneous":""},"schema":{"@context":"https:\/\/schema.org","@graph":[{"@type":"BlogPosting","@id":"https:\/\/canal4nogoya.com\/web\/tapia-cargo-contra-las-teorias-conspirativas-en-el-mundial\/#blogposting","name":"Tapia carg\u00f3 contra las teor\u00edas conspirativas en el Mundial - Canal 4 Nogoy\u00e1","headline":"Tapia carg\u00f3 contra las teor\u00edas conspirativas en el Mundial","author":{"@id":"https:\/\/canal4nogoya.com\/web\/author\/gonzalo\/#author"},"publisher":{"@id":"https:\/\/canal4nogoya.com\/web\/#organization"},"image":{"@type":"ImageObject","url":"https:\/\/canal4nogoya.com\/web\/wp-content\/uploads\/2026\/08\/1-1-1-1-1-1-1-a-M-Ll.avif","width":1200,"height":800},"datePublished":"2026-08-19T15:30:11-03:00","dateModified":"2026-08-19T15:30:13-03:00","inLanguage":"es-ES","mainEntityOfPage":{"@id":"https:\/\/canal4nogoya.com\/web\/tapia-cargo-contra-las-teorias-conspirativas-en-el-mundial\/#webpage"},"isPartOf":{"@id":"https:\/\/canal4nogoya.com\/web\/tapia-cargo-contra-las-teorias-conspirativas-en-el-mundial\/#webpage"},"articleSection":"Nacionales"},{"@type":"BreadcrumbList","@id":"https:\/\/canal4nogoya.com\/web\/tapia-cargo-contra-las-teorias-conspirativas-en-el-mundial\/#breadcrumblist","itemListElement":[{"@type":"ListItem","@id":"https:\/\/canal4nogoya.com\/web#listItem","position":1,"name":"Home","item":"https:\/\/canal4nogoya.com\/web","nextItem":{"@type":"ListItem","@id":"https:\/\/canal4nogoya.com\/web\/category\/nacionales\/#listItem","name":"Nacionales"}},{"@type":"ListItem","@id":"https:\/\/canal4nogoya.com\/web\/category\/nacionales\/#listItem","position":2,"name":"Nacionales","item":"https:\/\/canal4nogoya.com\/web\/category\/nacionales\/","nextItem":{"@type":"ListItem","@id":"https:\/\/canal4nogoya.com\/web\/tapia-cargo-contra-las-teorias-conspirativas-en-el-mundial\/#listItem","name":"Tapia carg\u00f3 contra las teor\u00edas conspirativas en el Mundial"},"previousItem":{"@type":"ListItem","@id":"https:\/\/canal4nogoya.com\/web#listItem","name":"Home"}},{"@type":"ListItem","@id":"https:\/\/canal4nogoya.com\/web\/tapia-cargo-contra-las-teorias-conspirativas-en-el-mundial\/#listItem","position":3,"name":"Tapia carg\u00f3 contra las teor\u00edas conspirativas en el Mundial","previousItem":{"@type":"ListItem","@id":"https:\/\/canal4nogoya.com\/web\/category\/nacionales\/#listItem","name":"Nacionales"}}]},{"@type":"Organization","@id":"https:\/\/canal4nogoya.com\/web\/#organization","name":"Canal 4 Nogoy\u00e1","description":"Nogoy\u00e1 Televisora Color","url":"https:\/\/canal4nogoya.com\/web\/","logo":{"@type":"ImageObject","url":"https:\/\/canal4nogoya.com\/web\/wp-content\/uploads\/2025\/04\/logos-fondo-blanco.jpg","@id":"https:\/\/canal4nogoya.com\/web\/tapia-cargo-contra-las-teorias-conspirativas-en-el-mundial\/#organizationLogo","width":2353,"height":1080},"image":{"@id":"https:\/\/canal4nogoya.com\/web\/tapia-cargo-contra-las-teorias-conspirativas-en-el-mundial\/#organizationLogo"}},{"@type":"Person","@id":"https:\/\/canal4nogoya.com\/web\/author\/gonzalo\/#author","url":"https:\/\/canal4nogoya.com\/web\/author\/gonzalo\/","name":"Redacci\u00f3n","image":{"@type":"ImageObject","@id":"https:\/\/canal4nogoya.com\/web\/tapia-cargo-contra-las-teorias-conspirativas-en-el-mundial\/#authorImage","url":"https:\/\/canal4nogoya.com\/web\/wp-content\/litespeed\/avatar\/1df8586f31106921a2f6ae0d9530296b.jpg?ver=1787987515","width":96,"height":96,"caption":"Redacci\u00f3n"}},{"@type":"WebPage","@id":"https:\/\/canal4nogoya.com\/web\/tapia-cargo-contra-las-teorias-conspirativas-en-el-mundial\/#webpage","url":"https:\/\/canal4nogoya.com\/web\/tapia-cargo-contra-las-teorias-conspirativas-en-el-mundial\/","name":"Tapia carg\u00f3 contra las teor\u00edas conspirativas en el Mundial - Canal 4 Nogoy\u00e1","description":"El presidente de la AFA, Claudio \u201cChiqui\u201d Tapia, public\u00f3 un contundente mensaje a un mes de la final del Mundial 2026, en la que Espa\u00f1a le gan\u00f3 1 a 0 a Argentina y se consagr\u00f3 campeona del mundo. En su descargo, el dirigente apunt\u00f3 contra quienes intentaron instalar teor\u00edas conspirativas sobre el equipo: \u201cLos que dejaron el alma no tienen nada","inLanguage":"es-ES","isPartOf":{"@id":"https:\/\/canal4nogoya.com\/web\/#website"},"breadcrumb":{"@id":"https:\/\/canal4nogoya.com\/web\/tapia-cargo-contra-las-teorias-conspirativas-en-el-mundial\/#breadcrumblist"},"author":{"@id":"https:\/\/canal4nogoya.com\/web\/author\/gonzalo\/#author"},"creator":{"@id":"https:\/\/canal4nogoya.com\/web\/author\/gonzalo\/#author"},"image":{"@type":"ImageObject","url":"https:\/\/canal4nogoya.com\/web\/wp-content\/uploads\/2026\/08\/1-1-1-1-1-1-1-a-M-Ll.avif","@id":"https:\/\/canal4nogoya.com\/web\/tapia-cargo-contra-las-teorias-conspirativas-en-el-mundial\/#mainImage","width":1200,"height":800},"primaryImageOfPage":{"@id":"https:\/\/canal4nogoya.com\/web\/tapia-cargo-contra-las-teorias-conspirativas-en-el-mundial\/#mainImage"},"datePublished":"2026-08-19T15:30:11-03:00","dateModified":"2026-08-19T15:30:13-03:00"},{"@type":"WebSite","@id":"https:\/\/canal4nogoya.com\/web\/#website","url":"https:\/\/canal4nogoya.com\/web\/","name":"Canal 4 Nogoy\u00e1","description":"Nogoy\u00e1 Televisora Color","inLanguage":"es-ES","publisher":{"@id":"https:\/\/canal4nogoya.com\/web\/#organization"}}]},"og:locale":"es_ES","og:site_name":"Canal 4 Nogoy\u00e1 - Nogoy\u00e1 Televisora Color","og:type":"article","og:title":"Tapia carg\u00f3 contra las teor\u00edas conspirativas en el Mundial - Canal 4 Nogoy\u00e1","og:description":"El presidente de la AFA, Claudio \u201cChiqui\u201d Tapia, public\u00f3 un contundente mensaje a un mes de la final del Mundial 2026, en la que Espa\u00f1a le gan\u00f3 1 a 0 a Argentina y se consagr\u00f3 campeona del mundo. En su descargo, el dirigente apunt\u00f3 contra quienes intentaron instalar teor\u00edas conspirativas sobre el equipo: \u201cLos que dejaron el alma no tienen nada","og:url":"https:\/\/canal4nogoya.com\/web\/tapia-cargo-contra-las-teorias-conspirativas-en-el-mundial\/","og:image":"https:\/\/canal4nogoya.com\/web\/wp-content\/uploads\/2026\/08\/1-1-1-1-1-1-1-a-M-Ll.avif","og:image:secure_url":"https:\/\/canal4nogoya.com\/web\/wp-content\/uploads\/2026\/08\/1-1-1-1-1-1-1-a-M-Ll.avif","og:image:width":1200,"og:image:height":800,"article:published_time":"2026-08-19T18:30:11+00:00","article:modified_time":"2026-08-19T18:30:13+00:00","twitter:card":"summary_large_image","twitter:title":"Tapia carg\u00f3 contra las teor\u00edas conspirativas en el Mundial - Canal 4 Nogoy\u00e1","twitter:description":"El presidente de la AFA, Claudio \u201cChiqui\u201d Tapia, public\u00f3 un contundente mensaje a un mes de la final del Mundial 2026, en la que Espa\u00f1a le gan\u00f3 1 a 0 a Argentina y se consagr\u00f3 campeona del mundo. En su descargo, el dirigente apunt\u00f3 contra quienes intentaron instalar teor\u00edas conspirativas sobre el equipo: \u201cLos que dejaron el alma no tienen nada","twitter:image":"https:\/\/canal4nogoya.com\/web\/wp-content\/uploads\/2026\/08\/1-1-1-1-1-1-1-a-M-Ll.avif"},"aioseo_meta_data":{"post_id":"4633","title":null,"description":null,"keywords":null,"keyphrases":{"focus":{"keyphrase":"","score":0,"analysis":{"keyphraseInTitle":{"score":0,"maxScore":9,"error":1}}},"additional":[]},"primary_term":null,"canonical_url":null,"og_title":null,"og_description":null,"og_object_type":"default","og_image_type":"default","og_image_url":null,"og_image_width":null,"og_image_height":null,"og_image_custom_url":null,"og_image_custom_fields":null,"og_video":"","og_custom_url":null,"og_article_section":null,"og_article_tags":null,"twitter_use_og":false,"twitter_card":"default","twitter_image_type":"default","twitter_image_url":null,"twitter_image_custom_url":null,"twitter_image_custom_fields":null,"twitter_title":null,"twitter_description":null,"schema":{"blockGraphs":[],"customGraphs":[],"default":{"data":{"Article":[],"Course":[],"Dataset":[],"FAQPage":[],"Movie":[],"Person":[],"Product":[],"ProductReview":[],"Car":[],"Recipe":[],"Service":[],"SoftwareApplication":[],"WebPage":[]},"graphName":"BlogPosting","isEnabled":true},"graphs":[]},"schema_type":"default","schema_type_options":null,"pillar_content":false,"robots_default":true,"robots_noindex":false,"robots_noarchive":false,"robots_nosnippet":false,"robots_nofollow":false,"robots_noimageindex":false,"robots_noodp":false,"robots_notranslate":false,"robots_max_snippet":"-1","robots_max_videopreview":"-1","robots_max_imagepreview":"large","priority":null,"frequency":"default","local_seo":null,"breadcrumb_settings":null,"limit_modified_date":false,"ai":{"faqs":[],"keyPoints":[],"schemas":[],"titles":[],"descriptions":[],"socialPosts":{"email":{"subject":"","preview":"","content":""},"linkedin":[],"twitter":[],"facebook":[],"instagram":[]}},"created":"2026-08-19 18:30:13","updated":"2026-08-20 00:56:53","seo_analyzer_scan_date":null,"focus_keyword":null,"additional_keywords":null,"truseo_locale":null},"aioseo_breadcrumb":"<div class=\"aioseo-breadcrumbs\"><span class=\"aioseo-breadcrumb\">\n\t\t\t<a href=\"https:\/\/canal4nogoya.com\/web\" title=\"Home\">Home<\/a>\n\t\t<\/span><span class=\"aioseo-breadcrumb-separator\">&raquo;<\/span><span class=\"aioseo-breadcrumb\">\n\t\t\t<a href=\"https:\/\/canal4nogoya.com\/web\/category\/nacionales\/\" title=\"Nacionales\">Nacionales<\/a>\n\t\t<\/span><span class=\"aioseo-breadcrumb-separator\">&raquo;<\/span><span class=\"aioseo-breadcrumb\">\n\t\t\tTapia carg\u00f3 contra las teor\u00edas conspirativas en el Mundial\n\t\t<\/span><\/div>","aioseo_breadcrumb_json":[{"label":"Home","link":"https:\/\/canal4nogoya.com\/web"},{"label":"Nacionales","link":"https:\/\/canal4nogoya.com\/web\/category\/nacionales\/"},{"label":"Tapia carg\u00f3 contra las teor\u00edas conspirativas en el Mundial","link":"https:\/\/canal4nogoya.com\/web\/tapia-cargo-contra-las-teorias-conspirativas-en-el-mundial\/"}],"jetpack_featured_media_url":"https:\/\/canal4nogoya.com\/web\/wp-content\/uploads\/2026\/08\/1-1-1-1-1-1-1-a-M-Ll.avif","_links":{"self":[{"href":"https:\/\/canal4nogoya.com\/web\/wp-json\/wp\/v2\/posts\/4633","targetHints":{"allow":["GET"]}}],"collection":[{"href":"https:\/\/canal4nogoya.com\/web\/wp-json\/wp\/v2\/posts"}],"about":[{"href":"https:\/\/canal4nogoya.com\/web\/wp-json\/wp\/v2\/types\/post"}],"author":[{"embeddable":true,"href":"https:\/\/canal4nogoya.com\/web\/wp-json\/wp\/v2\/users\/3"}],"replies":[{"embeddable":true,"href":"https:\/\/canal4nogoya.com\/web\/wp-json\/wp\/v2\/comments?post=4633"}],"version-history":[{"count":1,"href":"https:\/\/canal4nogoya.com\/web\/wp-json\/wp\/v2\/posts\/4633\/revisions"}],"predecessor-version":[{"id":4635,"href":"https:\/\/canal4nogoya.com\/web\/wp-json\/wp\/v2\/posts\/4633\/revisions\/4635"}],"wp:featuredmedia":[{"embeddable":true,"href":"https:\/\/canal4nogoya.com\/web\/wp-json\/wp\/v2\/media\/4634"}],"wp:attachment":[{"href":"https:\/\/canal4nogoya.com\/web\/wp-json\/wp\/v2\/media?parent=4633"}],"wp:term":[{"taxonomy":"category","embeddable":true,"href":"https:\/\/canal4nogoya.com\/web\/wp-json\/wp\/v2\/categories?post=4633"},{"taxonomy":"post_tag","embeddable":true,"href":"https:\/\/canal4nogoya.com\/web\/wp-json\/wp\/v2\/tags?post=4633"}],"curies":[{"name":"wp","href":"https:\/\/api.w.org\/{rel}","templated":true}]}}