{"id":4636,"date":"2026-08-19T15:39:38","date_gmt":"2026-08-19T18:39:38","guid":{"rendered":"https:\/\/canal4nogoya.com\/web\/?p=4636"},"modified":"2026-08-19T15:39:39","modified_gmt":"2026-08-19T18:39:39","slug":"el-nino-sera-de-muy-alta-intensidad-en-entre-rios","status":"publish","type":"post","link":"https:\/\/canal4nogoya.com\/web\/el-nino-sera-de-muy-alta-intensidad-en-entre-rios\/","title":{"rendered":"El Ni\u00f1o ser\u00e1 de \u201cmuy alta intensidad\u201d en Entre R\u00edos"},"content":{"rendered":"\n<p class=\"wp-block-paragraph\"><\/p>\n\n\n\n<p class=\"wp-block-paragraph\"><\/p>\n\n\n\n<p class=\"wp-block-paragraph\">El fen\u00f3meno de El Ni\u00f1o tendr\u00e1 una intensidad importante en Entre R\u00edos y sus mayores efectos comenzar\u00edan a sentirse desde septiembre y octubre, con un pico previsto para noviembre y diciembre, seg\u00fan explic\u00f3 \u00a0el director de Hidr\u00e1ulica de la provincia, Oscar Pintos. El escenario contempla precipitaciones superiores a los valores habituales y un aumento de los niveles de los r\u00edos Paran\u00e1 y Uruguay.<\/p>\n\n\n\n<p class=\"wp-block-paragraph\"><\/p>\n\n\n\n<p class=\"wp-block-paragraph\">\u201cYa a esta altura del a\u00f1o est\u00e1 confirmado por los organismos de control atmosf\u00e9rico internacionales y el Servicio Meteorol\u00f3gico Nacional, junto con otros organismos como el Instituto Nacional del Agua, que\u00a0<strong>estamos ante la presencia de un fen\u00f3meno del Ni\u00f1o de una intensidad importante<\/strong>\u201d, afirm\u00f3 Pintos.<\/p>\n\n\n\n<p class=\"wp-block-paragraph\"><\/p>\n\n\n\n<p class=\"wp-block-paragraph\">El funcionario indic\u00f3 que los primeros\u00a0<strong>efectos ya comenzaron a manifestarse en el Litoral y particularmente en Entre R\u00edos<\/strong>. Sin embargo, se\u00f1al\u00f3 que las consecuencias m\u00e1s significativas se producir\u00edan durante los pr\u00f3ximos meses.<\/p>\n\n\n\n<p class=\"wp-block-paragraph\"><\/p>\n\n\n\n<p class=\"wp-block-paragraph\">Pintos anticip\u00f3 que El Ni\u00f1o \u201cespera tener&nbsp;<strong>incidencias mayores a partir del mes de septiembre, octubre<\/strong>, con un&nbsp;<strong>pico<\/strong>&nbsp;que se espera para los&nbsp;<strong>meses de noviembre y diciembre<\/strong>\u201d.<\/p>\n\n\n\n<p class=\"wp-block-paragraph\"><\/p>\n\n\n\n<p class=\"wp-block-paragraph\">Seg\u00fan detall\u00f3, el fen\u00f3meno presentar\u00eda&nbsp;<strong>dos caracter\u00edsticas centrales<\/strong>&nbsp;para Entre R\u00edos. Por un lado, \u201cun&nbsp;<strong>incremento sustancial de los niveles de lluvia<\/strong>&nbsp;para esta \u00e9poca, en algunos casos muy superior a los valores promedios\u201d.<\/p>\n\n\n\n<p class=\"wp-block-paragraph\"><\/p>\n\n\n\n<p class=\"wp-block-paragraph\">A esto se sumar\u00eda el comportamiento de las principales cuencas hidrogr\u00e1ficas. \u201cComo consecuencia de las lluvias en las altas cuencas, tanto del r\u00edo Uruguay como del r\u00edo Paran\u00e1, se espera&nbsp;<strong>un incremento notable tambi\u00e9n de los niveles de los r\u00edos Uruguay y Paran\u00e1, que puede afectar a las ciudades ribere\u00f1as<\/strong>\u201d, explic\u00f3 a&nbsp;<strong>Elonce<\/strong>.<\/p>\n\n\n\n<p class=\"wp-block-paragraph\"><\/p>\n\n\n\n<p class=\"wp-block-paragraph\">El director de Hidr\u00e1ulica se refiri\u00f3 adem\u00e1s a la cantidad de precipitaciones registradas durante&nbsp;<strong>agosto<\/strong>, un mes que&nbsp;<strong>hist\u00f3ricamente se encuentra entre los per\u00edodos m\u00e1s secos&nbsp;<\/strong>del calendario en la provincia.<\/p>\n\n\n\n<p class=\"wp-block-paragraph\"><\/p>\n\n\n\n<p class=\"wp-block-paragraph\">\u201cUna particularidad es que el mes de agosto en nuestra regi\u00f3n es el mes m\u00e1s seco del a\u00f1o. Hay un promedio de la serie de los \u00faltimos 20 a\u00f1os que habla de&nbsp;<strong>50 mil\u00edmetros en todo el mes<\/strong>\u201d, detall\u00f3.<\/p>\n\n\n\n<p class=\"wp-block-paragraph\"><\/p>\n\n\n\n<p class=\"wp-block-paragraph\">Sin embargo, los registros de este a\u00f1o mostraron r\u00e1pidamente una diferencia significativa.&nbsp;<strong>\u201cLos primeros dos d\u00edas de agosto ya llovieron el doble, llovi\u00f3 casi 90 en Paran\u00e1 y 80 en el promedio en la provincia\u201d<\/strong>, puntualiz\u00f3.<\/p>\n\n\n\n<p class=\"wp-block-paragraph\"><\/p>\n\n\n\n<p class=\"wp-block-paragraph\">Para Pintos, estos n\u00fameros ya anticiparon&nbsp;<strong>el escenario que podr\u00eda profundizarse durante la primavera<\/strong>, \u00e9poca en la que naturalmente aumentan las precipitaciones en Entre R\u00edos. \u201cSe va a ver multiplicado por este efecto del Ni\u00f1o en nuestra regi\u00f3n del Litoral y del cono sur de Am\u00e9rica Latina\u201d, sostuvo.<\/p>\n","protected":false},"excerpt":{"rendered":"<p>El fen\u00f3meno de El Ni\u00f1o tendr\u00e1 una intensidad importante en Entre R\u00edos y sus mayores efectos comenzar\u00edan a sentirse desde septiembre y octubre, con un pico previsto para noviembre y diciembre, seg\u00fan explic\u00f3 \u00a0el director de Hidr\u00e1ulica de la provincia, Oscar Pintos. El escenario contempla precipitaciones superiores a los valores habituales y un aumento de&#8230;<\/p>\n","protected":false},"author":3,"featured_media":3359,"comment_status":"open","ping_status":"closed","sticky":false,"template":"","format":"standard","meta":{"_monsterinsights_skip_tracking":false,"footnotes":""},"categories":[10],"tags":[],"class_list":["post-4636","post","type-post","status-publish","format-standard","has-post-thumbnail","hentry","category-provinciales"],"aioseo_notices":[],"aioseo_head":"\n\t\t<!-- All in One SEO 5.0.1.1 - aioseo.com -->\n\t<meta name=\"description\" content=\"El fen\u00f3meno de El Ni\u00f1o tendr\u00e1 una intensidad importante en Entre R\u00edos y sus mayores efectos comenzar\u00edan a sentirse desde septiembre y octubre, con un pico previsto para noviembre y diciembre, seg\u00fan explic\u00f3 el director de Hidr\u00e1ulica de la provincia, Oscar Pintos. El escenario contempla precipitaciones superiores a los valores habituales y un aumento de\" \/>\n\t<meta name=\"robots\" content=\"max-image-preview:large\" \/>\n\t<meta name=\"author\" content=\"Redacci\u00f3n\"\/>\n\t<link rel=\"canonical\" href=\"https:\/\/canal4nogoya.com\/web\/el-nino-sera-de-muy-alta-intensidad-en-entre-rios\/\" \/>\n\t<meta name=\"generator\" content=\"All in One SEO (AIOSEO) 5.0.1.1\" \/>\n\t\t<meta property=\"og:locale\" content=\"es_ES\" \/>\n\t\t<meta property=\"og:site_name\" content=\"Canal 4 Nogoy\u00e1 - Nogoy\u00e1 Televisora Color\" \/>\n\t\t<meta property=\"og:type\" content=\"article\" \/>\n\t\t<meta property=\"og:title\" content=\"El Ni\u00f1o ser\u00e1 de \u201cmuy alta intensidad\u201d en Entre R\u00edos - Canal 4 Nogoy\u00e1\" \/>\n\t\t<meta property=\"og:description\" content=\"El fen\u00f3meno de El Ni\u00f1o tendr\u00e1 una intensidad importante en Entre R\u00edos y sus mayores efectos comenzar\u00edan a sentirse desde septiembre y octubre, con un pico previsto para noviembre y diciembre, seg\u00fan explic\u00f3 el director de Hidr\u00e1ulica de la provincia, Oscar Pintos. El escenario contempla precipitaciones superiores a los valores habituales y un aumento de\" \/>\n\t\t<meta property=\"og:url\" content=\"https:\/\/canal4nogoya.com\/web\/el-nino-sera-de-muy-alta-intensidad-en-entre-rios\/\" \/>\n\t\t<meta property=\"og:image\" content=\"https:\/\/canal4nogoya.com\/web\/wp-content\/uploads\/2026\/04\/1-1-Ar-Nogy-1.jpg\" \/>\n\t\t<meta property=\"og:image:secure_url\" content=\"https:\/\/canal4nogoya.com\/web\/wp-content\/uploads\/2026\/04\/1-1-Ar-Nogy-1.jpg\" \/>\n\t\t<meta property=\"og:image:width\" content=\"677\" \/>\n\t\t<meta property=\"og:image:height\" content=\"420\" \/>\n\t\t<meta property=\"article:published_time\" content=\"2026-08-19T18:39:38+00:00\" \/>\n\t\t<meta property=\"article:modified_time\" content=\"2026-08-19T18:39:39+00:00\" \/>\n\t\t<meta name=\"twitter:card\" content=\"summary_large_image\" \/>\n\t\t<meta name=\"twitter:title\" content=\"El Ni\u00f1o ser\u00e1 de \u201cmuy alta intensidad\u201d en Entre R\u00edos - Canal 4 Nogoy\u00e1\" \/>\n\t\t<meta name=\"twitter:description\" content=\"El fen\u00f3meno de El Ni\u00f1o tendr\u00e1 una intensidad importante en Entre R\u00edos y sus mayores efectos comenzar\u00edan a sentirse desde septiembre y octubre, con un pico previsto para noviembre y diciembre, seg\u00fan explic\u00f3 el director de Hidr\u00e1ulica de la provincia, Oscar Pintos. El escenario contempla precipitaciones superiores a los valores habituales y un aumento de\" \/>\n\t\t<meta name=\"twitter:image\" content=\"https:\/\/canal4nogoya.com\/web\/wp-content\/uploads\/2026\/04\/1-1-Ar-Nogy-1.jpg\" \/>\n\t\t<script type=\"application\/ld+json\" class=\"aioseo-schema\">\n\t\t\t{\"@context\":\"https:\\\/\\\/schema.org\",\"@graph\":[{\"@type\":\"BlogPosting\",\"@id\":\"https:\\\/\\\/canal4nogoya.com\\\/web\\\/el-nino-sera-de-muy-alta-intensidad-en-entre-rios\\\/#blogposting\",\"name\":\"El Ni\\u00f1o ser\\u00e1 de \\u201cmuy alta intensidad\\u201d en Entre R\\u00edos - Canal 4 Nogoy\\u00e1\",\"headline\":\"El Ni\\u00f1o ser\\u00e1 de \\u201cmuy alta intensidad\\u201d en Entre R\\u00edos\",\"author\":{\"@id\":\"https:\\\/\\\/canal4nogoya.com\\\/web\\\/author\\\/gonzalo\\\/#author\"},\"publisher\":{\"@id\":\"https:\\\/\\\/canal4nogoya.com\\\/web\\\/#organization\"},\"image\":{\"@type\":\"ImageObject\",\"url\":\"https:\\\/\\\/canal4nogoya.com\\\/web\\\/wp-content\\\/uploads\\\/2026\\\/04\\\/1-1-Ar-Nogy-1.jpg\",\"width\":677,\"height\":420},\"datePublished\":\"2026-08-19T15:39:38-03:00\",\"dateModified\":\"2026-08-19T15:39:39-03:00\",\"inLanguage\":\"es-ES\",\"mainEntityOfPage\":{\"@id\":\"https:\\\/\\\/canal4nogoya.com\\\/web\\\/el-nino-sera-de-muy-alta-intensidad-en-entre-rios\\\/#webpage\"},\"isPartOf\":{\"@id\":\"https:\\\/\\\/canal4nogoya.com\\\/web\\\/el-nino-sera-de-muy-alta-intensidad-en-entre-rios\\\/#webpage\"},\"articleSection\":\"Provinciales\"},{\"@type\":\"BreadcrumbList\",\"@id\":\"https:\\\/\\\/canal4nogoya.com\\\/web\\\/el-nino-sera-de-muy-alta-intensidad-en-entre-rios\\\/#breadcrumblist\",\"itemListElement\":[{\"@type\":\"ListItem\",\"@id\":\"https:\\\/\\\/canal4nogoya.com\\\/web#listItem\",\"position\":1,\"name\":\"Home\",\"item\":\"https:\\\/\\\/canal4nogoya.com\\\/web\",\"nextItem\":{\"@type\":\"ListItem\",\"@id\":\"https:\\\/\\\/canal4nogoya.com\\\/web\\\/category\\\/provinciales\\\/#listItem\",\"name\":\"Provinciales\"}},{\"@type\":\"ListItem\",\"@id\":\"https:\\\/\\\/canal4nogoya.com\\\/web\\\/category\\\/provinciales\\\/#listItem\",\"position\":2,\"name\":\"Provinciales\",\"item\":\"https:\\\/\\\/canal4nogoya.com\\\/web\\\/category\\\/provinciales\\\/\",\"nextItem\":{\"@type\":\"ListItem\",\"@id\":\"https:\\\/\\\/canal4nogoya.com\\\/web\\\/el-nino-sera-de-muy-alta-intensidad-en-entre-rios\\\/#listItem\",\"name\":\"El Ni\\u00f1o ser\\u00e1 de \\u201cmuy alta intensidad\\u201d en Entre R\\u00edos\"},\"previousItem\":{\"@type\":\"ListItem\",\"@id\":\"https:\\\/\\\/canal4nogoya.com\\\/web#listItem\",\"name\":\"Home\"}},{\"@type\":\"ListItem\",\"@id\":\"https:\\\/\\\/canal4nogoya.com\\\/web\\\/el-nino-sera-de-muy-alta-intensidad-en-entre-rios\\\/#listItem\",\"position\":3,\"name\":\"El Ni\\u00f1o ser\\u00e1 de \\u201cmuy alta intensidad\\u201d en Entre R\\u00edos\",\"previousItem\":{\"@type\":\"ListItem\",\"@id\":\"https:\\\/\\\/canal4nogoya.com\\\/web\\\/category\\\/provinciales\\\/#listItem\",\"name\":\"Provinciales\"}}]},{\"@type\":\"Organization\",\"@id\":\"https:\\\/\\\/canal4nogoya.com\\\/web\\\/#organization\",\"name\":\"Canal 4 Nogoy\\u00e1\",\"description\":\"Nogoy\\u00e1 Televisora Color\",\"url\":\"https:\\\/\\\/canal4nogoya.com\\\/web\\\/\",\"logo\":{\"@type\":\"ImageObject\",\"url\":\"https:\\\/\\\/canal4nogoya.com\\\/web\\\/wp-content\\\/uploads\\\/2025\\\/04\\\/logos-fondo-blanco.jpg\",\"@id\":\"https:\\\/\\\/canal4nogoya.com\\\/web\\\/el-nino-sera-de-muy-alta-intensidad-en-entre-rios\\\/#organizationLogo\",\"width\":2353,\"height\":1080},\"image\":{\"@id\":\"https:\\\/\\\/canal4nogoya.com\\\/web\\\/el-nino-sera-de-muy-alta-intensidad-en-entre-rios\\\/#organizationLogo\"}},{\"@type\":\"Person\",\"@id\":\"https:\\\/\\\/canal4nogoya.com\\\/web\\\/author\\\/gonzalo\\\/#author\",\"url\":\"https:\\\/\\\/canal4nogoya.com\\\/web\\\/author\\\/gonzalo\\\/\",\"name\":\"Redacci\\u00f3n\",\"image\":{\"@type\":\"ImageObject\",\"@id\":\"https:\\\/\\\/canal4nogoya.com\\\/web\\\/el-nino-sera-de-muy-alta-intensidad-en-entre-rios\\\/#authorImage\",\"url\":\"https:\\\/\\\/canal4nogoya.com\\\/web\\\/wp-content\\\/litespeed\\\/avatar\\\/1df8586f31106921a2f6ae0d9530296b.jpg?ver=1787987515\",\"width\":96,\"height\":96,\"caption\":\"Redacci\\u00f3n\"}},{\"@type\":\"WebPage\",\"@id\":\"https:\\\/\\\/canal4nogoya.com\\\/web\\\/el-nino-sera-de-muy-alta-intensidad-en-entre-rios\\\/#webpage\",\"url\":\"https:\\\/\\\/canal4nogoya.com\\\/web\\\/el-nino-sera-de-muy-alta-intensidad-en-entre-rios\\\/\",\"name\":\"El Ni\\u00f1o ser\\u00e1 de \\u201cmuy alta intensidad\\u201d en Entre R\\u00edos - Canal 4 Nogoy\\u00e1\",\"description\":\"El fen\\u00f3meno de El Ni\\u00f1o tendr\\u00e1 una intensidad importante en Entre R\\u00edos y sus mayores efectos comenzar\\u00edan a sentirse desde septiembre y octubre, con un pico previsto para noviembre y diciembre, seg\\u00fan explic\\u00f3 el director de Hidr\\u00e1ulica de la provincia, Oscar Pintos. El escenario contempla precipitaciones superiores a los valores habituales y un aumento de\",\"inLanguage\":\"es-ES\",\"isPartOf\":{\"@id\":\"https:\\\/\\\/canal4nogoya.com\\\/web\\\/#website\"},\"breadcrumb\":{\"@id\":\"https:\\\/\\\/canal4nogoya.com\\\/web\\\/el-nino-sera-de-muy-alta-intensidad-en-entre-rios\\\/#breadcrumblist\"},\"author\":{\"@id\":\"https:\\\/\\\/canal4nogoya.com\\\/web\\\/author\\\/gonzalo\\\/#author\"},\"creator\":{\"@id\":\"https:\\\/\\\/canal4nogoya.com\\\/web\\\/author\\\/gonzalo\\\/#author\"},\"image\":{\"@type\":\"ImageObject\",\"url\":\"https:\\\/\\\/canal4nogoya.com\\\/web\\\/wp-content\\\/uploads\\\/2026\\\/04\\\/1-1-Ar-Nogy-1.jpg\",\"@id\":\"https:\\\/\\\/canal4nogoya.com\\\/web\\\/el-nino-sera-de-muy-alta-intensidad-en-entre-rios\\\/#mainImage\",\"width\":677,\"height\":420},\"primaryImageOfPage\":{\"@id\":\"https:\\\/\\\/canal4nogoya.com\\\/web\\\/el-nino-sera-de-muy-alta-intensidad-en-entre-rios\\\/#mainImage\"},\"datePublished\":\"2026-08-19T15:39:38-03:00\",\"dateModified\":\"2026-08-19T15:39:39-03:00\"},{\"@type\":\"WebSite\",\"@id\":\"https:\\\/\\\/canal4nogoya.com\\\/web\\\/#website\",\"url\":\"https:\\\/\\\/canal4nogoya.com\\\/web\\\/\",\"name\":\"Canal 4 Nogoy\\u00e1\",\"description\":\"Nogoy\\u00e1 Televisora Color\",\"inLanguage\":\"es-ES\",\"publisher\":{\"@id\":\"https:\\\/\\\/canal4nogoya.com\\\/web\\\/#organization\"}}]}\n\t\t<\/script>\n\t\t<!-- All in One SEO -->\n\n","aioseo_head_json":{"title":"El Ni\u00f1o ser\u00e1 de \u201cmuy alta intensidad\u201d en Entre R\u00edos - Canal 4 Nogoy\u00e1","description":"El fen\u00f3meno de El Ni\u00f1o tendr\u00e1 una intensidad importante en Entre R\u00edos y sus mayores efectos comenzar\u00edan a sentirse desde septiembre y octubre, con un pico previsto para noviembre y diciembre, seg\u00fan explic\u00f3 el director de Hidr\u00e1ulica de la provincia, Oscar Pintos. El escenario contempla precipitaciones superiores a los valores habituales y un aumento de","canonical_url":"https:\/\/canal4nogoya.com\/web\/el-nino-sera-de-muy-alta-intensidad-en-entre-rios\/","robots":"max-image-preview:large","keywords":"","webmasterTools":{"miscellaneous":""},"schema":{"@context":"https:\/\/schema.org","@graph":[{"@type":"BlogPosting","@id":"https:\/\/canal4nogoya.com\/web\/el-nino-sera-de-muy-alta-intensidad-en-entre-rios\/#blogposting","name":"El Ni\u00f1o ser\u00e1 de \u201cmuy alta intensidad\u201d en Entre R\u00edos - Canal 4 Nogoy\u00e1","headline":"El Ni\u00f1o ser\u00e1 de \u201cmuy alta intensidad\u201d en Entre R\u00edos","author":{"@id":"https:\/\/canal4nogoya.com\/web\/author\/gonzalo\/#author"},"publisher":{"@id":"https:\/\/canal4nogoya.com\/web\/#organization"},"image":{"@type":"ImageObject","url":"https:\/\/canal4nogoya.com\/web\/wp-content\/uploads\/2026\/04\/1-1-Ar-Nogy-1.jpg","width":677,"height":420},"datePublished":"2026-08-19T15:39:38-03:00","dateModified":"2026-08-19T15:39:39-03:00","inLanguage":"es-ES","mainEntityOfPage":{"@id":"https:\/\/canal4nogoya.com\/web\/el-nino-sera-de-muy-alta-intensidad-en-entre-rios\/#webpage"},"isPartOf":{"@id":"https:\/\/canal4nogoya.com\/web\/el-nino-sera-de-muy-alta-intensidad-en-entre-rios\/#webpage"},"articleSection":"Provinciales"},{"@type":"BreadcrumbList","@id":"https:\/\/canal4nogoya.com\/web\/el-nino-sera-de-muy-alta-intensidad-en-entre-rios\/#breadcrumblist","itemListElement":[{"@type":"ListItem","@id":"https:\/\/canal4nogoya.com\/web#listItem","position":1,"name":"Home","item":"https:\/\/canal4nogoya.com\/web","nextItem":{"@type":"ListItem","@id":"https:\/\/canal4nogoya.com\/web\/category\/provinciales\/#listItem","name":"Provinciales"}},{"@type":"ListItem","@id":"https:\/\/canal4nogoya.com\/web\/category\/provinciales\/#listItem","position":2,"name":"Provinciales","item":"https:\/\/canal4nogoya.com\/web\/category\/provinciales\/","nextItem":{"@type":"ListItem","@id":"https:\/\/canal4nogoya.com\/web\/el-nino-sera-de-muy-alta-intensidad-en-entre-rios\/#listItem","name":"El Ni\u00f1o ser\u00e1 de \u201cmuy alta intensidad\u201d en Entre R\u00edos"},"previousItem":{"@type":"ListItem","@id":"https:\/\/canal4nogoya.com\/web#listItem","name":"Home"}},{"@type":"ListItem","@id":"https:\/\/canal4nogoya.com\/web\/el-nino-sera-de-muy-alta-intensidad-en-entre-rios\/#listItem","position":3,"name":"El Ni\u00f1o ser\u00e1 de \u201cmuy alta intensidad\u201d en Entre R\u00edos","previousItem":{"@type":"ListItem","@id":"https:\/\/canal4nogoya.com\/web\/category\/provinciales\/#listItem","name":"Provinciales"}}]},{"@type":"Organization","@id":"https:\/\/canal4nogoya.com\/web\/#organization","name":"Canal 4 Nogoy\u00e1","description":"Nogoy\u00e1 Televisora Color","url":"https:\/\/canal4nogoya.com\/web\/","logo":{"@type":"ImageObject","url":"https:\/\/canal4nogoya.com\/web\/wp-content\/uploads\/2025\/04\/logos-fondo-blanco.jpg","@id":"https:\/\/canal4nogoya.com\/web\/el-nino-sera-de-muy-alta-intensidad-en-entre-rios\/#organizationLogo","width":2353,"height":1080},"image":{"@id":"https:\/\/canal4nogoya.com\/web\/el-nino-sera-de-muy-alta-intensidad-en-entre-rios\/#organizationLogo"}},{"@type":"Person","@id":"https:\/\/canal4nogoya.com\/web\/author\/gonzalo\/#author","url":"https:\/\/canal4nogoya.com\/web\/author\/gonzalo\/","name":"Redacci\u00f3n","image":{"@type":"ImageObject","@id":"https:\/\/canal4nogoya.com\/web\/el-nino-sera-de-muy-alta-intensidad-en-entre-rios\/#authorImage","url":"https:\/\/canal4nogoya.com\/web\/wp-content\/litespeed\/avatar\/1df8586f31106921a2f6ae0d9530296b.jpg?ver=1787987515","width":96,"height":96,"caption":"Redacci\u00f3n"}},{"@type":"WebPage","@id":"https:\/\/canal4nogoya.com\/web\/el-nino-sera-de-muy-alta-intensidad-en-entre-rios\/#webpage","url":"https:\/\/canal4nogoya.com\/web\/el-nino-sera-de-muy-alta-intensidad-en-entre-rios\/","name":"El Ni\u00f1o ser\u00e1 de \u201cmuy alta intensidad\u201d en Entre R\u00edos - Canal 4 Nogoy\u00e1","description":"El fen\u00f3meno de El Ni\u00f1o tendr\u00e1 una intensidad importante en Entre R\u00edos y sus mayores efectos comenzar\u00edan a sentirse desde septiembre y octubre, con un pico previsto para noviembre y diciembre, seg\u00fan explic\u00f3 el director de Hidr\u00e1ulica de la provincia, Oscar Pintos. El escenario contempla precipitaciones superiores a los valores habituales y un aumento de","inLanguage":"es-ES","isPartOf":{"@id":"https:\/\/canal4nogoya.com\/web\/#website"},"breadcrumb":{"@id":"https:\/\/canal4nogoya.com\/web\/el-nino-sera-de-muy-alta-intensidad-en-entre-rios\/#breadcrumblist"},"author":{"@id":"https:\/\/canal4nogoya.com\/web\/author\/gonzalo\/#author"},"creator":{"@id":"https:\/\/canal4nogoya.com\/web\/author\/gonzalo\/#author"},"image":{"@type":"ImageObject","url":"https:\/\/canal4nogoya.com\/web\/wp-content\/uploads\/2026\/04\/1-1-Ar-Nogy-1.jpg","@id":"https:\/\/canal4nogoya.com\/web\/el-nino-sera-de-muy-alta-intensidad-en-entre-rios\/#mainImage","width":677,"height":420},"primaryImageOfPage":{"@id":"https:\/\/canal4nogoya.com\/web\/el-nino-sera-de-muy-alta-intensidad-en-entre-rios\/#mainImage"},"datePublished":"2026-08-19T15:39:38-03:00","dateModified":"2026-08-19T15:39:39-03:00"},{"@type":"WebSite","@id":"https:\/\/canal4nogoya.com\/web\/#website","url":"https:\/\/canal4nogoya.com\/web\/","name":"Canal 4 Nogoy\u00e1","description":"Nogoy\u00e1 Televisora Color","inLanguage":"es-ES","publisher":{"@id":"https:\/\/canal4nogoya.com\/web\/#organization"}}]},"og:locale":"es_ES","og:site_name":"Canal 4 Nogoy\u00e1 - Nogoy\u00e1 Televisora Color","og:type":"article","og:title":"El Ni\u00f1o ser\u00e1 de \u201cmuy alta intensidad\u201d en Entre R\u00edos - Canal 4 Nogoy\u00e1","og:description":"El fen\u00f3meno de El Ni\u00f1o tendr\u00e1 una intensidad importante en Entre R\u00edos y sus mayores efectos comenzar\u00edan a sentirse desde septiembre y octubre, con un pico previsto para noviembre y diciembre, seg\u00fan explic\u00f3 el director de Hidr\u00e1ulica de la provincia, Oscar Pintos. El escenario contempla precipitaciones superiores a los valores habituales y un aumento de","og:url":"https:\/\/canal4nogoya.com\/web\/el-nino-sera-de-muy-alta-intensidad-en-entre-rios\/","og:image":"https:\/\/canal4nogoya.com\/web\/wp-content\/uploads\/2026\/04\/1-1-Ar-Nogy-1.jpg","og:image:secure_url":"https:\/\/canal4nogoya.com\/web\/wp-content\/uploads\/2026\/04\/1-1-Ar-Nogy-1.jpg","og:image:width":677,"og:image:height":420,"article:published_time":"2026-08-19T18:39:38+00:00","article:modified_time":"2026-08-19T18:39:39+00:00","twitter:card":"summary_large_image","twitter:title":"El Ni\u00f1o ser\u00e1 de \u201cmuy alta intensidad\u201d en Entre R\u00edos - Canal 4 Nogoy\u00e1","twitter:description":"El fen\u00f3meno de El Ni\u00f1o tendr\u00e1 una intensidad importante en Entre R\u00edos y sus mayores efectos comenzar\u00edan a sentirse desde septiembre y octubre, con un pico previsto para noviembre y diciembre, seg\u00fan explic\u00f3 el director de Hidr\u00e1ulica de la provincia, Oscar Pintos. El escenario contempla precipitaciones superiores a los valores habituales y un aumento de","twitter:image":"https:\/\/canal4nogoya.com\/web\/wp-content\/uploads\/2026\/04\/1-1-Ar-Nogy-1.jpg"},"aioseo_meta_data":{"post_id":"4636","title":null,"description":null,"keywords":null,"keyphrases":{"focus":{"keyphrase":"","score":0,"analysis":{"keyphraseInTitle":{"score":0,"maxScore":9,"error":1}}},"additional":[]},"primary_term":null,"canonical_url":null,"og_title":null,"og_description":null,"og_object_type":"default","og_image_type":"default","og_image_url":null,"og_image_width":null,"og_image_height":null,"og_image_custom_url":null,"og_image_custom_fields":null,"og_video":"","og_custom_url":null,"og_article_section":null,"og_article_tags":null,"twitter_use_og":false,"twitter_card":"default","twitter_image_type":"default","twitter_image_url":null,"twitter_image_custom_url":null,"twitter_image_custom_fields":null,"twitter_title":null,"twitter_description":null,"schema":{"blockGraphs":[],"customGraphs":[],"default":{"data":{"Article":[],"Course":[],"Dataset":[],"FAQPage":[],"Movie":[],"Person":[],"Product":[],"ProductReview":[],"Car":[],"Recipe":[],"Service":[],"SoftwareApplication":[],"WebPage":[]},"graphName":"BlogPosting","isEnabled":true},"graphs":[]},"schema_type":"default","schema_type_options":null,"pillar_content":false,"robots_default":true,"robots_noindex":false,"robots_noarchive":false,"robots_nosnippet":false,"robots_nofollow":false,"robots_noimageindex":false,"robots_noodp":false,"robots_notranslate":false,"robots_max_snippet":"-1","robots_max_videopreview":"-1","robots_max_imagepreview":"large","priority":null,"frequency":"default","local_seo":null,"breadcrumb_settings":null,"limit_modified_date":false,"ai":{"faqs":[],"keyPoints":[],"schemas":[],"titles":[],"descriptions":[],"socialPosts":{"email":{"subject":"","preview":"","content":""},"linkedin":[],"twitter":[],"facebook":[],"instagram":[]}},"created":"2026-08-19 18:39:39","updated":"2026-08-20 00:56:53","seo_analyzer_scan_date":null,"focus_keyword":null,"additional_keywords":null,"truseo_locale":null},"aioseo_breadcrumb":"<div class=\"aioseo-breadcrumbs\"><span class=\"aioseo-breadcrumb\">\n\t\t\t<a href=\"https:\/\/canal4nogoya.com\/web\" title=\"Home\">Home<\/a>\n\t\t<\/span><span class=\"aioseo-breadcrumb-separator\">&raquo;<\/span><span class=\"aioseo-breadcrumb\">\n\t\t\t<a href=\"https:\/\/canal4nogoya.com\/web\/category\/provinciales\/\" title=\"Provinciales\">Provinciales<\/a>\n\t\t<\/span><span class=\"aioseo-breadcrumb-separator\">&raquo;<\/span><span class=\"aioseo-breadcrumb\">\n\t\t\tEl Ni\u00f1o ser\u00e1 de \u201cmuy alta intensidad\u201d en Entre R\u00edos\n\t\t<\/span><\/div>","aioseo_breadcrumb_json":[{"label":"Home","link":"https:\/\/canal4nogoya.com\/web"},{"label":"Provinciales","link":"https:\/\/canal4nogoya.com\/web\/category\/provinciales\/"},{"label":"El Ni\u00f1o ser\u00e1 de \u201cmuy alta intensidad\u201d en Entre R\u00edos","link":"https:\/\/canal4nogoya.com\/web\/el-nino-sera-de-muy-alta-intensidad-en-entre-rios\/"}],"jetpack_featured_media_url":"https:\/\/canal4nogoya.com\/web\/wp-content\/uploads\/2026\/04\/1-1-Ar-Nogy-1.jpg","_links":{"self":[{"href":"https:\/\/canal4nogoya.com\/web\/wp-json\/wp\/v2\/posts\/4636","targetHints":{"allow":["GET"]}}],"collection":[{"href":"https:\/\/canal4nogoya.com\/web\/wp-json\/wp\/v2\/posts"}],"about":[{"href":"https:\/\/canal4nogoya.com\/web\/wp-json\/wp\/v2\/types\/post"}],"author":[{"embeddable":true,"href":"https:\/\/canal4nogoya.com\/web\/wp-json\/wp\/v2\/users\/3"}],"replies":[{"embeddable":true,"href":"https:\/\/canal4nogoya.com\/web\/wp-json\/wp\/v2\/comments?post=4636"}],"version-history":[{"count":1,"href":"https:\/\/canal4nogoya.com\/web\/wp-json\/wp\/v2\/posts\/4636\/revisions"}],"predecessor-version":[{"id":4637,"href":"https:\/\/canal4nogoya.com\/web\/wp-json\/wp\/v2\/posts\/4636\/revisions\/4637"}],"wp:featuredmedia":[{"embeddable":true,"href":"https:\/\/canal4nogoya.com\/web\/wp-json\/wp\/v2\/media\/3359"}],"wp:attachment":[{"href":"https:\/\/canal4nogoya.com\/web\/wp-json\/wp\/v2\/media?parent=4636"}],"wp:term":[{"taxonomy":"category","embeddable":true,"href":"https:\/\/canal4nogoya.com\/web\/wp-json\/wp\/v2\/categories?post=4636"},{"taxonomy":"post_tag","embeddable":true,"href":"https:\/\/canal4nogoya.com\/web\/wp-json\/wp\/v2\/tags?post=4636"}],"curies":[{"name":"wp","href":"https:\/\/api.w.org\/{rel}","templated":true}]}}