{"id":4646,"date":"2026-08-20T18:22:37","date_gmt":"2026-08-20T21:22:37","guid":{"rendered":"https:\/\/canal4nogoya.com\/web\/?p=4646"},"modified":"2026-08-20T18:22:38","modified_gmt":"2026-08-20T21:22:38","slug":"el-gobierno-de-entre-rios-estuvo-reunido-trabajando-en-la-prevencion-climatica","status":"publish","type":"post","link":"https:\/\/canal4nogoya.com\/web\/el-gobierno-de-entre-rios-estuvo-reunido-trabajando-en-la-prevencion-climatica\/","title":{"rendered":"El gobierno de Entre R\u00edos estuvo reunido trabajando en la  prevenci\u00f3n clim\u00e1tica"},"content":{"rendered":"\n<p class=\"wp-block-paragraph\"><\/p>\n\n\n\n<p class=\"wp-block-paragraph\"><\/p>\n\n\n\n<p class=\"wp-block-paragraph\">La agenda de trabajo comenz\u00f3 con un relevamiento detallado de la infraestructura en marcha. El ministro de Gobierno y Trabajo, Manuel Troncoso, remarc\u00f3 que el encuentro permiti\u00f3 realizar un \u00abseguimiento departamento por departamento del avance de las obras, tanto en rutas como en hospitales y escuelas\u00bb. Sostuvo que esta evaluaci\u00f3n busca garantizar la continuidad y el ritmo de los trabajos en todo el territorio provincial.<\/p>\n\n\n\n<p class=\"wp-block-paragraph\"><\/p>\n\n\n\n<p class=\"wp-block-paragraph\">Asimismo, el gabinete analiz\u00f3 las acciones preventivas ante contingencias clim\u00e1ticas. Troncoso destac\u00f3 el <strong>\u00ababordaje integral de la mesa transversal que estamos teniendo en todos los municipios junto a los intendentes con los comit\u00e9s de crisis para prevenir el fen\u00f3meno de El Ni\u00f1o y sus consecuencias\u00bb. Con este fin, las autoridades programaron una reuni\u00f3n inmediata con los jefes comunales de los departamentos expuestos a estas adversidades.<\/strong><\/p>\n\n\n\n<p class=\"wp-block-paragraph\"><\/p>\n\n\n\n<p class=\"wp-block-paragraph\">Por otro lado, se analiz\u00f3 la situaci\u00f3n de los despedidos de la firma Granja Tres Arroyos en Concepci\u00f3n del Uruguay. Los funcionarios destacaron el decreto firmado por el gobernador que otorga un alivio impositivo directo a estos operarios. &nbsp;\u00abLo hablamos con los sindicatos tambi\u00e9n, y fue muy receptado y valorado\u00bb, puntualiz\u00f3 Troncoso al respecto.<\/p>\n\n\n\n<p class=\"wp-block-paragraph\"><\/p>\n\n\n\n<p class=\"wp-block-paragraph\">El ministro enfatiz\u00f3 que este beneficio impositivo se complementa con otras pol\u00edticas impulsadas de manera urgente por la gesti\u00f3n provincial. \u00abEsto se suma a todas las medidas que estamos tomando desde el gobierno y por pedido del gobernador para morigerar y menguar el impacto en los trabajadores\u00bb, detall\u00f3 Troncoso, mencionando la conciliaci\u00f3n obligatoria, la asistencia alimentaria y la entrega de subsidios a las familias afectadas.<\/p>\n\n\n\n<p class=\"wp-block-paragraph\"><\/p>\n\n\n\n<p class=\"wp-block-paragraph\">Finalmente, &nbsp;el ministro valor\u00f3 la creaci\u00f3n de una mesa conjunta de car\u00e1cter interprovincial integrada por los ministros de Trabajo de C\u00f3rdoba, Buenos Aires y Entre R\u00edos, por decisi\u00f3n de sus respectivos mandatarios. Esta instancia tiene por objeto coordinar un frente com\u00fan para abordar de forma integral la crisis de la compa\u00f1\u00eda y \u00abver c\u00f3mo se puede hacer un abordaje tambi\u00e9n interprovincial para alivianar el impacto en los trabajadores\u00bb.<\/p>\n","protected":false},"excerpt":{"rendered":"<p>La agenda de trabajo comenz\u00f3 con un relevamiento detallado de la infraestructura en marcha. El ministro de Gobierno y Trabajo, Manuel Troncoso, remarc\u00f3 que el encuentro permiti\u00f3 realizar un \u00abseguimiento departamento por departamento del avance de las obras, tanto en rutas como en hospitales y escuelas\u00bb. Sostuvo que esta evaluaci\u00f3n busca garantizar la continuidad y&#8230;<\/p>\n","protected":false},"author":3,"featured_media":4647,"comment_status":"open","ping_status":"closed","sticky":false,"template":"","format":"standard","meta":{"_monsterinsights_skip_tracking":false,"footnotes":""},"categories":[10],"tags":[],"class_list":["post-4646","post","type-post","status-publish","format-standard","has-post-thumbnail","hentry","category-provinciales"],"aioseo_notices":[],"aioseo_head":"\n\t\t<!-- All in One SEO 5.0.1.1 - aioseo.com -->\n\t<meta name=\"description\" content=\"La agenda de trabajo comenz\u00f3 con un relevamiento detallado de la infraestructura en marcha. El ministro de Gobierno y Trabajo, Manuel Troncoso, remarc\u00f3 que el encuentro permiti\u00f3 realizar un &quot;seguimiento departamento por departamento del avance de las obras, tanto en rutas como en hospitales y escuelas&quot;. Sostuvo que esta evaluaci\u00f3n busca garantizar la continuidad y\" \/>\n\t<meta name=\"robots\" content=\"max-image-preview:large\" \/>\n\t<meta name=\"author\" content=\"Redacci\u00f3n\"\/>\n\t<link rel=\"canonical\" href=\"https:\/\/canal4nogoya.com\/web\/el-gobierno-de-entre-rios-estuvo-reunido-trabajando-en-la-prevencion-climatica\/\" \/>\n\t<meta name=\"generator\" content=\"All in One SEO (AIOSEO) 5.0.1.1\" \/>\n\t\t<meta property=\"og:locale\" content=\"es_ES\" \/>\n\t\t<meta property=\"og:site_name\" content=\"Canal 4 Nogoy\u00e1 - Nogoy\u00e1 Televisora Color\" \/>\n\t\t<meta property=\"og:type\" content=\"article\" \/>\n\t\t<meta property=\"og:title\" content=\"El gobierno de Entre R\u00edos estuvo reunido trabajando en la prevenci\u00f3n clim\u00e1tica - Canal 4 Nogoy\u00e1\" \/>\n\t\t<meta property=\"og:description\" content=\"La agenda de trabajo comenz\u00f3 con un relevamiento detallado de la infraestructura en marcha. El ministro de Gobierno y Trabajo, Manuel Troncoso, remarc\u00f3 que el encuentro permiti\u00f3 realizar un &quot;seguimiento departamento por departamento del avance de las obras, tanto en rutas como en hospitales y escuelas&quot;. Sostuvo que esta evaluaci\u00f3n busca garantizar la continuidad y\" \/>\n\t\t<meta property=\"og:url\" content=\"https:\/\/canal4nogoya.com\/web\/el-gobierno-de-entre-rios-estuvo-reunido-trabajando-en-la-prevencion-climatica\/\" \/>\n\t\t<meta property=\"og:image\" content=\"https:\/\/canal4nogoya.com\/web\/wp-content\/uploads\/2026\/08\/1-1-1-1-1-a-ER-G.jpeg\" \/>\n\t\t<meta property=\"og:image:secure_url\" content=\"https:\/\/canal4nogoya.com\/web\/wp-content\/uploads\/2026\/08\/1-1-1-1-1-a-ER-G.jpeg\" \/>\n\t\t<meta property=\"og:image:width\" content=\"1920\" \/>\n\t\t<meta property=\"og:image:height\" content=\"1281\" \/>\n\t\t<meta property=\"article:published_time\" content=\"2026-08-20T21:22:37+00:00\" \/>\n\t\t<meta property=\"article:modified_time\" content=\"2026-08-20T21:22:38+00:00\" \/>\n\t\t<meta name=\"twitter:card\" content=\"summary_large_image\" \/>\n\t\t<meta name=\"twitter:title\" content=\"El gobierno de Entre R\u00edos estuvo reunido trabajando en la prevenci\u00f3n clim\u00e1tica - Canal 4 Nogoy\u00e1\" \/>\n\t\t<meta name=\"twitter:description\" content=\"La agenda de trabajo comenz\u00f3 con un relevamiento detallado de la infraestructura en marcha. El ministro de Gobierno y Trabajo, Manuel Troncoso, remarc\u00f3 que el encuentro permiti\u00f3 realizar un &quot;seguimiento departamento por departamento del avance de las obras, tanto en rutas como en hospitales y escuelas&quot;. Sostuvo que esta evaluaci\u00f3n busca garantizar la continuidad y\" \/>\n\t\t<meta name=\"twitter:image\" content=\"https:\/\/canal4nogoya.com\/web\/wp-content\/uploads\/2026\/08\/1-1-1-1-1-a-ER-G.jpeg\" \/>\n\t\t<script type=\"application\/ld+json\" class=\"aioseo-schema\">\n\t\t\t{\"@context\":\"https:\\\/\\\/schema.org\",\"@graph\":[{\"@type\":\"BlogPosting\",\"@id\":\"https:\\\/\\\/canal4nogoya.com\\\/web\\\/el-gobierno-de-entre-rios-estuvo-reunido-trabajando-en-la-prevencion-climatica\\\/#blogposting\",\"name\":\"El gobierno de Entre R\\u00edos estuvo reunido trabajando en la prevenci\\u00f3n clim\\u00e1tica - Canal 4 Nogoy\\u00e1\",\"headline\":\"El gobierno de Entre R\\u00edos estuvo reunido trabajando en la  prevenci\\u00f3n clim\\u00e1tica\",\"author\":{\"@id\":\"https:\\\/\\\/canal4nogoya.com\\\/web\\\/author\\\/gonzalo\\\/#author\"},\"publisher\":{\"@id\":\"https:\\\/\\\/canal4nogoya.com\\\/web\\\/#organization\"},\"image\":{\"@type\":\"ImageObject\",\"url\":\"https:\\\/\\\/canal4nogoya.com\\\/web\\\/wp-content\\\/uploads\\\/2026\\\/08\\\/1-1-1-1-1-a-ER-G.jpeg\",\"width\":1920,\"height\":1281},\"datePublished\":\"2026-08-20T18:22:37-03:00\",\"dateModified\":\"2026-08-20T18:22:38-03:00\",\"inLanguage\":\"es-ES\",\"mainEntityOfPage\":{\"@id\":\"https:\\\/\\\/canal4nogoya.com\\\/web\\\/el-gobierno-de-entre-rios-estuvo-reunido-trabajando-en-la-prevencion-climatica\\\/#webpage\"},\"isPartOf\":{\"@id\":\"https:\\\/\\\/canal4nogoya.com\\\/web\\\/el-gobierno-de-entre-rios-estuvo-reunido-trabajando-en-la-prevencion-climatica\\\/#webpage\"},\"articleSection\":\"Provinciales\"},{\"@type\":\"BreadcrumbList\",\"@id\":\"https:\\\/\\\/canal4nogoya.com\\\/web\\\/el-gobierno-de-entre-rios-estuvo-reunido-trabajando-en-la-prevencion-climatica\\\/#breadcrumblist\",\"itemListElement\":[{\"@type\":\"ListItem\",\"@id\":\"https:\\\/\\\/canal4nogoya.com\\\/web#listItem\",\"position\":1,\"name\":\"Home\",\"item\":\"https:\\\/\\\/canal4nogoya.com\\\/web\",\"nextItem\":{\"@type\":\"ListItem\",\"@id\":\"https:\\\/\\\/canal4nogoya.com\\\/web\\\/category\\\/provinciales\\\/#listItem\",\"name\":\"Provinciales\"}},{\"@type\":\"ListItem\",\"@id\":\"https:\\\/\\\/canal4nogoya.com\\\/web\\\/category\\\/provinciales\\\/#listItem\",\"position\":2,\"name\":\"Provinciales\",\"item\":\"https:\\\/\\\/canal4nogoya.com\\\/web\\\/category\\\/provinciales\\\/\",\"nextItem\":{\"@type\":\"ListItem\",\"@id\":\"https:\\\/\\\/canal4nogoya.com\\\/web\\\/el-gobierno-de-entre-rios-estuvo-reunido-trabajando-en-la-prevencion-climatica\\\/#listItem\",\"name\":\"El gobierno de Entre R\\u00edos estuvo reunido trabajando en la  prevenci\\u00f3n clim\\u00e1tica\"},\"previousItem\":{\"@type\":\"ListItem\",\"@id\":\"https:\\\/\\\/canal4nogoya.com\\\/web#listItem\",\"name\":\"Home\"}},{\"@type\":\"ListItem\",\"@id\":\"https:\\\/\\\/canal4nogoya.com\\\/web\\\/el-gobierno-de-entre-rios-estuvo-reunido-trabajando-en-la-prevencion-climatica\\\/#listItem\",\"position\":3,\"name\":\"El gobierno de Entre R\\u00edos estuvo reunido trabajando en la  prevenci\\u00f3n clim\\u00e1tica\",\"previousItem\":{\"@type\":\"ListItem\",\"@id\":\"https:\\\/\\\/canal4nogoya.com\\\/web\\\/category\\\/provinciales\\\/#listItem\",\"name\":\"Provinciales\"}}]},{\"@type\":\"Organization\",\"@id\":\"https:\\\/\\\/canal4nogoya.com\\\/web\\\/#organization\",\"name\":\"Canal 4 Nogoy\\u00e1\",\"description\":\"Nogoy\\u00e1 Televisora Color\",\"url\":\"https:\\\/\\\/canal4nogoya.com\\\/web\\\/\",\"logo\":{\"@type\":\"ImageObject\",\"url\":\"https:\\\/\\\/canal4nogoya.com\\\/web\\\/wp-content\\\/uploads\\\/2025\\\/04\\\/logos-fondo-blanco.jpg\",\"@id\":\"https:\\\/\\\/canal4nogoya.com\\\/web\\\/el-gobierno-de-entre-rios-estuvo-reunido-trabajando-en-la-prevencion-climatica\\\/#organizationLogo\",\"width\":2353,\"height\":1080},\"image\":{\"@id\":\"https:\\\/\\\/canal4nogoya.com\\\/web\\\/el-gobierno-de-entre-rios-estuvo-reunido-trabajando-en-la-prevencion-climatica\\\/#organizationLogo\"}},{\"@type\":\"Person\",\"@id\":\"https:\\\/\\\/canal4nogoya.com\\\/web\\\/author\\\/gonzalo\\\/#author\",\"url\":\"https:\\\/\\\/canal4nogoya.com\\\/web\\\/author\\\/gonzalo\\\/\",\"name\":\"Redacci\\u00f3n\",\"image\":{\"@type\":\"ImageObject\",\"@id\":\"https:\\\/\\\/canal4nogoya.com\\\/web\\\/el-gobierno-de-entre-rios-estuvo-reunido-trabajando-en-la-prevencion-climatica\\\/#authorImage\",\"url\":\"https:\\\/\\\/canal4nogoya.com\\\/web\\\/wp-content\\\/litespeed\\\/avatar\\\/1df8586f31106921a2f6ae0d9530296b.jpg?ver=1787987515\",\"width\":96,\"height\":96,\"caption\":\"Redacci\\u00f3n\"}},{\"@type\":\"WebPage\",\"@id\":\"https:\\\/\\\/canal4nogoya.com\\\/web\\\/el-gobierno-de-entre-rios-estuvo-reunido-trabajando-en-la-prevencion-climatica\\\/#webpage\",\"url\":\"https:\\\/\\\/canal4nogoya.com\\\/web\\\/el-gobierno-de-entre-rios-estuvo-reunido-trabajando-en-la-prevencion-climatica\\\/\",\"name\":\"El gobierno de Entre R\\u00edos estuvo reunido trabajando en la prevenci\\u00f3n clim\\u00e1tica - Canal 4 Nogoy\\u00e1\",\"description\":\"La agenda de trabajo comenz\\u00f3 con un relevamiento detallado de la infraestructura en marcha. El ministro de Gobierno y Trabajo, Manuel Troncoso, remarc\\u00f3 que el encuentro permiti\\u00f3 realizar un \\\"seguimiento departamento por departamento del avance de las obras, tanto en rutas como en hospitales y escuelas\\\". Sostuvo que esta evaluaci\\u00f3n busca garantizar la continuidad y\",\"inLanguage\":\"es-ES\",\"isPartOf\":{\"@id\":\"https:\\\/\\\/canal4nogoya.com\\\/web\\\/#website\"},\"breadcrumb\":{\"@id\":\"https:\\\/\\\/canal4nogoya.com\\\/web\\\/el-gobierno-de-entre-rios-estuvo-reunido-trabajando-en-la-prevencion-climatica\\\/#breadcrumblist\"},\"author\":{\"@id\":\"https:\\\/\\\/canal4nogoya.com\\\/web\\\/author\\\/gonzalo\\\/#author\"},\"creator\":{\"@id\":\"https:\\\/\\\/canal4nogoya.com\\\/web\\\/author\\\/gonzalo\\\/#author\"},\"image\":{\"@type\":\"ImageObject\",\"url\":\"https:\\\/\\\/canal4nogoya.com\\\/web\\\/wp-content\\\/uploads\\\/2026\\\/08\\\/1-1-1-1-1-a-ER-G.jpeg\",\"@id\":\"https:\\\/\\\/canal4nogoya.com\\\/web\\\/el-gobierno-de-entre-rios-estuvo-reunido-trabajando-en-la-prevencion-climatica\\\/#mainImage\",\"width\":1920,\"height\":1281},\"primaryImageOfPage\":{\"@id\":\"https:\\\/\\\/canal4nogoya.com\\\/web\\\/el-gobierno-de-entre-rios-estuvo-reunido-trabajando-en-la-prevencion-climatica\\\/#mainImage\"},\"datePublished\":\"2026-08-20T18:22:37-03:00\",\"dateModified\":\"2026-08-20T18:22:38-03:00\"},{\"@type\":\"WebSite\",\"@id\":\"https:\\\/\\\/canal4nogoya.com\\\/web\\\/#website\",\"url\":\"https:\\\/\\\/canal4nogoya.com\\\/web\\\/\",\"name\":\"Canal 4 Nogoy\\u00e1\",\"description\":\"Nogoy\\u00e1 Televisora Color\",\"inLanguage\":\"es-ES\",\"publisher\":{\"@id\":\"https:\\\/\\\/canal4nogoya.com\\\/web\\\/#organization\"}}]}\n\t\t<\/script>\n\t\t<!-- All in One SEO -->\n\n","aioseo_head_json":{"title":"El gobierno de Entre R\u00edos estuvo reunido trabajando en la prevenci\u00f3n clim\u00e1tica - Canal 4 Nogoy\u00e1","description":"La agenda de trabajo comenz\u00f3 con un relevamiento detallado de la infraestructura en marcha. El ministro de Gobierno y Trabajo, Manuel Troncoso, remarc\u00f3 que el encuentro permiti\u00f3 realizar un \"seguimiento departamento por departamento del avance de las obras, tanto en rutas como en hospitales y escuelas\". Sostuvo que esta evaluaci\u00f3n busca garantizar la continuidad y","canonical_url":"https:\/\/canal4nogoya.com\/web\/el-gobierno-de-entre-rios-estuvo-reunido-trabajando-en-la-prevencion-climatica\/","robots":"max-image-preview:large","keywords":"","webmasterTools":{"miscellaneous":""},"schema":{"@context":"https:\/\/schema.org","@graph":[{"@type":"BlogPosting","@id":"https:\/\/canal4nogoya.com\/web\/el-gobierno-de-entre-rios-estuvo-reunido-trabajando-en-la-prevencion-climatica\/#blogposting","name":"El gobierno de Entre R\u00edos estuvo reunido trabajando en la prevenci\u00f3n clim\u00e1tica - Canal 4 Nogoy\u00e1","headline":"El gobierno de Entre R\u00edos estuvo reunido trabajando en la  prevenci\u00f3n clim\u00e1tica","author":{"@id":"https:\/\/canal4nogoya.com\/web\/author\/gonzalo\/#author"},"publisher":{"@id":"https:\/\/canal4nogoya.com\/web\/#organization"},"image":{"@type":"ImageObject","url":"https:\/\/canal4nogoya.com\/web\/wp-content\/uploads\/2026\/08\/1-1-1-1-1-a-ER-G.jpeg","width":1920,"height":1281},"datePublished":"2026-08-20T18:22:37-03:00","dateModified":"2026-08-20T18:22:38-03:00","inLanguage":"es-ES","mainEntityOfPage":{"@id":"https:\/\/canal4nogoya.com\/web\/el-gobierno-de-entre-rios-estuvo-reunido-trabajando-en-la-prevencion-climatica\/#webpage"},"isPartOf":{"@id":"https:\/\/canal4nogoya.com\/web\/el-gobierno-de-entre-rios-estuvo-reunido-trabajando-en-la-prevencion-climatica\/#webpage"},"articleSection":"Provinciales"},{"@type":"BreadcrumbList","@id":"https:\/\/canal4nogoya.com\/web\/el-gobierno-de-entre-rios-estuvo-reunido-trabajando-en-la-prevencion-climatica\/#breadcrumblist","itemListElement":[{"@type":"ListItem","@id":"https:\/\/canal4nogoya.com\/web#listItem","position":1,"name":"Home","item":"https:\/\/canal4nogoya.com\/web","nextItem":{"@type":"ListItem","@id":"https:\/\/canal4nogoya.com\/web\/category\/provinciales\/#listItem","name":"Provinciales"}},{"@type":"ListItem","@id":"https:\/\/canal4nogoya.com\/web\/category\/provinciales\/#listItem","position":2,"name":"Provinciales","item":"https:\/\/canal4nogoya.com\/web\/category\/provinciales\/","nextItem":{"@type":"ListItem","@id":"https:\/\/canal4nogoya.com\/web\/el-gobierno-de-entre-rios-estuvo-reunido-trabajando-en-la-prevencion-climatica\/#listItem","name":"El gobierno de Entre R\u00edos estuvo reunido trabajando en la  prevenci\u00f3n clim\u00e1tica"},"previousItem":{"@type":"ListItem","@id":"https:\/\/canal4nogoya.com\/web#listItem","name":"Home"}},{"@type":"ListItem","@id":"https:\/\/canal4nogoya.com\/web\/el-gobierno-de-entre-rios-estuvo-reunido-trabajando-en-la-prevencion-climatica\/#listItem","position":3,"name":"El gobierno de Entre R\u00edos estuvo reunido trabajando en la  prevenci\u00f3n clim\u00e1tica","previousItem":{"@type":"ListItem","@id":"https:\/\/canal4nogoya.com\/web\/category\/provinciales\/#listItem","name":"Provinciales"}}]},{"@type":"Organization","@id":"https:\/\/canal4nogoya.com\/web\/#organization","name":"Canal 4 Nogoy\u00e1","description":"Nogoy\u00e1 Televisora Color","url":"https:\/\/canal4nogoya.com\/web\/","logo":{"@type":"ImageObject","url":"https:\/\/canal4nogoya.com\/web\/wp-content\/uploads\/2025\/04\/logos-fondo-blanco.jpg","@id":"https:\/\/canal4nogoya.com\/web\/el-gobierno-de-entre-rios-estuvo-reunido-trabajando-en-la-prevencion-climatica\/#organizationLogo","width":2353,"height":1080},"image":{"@id":"https:\/\/canal4nogoya.com\/web\/el-gobierno-de-entre-rios-estuvo-reunido-trabajando-en-la-prevencion-climatica\/#organizationLogo"}},{"@type":"Person","@id":"https:\/\/canal4nogoya.com\/web\/author\/gonzalo\/#author","url":"https:\/\/canal4nogoya.com\/web\/author\/gonzalo\/","name":"Redacci\u00f3n","image":{"@type":"ImageObject","@id":"https:\/\/canal4nogoya.com\/web\/el-gobierno-de-entre-rios-estuvo-reunido-trabajando-en-la-prevencion-climatica\/#authorImage","url":"https:\/\/canal4nogoya.com\/web\/wp-content\/litespeed\/avatar\/1df8586f31106921a2f6ae0d9530296b.jpg?ver=1787987515","width":96,"height":96,"caption":"Redacci\u00f3n"}},{"@type":"WebPage","@id":"https:\/\/canal4nogoya.com\/web\/el-gobierno-de-entre-rios-estuvo-reunido-trabajando-en-la-prevencion-climatica\/#webpage","url":"https:\/\/canal4nogoya.com\/web\/el-gobierno-de-entre-rios-estuvo-reunido-trabajando-en-la-prevencion-climatica\/","name":"El gobierno de Entre R\u00edos estuvo reunido trabajando en la prevenci\u00f3n clim\u00e1tica - Canal 4 Nogoy\u00e1","description":"La agenda de trabajo comenz\u00f3 con un relevamiento detallado de la infraestructura en marcha. El ministro de Gobierno y Trabajo, Manuel Troncoso, remarc\u00f3 que el encuentro permiti\u00f3 realizar un \"seguimiento departamento por departamento del avance de las obras, tanto en rutas como en hospitales y escuelas\". Sostuvo que esta evaluaci\u00f3n busca garantizar la continuidad y","inLanguage":"es-ES","isPartOf":{"@id":"https:\/\/canal4nogoya.com\/web\/#website"},"breadcrumb":{"@id":"https:\/\/canal4nogoya.com\/web\/el-gobierno-de-entre-rios-estuvo-reunido-trabajando-en-la-prevencion-climatica\/#breadcrumblist"},"author":{"@id":"https:\/\/canal4nogoya.com\/web\/author\/gonzalo\/#author"},"creator":{"@id":"https:\/\/canal4nogoya.com\/web\/author\/gonzalo\/#author"},"image":{"@type":"ImageObject","url":"https:\/\/canal4nogoya.com\/web\/wp-content\/uploads\/2026\/08\/1-1-1-1-1-a-ER-G.jpeg","@id":"https:\/\/canal4nogoya.com\/web\/el-gobierno-de-entre-rios-estuvo-reunido-trabajando-en-la-prevencion-climatica\/#mainImage","width":1920,"height":1281},"primaryImageOfPage":{"@id":"https:\/\/canal4nogoya.com\/web\/el-gobierno-de-entre-rios-estuvo-reunido-trabajando-en-la-prevencion-climatica\/#mainImage"},"datePublished":"2026-08-20T18:22:37-03:00","dateModified":"2026-08-20T18:22:38-03:00"},{"@type":"WebSite","@id":"https:\/\/canal4nogoya.com\/web\/#website","url":"https:\/\/canal4nogoya.com\/web\/","name":"Canal 4 Nogoy\u00e1","description":"Nogoy\u00e1 Televisora Color","inLanguage":"es-ES","publisher":{"@id":"https:\/\/canal4nogoya.com\/web\/#organization"}}]},"og:locale":"es_ES","og:site_name":"Canal 4 Nogoy\u00e1 - Nogoy\u00e1 Televisora Color","og:type":"article","og:title":"El gobierno de Entre R\u00edos estuvo reunido trabajando en la prevenci\u00f3n clim\u00e1tica - Canal 4 Nogoy\u00e1","og:description":"La agenda de trabajo comenz\u00f3 con un relevamiento detallado de la infraestructura en marcha. El ministro de Gobierno y Trabajo, Manuel Troncoso, remarc\u00f3 que el encuentro permiti\u00f3 realizar un &quot;seguimiento departamento por departamento del avance de las obras, tanto en rutas como en hospitales y escuelas&quot;. Sostuvo que esta evaluaci\u00f3n busca garantizar la continuidad y","og:url":"https:\/\/canal4nogoya.com\/web\/el-gobierno-de-entre-rios-estuvo-reunido-trabajando-en-la-prevencion-climatica\/","og:image":"https:\/\/canal4nogoya.com\/web\/wp-content\/uploads\/2026\/08\/1-1-1-1-1-a-ER-G.jpeg","og:image:secure_url":"https:\/\/canal4nogoya.com\/web\/wp-content\/uploads\/2026\/08\/1-1-1-1-1-a-ER-G.jpeg","og:image:width":1920,"og:image:height":1281,"article:published_time":"2026-08-20T21:22:37+00:00","article:modified_time":"2026-08-20T21:22:38+00:00","twitter:card":"summary_large_image","twitter:title":"El gobierno de Entre R\u00edos estuvo reunido trabajando en la prevenci\u00f3n clim\u00e1tica - Canal 4 Nogoy\u00e1","twitter:description":"La agenda de trabajo comenz\u00f3 con un relevamiento detallado de la infraestructura en marcha. El ministro de Gobierno y Trabajo, Manuel Troncoso, remarc\u00f3 que el encuentro permiti\u00f3 realizar un &quot;seguimiento departamento por departamento del avance de las obras, tanto en rutas como en hospitales y escuelas&quot;. Sostuvo que esta evaluaci\u00f3n busca garantizar la continuidad y","twitter:image":"https:\/\/canal4nogoya.com\/web\/wp-content\/uploads\/2026\/08\/1-1-1-1-1-a-ER-G.jpeg"},"aioseo_meta_data":{"post_id":"4646","title":null,"description":null,"keywords":null,"keyphrases":{"focus":{"keyphrase":"","score":0,"analysis":{"keyphraseInTitle":{"score":0,"maxScore":9,"error":1}}},"additional":[]},"primary_term":null,"canonical_url":null,"og_title":null,"og_description":null,"og_object_type":"default","og_image_type":"default","og_image_url":null,"og_image_width":null,"og_image_height":null,"og_image_custom_url":null,"og_image_custom_fields":null,"og_video":"","og_custom_url":null,"og_article_section":null,"og_article_tags":null,"twitter_use_og":false,"twitter_card":"default","twitter_image_type":"default","twitter_image_url":null,"twitter_image_custom_url":null,"twitter_image_custom_fields":null,"twitter_title":null,"twitter_description":null,"schema":{"blockGraphs":[],"customGraphs":[],"default":{"data":{"Article":[],"Course":[],"Dataset":[],"FAQPage":[],"Movie":[],"Person":[],"Product":[],"ProductReview":[],"Car":[],"Recipe":[],"Service":[],"SoftwareApplication":[],"WebPage":[]},"graphName":"BlogPosting","isEnabled":true},"graphs":[]},"schema_type":"default","schema_type_options":null,"pillar_content":false,"robots_default":true,"robots_noindex":false,"robots_noarchive":false,"robots_nosnippet":false,"robots_nofollow":false,"robots_noimageindex":false,"robots_noodp":false,"robots_notranslate":false,"robots_max_snippet":"-1","robots_max_videopreview":"-1","robots_max_imagepreview":"large","priority":null,"frequency":"default","local_seo":null,"breadcrumb_settings":null,"limit_modified_date":false,"ai":{"faqs":[],"keyPoints":[],"schemas":[],"titles":[],"descriptions":[],"socialPosts":{"email":{"subject":"","preview":"","content":""},"linkedin":[],"twitter":[],"facebook":[],"instagram":[]}},"created":"2026-08-20 21:22:38","updated":"2026-08-21 00:12:03","seo_analyzer_scan_date":null,"focus_keyword":null,"additional_keywords":null,"truseo_locale":null},"aioseo_breadcrumb":"<div class=\"aioseo-breadcrumbs\"><span class=\"aioseo-breadcrumb\">\n\t\t\t<a href=\"https:\/\/canal4nogoya.com\/web\" title=\"Home\">Home<\/a>\n\t\t<\/span><span class=\"aioseo-breadcrumb-separator\">&raquo;<\/span><span class=\"aioseo-breadcrumb\">\n\t\t\t<a href=\"https:\/\/canal4nogoya.com\/web\/category\/provinciales\/\" title=\"Provinciales\">Provinciales<\/a>\n\t\t<\/span><span class=\"aioseo-breadcrumb-separator\">&raquo;<\/span><span class=\"aioseo-breadcrumb\">\n\t\t\tEl gobierno de Entre R\u00edos estuvo reunido trabajando en la  prevenci\u00f3n clim\u00e1tica\n\t\t<\/span><\/div>","aioseo_breadcrumb_json":[{"label":"Home","link":"https:\/\/canal4nogoya.com\/web"},{"label":"Provinciales","link":"https:\/\/canal4nogoya.com\/web\/category\/provinciales\/"},{"label":"El gobierno de Entre R\u00edos estuvo reunido trabajando en la  prevenci\u00f3n clim\u00e1tica","link":"https:\/\/canal4nogoya.com\/web\/el-gobierno-de-entre-rios-estuvo-reunido-trabajando-en-la-prevencion-climatica\/"}],"jetpack_featured_media_url":"https:\/\/canal4nogoya.com\/web\/wp-content\/uploads\/2026\/08\/1-1-1-1-1-a-ER-G.jpeg","_links":{"self":[{"href":"https:\/\/canal4nogoya.com\/web\/wp-json\/wp\/v2\/posts\/4646","targetHints":{"allow":["GET"]}}],"collection":[{"href":"https:\/\/canal4nogoya.com\/web\/wp-json\/wp\/v2\/posts"}],"about":[{"href":"https:\/\/canal4nogoya.com\/web\/wp-json\/wp\/v2\/types\/post"}],"author":[{"embeddable":true,"href":"https:\/\/canal4nogoya.com\/web\/wp-json\/wp\/v2\/users\/3"}],"replies":[{"embeddable":true,"href":"https:\/\/canal4nogoya.com\/web\/wp-json\/wp\/v2\/comments?post=4646"}],"version-history":[{"count":1,"href":"https:\/\/canal4nogoya.com\/web\/wp-json\/wp\/v2\/posts\/4646\/revisions"}],"predecessor-version":[{"id":4648,"href":"https:\/\/canal4nogoya.com\/web\/wp-json\/wp\/v2\/posts\/4646\/revisions\/4648"}],"wp:featuredmedia":[{"embeddable":true,"href":"https:\/\/canal4nogoya.com\/web\/wp-json\/wp\/v2\/media\/4647"}],"wp:attachment":[{"href":"https:\/\/canal4nogoya.com\/web\/wp-json\/wp\/v2\/media?parent=4646"}],"wp:term":[{"taxonomy":"category","embeddable":true,"href":"https:\/\/canal4nogoya.com\/web\/wp-json\/wp\/v2\/categories?post=4646"},{"taxonomy":"post_tag","embeddable":true,"href":"https:\/\/canal4nogoya.com\/web\/wp-json\/wp\/v2\/tags?post=4646"}],"curies":[{"name":"wp","href":"https:\/\/api.w.org\/{rel}","templated":true}]}}