{"id":4649,"date":"2026-08-20T18:26:34","date_gmt":"2026-08-20T21:26:34","guid":{"rendered":"https:\/\/canal4nogoya.com\/web\/?p=4649"},"modified":"2026-08-20T18:26:35","modified_gmt":"2026-08-20T21:26:35","slug":"el-juicio-de-maradona-suspendido","status":"publish","type":"post","link":"https:\/\/canal4nogoya.com\/web\/el-juicio-de-maradona-suspendido\/","title":{"rendered":"El juicio de Maradona, suspendido"},"content":{"rendered":"\n<p class=\"wp-block-paragraph\"><\/p>\n\n\n\n<p class=\"wp-block-paragraph\">El&nbsp;<strong>juicio por la muerte de Diego Maradona<\/strong>&nbsp;qued\u00f3 suspendido este jueves hasta la pr\u00f3xima semana a ra\u00edz del&nbsp;<strong>esc\u00e1ndalo por las historias cl\u00ednicas que mezclaron estudios del Diez con los de su padre y que fueron utilizados como parte de la documentaci\u00f3n analizada por la Junta M\u00e9dica.<\/strong><\/p>\n\n\n\n<p class=\"wp-block-paragraph\"><\/p>\n\n\n\n<p class=\"wp-block-paragraph\">Tras una audiencia de m\u00e1xima tensi\u00f3n, el Tribunal Oral en lo Criminal N\u00b07 orden\u00f3 secuestrar toda la documentaci\u00f3n m\u00e9dica vinculada a Maradona que se encuentre en la sede central de la prepaga y en el Sanatorio Los Arcos.&nbsp;<strong>Hasta que esas medidas se completen, el debate no continuar\u00e1 y reci\u00e9n se retomar\u00e1 el pr\u00f3ximo jueves.<\/strong><\/p>\n\n\n\n<p class=\"wp-block-paragraph\"><\/p>\n\n\n\n<p class=\"wp-block-paragraph\">La controversia estall\u00f3 en la audiencia del martes, durante la declaraci\u00f3n del nefr\u00f3logo Hern\u00e1n Trimarchi, uno de los especialistas que integr\u00f3 la Junta M\u00e9dica. El abogado Nicol\u00e1s D\u2019Albora, defensor de la imputada Nancy Forlini, advirti\u00f3 que entre los antecedentes evaluados por los peritos hab\u00eda an\u00e1lisis que no pertenec\u00edan a Diego sino a su padre, Don Diego, quien llevaba el mismo nombre.<\/p>\n\n\n\n<p class=\"wp-block-paragraph\"><\/p>\n\n\n\n<p class=\"wp-block-paragraph\">El hallazgo abri\u00f3 un fuerte enfrentamiento entre las partes porque la Junta M\u00e9dica constituye una de las principales pruebas de la acusaci\u00f3n contra los siete imputados: entre sus conclusiones, los especialistas determinaron que la muerte de Maradona era evitable y cuestionaron el seguimiento que recibi\u00f3 durante sus \u00faltimos d\u00edas.<\/p>\n\n\n\n<p class=\"wp-block-paragraph\"><\/p>\n\n\n\n<p class=\"wp-block-paragraph\">Seg\u00fan explic\u00f3 D\u2019Albora, la confusi\u00f3n alcanzar\u00eda al menos a estudios correspondientes al per\u00edodo 2012-2015. Uno de los elementos que permiti\u00f3 advertirla fue el n\u00famero de afiliado consignado en los documentos. Adem\u00e1s, durante parte de ese per\u00edodo Maradona se encontraba fuera del pa\u00eds.<\/p>\n\n\n\n<p class=\"wp-block-paragraph\"><\/p>\n\n\n\n<p class=\"wp-block-paragraph\">La Fiscal\u00eda reconoci\u00f3 que hab\u00eda estudios de Don Diego incorporados al expediente, pero rechaz\u00f3 que el error invalide las conclusiones de la Junta M\u00e9dica. El fiscal Patricio Ferrari acus\u00f3 a la defensa de intentar \u201cembarrar\u201d el juicio y, junto con las querellas, impuls\u00f3 nuevas medidas para obtener la documentaci\u00f3n correcta y determinar qu\u00e9 impacto puede tener sobre las conclusiones de los peritos.<\/p>\n\n\n\n<p class=\"wp-block-paragraph\"><\/p>\n\n\n\n<p class=\"wp-block-paragraph\">Finalmente, seg\u00fan consign\u00f3&nbsp;<em>Infobae<\/em>, el tribunal dispuso los procedimientos y tambi\u00e9n acept\u00f3 que, una vez incorporados los nuevos registros, los integrantes de la Junta M\u00e9dica que ya declararon vuelvan a ser convocados para determinar si ratifican o modifican sus conclusiones.<\/p>\n","protected":false},"excerpt":{"rendered":"<p>El&nbsp;juicio por la muerte de Diego Maradona&nbsp;qued\u00f3 suspendido este jueves hasta la pr\u00f3xima semana a ra\u00edz del&nbsp;esc\u00e1ndalo por las historias cl\u00ednicas que mezclaron estudios del Diez con los de su padre y que fueron utilizados como parte de la documentaci\u00f3n analizada por la Junta M\u00e9dica. Tras una audiencia de m\u00e1xima tensi\u00f3n, el Tribunal Oral en&#8230;<\/p>\n","protected":false},"author":3,"featured_media":3310,"comment_status":"open","ping_status":"closed","sticky":false,"template":"","format":"standard","meta":{"_monsterinsights_skip_tracking":false,"footnotes":""},"categories":[9],"tags":[],"class_list":["post-4649","post","type-post","status-publish","format-standard","has-post-thumbnail","hentry","category-nacionales"],"aioseo_notices":[],"aioseo_head":"\n\t\t<!-- All in One SEO 5.0.1.1 - aioseo.com -->\n\t<meta name=\"description\" content=\"El juicio por la muerte de Diego Maradona qued\u00f3 suspendido este jueves hasta la pr\u00f3xima semana a ra\u00edz del esc\u00e1ndalo por las historias cl\u00ednicas que mezclaron estudios del Diez con los de su padre y que fueron utilizados como parte de la documentaci\u00f3n analizada por la Junta M\u00e9dica. Tras una audiencia de m\u00e1xima tensi\u00f3n, el Tribunal Oral en\" \/>\n\t<meta name=\"robots\" content=\"max-image-preview:large\" \/>\n\t<meta name=\"author\" content=\"Redacci\u00f3n\"\/>\n\t<link rel=\"canonical\" href=\"https:\/\/canal4nogoya.com\/web\/el-juicio-de-maradona-suspendido\/\" \/>\n\t<meta name=\"generator\" content=\"All in One SEO (AIOSEO) 5.0.1.1\" \/>\n\t\t<meta property=\"og:locale\" content=\"es_ES\" \/>\n\t\t<meta property=\"og:site_name\" content=\"Canal 4 Nogoy\u00e1 - Nogoy\u00e1 Televisora Color\" \/>\n\t\t<meta property=\"og:type\" content=\"article\" \/>\n\t\t<meta property=\"og:title\" content=\"El juicio de Maradona, suspendido - Canal 4 Nogoy\u00e1\" \/>\n\t\t<meta property=\"og:description\" content=\"El juicio por la muerte de Diego Maradona qued\u00f3 suspendido este jueves hasta la pr\u00f3xima semana a ra\u00edz del esc\u00e1ndalo por las historias cl\u00ednicas que mezclaron estudios del Diez con los de su padre y que fueron utilizados como parte de la documentaci\u00f3n analizada por la Junta M\u00e9dica. Tras una audiencia de m\u00e1xima tensi\u00f3n, el Tribunal Oral en\" \/>\n\t\t<meta property=\"og:url\" content=\"https:\/\/canal4nogoya.com\/web\/el-juicio-de-maradona-suspendido\/\" \/>\n\t\t<meta property=\"og:image\" content=\"https:\/\/canal4nogoya.com\/web\/wp-content\/uploads\/2026\/04\/1-1-Ju-Band.webp\" \/>\n\t\t<meta property=\"og:image:secure_url\" content=\"https:\/\/canal4nogoya.com\/web\/wp-content\/uploads\/2026\/04\/1-1-Ju-Band.webp\" \/>\n\t\t<meta property=\"og:image:width\" content=\"1280\" \/>\n\t\t<meta property=\"og:image:height\" content=\"720\" \/>\n\t\t<meta property=\"article:published_time\" content=\"2026-08-20T21:26:34+00:00\" \/>\n\t\t<meta property=\"article:modified_time\" content=\"2026-08-20T21:26:35+00:00\" \/>\n\t\t<meta name=\"twitter:card\" content=\"summary_large_image\" \/>\n\t\t<meta name=\"twitter:title\" content=\"El juicio de Maradona, suspendido - Canal 4 Nogoy\u00e1\" \/>\n\t\t<meta name=\"twitter:description\" content=\"El juicio por la muerte de Diego Maradona qued\u00f3 suspendido este jueves hasta la pr\u00f3xima semana a ra\u00edz del esc\u00e1ndalo por las historias cl\u00ednicas que mezclaron estudios del Diez con los de su padre y que fueron utilizados como parte de la documentaci\u00f3n analizada por la Junta M\u00e9dica. Tras una audiencia de m\u00e1xima tensi\u00f3n, el Tribunal Oral en\" \/>\n\t\t<meta name=\"twitter:image\" content=\"https:\/\/canal4nogoya.com\/web\/wp-content\/uploads\/2026\/04\/1-1-Ju-Band.webp\" \/>\n\t\t<script type=\"application\/ld+json\" class=\"aioseo-schema\">\n\t\t\t{\"@context\":\"https:\\\/\\\/schema.org\",\"@graph\":[{\"@type\":\"BlogPosting\",\"@id\":\"https:\\\/\\\/canal4nogoya.com\\\/web\\\/el-juicio-de-maradona-suspendido\\\/#blogposting\",\"name\":\"El juicio de Maradona, suspendido - Canal 4 Nogoy\\u00e1\",\"headline\":\"El juicio de Maradona, suspendido\",\"author\":{\"@id\":\"https:\\\/\\\/canal4nogoya.com\\\/web\\\/author\\\/gonzalo\\\/#author\"},\"publisher\":{\"@id\":\"https:\\\/\\\/canal4nogoya.com\\\/web\\\/#organization\"},\"image\":{\"@type\":\"ImageObject\",\"url\":\"https:\\\/\\\/canal4nogoya.com\\\/web\\\/wp-content\\\/uploads\\\/2026\\\/04\\\/1-1-Ju-Band.webp\",\"width\":1280,\"height\":720},\"datePublished\":\"2026-08-20T18:26:34-03:00\",\"dateModified\":\"2026-08-20T18:26:35-03:00\",\"inLanguage\":\"es-ES\",\"mainEntityOfPage\":{\"@id\":\"https:\\\/\\\/canal4nogoya.com\\\/web\\\/el-juicio-de-maradona-suspendido\\\/#webpage\"},\"isPartOf\":{\"@id\":\"https:\\\/\\\/canal4nogoya.com\\\/web\\\/el-juicio-de-maradona-suspendido\\\/#webpage\"},\"articleSection\":\"Nacionales\"},{\"@type\":\"BreadcrumbList\",\"@id\":\"https:\\\/\\\/canal4nogoya.com\\\/web\\\/el-juicio-de-maradona-suspendido\\\/#breadcrumblist\",\"itemListElement\":[{\"@type\":\"ListItem\",\"@id\":\"https:\\\/\\\/canal4nogoya.com\\\/web#listItem\",\"position\":1,\"name\":\"Home\",\"item\":\"https:\\\/\\\/canal4nogoya.com\\\/web\",\"nextItem\":{\"@type\":\"ListItem\",\"@id\":\"https:\\\/\\\/canal4nogoya.com\\\/web\\\/category\\\/nacionales\\\/#listItem\",\"name\":\"Nacionales\"}},{\"@type\":\"ListItem\",\"@id\":\"https:\\\/\\\/canal4nogoya.com\\\/web\\\/category\\\/nacionales\\\/#listItem\",\"position\":2,\"name\":\"Nacionales\",\"item\":\"https:\\\/\\\/canal4nogoya.com\\\/web\\\/category\\\/nacionales\\\/\",\"nextItem\":{\"@type\":\"ListItem\",\"@id\":\"https:\\\/\\\/canal4nogoya.com\\\/web\\\/el-juicio-de-maradona-suspendido\\\/#listItem\",\"name\":\"El juicio de Maradona, suspendido\"},\"previousItem\":{\"@type\":\"ListItem\",\"@id\":\"https:\\\/\\\/canal4nogoya.com\\\/web#listItem\",\"name\":\"Home\"}},{\"@type\":\"ListItem\",\"@id\":\"https:\\\/\\\/canal4nogoya.com\\\/web\\\/el-juicio-de-maradona-suspendido\\\/#listItem\",\"position\":3,\"name\":\"El juicio de Maradona, suspendido\",\"previousItem\":{\"@type\":\"ListItem\",\"@id\":\"https:\\\/\\\/canal4nogoya.com\\\/web\\\/category\\\/nacionales\\\/#listItem\",\"name\":\"Nacionales\"}}]},{\"@type\":\"Organization\",\"@id\":\"https:\\\/\\\/canal4nogoya.com\\\/web\\\/#organization\",\"name\":\"Canal 4 Nogoy\\u00e1\",\"description\":\"Nogoy\\u00e1 Televisora Color\",\"url\":\"https:\\\/\\\/canal4nogoya.com\\\/web\\\/\",\"logo\":{\"@type\":\"ImageObject\",\"url\":\"https:\\\/\\\/canal4nogoya.com\\\/web\\\/wp-content\\\/uploads\\\/2025\\\/04\\\/logos-fondo-blanco.jpg\",\"@id\":\"https:\\\/\\\/canal4nogoya.com\\\/web\\\/el-juicio-de-maradona-suspendido\\\/#organizationLogo\",\"width\":2353,\"height\":1080},\"image\":{\"@id\":\"https:\\\/\\\/canal4nogoya.com\\\/web\\\/el-juicio-de-maradona-suspendido\\\/#organizationLogo\"}},{\"@type\":\"Person\",\"@id\":\"https:\\\/\\\/canal4nogoya.com\\\/web\\\/author\\\/gonzalo\\\/#author\",\"url\":\"https:\\\/\\\/canal4nogoya.com\\\/web\\\/author\\\/gonzalo\\\/\",\"name\":\"Redacci\\u00f3n\",\"image\":{\"@type\":\"ImageObject\",\"@id\":\"https:\\\/\\\/canal4nogoya.com\\\/web\\\/el-juicio-de-maradona-suspendido\\\/#authorImage\",\"url\":\"https:\\\/\\\/canal4nogoya.com\\\/web\\\/wp-content\\\/litespeed\\\/avatar\\\/1df8586f31106921a2f6ae0d9530296b.jpg?ver=1787987515\",\"width\":96,\"height\":96,\"caption\":\"Redacci\\u00f3n\"}},{\"@type\":\"WebPage\",\"@id\":\"https:\\\/\\\/canal4nogoya.com\\\/web\\\/el-juicio-de-maradona-suspendido\\\/#webpage\",\"url\":\"https:\\\/\\\/canal4nogoya.com\\\/web\\\/el-juicio-de-maradona-suspendido\\\/\",\"name\":\"El juicio de Maradona, suspendido - Canal 4 Nogoy\\u00e1\",\"description\":\"El juicio por la muerte de Diego Maradona qued\\u00f3 suspendido este jueves hasta la pr\\u00f3xima semana a ra\\u00edz del esc\\u00e1ndalo por las historias cl\\u00ednicas que mezclaron estudios del Diez con los de su padre y que fueron utilizados como parte de la documentaci\\u00f3n analizada por la Junta M\\u00e9dica. Tras una audiencia de m\\u00e1xima tensi\\u00f3n, el Tribunal Oral en\",\"inLanguage\":\"es-ES\",\"isPartOf\":{\"@id\":\"https:\\\/\\\/canal4nogoya.com\\\/web\\\/#website\"},\"breadcrumb\":{\"@id\":\"https:\\\/\\\/canal4nogoya.com\\\/web\\\/el-juicio-de-maradona-suspendido\\\/#breadcrumblist\"},\"author\":{\"@id\":\"https:\\\/\\\/canal4nogoya.com\\\/web\\\/author\\\/gonzalo\\\/#author\"},\"creator\":{\"@id\":\"https:\\\/\\\/canal4nogoya.com\\\/web\\\/author\\\/gonzalo\\\/#author\"},\"image\":{\"@type\":\"ImageObject\",\"url\":\"https:\\\/\\\/canal4nogoya.com\\\/web\\\/wp-content\\\/uploads\\\/2026\\\/04\\\/1-1-Ju-Band.webp\",\"@id\":\"https:\\\/\\\/canal4nogoya.com\\\/web\\\/el-juicio-de-maradona-suspendido\\\/#mainImage\",\"width\":1280,\"height\":720},\"primaryImageOfPage\":{\"@id\":\"https:\\\/\\\/canal4nogoya.com\\\/web\\\/el-juicio-de-maradona-suspendido\\\/#mainImage\"},\"datePublished\":\"2026-08-20T18:26:34-03:00\",\"dateModified\":\"2026-08-20T18:26:35-03:00\"},{\"@type\":\"WebSite\",\"@id\":\"https:\\\/\\\/canal4nogoya.com\\\/web\\\/#website\",\"url\":\"https:\\\/\\\/canal4nogoya.com\\\/web\\\/\",\"name\":\"Canal 4 Nogoy\\u00e1\",\"description\":\"Nogoy\\u00e1 Televisora Color\",\"inLanguage\":\"es-ES\",\"publisher\":{\"@id\":\"https:\\\/\\\/canal4nogoya.com\\\/web\\\/#organization\"}}]}\n\t\t<\/script>\n\t\t<!-- All in One SEO -->\n\n","aioseo_head_json":{"title":"El juicio de Maradona, suspendido - Canal 4 Nogoy\u00e1","description":"El juicio por la muerte de Diego Maradona qued\u00f3 suspendido este jueves hasta la pr\u00f3xima semana a ra\u00edz del esc\u00e1ndalo por las historias cl\u00ednicas que mezclaron estudios del Diez con los de su padre y que fueron utilizados como parte de la documentaci\u00f3n analizada por la Junta M\u00e9dica. Tras una audiencia de m\u00e1xima tensi\u00f3n, el Tribunal Oral en","canonical_url":"https:\/\/canal4nogoya.com\/web\/el-juicio-de-maradona-suspendido\/","robots":"max-image-preview:large","keywords":"","webmasterTools":{"miscellaneous":""},"schema":{"@context":"https:\/\/schema.org","@graph":[{"@type":"BlogPosting","@id":"https:\/\/canal4nogoya.com\/web\/el-juicio-de-maradona-suspendido\/#blogposting","name":"El juicio de Maradona, suspendido - Canal 4 Nogoy\u00e1","headline":"El juicio de Maradona, suspendido","author":{"@id":"https:\/\/canal4nogoya.com\/web\/author\/gonzalo\/#author"},"publisher":{"@id":"https:\/\/canal4nogoya.com\/web\/#organization"},"image":{"@type":"ImageObject","url":"https:\/\/canal4nogoya.com\/web\/wp-content\/uploads\/2026\/04\/1-1-Ju-Band.webp","width":1280,"height":720},"datePublished":"2026-08-20T18:26:34-03:00","dateModified":"2026-08-20T18:26:35-03:00","inLanguage":"es-ES","mainEntityOfPage":{"@id":"https:\/\/canal4nogoya.com\/web\/el-juicio-de-maradona-suspendido\/#webpage"},"isPartOf":{"@id":"https:\/\/canal4nogoya.com\/web\/el-juicio-de-maradona-suspendido\/#webpage"},"articleSection":"Nacionales"},{"@type":"BreadcrumbList","@id":"https:\/\/canal4nogoya.com\/web\/el-juicio-de-maradona-suspendido\/#breadcrumblist","itemListElement":[{"@type":"ListItem","@id":"https:\/\/canal4nogoya.com\/web#listItem","position":1,"name":"Home","item":"https:\/\/canal4nogoya.com\/web","nextItem":{"@type":"ListItem","@id":"https:\/\/canal4nogoya.com\/web\/category\/nacionales\/#listItem","name":"Nacionales"}},{"@type":"ListItem","@id":"https:\/\/canal4nogoya.com\/web\/category\/nacionales\/#listItem","position":2,"name":"Nacionales","item":"https:\/\/canal4nogoya.com\/web\/category\/nacionales\/","nextItem":{"@type":"ListItem","@id":"https:\/\/canal4nogoya.com\/web\/el-juicio-de-maradona-suspendido\/#listItem","name":"El juicio de Maradona, suspendido"},"previousItem":{"@type":"ListItem","@id":"https:\/\/canal4nogoya.com\/web#listItem","name":"Home"}},{"@type":"ListItem","@id":"https:\/\/canal4nogoya.com\/web\/el-juicio-de-maradona-suspendido\/#listItem","position":3,"name":"El juicio de Maradona, suspendido","previousItem":{"@type":"ListItem","@id":"https:\/\/canal4nogoya.com\/web\/category\/nacionales\/#listItem","name":"Nacionales"}}]},{"@type":"Organization","@id":"https:\/\/canal4nogoya.com\/web\/#organization","name":"Canal 4 Nogoy\u00e1","description":"Nogoy\u00e1 Televisora Color","url":"https:\/\/canal4nogoya.com\/web\/","logo":{"@type":"ImageObject","url":"https:\/\/canal4nogoya.com\/web\/wp-content\/uploads\/2025\/04\/logos-fondo-blanco.jpg","@id":"https:\/\/canal4nogoya.com\/web\/el-juicio-de-maradona-suspendido\/#organizationLogo","width":2353,"height":1080},"image":{"@id":"https:\/\/canal4nogoya.com\/web\/el-juicio-de-maradona-suspendido\/#organizationLogo"}},{"@type":"Person","@id":"https:\/\/canal4nogoya.com\/web\/author\/gonzalo\/#author","url":"https:\/\/canal4nogoya.com\/web\/author\/gonzalo\/","name":"Redacci\u00f3n","image":{"@type":"ImageObject","@id":"https:\/\/canal4nogoya.com\/web\/el-juicio-de-maradona-suspendido\/#authorImage","url":"https:\/\/canal4nogoya.com\/web\/wp-content\/litespeed\/avatar\/1df8586f31106921a2f6ae0d9530296b.jpg?ver=1787987515","width":96,"height":96,"caption":"Redacci\u00f3n"}},{"@type":"WebPage","@id":"https:\/\/canal4nogoya.com\/web\/el-juicio-de-maradona-suspendido\/#webpage","url":"https:\/\/canal4nogoya.com\/web\/el-juicio-de-maradona-suspendido\/","name":"El juicio de Maradona, suspendido - Canal 4 Nogoy\u00e1","description":"El juicio por la muerte de Diego Maradona qued\u00f3 suspendido este jueves hasta la pr\u00f3xima semana a ra\u00edz del esc\u00e1ndalo por las historias cl\u00ednicas que mezclaron estudios del Diez con los de su padre y que fueron utilizados como parte de la documentaci\u00f3n analizada por la Junta M\u00e9dica. Tras una audiencia de m\u00e1xima tensi\u00f3n, el Tribunal Oral en","inLanguage":"es-ES","isPartOf":{"@id":"https:\/\/canal4nogoya.com\/web\/#website"},"breadcrumb":{"@id":"https:\/\/canal4nogoya.com\/web\/el-juicio-de-maradona-suspendido\/#breadcrumblist"},"author":{"@id":"https:\/\/canal4nogoya.com\/web\/author\/gonzalo\/#author"},"creator":{"@id":"https:\/\/canal4nogoya.com\/web\/author\/gonzalo\/#author"},"image":{"@type":"ImageObject","url":"https:\/\/canal4nogoya.com\/web\/wp-content\/uploads\/2026\/04\/1-1-Ju-Band.webp","@id":"https:\/\/canal4nogoya.com\/web\/el-juicio-de-maradona-suspendido\/#mainImage","width":1280,"height":720},"primaryImageOfPage":{"@id":"https:\/\/canal4nogoya.com\/web\/el-juicio-de-maradona-suspendido\/#mainImage"},"datePublished":"2026-08-20T18:26:34-03:00","dateModified":"2026-08-20T18:26:35-03:00"},{"@type":"WebSite","@id":"https:\/\/canal4nogoya.com\/web\/#website","url":"https:\/\/canal4nogoya.com\/web\/","name":"Canal 4 Nogoy\u00e1","description":"Nogoy\u00e1 Televisora Color","inLanguage":"es-ES","publisher":{"@id":"https:\/\/canal4nogoya.com\/web\/#organization"}}]},"og:locale":"es_ES","og:site_name":"Canal 4 Nogoy\u00e1 - Nogoy\u00e1 Televisora Color","og:type":"article","og:title":"El juicio de Maradona, suspendido - Canal 4 Nogoy\u00e1","og:description":"El juicio por la muerte de Diego Maradona qued\u00f3 suspendido este jueves hasta la pr\u00f3xima semana a ra\u00edz del esc\u00e1ndalo por las historias cl\u00ednicas que mezclaron estudios del Diez con los de su padre y que fueron utilizados como parte de la documentaci\u00f3n analizada por la Junta M\u00e9dica. Tras una audiencia de m\u00e1xima tensi\u00f3n, el Tribunal Oral en","og:url":"https:\/\/canal4nogoya.com\/web\/el-juicio-de-maradona-suspendido\/","og:image":"https:\/\/canal4nogoya.com\/web\/wp-content\/uploads\/2026\/04\/1-1-Ju-Band.webp","og:image:secure_url":"https:\/\/canal4nogoya.com\/web\/wp-content\/uploads\/2026\/04\/1-1-Ju-Band.webp","og:image:width":1280,"og:image:height":720,"article:published_time":"2026-08-20T21:26:34+00:00","article:modified_time":"2026-08-20T21:26:35+00:00","twitter:card":"summary_large_image","twitter:title":"El juicio de Maradona, suspendido - Canal 4 Nogoy\u00e1","twitter:description":"El juicio por la muerte de Diego Maradona qued\u00f3 suspendido este jueves hasta la pr\u00f3xima semana a ra\u00edz del esc\u00e1ndalo por las historias cl\u00ednicas que mezclaron estudios del Diez con los de su padre y que fueron utilizados como parte de la documentaci\u00f3n analizada por la Junta M\u00e9dica. Tras una audiencia de m\u00e1xima tensi\u00f3n, el Tribunal Oral en","twitter:image":"https:\/\/canal4nogoya.com\/web\/wp-content\/uploads\/2026\/04\/1-1-Ju-Band.webp"},"aioseo_meta_data":{"post_id":"4649","title":null,"description":null,"keywords":null,"keyphrases":{"focus":{"keyphrase":"","score":0,"analysis":{"keyphraseInTitle":{"score":0,"maxScore":9,"error":1}}},"additional":[]},"primary_term":null,"canonical_url":null,"og_title":null,"og_description":null,"og_object_type":"default","og_image_type":"default","og_image_url":null,"og_image_width":null,"og_image_height":null,"og_image_custom_url":null,"og_image_custom_fields":null,"og_video":"","og_custom_url":null,"og_article_section":null,"og_article_tags":null,"twitter_use_og":false,"twitter_card":"default","twitter_image_type":"default","twitter_image_url":null,"twitter_image_custom_url":null,"twitter_image_custom_fields":null,"twitter_title":null,"twitter_description":null,"schema":{"blockGraphs":[],"customGraphs":[],"default":{"data":{"Article":[],"Course":[],"Dataset":[],"FAQPage":[],"Movie":[],"Person":[],"Product":[],"ProductReview":[],"Car":[],"Recipe":[],"Service":[],"SoftwareApplication":[],"WebPage":[]},"graphName":"BlogPosting","isEnabled":true},"graphs":[]},"schema_type":"default","schema_type_options":null,"pillar_content":false,"robots_default":true,"robots_noindex":false,"robots_noarchive":false,"robots_nosnippet":false,"robots_nofollow":false,"robots_noimageindex":false,"robots_noodp":false,"robots_notranslate":false,"robots_max_snippet":"-1","robots_max_videopreview":"-1","robots_max_imagepreview":"large","priority":null,"frequency":"default","local_seo":null,"breadcrumb_settings":null,"limit_modified_date":false,"ai":{"faqs":[],"keyPoints":[],"schemas":[],"titles":[],"descriptions":[],"socialPosts":{"email":{"subject":"","preview":"","content":""},"linkedin":[],"twitter":[],"facebook":[],"instagram":[]}},"created":"2026-08-20 21:26:35","updated":"2026-08-21 00:12:03","seo_analyzer_scan_date":null,"focus_keyword":null,"additional_keywords":null,"truseo_locale":null},"aioseo_breadcrumb":"<div class=\"aioseo-breadcrumbs\"><span class=\"aioseo-breadcrumb\">\n\t\t\t<a href=\"https:\/\/canal4nogoya.com\/web\" title=\"Home\">Home<\/a>\n\t\t<\/span><span class=\"aioseo-breadcrumb-separator\">&raquo;<\/span><span class=\"aioseo-breadcrumb\">\n\t\t\t<a href=\"https:\/\/canal4nogoya.com\/web\/category\/nacionales\/\" title=\"Nacionales\">Nacionales<\/a>\n\t\t<\/span><span class=\"aioseo-breadcrumb-separator\">&raquo;<\/span><span class=\"aioseo-breadcrumb\">\n\t\t\tEl juicio de Maradona, suspendido\n\t\t<\/span><\/div>","aioseo_breadcrumb_json":[{"label":"Home","link":"https:\/\/canal4nogoya.com\/web"},{"label":"Nacionales","link":"https:\/\/canal4nogoya.com\/web\/category\/nacionales\/"},{"label":"El juicio de Maradona, suspendido","link":"https:\/\/canal4nogoya.com\/web\/el-juicio-de-maradona-suspendido\/"}],"jetpack_featured_media_url":"https:\/\/canal4nogoya.com\/web\/wp-content\/uploads\/2026\/04\/1-1-Ju-Band.webp","_links":{"self":[{"href":"https:\/\/canal4nogoya.com\/web\/wp-json\/wp\/v2\/posts\/4649","targetHints":{"allow":["GET"]}}],"collection":[{"href":"https:\/\/canal4nogoya.com\/web\/wp-json\/wp\/v2\/posts"}],"about":[{"href":"https:\/\/canal4nogoya.com\/web\/wp-json\/wp\/v2\/types\/post"}],"author":[{"embeddable":true,"href":"https:\/\/canal4nogoya.com\/web\/wp-json\/wp\/v2\/users\/3"}],"replies":[{"embeddable":true,"href":"https:\/\/canal4nogoya.com\/web\/wp-json\/wp\/v2\/comments?post=4649"}],"version-history":[{"count":1,"href":"https:\/\/canal4nogoya.com\/web\/wp-json\/wp\/v2\/posts\/4649\/revisions"}],"predecessor-version":[{"id":4650,"href":"https:\/\/canal4nogoya.com\/web\/wp-json\/wp\/v2\/posts\/4649\/revisions\/4650"}],"wp:featuredmedia":[{"embeddable":true,"href":"https:\/\/canal4nogoya.com\/web\/wp-json\/wp\/v2\/media\/3310"}],"wp:attachment":[{"href":"https:\/\/canal4nogoya.com\/web\/wp-json\/wp\/v2\/media?parent=4649"}],"wp:term":[{"taxonomy":"category","embeddable":true,"href":"https:\/\/canal4nogoya.com\/web\/wp-json\/wp\/v2\/categories?post=4649"},{"taxonomy":"post_tag","embeddable":true,"href":"https:\/\/canal4nogoya.com\/web\/wp-json\/wp\/v2\/tags?post=4649"}],"curies":[{"name":"wp","href":"https:\/\/api.w.org\/{rel}","templated":true}]}}