{"id":4653,"date":"2026-08-20T22:01:51","date_gmt":"2026-08-21T01:01:51","guid":{"rendered":"https:\/\/canal4nogoya.com\/web\/?p=4653"},"modified":"2026-08-20T22:01:53","modified_gmt":"2026-08-21T01:01:53","slug":"vuelve-la-formula-1","status":"publish","type":"post","link":"https:\/\/canal4nogoya.com\/web\/vuelve-la-formula-1\/","title":{"rendered":"Vuelve la F\u00f3rmula 1"},"content":{"rendered":"\n<p class=\"wp-block-paragraph\"><\/p>\n\n\n\n<p class=\"wp-block-paragraph\">Luego del parate de verano de la&nbsp;<strong>F\u00f3rmula 1<\/strong>, el piloto argentino&nbsp;<strong>Franco Colapinto<\/strong>&nbsp;volver\u00e1 a correr este fin de semana en el&nbsp;<strong>Gran Premio de Pa\u00edses Bajos<\/strong>, correspondiente a la duod\u00e9cima fecha del campeonato de la m\u00e1xima categor\u00eda del automovilismo.<\/p>\n\n\n\n<p class=\"wp-block-paragraph\"><\/p>\n\n\n\n<p class=\"wp-block-paragraph\">Este Gran Premio, que dejar\u00e1 de estar en el calendario a partir de la pr\u00f3xima temporada, se lleva a cabo en el Circuito de Zandvoort, que cuenta con 14 curvas y una extensi\u00f3n de 4,259 kil\u00f3metros.<\/p>\n\n\n\n<p class=\"wp-block-paragraph\"><\/p>\n\n\n\n<p class=\"wp-block-paragraph\">La actividad comenzar\u00e1 este viernes a las 07:30 con la \u00fanica pr\u00e1ctica libre, mientras que a las 11:30 ser\u00e1 la clasificaci\u00f3n para la carrera sprint.<\/p>\n\n\n\n<p class=\"wp-block-paragraph\"><\/p>\n\n\n\n<p class=\"wp-block-paragraph\">El s\u00e1bado se llevar\u00e1 a cabo la Sprint a las 07:00. La misma contar\u00e1 con 24 vueltas y repartir\u00e1 puntos para los ocho primeros. Unas horas despu\u00e9s, a las 11:00, tendr\u00e1 lugar la clasificaci\u00f3n para el GP.&nbsp;<\/p>\n\n\n\n<p class=\"wp-block-paragraph\"><\/p>\n\n\n\n<p class=\"wp-block-paragraph\">Finalmente, la carrera principal del Gran Premio de Pa\u00edses Bajos se disputar\u00e1 el domingo a partir de las 10:00.<\/p>\n\n\n\n<p class=\"wp-block-paragraph\"><\/p>\n\n\n\n<p class=\"wp-block-paragraph\">Colapinto atraviesa un buen andar esta temporada, ya que hasta el momento acumula 19 puntos y marcha en el puesto 12 del Campeonato de Pilotos. De hecho, tuvo rendimientos s\u00f3lidos en Canad\u00e1 y Miami, donde termin\u00f3 sexto y s\u00e9ptimo, respectivamente.<\/p>\n\n\n\n<p class=\"wp-block-paragraph\"><\/p>\n\n\n\n<p class=\"wp-block-paragraph\">En lo que respecta a la pelea por el t\u00edtulo, el l\u00edder es el italiano Andrea Kimi Antonelli (Mercedes) con 219 puntos. El segundo en la tabla de posiciones es la leyenda brit\u00e1nica Lewis Hamilton (Ferrari) con 169 unidades, mientras que el tercer lugar es para el tambi\u00e9n brit\u00e1nico George Russell, con 160.<\/p>\n\n\n\n<p class=\"wp-block-paragraph\"><\/p>\n","protected":false},"excerpt":{"rendered":"<p>Luego del parate de verano de la&nbsp;F\u00f3rmula 1, el piloto argentino&nbsp;Franco Colapinto&nbsp;volver\u00e1 a correr este fin de semana en el&nbsp;Gran Premio de Pa\u00edses Bajos, correspondiente a la duod\u00e9cima fecha del campeonato de la m\u00e1xima categor\u00eda del automovilismo. Este Gran Premio, que dejar\u00e1 de estar en el calendario a partir de la pr\u00f3xima temporada, se lleva&#8230;<\/p>\n","protected":false},"author":3,"featured_media":3931,"comment_status":"open","ping_status":"closed","sticky":false,"template":"","format":"standard","meta":{"_monsterinsights_skip_tracking":false,"footnotes":""},"categories":[9],"tags":[],"class_list":["post-4653","post","type-post","status-publish","format-standard","has-post-thumbnail","hentry","category-nacionales"],"aioseo_notices":[],"aioseo_head":"\n\t\t<!-- All in One SEO 5.0.1.1 - aioseo.com -->\n\t<meta name=\"description\" content=\"Luego del parate de verano de la F\u00f3rmula 1, el piloto argentino Franco Colapinto volver\u00e1 a correr este fin de semana en el Gran Premio de Pa\u00edses Bajos, correspondiente a la duod\u00e9cima fecha del campeonato de la m\u00e1xima categor\u00eda del automovilismo. Este Gran Premio, que dejar\u00e1 de estar en el calendario a partir de la pr\u00f3xima temporada, se lleva\" \/>\n\t<meta name=\"robots\" content=\"max-image-preview:large\" \/>\n\t<meta name=\"author\" content=\"Redacci\u00f3n\"\/>\n\t<link rel=\"canonical\" href=\"https:\/\/canal4nogoya.com\/web\/vuelve-la-formula-1\/\" \/>\n\t<meta name=\"generator\" content=\"All in One SEO (AIOSEO) 5.0.1.1\" \/>\n\t\t<meta property=\"og:locale\" content=\"es_ES\" \/>\n\t\t<meta property=\"og:site_name\" content=\"Canal 4 Nogoy\u00e1 - Nogoy\u00e1 Televisora Color\" \/>\n\t\t<meta property=\"og:type\" content=\"article\" \/>\n\t\t<meta property=\"og:title\" content=\"Vuelve la F\u00f3rmula 1 - Canal 4 Nogoy\u00e1\" \/>\n\t\t<meta property=\"og:description\" content=\"Luego del parate de verano de la F\u00f3rmula 1, el piloto argentino Franco Colapinto volver\u00e1 a correr este fin de semana en el Gran Premio de Pa\u00edses Bajos, correspondiente a la duod\u00e9cima fecha del campeonato de la m\u00e1xima categor\u00eda del automovilismo. Este Gran Premio, que dejar\u00e1 de estar en el calendario a partir de la pr\u00f3xima temporada, se lleva\" \/>\n\t\t<meta property=\"og:url\" content=\"https:\/\/canal4nogoya.com\/web\/vuelve-la-formula-1\/\" \/>\n\t\t<meta property=\"og:image\" content=\"https:\/\/canal4nogoya.com\/web\/wp-content\/uploads\/2026\/06\/1-1-1-1-1-1-A-FC.webp\" \/>\n\t\t<meta property=\"og:image:secure_url\" content=\"https:\/\/canal4nogoya.com\/web\/wp-content\/uploads\/2026\/06\/1-1-1-1-1-1-A-FC.webp\" \/>\n\t\t<meta property=\"og:image:width\" content=\"714\" \/>\n\t\t<meta property=\"og:image:height\" content=\"396\" \/>\n\t\t<meta property=\"article:published_time\" content=\"2026-08-21T01:01:51+00:00\" \/>\n\t\t<meta property=\"article:modified_time\" content=\"2026-08-21T01:01:53+00:00\" \/>\n\t\t<meta name=\"twitter:card\" content=\"summary_large_image\" \/>\n\t\t<meta name=\"twitter:title\" content=\"Vuelve la F\u00f3rmula 1 - Canal 4 Nogoy\u00e1\" \/>\n\t\t<meta name=\"twitter:description\" content=\"Luego del parate de verano de la F\u00f3rmula 1, el piloto argentino Franco Colapinto volver\u00e1 a correr este fin de semana en el Gran Premio de Pa\u00edses Bajos, correspondiente a la duod\u00e9cima fecha del campeonato de la m\u00e1xima categor\u00eda del automovilismo. Este Gran Premio, que dejar\u00e1 de estar en el calendario a partir de la pr\u00f3xima temporada, se lleva\" \/>\n\t\t<meta name=\"twitter:image\" content=\"https:\/\/canal4nogoya.com\/web\/wp-content\/uploads\/2026\/06\/1-1-1-1-1-1-A-FC.webp\" \/>\n\t\t<script type=\"application\/ld+json\" class=\"aioseo-schema\">\n\t\t\t{\"@context\":\"https:\\\/\\\/schema.org\",\"@graph\":[{\"@type\":\"BlogPosting\",\"@id\":\"https:\\\/\\\/canal4nogoya.com\\\/web\\\/vuelve-la-formula-1\\\/#blogposting\",\"name\":\"Vuelve la F\\u00f3rmula 1 - Canal 4 Nogoy\\u00e1\",\"headline\":\"Vuelve la F\\u00f3rmula 1\",\"author\":{\"@id\":\"https:\\\/\\\/canal4nogoya.com\\\/web\\\/author\\\/gonzalo\\\/#author\"},\"publisher\":{\"@id\":\"https:\\\/\\\/canal4nogoya.com\\\/web\\\/#organization\"},\"image\":{\"@type\":\"ImageObject\",\"url\":\"https:\\\/\\\/canal4nogoya.com\\\/web\\\/wp-content\\\/uploads\\\/2026\\\/06\\\/1-1-1-1-1-1-A-FC.webp\",\"width\":714,\"height\":396},\"datePublished\":\"2026-08-20T22:01:51-03:00\",\"dateModified\":\"2026-08-20T22:01:53-03:00\",\"inLanguage\":\"es-ES\",\"mainEntityOfPage\":{\"@id\":\"https:\\\/\\\/canal4nogoya.com\\\/web\\\/vuelve-la-formula-1\\\/#webpage\"},\"isPartOf\":{\"@id\":\"https:\\\/\\\/canal4nogoya.com\\\/web\\\/vuelve-la-formula-1\\\/#webpage\"},\"articleSection\":\"Nacionales\"},{\"@type\":\"BreadcrumbList\",\"@id\":\"https:\\\/\\\/canal4nogoya.com\\\/web\\\/vuelve-la-formula-1\\\/#breadcrumblist\",\"itemListElement\":[{\"@type\":\"ListItem\",\"@id\":\"https:\\\/\\\/canal4nogoya.com\\\/web#listItem\",\"position\":1,\"name\":\"Home\",\"item\":\"https:\\\/\\\/canal4nogoya.com\\\/web\",\"nextItem\":{\"@type\":\"ListItem\",\"@id\":\"https:\\\/\\\/canal4nogoya.com\\\/web\\\/category\\\/nacionales\\\/#listItem\",\"name\":\"Nacionales\"}},{\"@type\":\"ListItem\",\"@id\":\"https:\\\/\\\/canal4nogoya.com\\\/web\\\/category\\\/nacionales\\\/#listItem\",\"position\":2,\"name\":\"Nacionales\",\"item\":\"https:\\\/\\\/canal4nogoya.com\\\/web\\\/category\\\/nacionales\\\/\",\"nextItem\":{\"@type\":\"ListItem\",\"@id\":\"https:\\\/\\\/canal4nogoya.com\\\/web\\\/vuelve-la-formula-1\\\/#listItem\",\"name\":\"Vuelve la F\\u00f3rmula 1\"},\"previousItem\":{\"@type\":\"ListItem\",\"@id\":\"https:\\\/\\\/canal4nogoya.com\\\/web#listItem\",\"name\":\"Home\"}},{\"@type\":\"ListItem\",\"@id\":\"https:\\\/\\\/canal4nogoya.com\\\/web\\\/vuelve-la-formula-1\\\/#listItem\",\"position\":3,\"name\":\"Vuelve la F\\u00f3rmula 1\",\"previousItem\":{\"@type\":\"ListItem\",\"@id\":\"https:\\\/\\\/canal4nogoya.com\\\/web\\\/category\\\/nacionales\\\/#listItem\",\"name\":\"Nacionales\"}}]},{\"@type\":\"Organization\",\"@id\":\"https:\\\/\\\/canal4nogoya.com\\\/web\\\/#organization\",\"name\":\"Canal 4 Nogoy\\u00e1\",\"description\":\"Nogoy\\u00e1 Televisora Color\",\"url\":\"https:\\\/\\\/canal4nogoya.com\\\/web\\\/\",\"logo\":{\"@type\":\"ImageObject\",\"url\":\"https:\\\/\\\/canal4nogoya.com\\\/web\\\/wp-content\\\/uploads\\\/2025\\\/04\\\/logos-fondo-blanco.jpg\",\"@id\":\"https:\\\/\\\/canal4nogoya.com\\\/web\\\/vuelve-la-formula-1\\\/#organizationLogo\",\"width\":2353,\"height\":1080},\"image\":{\"@id\":\"https:\\\/\\\/canal4nogoya.com\\\/web\\\/vuelve-la-formula-1\\\/#organizationLogo\"}},{\"@type\":\"Person\",\"@id\":\"https:\\\/\\\/canal4nogoya.com\\\/web\\\/author\\\/gonzalo\\\/#author\",\"url\":\"https:\\\/\\\/canal4nogoya.com\\\/web\\\/author\\\/gonzalo\\\/\",\"name\":\"Redacci\\u00f3n\",\"image\":{\"@type\":\"ImageObject\",\"@id\":\"https:\\\/\\\/canal4nogoya.com\\\/web\\\/vuelve-la-formula-1\\\/#authorImage\",\"url\":\"https:\\\/\\\/canal4nogoya.com\\\/web\\\/wp-content\\\/litespeed\\\/avatar\\\/1df8586f31106921a2f6ae0d9530296b.jpg?ver=1787987515\",\"width\":96,\"height\":96,\"caption\":\"Redacci\\u00f3n\"}},{\"@type\":\"WebPage\",\"@id\":\"https:\\\/\\\/canal4nogoya.com\\\/web\\\/vuelve-la-formula-1\\\/#webpage\",\"url\":\"https:\\\/\\\/canal4nogoya.com\\\/web\\\/vuelve-la-formula-1\\\/\",\"name\":\"Vuelve la F\\u00f3rmula 1 - Canal 4 Nogoy\\u00e1\",\"description\":\"Luego del parate de verano de la F\\u00f3rmula 1, el piloto argentino Franco Colapinto volver\\u00e1 a correr este fin de semana en el Gran Premio de Pa\\u00edses Bajos, correspondiente a la duod\\u00e9cima fecha del campeonato de la m\\u00e1xima categor\\u00eda del automovilismo. Este Gran Premio, que dejar\\u00e1 de estar en el calendario a partir de la pr\\u00f3xima temporada, se lleva\",\"inLanguage\":\"es-ES\",\"isPartOf\":{\"@id\":\"https:\\\/\\\/canal4nogoya.com\\\/web\\\/#website\"},\"breadcrumb\":{\"@id\":\"https:\\\/\\\/canal4nogoya.com\\\/web\\\/vuelve-la-formula-1\\\/#breadcrumblist\"},\"author\":{\"@id\":\"https:\\\/\\\/canal4nogoya.com\\\/web\\\/author\\\/gonzalo\\\/#author\"},\"creator\":{\"@id\":\"https:\\\/\\\/canal4nogoya.com\\\/web\\\/author\\\/gonzalo\\\/#author\"},\"image\":{\"@type\":\"ImageObject\",\"url\":\"https:\\\/\\\/canal4nogoya.com\\\/web\\\/wp-content\\\/uploads\\\/2026\\\/06\\\/1-1-1-1-1-1-A-FC.webp\",\"@id\":\"https:\\\/\\\/canal4nogoya.com\\\/web\\\/vuelve-la-formula-1\\\/#mainImage\",\"width\":714,\"height\":396},\"primaryImageOfPage\":{\"@id\":\"https:\\\/\\\/canal4nogoya.com\\\/web\\\/vuelve-la-formula-1\\\/#mainImage\"},\"datePublished\":\"2026-08-20T22:01:51-03:00\",\"dateModified\":\"2026-08-20T22:01:53-03:00\"},{\"@type\":\"WebSite\",\"@id\":\"https:\\\/\\\/canal4nogoya.com\\\/web\\\/#website\",\"url\":\"https:\\\/\\\/canal4nogoya.com\\\/web\\\/\",\"name\":\"Canal 4 Nogoy\\u00e1\",\"description\":\"Nogoy\\u00e1 Televisora Color\",\"inLanguage\":\"es-ES\",\"publisher\":{\"@id\":\"https:\\\/\\\/canal4nogoya.com\\\/web\\\/#organization\"}}]}\n\t\t<\/script>\n\t\t<!-- All in One SEO -->\n\n","aioseo_head_json":{"title":"Vuelve la F\u00f3rmula 1 - Canal 4 Nogoy\u00e1","description":"Luego del parate de verano de la F\u00f3rmula 1, el piloto argentino Franco Colapinto volver\u00e1 a correr este fin de semana en el Gran Premio de Pa\u00edses Bajos, correspondiente a la duod\u00e9cima fecha del campeonato de la m\u00e1xima categor\u00eda del automovilismo. Este Gran Premio, que dejar\u00e1 de estar en el calendario a partir de la pr\u00f3xima temporada, se lleva","canonical_url":"https:\/\/canal4nogoya.com\/web\/vuelve-la-formula-1\/","robots":"max-image-preview:large","keywords":"","webmasterTools":{"miscellaneous":""},"schema":{"@context":"https:\/\/schema.org","@graph":[{"@type":"BlogPosting","@id":"https:\/\/canal4nogoya.com\/web\/vuelve-la-formula-1\/#blogposting","name":"Vuelve la F\u00f3rmula 1 - Canal 4 Nogoy\u00e1","headline":"Vuelve la F\u00f3rmula 1","author":{"@id":"https:\/\/canal4nogoya.com\/web\/author\/gonzalo\/#author"},"publisher":{"@id":"https:\/\/canal4nogoya.com\/web\/#organization"},"image":{"@type":"ImageObject","url":"https:\/\/canal4nogoya.com\/web\/wp-content\/uploads\/2026\/06\/1-1-1-1-1-1-A-FC.webp","width":714,"height":396},"datePublished":"2026-08-20T22:01:51-03:00","dateModified":"2026-08-20T22:01:53-03:00","inLanguage":"es-ES","mainEntityOfPage":{"@id":"https:\/\/canal4nogoya.com\/web\/vuelve-la-formula-1\/#webpage"},"isPartOf":{"@id":"https:\/\/canal4nogoya.com\/web\/vuelve-la-formula-1\/#webpage"},"articleSection":"Nacionales"},{"@type":"BreadcrumbList","@id":"https:\/\/canal4nogoya.com\/web\/vuelve-la-formula-1\/#breadcrumblist","itemListElement":[{"@type":"ListItem","@id":"https:\/\/canal4nogoya.com\/web#listItem","position":1,"name":"Home","item":"https:\/\/canal4nogoya.com\/web","nextItem":{"@type":"ListItem","@id":"https:\/\/canal4nogoya.com\/web\/category\/nacionales\/#listItem","name":"Nacionales"}},{"@type":"ListItem","@id":"https:\/\/canal4nogoya.com\/web\/category\/nacionales\/#listItem","position":2,"name":"Nacionales","item":"https:\/\/canal4nogoya.com\/web\/category\/nacionales\/","nextItem":{"@type":"ListItem","@id":"https:\/\/canal4nogoya.com\/web\/vuelve-la-formula-1\/#listItem","name":"Vuelve la F\u00f3rmula 1"},"previousItem":{"@type":"ListItem","@id":"https:\/\/canal4nogoya.com\/web#listItem","name":"Home"}},{"@type":"ListItem","@id":"https:\/\/canal4nogoya.com\/web\/vuelve-la-formula-1\/#listItem","position":3,"name":"Vuelve la F\u00f3rmula 1","previousItem":{"@type":"ListItem","@id":"https:\/\/canal4nogoya.com\/web\/category\/nacionales\/#listItem","name":"Nacionales"}}]},{"@type":"Organization","@id":"https:\/\/canal4nogoya.com\/web\/#organization","name":"Canal 4 Nogoy\u00e1","description":"Nogoy\u00e1 Televisora Color","url":"https:\/\/canal4nogoya.com\/web\/","logo":{"@type":"ImageObject","url":"https:\/\/canal4nogoya.com\/web\/wp-content\/uploads\/2025\/04\/logos-fondo-blanco.jpg","@id":"https:\/\/canal4nogoya.com\/web\/vuelve-la-formula-1\/#organizationLogo","width":2353,"height":1080},"image":{"@id":"https:\/\/canal4nogoya.com\/web\/vuelve-la-formula-1\/#organizationLogo"}},{"@type":"Person","@id":"https:\/\/canal4nogoya.com\/web\/author\/gonzalo\/#author","url":"https:\/\/canal4nogoya.com\/web\/author\/gonzalo\/","name":"Redacci\u00f3n","image":{"@type":"ImageObject","@id":"https:\/\/canal4nogoya.com\/web\/vuelve-la-formula-1\/#authorImage","url":"https:\/\/canal4nogoya.com\/web\/wp-content\/litespeed\/avatar\/1df8586f31106921a2f6ae0d9530296b.jpg?ver=1787987515","width":96,"height":96,"caption":"Redacci\u00f3n"}},{"@type":"WebPage","@id":"https:\/\/canal4nogoya.com\/web\/vuelve-la-formula-1\/#webpage","url":"https:\/\/canal4nogoya.com\/web\/vuelve-la-formula-1\/","name":"Vuelve la F\u00f3rmula 1 - Canal 4 Nogoy\u00e1","description":"Luego del parate de verano de la F\u00f3rmula 1, el piloto argentino Franco Colapinto volver\u00e1 a correr este fin de semana en el Gran Premio de Pa\u00edses Bajos, correspondiente a la duod\u00e9cima fecha del campeonato de la m\u00e1xima categor\u00eda del automovilismo. Este Gran Premio, que dejar\u00e1 de estar en el calendario a partir de la pr\u00f3xima temporada, se lleva","inLanguage":"es-ES","isPartOf":{"@id":"https:\/\/canal4nogoya.com\/web\/#website"},"breadcrumb":{"@id":"https:\/\/canal4nogoya.com\/web\/vuelve-la-formula-1\/#breadcrumblist"},"author":{"@id":"https:\/\/canal4nogoya.com\/web\/author\/gonzalo\/#author"},"creator":{"@id":"https:\/\/canal4nogoya.com\/web\/author\/gonzalo\/#author"},"image":{"@type":"ImageObject","url":"https:\/\/canal4nogoya.com\/web\/wp-content\/uploads\/2026\/06\/1-1-1-1-1-1-A-FC.webp","@id":"https:\/\/canal4nogoya.com\/web\/vuelve-la-formula-1\/#mainImage","width":714,"height":396},"primaryImageOfPage":{"@id":"https:\/\/canal4nogoya.com\/web\/vuelve-la-formula-1\/#mainImage"},"datePublished":"2026-08-20T22:01:51-03:00","dateModified":"2026-08-20T22:01:53-03:00"},{"@type":"WebSite","@id":"https:\/\/canal4nogoya.com\/web\/#website","url":"https:\/\/canal4nogoya.com\/web\/","name":"Canal 4 Nogoy\u00e1","description":"Nogoy\u00e1 Televisora Color","inLanguage":"es-ES","publisher":{"@id":"https:\/\/canal4nogoya.com\/web\/#organization"}}]},"og:locale":"es_ES","og:site_name":"Canal 4 Nogoy\u00e1 - Nogoy\u00e1 Televisora Color","og:type":"article","og:title":"Vuelve la F\u00f3rmula 1 - Canal 4 Nogoy\u00e1","og:description":"Luego del parate de verano de la F\u00f3rmula 1, el piloto argentino Franco Colapinto volver\u00e1 a correr este fin de semana en el Gran Premio de Pa\u00edses Bajos, correspondiente a la duod\u00e9cima fecha del campeonato de la m\u00e1xima categor\u00eda del automovilismo. Este Gran Premio, que dejar\u00e1 de estar en el calendario a partir de la pr\u00f3xima temporada, se lleva","og:url":"https:\/\/canal4nogoya.com\/web\/vuelve-la-formula-1\/","og:image":"https:\/\/canal4nogoya.com\/web\/wp-content\/uploads\/2026\/06\/1-1-1-1-1-1-A-FC.webp","og:image:secure_url":"https:\/\/canal4nogoya.com\/web\/wp-content\/uploads\/2026\/06\/1-1-1-1-1-1-A-FC.webp","og:image:width":714,"og:image:height":396,"article:published_time":"2026-08-21T01:01:51+00:00","article:modified_time":"2026-08-21T01:01:53+00:00","twitter:card":"summary_large_image","twitter:title":"Vuelve la F\u00f3rmula 1 - Canal 4 Nogoy\u00e1","twitter:description":"Luego del parate de verano de la F\u00f3rmula 1, el piloto argentino Franco Colapinto volver\u00e1 a correr este fin de semana en el Gran Premio de Pa\u00edses Bajos, correspondiente a la duod\u00e9cima fecha del campeonato de la m\u00e1xima categor\u00eda del automovilismo. Este Gran Premio, que dejar\u00e1 de estar en el calendario a partir de la pr\u00f3xima temporada, se lleva","twitter:image":"https:\/\/canal4nogoya.com\/web\/wp-content\/uploads\/2026\/06\/1-1-1-1-1-1-A-FC.webp"},"aioseo_meta_data":{"post_id":"4653","title":null,"description":null,"keywords":null,"keyphrases":{"focus":{"keyphrase":"","score":0,"analysis":{"keyphraseInTitle":{"score":0,"maxScore":9,"error":1}}},"additional":[]},"primary_term":null,"canonical_url":null,"og_title":null,"og_description":null,"og_object_type":"default","og_image_type":"default","og_image_url":null,"og_image_width":null,"og_image_height":null,"og_image_custom_url":null,"og_image_custom_fields":null,"og_video":"","og_custom_url":null,"og_article_section":null,"og_article_tags":null,"twitter_use_og":false,"twitter_card":"default","twitter_image_type":"default","twitter_image_url":null,"twitter_image_custom_url":null,"twitter_image_custom_fields":null,"twitter_title":null,"twitter_description":null,"schema":{"blockGraphs":[],"customGraphs":[],"default":{"data":{"Article":[],"Course":[],"Dataset":[],"FAQPage":[],"Movie":[],"Person":[],"Product":[],"ProductReview":[],"Car":[],"Recipe":[],"Service":[],"SoftwareApplication":[],"WebPage":[]},"graphName":"BlogPosting","isEnabled":true},"graphs":[]},"schema_type":"default","schema_type_options":null,"pillar_content":false,"robots_default":true,"robots_noindex":false,"robots_noarchive":false,"robots_nosnippet":false,"robots_nofollow":false,"robots_noimageindex":false,"robots_noodp":false,"robots_notranslate":false,"robots_max_snippet":"-1","robots_max_videopreview":"-1","robots_max_imagepreview":"large","priority":null,"frequency":"default","local_seo":null,"breadcrumb_settings":null,"limit_modified_date":false,"ai":{"faqs":[],"keyPoints":[],"schemas":[],"titles":[],"descriptions":[],"socialPosts":{"email":{"subject":"","preview":"","content":""},"linkedin":[],"twitter":[],"facebook":[],"instagram":[]}},"created":"2026-08-21 01:01:53","updated":"2026-08-21 18:12:02","seo_analyzer_scan_date":null,"focus_keyword":null,"additional_keywords":null,"truseo_locale":null},"aioseo_breadcrumb":"<div class=\"aioseo-breadcrumbs\"><span class=\"aioseo-breadcrumb\">\n\t\t\t<a href=\"https:\/\/canal4nogoya.com\/web\" title=\"Home\">Home<\/a>\n\t\t<\/span><span class=\"aioseo-breadcrumb-separator\">&raquo;<\/span><span class=\"aioseo-breadcrumb\">\n\t\t\t<a href=\"https:\/\/canal4nogoya.com\/web\/category\/nacionales\/\" title=\"Nacionales\">Nacionales<\/a>\n\t\t<\/span><span class=\"aioseo-breadcrumb-separator\">&raquo;<\/span><span class=\"aioseo-breadcrumb\">\n\t\t\tVuelve la F\u00f3rmula 1\n\t\t<\/span><\/div>","aioseo_breadcrumb_json":[{"label":"Home","link":"https:\/\/canal4nogoya.com\/web"},{"label":"Nacionales","link":"https:\/\/canal4nogoya.com\/web\/category\/nacionales\/"},{"label":"Vuelve la F\u00f3rmula 1","link":"https:\/\/canal4nogoya.com\/web\/vuelve-la-formula-1\/"}],"jetpack_featured_media_url":"https:\/\/canal4nogoya.com\/web\/wp-content\/uploads\/2026\/06\/1-1-1-1-1-1-A-FC.webp","_links":{"self":[{"href":"https:\/\/canal4nogoya.com\/web\/wp-json\/wp\/v2\/posts\/4653","targetHints":{"allow":["GET"]}}],"collection":[{"href":"https:\/\/canal4nogoya.com\/web\/wp-json\/wp\/v2\/posts"}],"about":[{"href":"https:\/\/canal4nogoya.com\/web\/wp-json\/wp\/v2\/types\/post"}],"author":[{"embeddable":true,"href":"https:\/\/canal4nogoya.com\/web\/wp-json\/wp\/v2\/users\/3"}],"replies":[{"embeddable":true,"href":"https:\/\/canal4nogoya.com\/web\/wp-json\/wp\/v2\/comments?post=4653"}],"version-history":[{"count":1,"href":"https:\/\/canal4nogoya.com\/web\/wp-json\/wp\/v2\/posts\/4653\/revisions"}],"predecessor-version":[{"id":4654,"href":"https:\/\/canal4nogoya.com\/web\/wp-json\/wp\/v2\/posts\/4653\/revisions\/4654"}],"wp:featuredmedia":[{"embeddable":true,"href":"https:\/\/canal4nogoya.com\/web\/wp-json\/wp\/v2\/media\/3931"}],"wp:attachment":[{"href":"https:\/\/canal4nogoya.com\/web\/wp-json\/wp\/v2\/media?parent=4653"}],"wp:term":[{"taxonomy":"category","embeddable":true,"href":"https:\/\/canal4nogoya.com\/web\/wp-json\/wp\/v2\/categories?post=4653"},{"taxonomy":"post_tag","embeddable":true,"href":"https:\/\/canal4nogoya.com\/web\/wp-json\/wp\/v2\/tags?post=4653"}],"curies":[{"name":"wp","href":"https:\/\/api.w.org\/{rel}","templated":true}]}}