{"id":4656,"date":"2026-08-21T15:16:33","date_gmt":"2026-08-21T18:16:33","guid":{"rendered":"https:\/\/canal4nogoya.com\/web\/?p=4656"},"modified":"2026-08-21T15:16:35","modified_gmt":"2026-08-21T18:16:35","slug":"el-tc-hace-vibrar-a-parana","status":"publish","type":"post","link":"https:\/\/canal4nogoya.com\/web\/el-tc-hace-vibrar-a-parana\/","title":{"rendered":"El TC hace vibrar a Paran\u00e1"},"content":{"rendered":"\n<p class=\"wp-block-paragraph\"><\/p>\n\n\n\n<p class=\"wp-block-paragraph\"><\/p>\n\n\n\n<p class=\"wp-block-paragraph\">La previa del\u00a0<strong>Turismo Carretera en Paran\u00e1<\/strong>\u00a0comenz\u00f3 durante la madrugada de este viernes con largas filas sobre la Ruta Nacional 12. Fan\u00e1ticos de distintos puntos de Entre R\u00edos y otras provincias aguardaron dentro de autos, camionetas y casas rodantes para ingresar al aut\u00f3dromo.<\/p>\n\n\n\n<p class=\"wp-block-paragraph\">Finalmente<strong> las puertas del Aut\u00f3dromo de Paran\u00e1 abrieron este viernes, a pocas horas de una nueva fecha del Turismo Carretera<\/strong>. La m\u00e1xima categor\u00eda del automovilismo argentino correr\u00e1 este domingo y, como es habitual,\u00a0<strong>cientos de \u201ctuercas\u201d coparon el predio y plantaron sus pertenencias para ir ganando lugar.<\/strong><\/p>\n\n\n\n<p class=\"wp-block-paragraph\"><\/p>\n\n\n\n<p class=\"wp-block-paragraph\"><strong>Desde Resistencia (Chaco) hasta Buenos Aires, pasando por aquellos que son de la zona, se espera que nuevamente la carrera en Paran\u00e1 sea una fiesta de autos y p\u00fablico.<\/strong><\/p>\n\n\n\n<p class=\"wp-block-paragraph\"><\/p>\n\n\n\n<p class=\"wp-block-paragraph\"><\/p>\n","protected":false},"excerpt":{"rendered":"<p>La previa del\u00a0Turismo Carretera en Paran\u00e1\u00a0comenz\u00f3 durante la madrugada de este viernes con largas filas sobre la Ruta Nacional 12. Fan\u00e1ticos de distintos puntos de Entre R\u00edos y otras provincias aguardaron dentro de autos, camionetas y casas rodantes para ingresar al aut\u00f3dromo. Finalmente las puertas del Aut\u00f3dromo de Paran\u00e1 abrieron este viernes, a pocas horas&#8230;<\/p>\n","protected":false},"author":3,"featured_media":4657,"comment_status":"open","ping_status":"closed","sticky":false,"template":"","format":"standard","meta":{"_monsterinsights_skip_tracking":false,"footnotes":""},"categories":[10],"tags":[],"class_list":["post-4656","post","type-post","status-publish","format-standard","has-post-thumbnail","hentry","category-provinciales"],"aioseo_notices":[],"aioseo_head":"\n\t\t<!-- All in One SEO 5.0.1.1 - aioseo.com -->\n\t<meta name=\"description\" content=\"La previa del Turismo Carretera en Paran\u00e1 comenz\u00f3 durante la madrugada de este viernes con largas filas sobre la Ruta Nacional 12. Fan\u00e1ticos de distintos puntos de Entre R\u00edos y otras provincias aguardaron dentro de autos, camionetas y casas rodantes para ingresar al aut\u00f3dromo. Finalmente las puertas del Aut\u00f3dromo de Paran\u00e1 abrieron este viernes, a pocas horas\" \/>\n\t<meta name=\"robots\" content=\"max-image-preview:large\" \/>\n\t<meta name=\"author\" content=\"Redacci\u00f3n\"\/>\n\t<link rel=\"canonical\" href=\"https:\/\/canal4nogoya.com\/web\/el-tc-hace-vibrar-a-parana\/\" \/>\n\t<meta name=\"generator\" content=\"All in One SEO (AIOSEO) 5.0.1.1\" \/>\n\t\t<meta property=\"og:locale\" content=\"es_ES\" \/>\n\t\t<meta property=\"og:site_name\" content=\"Canal 4 Nogoy\u00e1 - Nogoy\u00e1 Televisora Color\" \/>\n\t\t<meta property=\"og:type\" content=\"article\" \/>\n\t\t<meta property=\"og:title\" content=\"El TC hace vibrar a Paran\u00e1 - Canal 4 Nogoy\u00e1\" \/>\n\t\t<meta property=\"og:description\" content=\"La previa del Turismo Carretera en Paran\u00e1 comenz\u00f3 durante la madrugada de este viernes con largas filas sobre la Ruta Nacional 12. Fan\u00e1ticos de distintos puntos de Entre R\u00edos y otras provincias aguardaron dentro de autos, camionetas y casas rodantes para ingresar al aut\u00f3dromo. Finalmente las puertas del Aut\u00f3dromo de Paran\u00e1 abrieron este viernes, a pocas horas\" \/>\n\t\t<meta property=\"og:url\" content=\"https:\/\/canal4nogoya.com\/web\/el-tc-hace-vibrar-a-parana\/\" \/>\n\t\t<meta property=\"og:image\" content=\"https:\/\/canal4nogoya.com\/web\/wp-content\/uploads\/2026\/08\/1-1-1-1-1-1-1-a-Aut-dr.webp\" \/>\n\t\t<meta property=\"og:image:secure_url\" content=\"https:\/\/canal4nogoya.com\/web\/wp-content\/uploads\/2026\/08\/1-1-1-1-1-1-1-a-Aut-dr.webp\" \/>\n\t\t<meta property=\"og:image:width\" content=\"900\" \/>\n\t\t<meta property=\"og:image:height\" content=\"600\" \/>\n\t\t<meta property=\"article:published_time\" content=\"2026-08-21T18:16:33+00:00\" \/>\n\t\t<meta property=\"article:modified_time\" content=\"2026-08-21T18:16:35+00:00\" \/>\n\t\t<meta name=\"twitter:card\" content=\"summary_large_image\" \/>\n\t\t<meta name=\"twitter:title\" content=\"El TC hace vibrar a Paran\u00e1 - Canal 4 Nogoy\u00e1\" \/>\n\t\t<meta name=\"twitter:description\" content=\"La previa del Turismo Carretera en Paran\u00e1 comenz\u00f3 durante la madrugada de este viernes con largas filas sobre la Ruta Nacional 12. Fan\u00e1ticos de distintos puntos de Entre R\u00edos y otras provincias aguardaron dentro de autos, camionetas y casas rodantes para ingresar al aut\u00f3dromo. Finalmente las puertas del Aut\u00f3dromo de Paran\u00e1 abrieron este viernes, a pocas horas\" \/>\n\t\t<meta name=\"twitter:image\" content=\"https:\/\/canal4nogoya.com\/web\/wp-content\/uploads\/2026\/08\/1-1-1-1-1-1-1-a-Aut-dr.webp\" \/>\n\t\t<script type=\"application\/ld+json\" class=\"aioseo-schema\">\n\t\t\t{\"@context\":\"https:\\\/\\\/schema.org\",\"@graph\":[{\"@type\":\"BlogPosting\",\"@id\":\"https:\\\/\\\/canal4nogoya.com\\\/web\\\/el-tc-hace-vibrar-a-parana\\\/#blogposting\",\"name\":\"El TC hace vibrar a Paran\\u00e1 - Canal 4 Nogoy\\u00e1\",\"headline\":\"El TC hace vibrar a Paran\\u00e1\",\"author\":{\"@id\":\"https:\\\/\\\/canal4nogoya.com\\\/web\\\/author\\\/gonzalo\\\/#author\"},\"publisher\":{\"@id\":\"https:\\\/\\\/canal4nogoya.com\\\/web\\\/#organization\"},\"image\":{\"@type\":\"ImageObject\",\"url\":\"https:\\\/\\\/canal4nogoya.com\\\/web\\\/wp-content\\\/uploads\\\/2026\\\/08\\\/1-1-1-1-1-1-1-a-Aut-dr.webp\",\"width\":900,\"height\":600},\"datePublished\":\"2026-08-21T15:16:33-03:00\",\"dateModified\":\"2026-08-21T15:16:35-03:00\",\"inLanguage\":\"es-ES\",\"mainEntityOfPage\":{\"@id\":\"https:\\\/\\\/canal4nogoya.com\\\/web\\\/el-tc-hace-vibrar-a-parana\\\/#webpage\"},\"isPartOf\":{\"@id\":\"https:\\\/\\\/canal4nogoya.com\\\/web\\\/el-tc-hace-vibrar-a-parana\\\/#webpage\"},\"articleSection\":\"Provinciales\"},{\"@type\":\"BreadcrumbList\",\"@id\":\"https:\\\/\\\/canal4nogoya.com\\\/web\\\/el-tc-hace-vibrar-a-parana\\\/#breadcrumblist\",\"itemListElement\":[{\"@type\":\"ListItem\",\"@id\":\"https:\\\/\\\/canal4nogoya.com\\\/web#listItem\",\"position\":1,\"name\":\"Home\",\"item\":\"https:\\\/\\\/canal4nogoya.com\\\/web\",\"nextItem\":{\"@type\":\"ListItem\",\"@id\":\"https:\\\/\\\/canal4nogoya.com\\\/web\\\/category\\\/provinciales\\\/#listItem\",\"name\":\"Provinciales\"}},{\"@type\":\"ListItem\",\"@id\":\"https:\\\/\\\/canal4nogoya.com\\\/web\\\/category\\\/provinciales\\\/#listItem\",\"position\":2,\"name\":\"Provinciales\",\"item\":\"https:\\\/\\\/canal4nogoya.com\\\/web\\\/category\\\/provinciales\\\/\",\"nextItem\":{\"@type\":\"ListItem\",\"@id\":\"https:\\\/\\\/canal4nogoya.com\\\/web\\\/el-tc-hace-vibrar-a-parana\\\/#listItem\",\"name\":\"El TC hace vibrar a Paran\\u00e1\"},\"previousItem\":{\"@type\":\"ListItem\",\"@id\":\"https:\\\/\\\/canal4nogoya.com\\\/web#listItem\",\"name\":\"Home\"}},{\"@type\":\"ListItem\",\"@id\":\"https:\\\/\\\/canal4nogoya.com\\\/web\\\/el-tc-hace-vibrar-a-parana\\\/#listItem\",\"position\":3,\"name\":\"El TC hace vibrar a Paran\\u00e1\",\"previousItem\":{\"@type\":\"ListItem\",\"@id\":\"https:\\\/\\\/canal4nogoya.com\\\/web\\\/category\\\/provinciales\\\/#listItem\",\"name\":\"Provinciales\"}}]},{\"@type\":\"Organization\",\"@id\":\"https:\\\/\\\/canal4nogoya.com\\\/web\\\/#organization\",\"name\":\"Canal 4 Nogoy\\u00e1\",\"description\":\"Nogoy\\u00e1 Televisora Color\",\"url\":\"https:\\\/\\\/canal4nogoya.com\\\/web\\\/\",\"logo\":{\"@type\":\"ImageObject\",\"url\":\"https:\\\/\\\/canal4nogoya.com\\\/web\\\/wp-content\\\/uploads\\\/2025\\\/04\\\/logos-fondo-blanco.jpg\",\"@id\":\"https:\\\/\\\/canal4nogoya.com\\\/web\\\/el-tc-hace-vibrar-a-parana\\\/#organizationLogo\",\"width\":2353,\"height\":1080},\"image\":{\"@id\":\"https:\\\/\\\/canal4nogoya.com\\\/web\\\/el-tc-hace-vibrar-a-parana\\\/#organizationLogo\"}},{\"@type\":\"Person\",\"@id\":\"https:\\\/\\\/canal4nogoya.com\\\/web\\\/author\\\/gonzalo\\\/#author\",\"url\":\"https:\\\/\\\/canal4nogoya.com\\\/web\\\/author\\\/gonzalo\\\/\",\"name\":\"Redacci\\u00f3n\",\"image\":{\"@type\":\"ImageObject\",\"@id\":\"https:\\\/\\\/canal4nogoya.com\\\/web\\\/el-tc-hace-vibrar-a-parana\\\/#authorImage\",\"url\":\"https:\\\/\\\/canal4nogoya.com\\\/web\\\/wp-content\\\/litespeed\\\/avatar\\\/1df8586f31106921a2f6ae0d9530296b.jpg?ver=1787987515\",\"width\":96,\"height\":96,\"caption\":\"Redacci\\u00f3n\"}},{\"@type\":\"WebPage\",\"@id\":\"https:\\\/\\\/canal4nogoya.com\\\/web\\\/el-tc-hace-vibrar-a-parana\\\/#webpage\",\"url\":\"https:\\\/\\\/canal4nogoya.com\\\/web\\\/el-tc-hace-vibrar-a-parana\\\/\",\"name\":\"El TC hace vibrar a Paran\\u00e1 - Canal 4 Nogoy\\u00e1\",\"description\":\"La previa del Turismo Carretera en Paran\\u00e1 comenz\\u00f3 durante la madrugada de este viernes con largas filas sobre la Ruta Nacional 12. Fan\\u00e1ticos de distintos puntos de Entre R\\u00edos y otras provincias aguardaron dentro de autos, camionetas y casas rodantes para ingresar al aut\\u00f3dromo. Finalmente las puertas del Aut\\u00f3dromo de Paran\\u00e1 abrieron este viernes, a pocas horas\",\"inLanguage\":\"es-ES\",\"isPartOf\":{\"@id\":\"https:\\\/\\\/canal4nogoya.com\\\/web\\\/#website\"},\"breadcrumb\":{\"@id\":\"https:\\\/\\\/canal4nogoya.com\\\/web\\\/el-tc-hace-vibrar-a-parana\\\/#breadcrumblist\"},\"author\":{\"@id\":\"https:\\\/\\\/canal4nogoya.com\\\/web\\\/author\\\/gonzalo\\\/#author\"},\"creator\":{\"@id\":\"https:\\\/\\\/canal4nogoya.com\\\/web\\\/author\\\/gonzalo\\\/#author\"},\"image\":{\"@type\":\"ImageObject\",\"url\":\"https:\\\/\\\/canal4nogoya.com\\\/web\\\/wp-content\\\/uploads\\\/2026\\\/08\\\/1-1-1-1-1-1-1-a-Aut-dr.webp\",\"@id\":\"https:\\\/\\\/canal4nogoya.com\\\/web\\\/el-tc-hace-vibrar-a-parana\\\/#mainImage\",\"width\":900,\"height\":600},\"primaryImageOfPage\":{\"@id\":\"https:\\\/\\\/canal4nogoya.com\\\/web\\\/el-tc-hace-vibrar-a-parana\\\/#mainImage\"},\"datePublished\":\"2026-08-21T15:16:33-03:00\",\"dateModified\":\"2026-08-21T15:16:35-03:00\"},{\"@type\":\"WebSite\",\"@id\":\"https:\\\/\\\/canal4nogoya.com\\\/web\\\/#website\",\"url\":\"https:\\\/\\\/canal4nogoya.com\\\/web\\\/\",\"name\":\"Canal 4 Nogoy\\u00e1\",\"description\":\"Nogoy\\u00e1 Televisora Color\",\"inLanguage\":\"es-ES\",\"publisher\":{\"@id\":\"https:\\\/\\\/canal4nogoya.com\\\/web\\\/#organization\"}}]}\n\t\t<\/script>\n\t\t<!-- All in One SEO -->\n\n","aioseo_head_json":{"title":"El TC hace vibrar a Paran\u00e1 - Canal 4 Nogoy\u00e1","description":"La previa del Turismo Carretera en Paran\u00e1 comenz\u00f3 durante la madrugada de este viernes con largas filas sobre la Ruta Nacional 12. Fan\u00e1ticos de distintos puntos de Entre R\u00edos y otras provincias aguardaron dentro de autos, camionetas y casas rodantes para ingresar al aut\u00f3dromo. Finalmente las puertas del Aut\u00f3dromo de Paran\u00e1 abrieron este viernes, a pocas horas","canonical_url":"https:\/\/canal4nogoya.com\/web\/el-tc-hace-vibrar-a-parana\/","robots":"max-image-preview:large","keywords":"","webmasterTools":{"miscellaneous":""},"schema":{"@context":"https:\/\/schema.org","@graph":[{"@type":"BlogPosting","@id":"https:\/\/canal4nogoya.com\/web\/el-tc-hace-vibrar-a-parana\/#blogposting","name":"El TC hace vibrar a Paran\u00e1 - Canal 4 Nogoy\u00e1","headline":"El TC hace vibrar a Paran\u00e1","author":{"@id":"https:\/\/canal4nogoya.com\/web\/author\/gonzalo\/#author"},"publisher":{"@id":"https:\/\/canal4nogoya.com\/web\/#organization"},"image":{"@type":"ImageObject","url":"https:\/\/canal4nogoya.com\/web\/wp-content\/uploads\/2026\/08\/1-1-1-1-1-1-1-a-Aut-dr.webp","width":900,"height":600},"datePublished":"2026-08-21T15:16:33-03:00","dateModified":"2026-08-21T15:16:35-03:00","inLanguage":"es-ES","mainEntityOfPage":{"@id":"https:\/\/canal4nogoya.com\/web\/el-tc-hace-vibrar-a-parana\/#webpage"},"isPartOf":{"@id":"https:\/\/canal4nogoya.com\/web\/el-tc-hace-vibrar-a-parana\/#webpage"},"articleSection":"Provinciales"},{"@type":"BreadcrumbList","@id":"https:\/\/canal4nogoya.com\/web\/el-tc-hace-vibrar-a-parana\/#breadcrumblist","itemListElement":[{"@type":"ListItem","@id":"https:\/\/canal4nogoya.com\/web#listItem","position":1,"name":"Home","item":"https:\/\/canal4nogoya.com\/web","nextItem":{"@type":"ListItem","@id":"https:\/\/canal4nogoya.com\/web\/category\/provinciales\/#listItem","name":"Provinciales"}},{"@type":"ListItem","@id":"https:\/\/canal4nogoya.com\/web\/category\/provinciales\/#listItem","position":2,"name":"Provinciales","item":"https:\/\/canal4nogoya.com\/web\/category\/provinciales\/","nextItem":{"@type":"ListItem","@id":"https:\/\/canal4nogoya.com\/web\/el-tc-hace-vibrar-a-parana\/#listItem","name":"El TC hace vibrar a Paran\u00e1"},"previousItem":{"@type":"ListItem","@id":"https:\/\/canal4nogoya.com\/web#listItem","name":"Home"}},{"@type":"ListItem","@id":"https:\/\/canal4nogoya.com\/web\/el-tc-hace-vibrar-a-parana\/#listItem","position":3,"name":"El TC hace vibrar a Paran\u00e1","previousItem":{"@type":"ListItem","@id":"https:\/\/canal4nogoya.com\/web\/category\/provinciales\/#listItem","name":"Provinciales"}}]},{"@type":"Organization","@id":"https:\/\/canal4nogoya.com\/web\/#organization","name":"Canal 4 Nogoy\u00e1","description":"Nogoy\u00e1 Televisora Color","url":"https:\/\/canal4nogoya.com\/web\/","logo":{"@type":"ImageObject","url":"https:\/\/canal4nogoya.com\/web\/wp-content\/uploads\/2025\/04\/logos-fondo-blanco.jpg","@id":"https:\/\/canal4nogoya.com\/web\/el-tc-hace-vibrar-a-parana\/#organizationLogo","width":2353,"height":1080},"image":{"@id":"https:\/\/canal4nogoya.com\/web\/el-tc-hace-vibrar-a-parana\/#organizationLogo"}},{"@type":"Person","@id":"https:\/\/canal4nogoya.com\/web\/author\/gonzalo\/#author","url":"https:\/\/canal4nogoya.com\/web\/author\/gonzalo\/","name":"Redacci\u00f3n","image":{"@type":"ImageObject","@id":"https:\/\/canal4nogoya.com\/web\/el-tc-hace-vibrar-a-parana\/#authorImage","url":"https:\/\/canal4nogoya.com\/web\/wp-content\/litespeed\/avatar\/1df8586f31106921a2f6ae0d9530296b.jpg?ver=1787987515","width":96,"height":96,"caption":"Redacci\u00f3n"}},{"@type":"WebPage","@id":"https:\/\/canal4nogoya.com\/web\/el-tc-hace-vibrar-a-parana\/#webpage","url":"https:\/\/canal4nogoya.com\/web\/el-tc-hace-vibrar-a-parana\/","name":"El TC hace vibrar a Paran\u00e1 - Canal 4 Nogoy\u00e1","description":"La previa del Turismo Carretera en Paran\u00e1 comenz\u00f3 durante la madrugada de este viernes con largas filas sobre la Ruta Nacional 12. Fan\u00e1ticos de distintos puntos de Entre R\u00edos y otras provincias aguardaron dentro de autos, camionetas y casas rodantes para ingresar al aut\u00f3dromo. Finalmente las puertas del Aut\u00f3dromo de Paran\u00e1 abrieron este viernes, a pocas horas","inLanguage":"es-ES","isPartOf":{"@id":"https:\/\/canal4nogoya.com\/web\/#website"},"breadcrumb":{"@id":"https:\/\/canal4nogoya.com\/web\/el-tc-hace-vibrar-a-parana\/#breadcrumblist"},"author":{"@id":"https:\/\/canal4nogoya.com\/web\/author\/gonzalo\/#author"},"creator":{"@id":"https:\/\/canal4nogoya.com\/web\/author\/gonzalo\/#author"},"image":{"@type":"ImageObject","url":"https:\/\/canal4nogoya.com\/web\/wp-content\/uploads\/2026\/08\/1-1-1-1-1-1-1-a-Aut-dr.webp","@id":"https:\/\/canal4nogoya.com\/web\/el-tc-hace-vibrar-a-parana\/#mainImage","width":900,"height":600},"primaryImageOfPage":{"@id":"https:\/\/canal4nogoya.com\/web\/el-tc-hace-vibrar-a-parana\/#mainImage"},"datePublished":"2026-08-21T15:16:33-03:00","dateModified":"2026-08-21T15:16:35-03:00"},{"@type":"WebSite","@id":"https:\/\/canal4nogoya.com\/web\/#website","url":"https:\/\/canal4nogoya.com\/web\/","name":"Canal 4 Nogoy\u00e1","description":"Nogoy\u00e1 Televisora Color","inLanguage":"es-ES","publisher":{"@id":"https:\/\/canal4nogoya.com\/web\/#organization"}}]},"og:locale":"es_ES","og:site_name":"Canal 4 Nogoy\u00e1 - Nogoy\u00e1 Televisora Color","og:type":"article","og:title":"El TC hace vibrar a Paran\u00e1 - Canal 4 Nogoy\u00e1","og:description":"La previa del Turismo Carretera en Paran\u00e1 comenz\u00f3 durante la madrugada de este viernes con largas filas sobre la Ruta Nacional 12. Fan\u00e1ticos de distintos puntos de Entre R\u00edos y otras provincias aguardaron dentro de autos, camionetas y casas rodantes para ingresar al aut\u00f3dromo. Finalmente las puertas del Aut\u00f3dromo de Paran\u00e1 abrieron este viernes, a pocas horas","og:url":"https:\/\/canal4nogoya.com\/web\/el-tc-hace-vibrar-a-parana\/","og:image":"https:\/\/canal4nogoya.com\/web\/wp-content\/uploads\/2026\/08\/1-1-1-1-1-1-1-a-Aut-dr.webp","og:image:secure_url":"https:\/\/canal4nogoya.com\/web\/wp-content\/uploads\/2026\/08\/1-1-1-1-1-1-1-a-Aut-dr.webp","og:image:width":900,"og:image:height":600,"article:published_time":"2026-08-21T18:16:33+00:00","article:modified_time":"2026-08-21T18:16:35+00:00","twitter:card":"summary_large_image","twitter:title":"El TC hace vibrar a Paran\u00e1 - Canal 4 Nogoy\u00e1","twitter:description":"La previa del Turismo Carretera en Paran\u00e1 comenz\u00f3 durante la madrugada de este viernes con largas filas sobre la Ruta Nacional 12. Fan\u00e1ticos de distintos puntos de Entre R\u00edos y otras provincias aguardaron dentro de autos, camionetas y casas rodantes para ingresar al aut\u00f3dromo. Finalmente las puertas del Aut\u00f3dromo de Paran\u00e1 abrieron este viernes, a pocas horas","twitter:image":"https:\/\/canal4nogoya.com\/web\/wp-content\/uploads\/2026\/08\/1-1-1-1-1-1-1-a-Aut-dr.webp"},"aioseo_meta_data":{"post_id":"4656","title":null,"description":null,"keywords":null,"keyphrases":{"focus":{"keyphrase":"","score":0,"analysis":{"keyphraseInTitle":{"score":0,"maxScore":9,"error":1}}},"additional":[]},"primary_term":null,"canonical_url":null,"og_title":null,"og_description":null,"og_object_type":"default","og_image_type":"default","og_image_url":null,"og_image_width":null,"og_image_height":null,"og_image_custom_url":null,"og_image_custom_fields":null,"og_video":"","og_custom_url":null,"og_article_section":null,"og_article_tags":null,"twitter_use_og":false,"twitter_card":"default","twitter_image_type":"default","twitter_image_url":null,"twitter_image_custom_url":null,"twitter_image_custom_fields":null,"twitter_title":null,"twitter_description":null,"schema":{"blockGraphs":[],"customGraphs":[],"default":{"data":{"Article":[],"Course":[],"Dataset":[],"FAQPage":[],"Movie":[],"Person":[],"Product":[],"ProductReview":[],"Car":[],"Recipe":[],"Service":[],"SoftwareApplication":[],"WebPage":[]},"graphName":"BlogPosting","isEnabled":true},"graphs":[]},"schema_type":"default","schema_type_options":null,"pillar_content":false,"robots_default":true,"robots_noindex":false,"robots_noarchive":false,"robots_nosnippet":false,"robots_nofollow":false,"robots_noimageindex":false,"robots_noodp":false,"robots_notranslate":false,"robots_max_snippet":"-1","robots_max_videopreview":"-1","robots_max_imagepreview":"large","priority":null,"frequency":"default","local_seo":null,"breadcrumb_settings":null,"limit_modified_date":false,"ai":{"faqs":[],"keyPoints":[],"schemas":[],"titles":[],"descriptions":[],"socialPosts":{"email":{"subject":"","preview":"","content":""},"linkedin":[],"twitter":[],"facebook":[],"instagram":[]}},"created":"2026-08-21 18:16:35","updated":"2026-08-22 20:36:28","seo_analyzer_scan_date":null,"focus_keyword":null,"additional_keywords":null,"truseo_locale":null},"aioseo_breadcrumb":"<div class=\"aioseo-breadcrumbs\"><span class=\"aioseo-breadcrumb\">\n\t\t\t<a href=\"https:\/\/canal4nogoya.com\/web\" title=\"Home\">Home<\/a>\n\t\t<\/span><span class=\"aioseo-breadcrumb-separator\">&raquo;<\/span><span class=\"aioseo-breadcrumb\">\n\t\t\t<a href=\"https:\/\/canal4nogoya.com\/web\/category\/provinciales\/\" title=\"Provinciales\">Provinciales<\/a>\n\t\t<\/span><span class=\"aioseo-breadcrumb-separator\">&raquo;<\/span><span class=\"aioseo-breadcrumb\">\n\t\t\tEl TC hace vibrar a Paran\u00e1\n\t\t<\/span><\/div>","aioseo_breadcrumb_json":[{"label":"Home","link":"https:\/\/canal4nogoya.com\/web"},{"label":"Provinciales","link":"https:\/\/canal4nogoya.com\/web\/category\/provinciales\/"},{"label":"El TC hace vibrar a Paran\u00e1","link":"https:\/\/canal4nogoya.com\/web\/el-tc-hace-vibrar-a-parana\/"}],"jetpack_featured_media_url":"https:\/\/canal4nogoya.com\/web\/wp-content\/uploads\/2026\/08\/1-1-1-1-1-1-1-a-Aut-dr.webp","_links":{"self":[{"href":"https:\/\/canal4nogoya.com\/web\/wp-json\/wp\/v2\/posts\/4656","targetHints":{"allow":["GET"]}}],"collection":[{"href":"https:\/\/canal4nogoya.com\/web\/wp-json\/wp\/v2\/posts"}],"about":[{"href":"https:\/\/canal4nogoya.com\/web\/wp-json\/wp\/v2\/types\/post"}],"author":[{"embeddable":true,"href":"https:\/\/canal4nogoya.com\/web\/wp-json\/wp\/v2\/users\/3"}],"replies":[{"embeddable":true,"href":"https:\/\/canal4nogoya.com\/web\/wp-json\/wp\/v2\/comments?post=4656"}],"version-history":[{"count":1,"href":"https:\/\/canal4nogoya.com\/web\/wp-json\/wp\/v2\/posts\/4656\/revisions"}],"predecessor-version":[{"id":4658,"href":"https:\/\/canal4nogoya.com\/web\/wp-json\/wp\/v2\/posts\/4656\/revisions\/4658"}],"wp:featuredmedia":[{"embeddable":true,"href":"https:\/\/canal4nogoya.com\/web\/wp-json\/wp\/v2\/media\/4657"}],"wp:attachment":[{"href":"https:\/\/canal4nogoya.com\/web\/wp-json\/wp\/v2\/media?parent=4656"}],"wp:term":[{"taxonomy":"category","embeddable":true,"href":"https:\/\/canal4nogoya.com\/web\/wp-json\/wp\/v2\/categories?post=4656"},{"taxonomy":"post_tag","embeddable":true,"href":"https:\/\/canal4nogoya.com\/web\/wp-json\/wp\/v2\/tags?post=4656"}],"curies":[{"name":"wp","href":"https:\/\/api.w.org\/{rel}","templated":true}]}}