{"id":4659,"date":"2026-08-21T15:20:38","date_gmt":"2026-08-21T18:20:38","guid":{"rendered":"https:\/\/canal4nogoya.com\/web\/?p=4659"},"modified":"2026-08-21T15:20:40","modified_gmt":"2026-08-21T18:20:40","slug":"colapinto-largara-13-la-sprint-del-gran-premio-de-paises-bajos","status":"publish","type":"post","link":"https:\/\/canal4nogoya.com\/web\/colapinto-largara-13-la-sprint-del-gran-premio-de-paises-bajos\/","title":{"rendered":"Colapinto largar\u00e1 13\u00b0 la Sprint del Gran Premio de Pa\u00edses Bajos"},"content":{"rendered":"\n<p class=\"wp-block-paragraph\"><\/p>\n\n\n\n<p class=\"wp-block-paragraph\"><strong>Franco Colapinto<\/strong>&nbsp;termin\u00f3 en la 13\u00aa posici\u00f3n de la clasificaci\u00f3n y partir\u00e1 desde esa ubicaci\u00f3n en la carrera Sprint del Gran Premio de Pa\u00edses Bajos de F\u00f3rmula 1. La competencia corta se disputar\u00e1 este s\u00e1bado desde las 11:00, hora de Argentina, en el Circuito de Zandvoort.<\/p>\n\n\n\n<p class=\"wp-block-paragraph\">El representante de Alpine logr\u00f3 avanzar desde la primera instancia clasificatoria luego de ubicarse 16\u00ba, en el l\u00edmite del corte. Posteriormente registr\u00f3 un tiempo de 1m13s439 en la Q2, resultado que lo dej\u00f3 a tres posiciones de ingresar en la definici\u00f3n por los primeros lugares.<\/p>\n\n\n\n<p class=\"wp-block-paragraph\"><\/p>\n\n\n\n<p class=\"wp-block-paragraph\">Su compa\u00f1ero Pierre Gasly, con las mejoras en el auto, consigui\u00f3 avanzar hasta la Q3 y finaliz\u00f3 octavo. El franc\u00e9s hab\u00eda marcado 1m12s720 en la segunda sesi\u00f3n, una diferencia de 719 mil\u00e9simas respecto del registro conseguido por el argentino.<\/p>\n\n\n\n<p class=\"wp-block-paragraph\"><\/p>\n\n\n\n<p class=\"wp-block-paragraph\">George Russell fue el m\u00e1s r\u00e1pido de la clasificaci\u00f3n Sprint al completar su mejor vuelta en 1m11s567. El piloto de Mercedes super\u00f3 por apenas 41 mil\u00e9simas a Lando Norris, quien partir\u00e1 desde la segunda posici\u00f3n con su McLaren.<\/p>\n\n\n\n<p class=\"wp-block-paragraph\"><\/p>\n\n\n\n<p class=\"wp-block-paragraph\"><\/p>\n","protected":false},"excerpt":{"rendered":"<p>Franco Colapinto&nbsp;termin\u00f3 en la 13\u00aa posici\u00f3n de la clasificaci\u00f3n y partir\u00e1 desde esa ubicaci\u00f3n en la carrera Sprint del Gran Premio de Pa\u00edses Bajos de F\u00f3rmula 1. La competencia corta se disputar\u00e1 este s\u00e1bado desde las 11:00, hora de Argentina, en el Circuito de Zandvoort. El representante de Alpine logr\u00f3 avanzar desde la primera instancia&#8230;<\/p>\n","protected":false},"author":3,"featured_media":3931,"comment_status":"open","ping_status":"closed","sticky":false,"template":"","format":"standard","meta":{"_monsterinsights_skip_tracking":false,"footnotes":""},"categories":[9],"tags":[],"class_list":["post-4659","post","type-post","status-publish","format-standard","has-post-thumbnail","hentry","category-nacionales"],"aioseo_notices":[],"aioseo_head":"\n\t\t<!-- All in One SEO 5.0.1.1 - aioseo.com -->\n\t<meta name=\"description\" content=\"Franco Colapinto termin\u00f3 en la 13\u00aa posici\u00f3n de la clasificaci\u00f3n y partir\u00e1 desde esa ubicaci\u00f3n en la carrera Sprint del Gran Premio de Pa\u00edses Bajos de F\u00f3rmula 1. La competencia corta se disputar\u00e1 este s\u00e1bado desde las 11:00, hora de Argentina, en el Circuito de Zandvoort. El representante de Alpine logr\u00f3 avanzar desde la primera instancia\" \/>\n\t<meta name=\"robots\" content=\"max-image-preview:large\" \/>\n\t<meta name=\"author\" content=\"Redacci\u00f3n\"\/>\n\t<link rel=\"canonical\" href=\"https:\/\/canal4nogoya.com\/web\/colapinto-largara-13-la-sprint-del-gran-premio-de-paises-bajos\/\" \/>\n\t<meta name=\"generator\" content=\"All in One SEO (AIOSEO) 5.0.1.1\" \/>\n\t\t<meta property=\"og:locale\" content=\"es_ES\" \/>\n\t\t<meta property=\"og:site_name\" content=\"Canal 4 Nogoy\u00e1 - Nogoy\u00e1 Televisora Color\" \/>\n\t\t<meta property=\"og:type\" content=\"article\" \/>\n\t\t<meta property=\"og:title\" content=\"Colapinto largar\u00e1 13\u00b0 la Sprint del Gran Premio de Pa\u00edses Bajos - Canal 4 Nogoy\u00e1\" \/>\n\t\t<meta property=\"og:description\" content=\"Franco Colapinto termin\u00f3 en la 13\u00aa posici\u00f3n de la clasificaci\u00f3n y partir\u00e1 desde esa ubicaci\u00f3n en la carrera Sprint del Gran Premio de Pa\u00edses Bajos de F\u00f3rmula 1. La competencia corta se disputar\u00e1 este s\u00e1bado desde las 11:00, hora de Argentina, en el Circuito de Zandvoort. El representante de Alpine logr\u00f3 avanzar desde la primera instancia\" \/>\n\t\t<meta property=\"og:url\" content=\"https:\/\/canal4nogoya.com\/web\/colapinto-largara-13-la-sprint-del-gran-premio-de-paises-bajos\/\" \/>\n\t\t<meta property=\"og:image\" content=\"https:\/\/canal4nogoya.com\/web\/wp-content\/uploads\/2026\/06\/1-1-1-1-1-1-A-FC.webp\" \/>\n\t\t<meta property=\"og:image:secure_url\" content=\"https:\/\/canal4nogoya.com\/web\/wp-content\/uploads\/2026\/06\/1-1-1-1-1-1-A-FC.webp\" \/>\n\t\t<meta property=\"og:image:width\" content=\"714\" \/>\n\t\t<meta property=\"og:image:height\" content=\"396\" \/>\n\t\t<meta property=\"article:published_time\" content=\"2026-08-21T18:20:38+00:00\" \/>\n\t\t<meta property=\"article:modified_time\" content=\"2026-08-21T18:20:40+00:00\" \/>\n\t\t<meta name=\"twitter:card\" content=\"summary_large_image\" \/>\n\t\t<meta name=\"twitter:title\" content=\"Colapinto largar\u00e1 13\u00b0 la Sprint del Gran Premio de Pa\u00edses Bajos - Canal 4 Nogoy\u00e1\" \/>\n\t\t<meta name=\"twitter:description\" content=\"Franco Colapinto termin\u00f3 en la 13\u00aa posici\u00f3n de la clasificaci\u00f3n y partir\u00e1 desde esa ubicaci\u00f3n en la carrera Sprint del Gran Premio de Pa\u00edses Bajos de F\u00f3rmula 1. La competencia corta se disputar\u00e1 este s\u00e1bado desde las 11:00, hora de Argentina, en el Circuito de Zandvoort. El representante de Alpine logr\u00f3 avanzar desde la primera instancia\" \/>\n\t\t<meta name=\"twitter:image\" content=\"https:\/\/canal4nogoya.com\/web\/wp-content\/uploads\/2026\/06\/1-1-1-1-1-1-A-FC.webp\" \/>\n\t\t<script type=\"application\/ld+json\" class=\"aioseo-schema\">\n\t\t\t{\"@context\":\"https:\\\/\\\/schema.org\",\"@graph\":[{\"@type\":\"BlogPosting\",\"@id\":\"https:\\\/\\\/canal4nogoya.com\\\/web\\\/colapinto-largara-13-la-sprint-del-gran-premio-de-paises-bajos\\\/#blogposting\",\"name\":\"Colapinto largar\\u00e1 13\\u00b0 la Sprint del Gran Premio de Pa\\u00edses Bajos - Canal 4 Nogoy\\u00e1\",\"headline\":\"Colapinto largar\\u00e1 13\\u00b0 la Sprint del Gran Premio de Pa\\u00edses Bajos\",\"author\":{\"@id\":\"https:\\\/\\\/canal4nogoya.com\\\/web\\\/author\\\/gonzalo\\\/#author\"},\"publisher\":{\"@id\":\"https:\\\/\\\/canal4nogoya.com\\\/web\\\/#organization\"},\"image\":{\"@type\":\"ImageObject\",\"url\":\"https:\\\/\\\/canal4nogoya.com\\\/web\\\/wp-content\\\/uploads\\\/2026\\\/06\\\/1-1-1-1-1-1-A-FC.webp\",\"width\":714,\"height\":396},\"datePublished\":\"2026-08-21T15:20:38-03:00\",\"dateModified\":\"2026-08-21T15:20:40-03:00\",\"inLanguage\":\"es-ES\",\"mainEntityOfPage\":{\"@id\":\"https:\\\/\\\/canal4nogoya.com\\\/web\\\/colapinto-largara-13-la-sprint-del-gran-premio-de-paises-bajos\\\/#webpage\"},\"isPartOf\":{\"@id\":\"https:\\\/\\\/canal4nogoya.com\\\/web\\\/colapinto-largara-13-la-sprint-del-gran-premio-de-paises-bajos\\\/#webpage\"},\"articleSection\":\"Nacionales\"},{\"@type\":\"BreadcrumbList\",\"@id\":\"https:\\\/\\\/canal4nogoya.com\\\/web\\\/colapinto-largara-13-la-sprint-del-gran-premio-de-paises-bajos\\\/#breadcrumblist\",\"itemListElement\":[{\"@type\":\"ListItem\",\"@id\":\"https:\\\/\\\/canal4nogoya.com\\\/web#listItem\",\"position\":1,\"name\":\"Home\",\"item\":\"https:\\\/\\\/canal4nogoya.com\\\/web\",\"nextItem\":{\"@type\":\"ListItem\",\"@id\":\"https:\\\/\\\/canal4nogoya.com\\\/web\\\/category\\\/nacionales\\\/#listItem\",\"name\":\"Nacionales\"}},{\"@type\":\"ListItem\",\"@id\":\"https:\\\/\\\/canal4nogoya.com\\\/web\\\/category\\\/nacionales\\\/#listItem\",\"position\":2,\"name\":\"Nacionales\",\"item\":\"https:\\\/\\\/canal4nogoya.com\\\/web\\\/category\\\/nacionales\\\/\",\"nextItem\":{\"@type\":\"ListItem\",\"@id\":\"https:\\\/\\\/canal4nogoya.com\\\/web\\\/colapinto-largara-13-la-sprint-del-gran-premio-de-paises-bajos\\\/#listItem\",\"name\":\"Colapinto largar\\u00e1 13\\u00b0 la Sprint del Gran Premio de Pa\\u00edses Bajos\"},\"previousItem\":{\"@type\":\"ListItem\",\"@id\":\"https:\\\/\\\/canal4nogoya.com\\\/web#listItem\",\"name\":\"Home\"}},{\"@type\":\"ListItem\",\"@id\":\"https:\\\/\\\/canal4nogoya.com\\\/web\\\/colapinto-largara-13-la-sprint-del-gran-premio-de-paises-bajos\\\/#listItem\",\"position\":3,\"name\":\"Colapinto largar\\u00e1 13\\u00b0 la Sprint del Gran Premio de Pa\\u00edses Bajos\",\"previousItem\":{\"@type\":\"ListItem\",\"@id\":\"https:\\\/\\\/canal4nogoya.com\\\/web\\\/category\\\/nacionales\\\/#listItem\",\"name\":\"Nacionales\"}}]},{\"@type\":\"Organization\",\"@id\":\"https:\\\/\\\/canal4nogoya.com\\\/web\\\/#organization\",\"name\":\"Canal 4 Nogoy\\u00e1\",\"description\":\"Nogoy\\u00e1 Televisora Color\",\"url\":\"https:\\\/\\\/canal4nogoya.com\\\/web\\\/\",\"logo\":{\"@type\":\"ImageObject\",\"url\":\"https:\\\/\\\/canal4nogoya.com\\\/web\\\/wp-content\\\/uploads\\\/2025\\\/04\\\/logos-fondo-blanco.jpg\",\"@id\":\"https:\\\/\\\/canal4nogoya.com\\\/web\\\/colapinto-largara-13-la-sprint-del-gran-premio-de-paises-bajos\\\/#organizationLogo\",\"width\":2353,\"height\":1080},\"image\":{\"@id\":\"https:\\\/\\\/canal4nogoya.com\\\/web\\\/colapinto-largara-13-la-sprint-del-gran-premio-de-paises-bajos\\\/#organizationLogo\"}},{\"@type\":\"Person\",\"@id\":\"https:\\\/\\\/canal4nogoya.com\\\/web\\\/author\\\/gonzalo\\\/#author\",\"url\":\"https:\\\/\\\/canal4nogoya.com\\\/web\\\/author\\\/gonzalo\\\/\",\"name\":\"Redacci\\u00f3n\",\"image\":{\"@type\":\"ImageObject\",\"@id\":\"https:\\\/\\\/canal4nogoya.com\\\/web\\\/colapinto-largara-13-la-sprint-del-gran-premio-de-paises-bajos\\\/#authorImage\",\"url\":\"https:\\\/\\\/canal4nogoya.com\\\/web\\\/wp-content\\\/litespeed\\\/avatar\\\/1df8586f31106921a2f6ae0d9530296b.jpg?ver=1787987515\",\"width\":96,\"height\":96,\"caption\":\"Redacci\\u00f3n\"}},{\"@type\":\"WebPage\",\"@id\":\"https:\\\/\\\/canal4nogoya.com\\\/web\\\/colapinto-largara-13-la-sprint-del-gran-premio-de-paises-bajos\\\/#webpage\",\"url\":\"https:\\\/\\\/canal4nogoya.com\\\/web\\\/colapinto-largara-13-la-sprint-del-gran-premio-de-paises-bajos\\\/\",\"name\":\"Colapinto largar\\u00e1 13\\u00b0 la Sprint del Gran Premio de Pa\\u00edses Bajos - Canal 4 Nogoy\\u00e1\",\"description\":\"Franco Colapinto termin\\u00f3 en la 13\\u00aa posici\\u00f3n de la clasificaci\\u00f3n y partir\\u00e1 desde esa ubicaci\\u00f3n en la carrera Sprint del Gran Premio de Pa\\u00edses Bajos de F\\u00f3rmula 1. La competencia corta se disputar\\u00e1 este s\\u00e1bado desde las 11:00, hora de Argentina, en el Circuito de Zandvoort. El representante de Alpine logr\\u00f3 avanzar desde la primera instancia\",\"inLanguage\":\"es-ES\",\"isPartOf\":{\"@id\":\"https:\\\/\\\/canal4nogoya.com\\\/web\\\/#website\"},\"breadcrumb\":{\"@id\":\"https:\\\/\\\/canal4nogoya.com\\\/web\\\/colapinto-largara-13-la-sprint-del-gran-premio-de-paises-bajos\\\/#breadcrumblist\"},\"author\":{\"@id\":\"https:\\\/\\\/canal4nogoya.com\\\/web\\\/author\\\/gonzalo\\\/#author\"},\"creator\":{\"@id\":\"https:\\\/\\\/canal4nogoya.com\\\/web\\\/author\\\/gonzalo\\\/#author\"},\"image\":{\"@type\":\"ImageObject\",\"url\":\"https:\\\/\\\/canal4nogoya.com\\\/web\\\/wp-content\\\/uploads\\\/2026\\\/06\\\/1-1-1-1-1-1-A-FC.webp\",\"@id\":\"https:\\\/\\\/canal4nogoya.com\\\/web\\\/colapinto-largara-13-la-sprint-del-gran-premio-de-paises-bajos\\\/#mainImage\",\"width\":714,\"height\":396},\"primaryImageOfPage\":{\"@id\":\"https:\\\/\\\/canal4nogoya.com\\\/web\\\/colapinto-largara-13-la-sprint-del-gran-premio-de-paises-bajos\\\/#mainImage\"},\"datePublished\":\"2026-08-21T15:20:38-03:00\",\"dateModified\":\"2026-08-21T15:20:40-03:00\"},{\"@type\":\"WebSite\",\"@id\":\"https:\\\/\\\/canal4nogoya.com\\\/web\\\/#website\",\"url\":\"https:\\\/\\\/canal4nogoya.com\\\/web\\\/\",\"name\":\"Canal 4 Nogoy\\u00e1\",\"description\":\"Nogoy\\u00e1 Televisora Color\",\"inLanguage\":\"es-ES\",\"publisher\":{\"@id\":\"https:\\\/\\\/canal4nogoya.com\\\/web\\\/#organization\"}}]}\n\t\t<\/script>\n\t\t<!-- All in One SEO -->\n\n","aioseo_head_json":{"title":"Colapinto largar\u00e1 13\u00b0 la Sprint del Gran Premio de Pa\u00edses Bajos - Canal 4 Nogoy\u00e1","description":"Franco Colapinto termin\u00f3 en la 13\u00aa posici\u00f3n de la clasificaci\u00f3n y partir\u00e1 desde esa ubicaci\u00f3n en la carrera Sprint del Gran Premio de Pa\u00edses Bajos de F\u00f3rmula 1. La competencia corta se disputar\u00e1 este s\u00e1bado desde las 11:00, hora de Argentina, en el Circuito de Zandvoort. El representante de Alpine logr\u00f3 avanzar desde la primera instancia","canonical_url":"https:\/\/canal4nogoya.com\/web\/colapinto-largara-13-la-sprint-del-gran-premio-de-paises-bajos\/","robots":"max-image-preview:large","keywords":"","webmasterTools":{"miscellaneous":""},"schema":{"@context":"https:\/\/schema.org","@graph":[{"@type":"BlogPosting","@id":"https:\/\/canal4nogoya.com\/web\/colapinto-largara-13-la-sprint-del-gran-premio-de-paises-bajos\/#blogposting","name":"Colapinto largar\u00e1 13\u00b0 la Sprint del Gran Premio de Pa\u00edses Bajos - Canal 4 Nogoy\u00e1","headline":"Colapinto largar\u00e1 13\u00b0 la Sprint del Gran Premio de Pa\u00edses Bajos","author":{"@id":"https:\/\/canal4nogoya.com\/web\/author\/gonzalo\/#author"},"publisher":{"@id":"https:\/\/canal4nogoya.com\/web\/#organization"},"image":{"@type":"ImageObject","url":"https:\/\/canal4nogoya.com\/web\/wp-content\/uploads\/2026\/06\/1-1-1-1-1-1-A-FC.webp","width":714,"height":396},"datePublished":"2026-08-21T15:20:38-03:00","dateModified":"2026-08-21T15:20:40-03:00","inLanguage":"es-ES","mainEntityOfPage":{"@id":"https:\/\/canal4nogoya.com\/web\/colapinto-largara-13-la-sprint-del-gran-premio-de-paises-bajos\/#webpage"},"isPartOf":{"@id":"https:\/\/canal4nogoya.com\/web\/colapinto-largara-13-la-sprint-del-gran-premio-de-paises-bajos\/#webpage"},"articleSection":"Nacionales"},{"@type":"BreadcrumbList","@id":"https:\/\/canal4nogoya.com\/web\/colapinto-largara-13-la-sprint-del-gran-premio-de-paises-bajos\/#breadcrumblist","itemListElement":[{"@type":"ListItem","@id":"https:\/\/canal4nogoya.com\/web#listItem","position":1,"name":"Home","item":"https:\/\/canal4nogoya.com\/web","nextItem":{"@type":"ListItem","@id":"https:\/\/canal4nogoya.com\/web\/category\/nacionales\/#listItem","name":"Nacionales"}},{"@type":"ListItem","@id":"https:\/\/canal4nogoya.com\/web\/category\/nacionales\/#listItem","position":2,"name":"Nacionales","item":"https:\/\/canal4nogoya.com\/web\/category\/nacionales\/","nextItem":{"@type":"ListItem","@id":"https:\/\/canal4nogoya.com\/web\/colapinto-largara-13-la-sprint-del-gran-premio-de-paises-bajos\/#listItem","name":"Colapinto largar\u00e1 13\u00b0 la Sprint del Gran Premio de Pa\u00edses Bajos"},"previousItem":{"@type":"ListItem","@id":"https:\/\/canal4nogoya.com\/web#listItem","name":"Home"}},{"@type":"ListItem","@id":"https:\/\/canal4nogoya.com\/web\/colapinto-largara-13-la-sprint-del-gran-premio-de-paises-bajos\/#listItem","position":3,"name":"Colapinto largar\u00e1 13\u00b0 la Sprint del Gran Premio de Pa\u00edses Bajos","previousItem":{"@type":"ListItem","@id":"https:\/\/canal4nogoya.com\/web\/category\/nacionales\/#listItem","name":"Nacionales"}}]},{"@type":"Organization","@id":"https:\/\/canal4nogoya.com\/web\/#organization","name":"Canal 4 Nogoy\u00e1","description":"Nogoy\u00e1 Televisora Color","url":"https:\/\/canal4nogoya.com\/web\/","logo":{"@type":"ImageObject","url":"https:\/\/canal4nogoya.com\/web\/wp-content\/uploads\/2025\/04\/logos-fondo-blanco.jpg","@id":"https:\/\/canal4nogoya.com\/web\/colapinto-largara-13-la-sprint-del-gran-premio-de-paises-bajos\/#organizationLogo","width":2353,"height":1080},"image":{"@id":"https:\/\/canal4nogoya.com\/web\/colapinto-largara-13-la-sprint-del-gran-premio-de-paises-bajos\/#organizationLogo"}},{"@type":"Person","@id":"https:\/\/canal4nogoya.com\/web\/author\/gonzalo\/#author","url":"https:\/\/canal4nogoya.com\/web\/author\/gonzalo\/","name":"Redacci\u00f3n","image":{"@type":"ImageObject","@id":"https:\/\/canal4nogoya.com\/web\/colapinto-largara-13-la-sprint-del-gran-premio-de-paises-bajos\/#authorImage","url":"https:\/\/canal4nogoya.com\/web\/wp-content\/litespeed\/avatar\/1df8586f31106921a2f6ae0d9530296b.jpg?ver=1787987515","width":96,"height":96,"caption":"Redacci\u00f3n"}},{"@type":"WebPage","@id":"https:\/\/canal4nogoya.com\/web\/colapinto-largara-13-la-sprint-del-gran-premio-de-paises-bajos\/#webpage","url":"https:\/\/canal4nogoya.com\/web\/colapinto-largara-13-la-sprint-del-gran-premio-de-paises-bajos\/","name":"Colapinto largar\u00e1 13\u00b0 la Sprint del Gran Premio de Pa\u00edses Bajos - Canal 4 Nogoy\u00e1","description":"Franco Colapinto termin\u00f3 en la 13\u00aa posici\u00f3n de la clasificaci\u00f3n y partir\u00e1 desde esa ubicaci\u00f3n en la carrera Sprint del Gran Premio de Pa\u00edses Bajos de F\u00f3rmula 1. La competencia corta se disputar\u00e1 este s\u00e1bado desde las 11:00, hora de Argentina, en el Circuito de Zandvoort. El representante de Alpine logr\u00f3 avanzar desde la primera instancia","inLanguage":"es-ES","isPartOf":{"@id":"https:\/\/canal4nogoya.com\/web\/#website"},"breadcrumb":{"@id":"https:\/\/canal4nogoya.com\/web\/colapinto-largara-13-la-sprint-del-gran-premio-de-paises-bajos\/#breadcrumblist"},"author":{"@id":"https:\/\/canal4nogoya.com\/web\/author\/gonzalo\/#author"},"creator":{"@id":"https:\/\/canal4nogoya.com\/web\/author\/gonzalo\/#author"},"image":{"@type":"ImageObject","url":"https:\/\/canal4nogoya.com\/web\/wp-content\/uploads\/2026\/06\/1-1-1-1-1-1-A-FC.webp","@id":"https:\/\/canal4nogoya.com\/web\/colapinto-largara-13-la-sprint-del-gran-premio-de-paises-bajos\/#mainImage","width":714,"height":396},"primaryImageOfPage":{"@id":"https:\/\/canal4nogoya.com\/web\/colapinto-largara-13-la-sprint-del-gran-premio-de-paises-bajos\/#mainImage"},"datePublished":"2026-08-21T15:20:38-03:00","dateModified":"2026-08-21T15:20:40-03:00"},{"@type":"WebSite","@id":"https:\/\/canal4nogoya.com\/web\/#website","url":"https:\/\/canal4nogoya.com\/web\/","name":"Canal 4 Nogoy\u00e1","description":"Nogoy\u00e1 Televisora Color","inLanguage":"es-ES","publisher":{"@id":"https:\/\/canal4nogoya.com\/web\/#organization"}}]},"og:locale":"es_ES","og:site_name":"Canal 4 Nogoy\u00e1 - Nogoy\u00e1 Televisora Color","og:type":"article","og:title":"Colapinto largar\u00e1 13\u00b0 la Sprint del Gran Premio de Pa\u00edses Bajos - Canal 4 Nogoy\u00e1","og:description":"Franco Colapinto termin\u00f3 en la 13\u00aa posici\u00f3n de la clasificaci\u00f3n y partir\u00e1 desde esa ubicaci\u00f3n en la carrera Sprint del Gran Premio de Pa\u00edses Bajos de F\u00f3rmula 1. La competencia corta se disputar\u00e1 este s\u00e1bado desde las 11:00, hora de Argentina, en el Circuito de Zandvoort. El representante de Alpine logr\u00f3 avanzar desde la primera instancia","og:url":"https:\/\/canal4nogoya.com\/web\/colapinto-largara-13-la-sprint-del-gran-premio-de-paises-bajos\/","og:image":"https:\/\/canal4nogoya.com\/web\/wp-content\/uploads\/2026\/06\/1-1-1-1-1-1-A-FC.webp","og:image:secure_url":"https:\/\/canal4nogoya.com\/web\/wp-content\/uploads\/2026\/06\/1-1-1-1-1-1-A-FC.webp","og:image:width":714,"og:image:height":396,"article:published_time":"2026-08-21T18:20:38+00:00","article:modified_time":"2026-08-21T18:20:40+00:00","twitter:card":"summary_large_image","twitter:title":"Colapinto largar\u00e1 13\u00b0 la Sprint del Gran Premio de Pa\u00edses Bajos - Canal 4 Nogoy\u00e1","twitter:description":"Franco Colapinto termin\u00f3 en la 13\u00aa posici\u00f3n de la clasificaci\u00f3n y partir\u00e1 desde esa ubicaci\u00f3n en la carrera Sprint del Gran Premio de Pa\u00edses Bajos de F\u00f3rmula 1. La competencia corta se disputar\u00e1 este s\u00e1bado desde las 11:00, hora de Argentina, en el Circuito de Zandvoort. El representante de Alpine logr\u00f3 avanzar desde la primera instancia","twitter:image":"https:\/\/canal4nogoya.com\/web\/wp-content\/uploads\/2026\/06\/1-1-1-1-1-1-A-FC.webp"},"aioseo_meta_data":{"post_id":"4659","title":null,"description":null,"keywords":null,"keyphrases":{"focus":{"keyphrase":"","score":0,"analysis":{"keyphraseInTitle":{"score":0,"maxScore":9,"error":1}}},"additional":[]},"primary_term":null,"canonical_url":null,"og_title":null,"og_description":null,"og_object_type":"default","og_image_type":"default","og_image_url":null,"og_image_width":null,"og_image_height":null,"og_image_custom_url":null,"og_image_custom_fields":null,"og_video":"","og_custom_url":null,"og_article_section":null,"og_article_tags":null,"twitter_use_og":false,"twitter_card":"default","twitter_image_type":"default","twitter_image_url":null,"twitter_image_custom_url":null,"twitter_image_custom_fields":null,"twitter_title":null,"twitter_description":null,"schema":{"blockGraphs":[],"customGraphs":[],"default":{"data":{"Article":[],"Course":[],"Dataset":[],"FAQPage":[],"Movie":[],"Person":[],"Product":[],"ProductReview":[],"Car":[],"Recipe":[],"Service":[],"SoftwareApplication":[],"WebPage":[]},"graphName":"BlogPosting","isEnabled":true},"graphs":[]},"schema_type":"default","schema_type_options":null,"pillar_content":false,"robots_default":true,"robots_noindex":false,"robots_noarchive":false,"robots_nosnippet":false,"robots_nofollow":false,"robots_noimageindex":false,"robots_noodp":false,"robots_notranslate":false,"robots_max_snippet":"-1","robots_max_videopreview":"-1","robots_max_imagepreview":"large","priority":null,"frequency":"default","local_seo":null,"breadcrumb_settings":null,"limit_modified_date":false,"ai":{"faqs":[],"keyPoints":[],"schemas":[],"titles":[],"descriptions":[],"socialPosts":{"email":{"subject":"","preview":"","content":""},"linkedin":[],"twitter":[],"facebook":[],"instagram":[]}},"created":"2026-08-21 18:20:40","updated":"2026-08-22 20:36:28","seo_analyzer_scan_date":null,"focus_keyword":null,"additional_keywords":null,"truseo_locale":null},"aioseo_breadcrumb":"<div class=\"aioseo-breadcrumbs\"><span class=\"aioseo-breadcrumb\">\n\t\t\t<a href=\"https:\/\/canal4nogoya.com\/web\" title=\"Home\">Home<\/a>\n\t\t<\/span><span class=\"aioseo-breadcrumb-separator\">&raquo;<\/span><span class=\"aioseo-breadcrumb\">\n\t\t\t<a href=\"https:\/\/canal4nogoya.com\/web\/category\/nacionales\/\" title=\"Nacionales\">Nacionales<\/a>\n\t\t<\/span><span class=\"aioseo-breadcrumb-separator\">&raquo;<\/span><span class=\"aioseo-breadcrumb\">\n\t\t\tColapinto largar\u00e1 13\u00b0 la Sprint del Gran Premio de Pa\u00edses Bajos\n\t\t<\/span><\/div>","aioseo_breadcrumb_json":[{"label":"Home","link":"https:\/\/canal4nogoya.com\/web"},{"label":"Nacionales","link":"https:\/\/canal4nogoya.com\/web\/category\/nacionales\/"},{"label":"Colapinto largar\u00e1 13\u00b0 la Sprint del Gran Premio de Pa\u00edses Bajos","link":"https:\/\/canal4nogoya.com\/web\/colapinto-largara-13-la-sprint-del-gran-premio-de-paises-bajos\/"}],"jetpack_featured_media_url":"https:\/\/canal4nogoya.com\/web\/wp-content\/uploads\/2026\/06\/1-1-1-1-1-1-A-FC.webp","_links":{"self":[{"href":"https:\/\/canal4nogoya.com\/web\/wp-json\/wp\/v2\/posts\/4659","targetHints":{"allow":["GET"]}}],"collection":[{"href":"https:\/\/canal4nogoya.com\/web\/wp-json\/wp\/v2\/posts"}],"about":[{"href":"https:\/\/canal4nogoya.com\/web\/wp-json\/wp\/v2\/types\/post"}],"author":[{"embeddable":true,"href":"https:\/\/canal4nogoya.com\/web\/wp-json\/wp\/v2\/users\/3"}],"replies":[{"embeddable":true,"href":"https:\/\/canal4nogoya.com\/web\/wp-json\/wp\/v2\/comments?post=4659"}],"version-history":[{"count":1,"href":"https:\/\/canal4nogoya.com\/web\/wp-json\/wp\/v2\/posts\/4659\/revisions"}],"predecessor-version":[{"id":4660,"href":"https:\/\/canal4nogoya.com\/web\/wp-json\/wp\/v2\/posts\/4659\/revisions\/4660"}],"wp:featuredmedia":[{"embeddable":true,"href":"https:\/\/canal4nogoya.com\/web\/wp-json\/wp\/v2\/media\/3931"}],"wp:attachment":[{"href":"https:\/\/canal4nogoya.com\/web\/wp-json\/wp\/v2\/media?parent=4659"}],"wp:term":[{"taxonomy":"category","embeddable":true,"href":"https:\/\/canal4nogoya.com\/web\/wp-json\/wp\/v2\/categories?post=4659"},{"taxonomy":"post_tag","embeddable":true,"href":"https:\/\/canal4nogoya.com\/web\/wp-json\/wp\/v2\/tags?post=4659"}],"curies":[{"name":"wp","href":"https:\/\/api.w.org\/{rel}","templated":true}]}}