{"id":4681,"date":"2026-08-24T22:10:26","date_gmt":"2026-08-25T01:10:26","guid":{"rendered":"https:\/\/canal4nogoya.com\/web\/?p=4681"},"modified":"2026-08-24T22:10:28","modified_gmt":"2026-08-25T01:10:28","slug":"suben-las-temperaturas-y-volverian-las-lluvias","status":"publish","type":"post","link":"https:\/\/canal4nogoya.com\/web\/suben-las-temperaturas-y-volverian-las-lluvias\/","title":{"rendered":"Suben las temperaturas y volver\u00edan las lluvias"},"content":{"rendered":"\n<p class=\"wp-block-paragraph\"><\/p>\n\n\n\n<p class=\"wp-block-paragraph\"><strong>El Servicio Meteorol\u00f3gico Nacional (SMN) informa que se pronostica un martes mayormente nublado<\/strong>\u00a0<strong>en la provincia<\/strong>. En esa l\u00ednea, se anuncia un leve ascenso de las temperaturas, las que rondar\u00e1n entre los 5 y los 18 grados.<\/p>\n\n\n\n<p class=\"wp-block-paragraph\"><\/p>\n\n\n\n<p class=\"wp-block-paragraph\">En\u00a0<strong>Nogoy\u00e1, Paran\u00e1, La Paz, Villaguay y Diamante <\/strong>\u00a0la\u00a0<strong>m\u00ednima ser\u00e1 de 7 grados y la m\u00e1xima alcanzar\u00e1 los 18 grados<\/strong>. En la capital y alrededores se anuncia cielo parcialmente nublado durante toda la jornada.<\/p>\n\n\n\n<p class=\"wp-block-paragraph\"><\/p>\n\n\n\n<p class=\"wp-block-paragraph\">En&nbsp;<strong>Concordia, Federal, Feliciano, Federaci\u00f3n y San Salvador<\/strong>, en tanto, se aguarda una&nbsp;<strong>m\u00ednima de 5 grados y una m\u00e1xima de 18 grados<\/strong>. All\u00ed se prev\u00e9 un d\u00eda algo nublado.<\/p>\n\n\n\n<p class=\"wp-block-paragraph\"><\/p>\n\n\n\n<p class=\"wp-block-paragraph\">En\u00a0<strong>Gualeguaych\u00fa, Col\u00f3n, Uruguay, Tala e Islas<\/strong>, por \u00faltimo, se espera<strong>\u00a0una m\u00ednima de 5 grados y una m\u00e1xima de 15 grados<\/strong>. En estas localidades se pronostica cielo parcialmente nublado<\/p>\n\n\n\n<p class=\"wp-block-paragraph\"><\/p>\n\n\n\n<p class=\"wp-block-paragraph\">El jueves se esperan precipitaciones en la provinicia<\/p>\n","protected":false},"excerpt":{"rendered":"<p>El Servicio Meteorol\u00f3gico Nacional (SMN) informa que se pronostica un martes mayormente nublado\u00a0en la provincia. En esa l\u00ednea, se anuncia un leve ascenso de las temperaturas, las que rondar\u00e1n entre los 5 y los 18 grados. En\u00a0Nogoy\u00e1, Paran\u00e1, La Paz, Villaguay y Diamante \u00a0la\u00a0m\u00ednima ser\u00e1 de 7 grados y la m\u00e1xima alcanzar\u00e1 los 18 grados&#8230;.<\/p>\n","protected":false},"author":3,"featured_media":4631,"comment_status":"open","ping_status":"closed","sticky":false,"template":"","format":"standard","meta":{"_monsterinsights_skip_tracking":false,"footnotes":""},"categories":[8],"tags":[],"class_list":["post-4681","post","type-post","status-publish","format-standard","has-post-thumbnail","hentry","category-locales"],"aioseo_notices":[],"aioseo_head":"\n\t\t<!-- All in One SEO 5.0.1.1 - aioseo.com -->\n\t<meta name=\"description\" content=\"El Servicio Meteorol\u00f3gico Nacional (SMN) informa que se pronostica un martes mayormente nublado en la provincia. En esa l\u00ednea, se anuncia un leve ascenso de las temperaturas, las que rondar\u00e1n entre los 5 y los 18 grados. En Nogoy\u00e1, Paran\u00e1, La Paz, Villaguay y Diamante la m\u00ednima ser\u00e1 de 7 grados y la m\u00e1xima alcanzar\u00e1 los 18 grados.\" \/>\n\t<meta name=\"robots\" content=\"max-image-preview:large\" \/>\n\t<meta name=\"author\" content=\"Redacci\u00f3n\"\/>\n\t<link rel=\"canonical\" href=\"https:\/\/canal4nogoya.com\/web\/suben-las-temperaturas-y-volverian-las-lluvias\/\" \/>\n\t<meta name=\"generator\" content=\"All in One SEO (AIOSEO) 5.0.1.1\" \/>\n\t\t<meta property=\"og:locale\" content=\"es_ES\" \/>\n\t\t<meta property=\"og:site_name\" content=\"Canal 4 Nogoy\u00e1 - Nogoy\u00e1 Televisora Color\" \/>\n\t\t<meta property=\"og:type\" content=\"article\" \/>\n\t\t<meta property=\"og:title\" content=\"Suben las temperaturas y volver\u00edan las lluvias - Canal 4 Nogoy\u00e1\" \/>\n\t\t<meta property=\"og:description\" content=\"El Servicio Meteorol\u00f3gico Nacional (SMN) informa que se pronostica un martes mayormente nublado en la provincia. En esa l\u00ednea, se anuncia un leve ascenso de las temperaturas, las que rondar\u00e1n entre los 5 y los 18 grados. En Nogoy\u00e1, Paran\u00e1, La Paz, Villaguay y Diamante la m\u00ednima ser\u00e1 de 7 grados y la m\u00e1xima alcanzar\u00e1 los 18 grados.\" \/>\n\t\t<meta property=\"og:url\" content=\"https:\/\/canal4nogoya.com\/web\/suben-las-temperaturas-y-volverian-las-lluvias\/\" \/>\n\t\t<meta property=\"og:image\" content=\"https:\/\/canal4nogoya.com\/web\/wp-content\/uploads\/2026\/08\/1-1-1-1-1-1-1-a-PL-Li.jpeg\" \/>\n\t\t<meta property=\"og:image:secure_url\" content=\"https:\/\/canal4nogoya.com\/web\/wp-content\/uploads\/2026\/08\/1-1-1-1-1-1-1-a-PL-Li.jpeg\" \/>\n\t\t<meta property=\"og:image:width\" content=\"999\" \/>\n\t\t<meta property=\"og:image:height\" content=\"930\" \/>\n\t\t<meta property=\"article:published_time\" content=\"2026-08-25T01:10:26+00:00\" \/>\n\t\t<meta property=\"article:modified_time\" content=\"2026-08-25T01:10:28+00:00\" \/>\n\t\t<meta name=\"twitter:card\" content=\"summary_large_image\" \/>\n\t\t<meta name=\"twitter:title\" content=\"Suben las temperaturas y volver\u00edan las lluvias - Canal 4 Nogoy\u00e1\" \/>\n\t\t<meta name=\"twitter:description\" content=\"El Servicio Meteorol\u00f3gico Nacional (SMN) informa que se pronostica un martes mayormente nublado en la provincia. En esa l\u00ednea, se anuncia un leve ascenso de las temperaturas, las que rondar\u00e1n entre los 5 y los 18 grados. En Nogoy\u00e1, Paran\u00e1, La Paz, Villaguay y Diamante la m\u00ednima ser\u00e1 de 7 grados y la m\u00e1xima alcanzar\u00e1 los 18 grados.\" \/>\n\t\t<meta name=\"twitter:image\" content=\"https:\/\/canal4nogoya.com\/web\/wp-content\/uploads\/2026\/08\/1-1-1-1-1-1-1-a-PL-Li.jpeg\" \/>\n\t\t<script type=\"application\/ld+json\" class=\"aioseo-schema\">\n\t\t\t{\"@context\":\"https:\\\/\\\/schema.org\",\"@graph\":[{\"@type\":\"BlogPosting\",\"@id\":\"https:\\\/\\\/canal4nogoya.com\\\/web\\\/suben-las-temperaturas-y-volverian-las-lluvias\\\/#blogposting\",\"name\":\"Suben las temperaturas y volver\\u00edan las lluvias - Canal 4 Nogoy\\u00e1\",\"headline\":\"Suben las temperaturas y volver\\u00edan las lluvias\",\"author\":{\"@id\":\"https:\\\/\\\/canal4nogoya.com\\\/web\\\/author\\\/gonzalo\\\/#author\"},\"publisher\":{\"@id\":\"https:\\\/\\\/canal4nogoya.com\\\/web\\\/#organization\"},\"image\":{\"@type\":\"ImageObject\",\"url\":\"https:\\\/\\\/canal4nogoya.com\\\/web\\\/wp-content\\\/uploads\\\/2026\\\/08\\\/1-1-1-1-1-1-1-a-PL-Li.jpeg\",\"width\":999,\"height\":930},\"datePublished\":\"2026-08-24T22:10:26-03:00\",\"dateModified\":\"2026-08-24T22:10:28-03:00\",\"inLanguage\":\"es-ES\",\"mainEntityOfPage\":{\"@id\":\"https:\\\/\\\/canal4nogoya.com\\\/web\\\/suben-las-temperaturas-y-volverian-las-lluvias\\\/#webpage\"},\"isPartOf\":{\"@id\":\"https:\\\/\\\/canal4nogoya.com\\\/web\\\/suben-las-temperaturas-y-volverian-las-lluvias\\\/#webpage\"},\"articleSection\":\"Locales\"},{\"@type\":\"BreadcrumbList\",\"@id\":\"https:\\\/\\\/canal4nogoya.com\\\/web\\\/suben-las-temperaturas-y-volverian-las-lluvias\\\/#breadcrumblist\",\"itemListElement\":[{\"@type\":\"ListItem\",\"@id\":\"https:\\\/\\\/canal4nogoya.com\\\/web#listItem\",\"position\":1,\"name\":\"Home\",\"item\":\"https:\\\/\\\/canal4nogoya.com\\\/web\",\"nextItem\":{\"@type\":\"ListItem\",\"@id\":\"https:\\\/\\\/canal4nogoya.com\\\/web\\\/category\\\/locales\\\/#listItem\",\"name\":\"Locales\"}},{\"@type\":\"ListItem\",\"@id\":\"https:\\\/\\\/canal4nogoya.com\\\/web\\\/category\\\/locales\\\/#listItem\",\"position\":2,\"name\":\"Locales\",\"item\":\"https:\\\/\\\/canal4nogoya.com\\\/web\\\/category\\\/locales\\\/\",\"nextItem\":{\"@type\":\"ListItem\",\"@id\":\"https:\\\/\\\/canal4nogoya.com\\\/web\\\/suben-las-temperaturas-y-volverian-las-lluvias\\\/#listItem\",\"name\":\"Suben las temperaturas y volver\\u00edan las lluvias\"},\"previousItem\":{\"@type\":\"ListItem\",\"@id\":\"https:\\\/\\\/canal4nogoya.com\\\/web#listItem\",\"name\":\"Home\"}},{\"@type\":\"ListItem\",\"@id\":\"https:\\\/\\\/canal4nogoya.com\\\/web\\\/suben-las-temperaturas-y-volverian-las-lluvias\\\/#listItem\",\"position\":3,\"name\":\"Suben las temperaturas y volver\\u00edan las lluvias\",\"previousItem\":{\"@type\":\"ListItem\",\"@id\":\"https:\\\/\\\/canal4nogoya.com\\\/web\\\/category\\\/locales\\\/#listItem\",\"name\":\"Locales\"}}]},{\"@type\":\"Organization\",\"@id\":\"https:\\\/\\\/canal4nogoya.com\\\/web\\\/#organization\",\"name\":\"Canal 4 Nogoy\\u00e1\",\"description\":\"Nogoy\\u00e1 Televisora Color\",\"url\":\"https:\\\/\\\/canal4nogoya.com\\\/web\\\/\",\"logo\":{\"@type\":\"ImageObject\",\"url\":\"https:\\\/\\\/canal4nogoya.com\\\/web\\\/wp-content\\\/uploads\\\/2025\\\/04\\\/logos-fondo-blanco.jpg\",\"@id\":\"https:\\\/\\\/canal4nogoya.com\\\/web\\\/suben-las-temperaturas-y-volverian-las-lluvias\\\/#organizationLogo\",\"width\":2353,\"height\":1080},\"image\":{\"@id\":\"https:\\\/\\\/canal4nogoya.com\\\/web\\\/suben-las-temperaturas-y-volverian-las-lluvias\\\/#organizationLogo\"}},{\"@type\":\"Person\",\"@id\":\"https:\\\/\\\/canal4nogoya.com\\\/web\\\/author\\\/gonzalo\\\/#author\",\"url\":\"https:\\\/\\\/canal4nogoya.com\\\/web\\\/author\\\/gonzalo\\\/\",\"name\":\"Redacci\\u00f3n\",\"image\":{\"@type\":\"ImageObject\",\"@id\":\"https:\\\/\\\/canal4nogoya.com\\\/web\\\/suben-las-temperaturas-y-volverian-las-lluvias\\\/#authorImage\",\"url\":\"https:\\\/\\\/canal4nogoya.com\\\/web\\\/wp-content\\\/litespeed\\\/avatar\\\/1df8586f31106921a2f6ae0d9530296b.jpg?ver=1787987515\",\"width\":96,\"height\":96,\"caption\":\"Redacci\\u00f3n\"}},{\"@type\":\"WebPage\",\"@id\":\"https:\\\/\\\/canal4nogoya.com\\\/web\\\/suben-las-temperaturas-y-volverian-las-lluvias\\\/#webpage\",\"url\":\"https:\\\/\\\/canal4nogoya.com\\\/web\\\/suben-las-temperaturas-y-volverian-las-lluvias\\\/\",\"name\":\"Suben las temperaturas y volver\\u00edan las lluvias - Canal 4 Nogoy\\u00e1\",\"description\":\"El Servicio Meteorol\\u00f3gico Nacional (SMN) informa que se pronostica un martes mayormente nublado en la provincia. En esa l\\u00ednea, se anuncia un leve ascenso de las temperaturas, las que rondar\\u00e1n entre los 5 y los 18 grados. En Nogoy\\u00e1, Paran\\u00e1, La Paz, Villaguay y Diamante la m\\u00ednima ser\\u00e1 de 7 grados y la m\\u00e1xima alcanzar\\u00e1 los 18 grados.\",\"inLanguage\":\"es-ES\",\"isPartOf\":{\"@id\":\"https:\\\/\\\/canal4nogoya.com\\\/web\\\/#website\"},\"breadcrumb\":{\"@id\":\"https:\\\/\\\/canal4nogoya.com\\\/web\\\/suben-las-temperaturas-y-volverian-las-lluvias\\\/#breadcrumblist\"},\"author\":{\"@id\":\"https:\\\/\\\/canal4nogoya.com\\\/web\\\/author\\\/gonzalo\\\/#author\"},\"creator\":{\"@id\":\"https:\\\/\\\/canal4nogoya.com\\\/web\\\/author\\\/gonzalo\\\/#author\"},\"image\":{\"@type\":\"ImageObject\",\"url\":\"https:\\\/\\\/canal4nogoya.com\\\/web\\\/wp-content\\\/uploads\\\/2026\\\/08\\\/1-1-1-1-1-1-1-a-PL-Li.jpeg\",\"@id\":\"https:\\\/\\\/canal4nogoya.com\\\/web\\\/suben-las-temperaturas-y-volverian-las-lluvias\\\/#mainImage\",\"width\":999,\"height\":930},\"primaryImageOfPage\":{\"@id\":\"https:\\\/\\\/canal4nogoya.com\\\/web\\\/suben-las-temperaturas-y-volverian-las-lluvias\\\/#mainImage\"},\"datePublished\":\"2026-08-24T22:10:26-03:00\",\"dateModified\":\"2026-08-24T22:10:28-03:00\"},{\"@type\":\"WebSite\",\"@id\":\"https:\\\/\\\/canal4nogoya.com\\\/web\\\/#website\",\"url\":\"https:\\\/\\\/canal4nogoya.com\\\/web\\\/\",\"name\":\"Canal 4 Nogoy\\u00e1\",\"description\":\"Nogoy\\u00e1 Televisora Color\",\"inLanguage\":\"es-ES\",\"publisher\":{\"@id\":\"https:\\\/\\\/canal4nogoya.com\\\/web\\\/#organization\"}}]}\n\t\t<\/script>\n\t\t<!-- All in One SEO -->\n\n","aioseo_head_json":{"title":"Suben las temperaturas y volver\u00edan las lluvias - Canal 4 Nogoy\u00e1","description":"El Servicio Meteorol\u00f3gico Nacional (SMN) informa que se pronostica un martes mayormente nublado en la provincia. En esa l\u00ednea, se anuncia un leve ascenso de las temperaturas, las que rondar\u00e1n entre los 5 y los 18 grados. En Nogoy\u00e1, Paran\u00e1, La Paz, Villaguay y Diamante la m\u00ednima ser\u00e1 de 7 grados y la m\u00e1xima alcanzar\u00e1 los 18 grados.","canonical_url":"https:\/\/canal4nogoya.com\/web\/suben-las-temperaturas-y-volverian-las-lluvias\/","robots":"max-image-preview:large","keywords":"","webmasterTools":{"miscellaneous":""},"schema":{"@context":"https:\/\/schema.org","@graph":[{"@type":"BlogPosting","@id":"https:\/\/canal4nogoya.com\/web\/suben-las-temperaturas-y-volverian-las-lluvias\/#blogposting","name":"Suben las temperaturas y volver\u00edan las lluvias - Canal 4 Nogoy\u00e1","headline":"Suben las temperaturas y volver\u00edan las lluvias","author":{"@id":"https:\/\/canal4nogoya.com\/web\/author\/gonzalo\/#author"},"publisher":{"@id":"https:\/\/canal4nogoya.com\/web\/#organization"},"image":{"@type":"ImageObject","url":"https:\/\/canal4nogoya.com\/web\/wp-content\/uploads\/2026\/08\/1-1-1-1-1-1-1-a-PL-Li.jpeg","width":999,"height":930},"datePublished":"2026-08-24T22:10:26-03:00","dateModified":"2026-08-24T22:10:28-03:00","inLanguage":"es-ES","mainEntityOfPage":{"@id":"https:\/\/canal4nogoya.com\/web\/suben-las-temperaturas-y-volverian-las-lluvias\/#webpage"},"isPartOf":{"@id":"https:\/\/canal4nogoya.com\/web\/suben-las-temperaturas-y-volverian-las-lluvias\/#webpage"},"articleSection":"Locales"},{"@type":"BreadcrumbList","@id":"https:\/\/canal4nogoya.com\/web\/suben-las-temperaturas-y-volverian-las-lluvias\/#breadcrumblist","itemListElement":[{"@type":"ListItem","@id":"https:\/\/canal4nogoya.com\/web#listItem","position":1,"name":"Home","item":"https:\/\/canal4nogoya.com\/web","nextItem":{"@type":"ListItem","@id":"https:\/\/canal4nogoya.com\/web\/category\/locales\/#listItem","name":"Locales"}},{"@type":"ListItem","@id":"https:\/\/canal4nogoya.com\/web\/category\/locales\/#listItem","position":2,"name":"Locales","item":"https:\/\/canal4nogoya.com\/web\/category\/locales\/","nextItem":{"@type":"ListItem","@id":"https:\/\/canal4nogoya.com\/web\/suben-las-temperaturas-y-volverian-las-lluvias\/#listItem","name":"Suben las temperaturas y volver\u00edan las lluvias"},"previousItem":{"@type":"ListItem","@id":"https:\/\/canal4nogoya.com\/web#listItem","name":"Home"}},{"@type":"ListItem","@id":"https:\/\/canal4nogoya.com\/web\/suben-las-temperaturas-y-volverian-las-lluvias\/#listItem","position":3,"name":"Suben las temperaturas y volver\u00edan las lluvias","previousItem":{"@type":"ListItem","@id":"https:\/\/canal4nogoya.com\/web\/category\/locales\/#listItem","name":"Locales"}}]},{"@type":"Organization","@id":"https:\/\/canal4nogoya.com\/web\/#organization","name":"Canal 4 Nogoy\u00e1","description":"Nogoy\u00e1 Televisora Color","url":"https:\/\/canal4nogoya.com\/web\/","logo":{"@type":"ImageObject","url":"https:\/\/canal4nogoya.com\/web\/wp-content\/uploads\/2025\/04\/logos-fondo-blanco.jpg","@id":"https:\/\/canal4nogoya.com\/web\/suben-las-temperaturas-y-volverian-las-lluvias\/#organizationLogo","width":2353,"height":1080},"image":{"@id":"https:\/\/canal4nogoya.com\/web\/suben-las-temperaturas-y-volverian-las-lluvias\/#organizationLogo"}},{"@type":"Person","@id":"https:\/\/canal4nogoya.com\/web\/author\/gonzalo\/#author","url":"https:\/\/canal4nogoya.com\/web\/author\/gonzalo\/","name":"Redacci\u00f3n","image":{"@type":"ImageObject","@id":"https:\/\/canal4nogoya.com\/web\/suben-las-temperaturas-y-volverian-las-lluvias\/#authorImage","url":"https:\/\/canal4nogoya.com\/web\/wp-content\/litespeed\/avatar\/1df8586f31106921a2f6ae0d9530296b.jpg?ver=1787987515","width":96,"height":96,"caption":"Redacci\u00f3n"}},{"@type":"WebPage","@id":"https:\/\/canal4nogoya.com\/web\/suben-las-temperaturas-y-volverian-las-lluvias\/#webpage","url":"https:\/\/canal4nogoya.com\/web\/suben-las-temperaturas-y-volverian-las-lluvias\/","name":"Suben las temperaturas y volver\u00edan las lluvias - Canal 4 Nogoy\u00e1","description":"El Servicio Meteorol\u00f3gico Nacional (SMN) informa que se pronostica un martes mayormente nublado en la provincia. En esa l\u00ednea, se anuncia un leve ascenso de las temperaturas, las que rondar\u00e1n entre los 5 y los 18 grados. En Nogoy\u00e1, Paran\u00e1, La Paz, Villaguay y Diamante la m\u00ednima ser\u00e1 de 7 grados y la m\u00e1xima alcanzar\u00e1 los 18 grados.","inLanguage":"es-ES","isPartOf":{"@id":"https:\/\/canal4nogoya.com\/web\/#website"},"breadcrumb":{"@id":"https:\/\/canal4nogoya.com\/web\/suben-las-temperaturas-y-volverian-las-lluvias\/#breadcrumblist"},"author":{"@id":"https:\/\/canal4nogoya.com\/web\/author\/gonzalo\/#author"},"creator":{"@id":"https:\/\/canal4nogoya.com\/web\/author\/gonzalo\/#author"},"image":{"@type":"ImageObject","url":"https:\/\/canal4nogoya.com\/web\/wp-content\/uploads\/2026\/08\/1-1-1-1-1-1-1-a-PL-Li.jpeg","@id":"https:\/\/canal4nogoya.com\/web\/suben-las-temperaturas-y-volverian-las-lluvias\/#mainImage","width":999,"height":930},"primaryImageOfPage":{"@id":"https:\/\/canal4nogoya.com\/web\/suben-las-temperaturas-y-volverian-las-lluvias\/#mainImage"},"datePublished":"2026-08-24T22:10:26-03:00","dateModified":"2026-08-24T22:10:28-03:00"},{"@type":"WebSite","@id":"https:\/\/canal4nogoya.com\/web\/#website","url":"https:\/\/canal4nogoya.com\/web\/","name":"Canal 4 Nogoy\u00e1","description":"Nogoy\u00e1 Televisora Color","inLanguage":"es-ES","publisher":{"@id":"https:\/\/canal4nogoya.com\/web\/#organization"}}]},"og:locale":"es_ES","og:site_name":"Canal 4 Nogoy\u00e1 - Nogoy\u00e1 Televisora Color","og:type":"article","og:title":"Suben las temperaturas y volver\u00edan las lluvias - Canal 4 Nogoy\u00e1","og:description":"El Servicio Meteorol\u00f3gico Nacional (SMN) informa que se pronostica un martes mayormente nublado en la provincia. En esa l\u00ednea, se anuncia un leve ascenso de las temperaturas, las que rondar\u00e1n entre los 5 y los 18 grados. En Nogoy\u00e1, Paran\u00e1, La Paz, Villaguay y Diamante la m\u00ednima ser\u00e1 de 7 grados y la m\u00e1xima alcanzar\u00e1 los 18 grados.","og:url":"https:\/\/canal4nogoya.com\/web\/suben-las-temperaturas-y-volverian-las-lluvias\/","og:image":"https:\/\/canal4nogoya.com\/web\/wp-content\/uploads\/2026\/08\/1-1-1-1-1-1-1-a-PL-Li.jpeg","og:image:secure_url":"https:\/\/canal4nogoya.com\/web\/wp-content\/uploads\/2026\/08\/1-1-1-1-1-1-1-a-PL-Li.jpeg","og:image:width":999,"og:image:height":930,"article:published_time":"2026-08-25T01:10:26+00:00","article:modified_time":"2026-08-25T01:10:28+00:00","twitter:card":"summary_large_image","twitter:title":"Suben las temperaturas y volver\u00edan las lluvias - Canal 4 Nogoy\u00e1","twitter:description":"El Servicio Meteorol\u00f3gico Nacional (SMN) informa que se pronostica un martes mayormente nublado en la provincia. En esa l\u00ednea, se anuncia un leve ascenso de las temperaturas, las que rondar\u00e1n entre los 5 y los 18 grados. En Nogoy\u00e1, Paran\u00e1, La Paz, Villaguay y Diamante la m\u00ednima ser\u00e1 de 7 grados y la m\u00e1xima alcanzar\u00e1 los 18 grados.","twitter:image":"https:\/\/canal4nogoya.com\/web\/wp-content\/uploads\/2026\/08\/1-1-1-1-1-1-1-a-PL-Li.jpeg"},"aioseo_meta_data":{"post_id":"4681","title":null,"description":null,"keywords":null,"keyphrases":{"focus":{"keyphrase":"","score":0,"analysis":{"keyphraseInTitle":{"score":0,"maxScore":9,"error":1}}},"additional":[]},"primary_term":null,"canonical_url":null,"og_title":null,"og_description":null,"og_object_type":"default","og_image_type":"default","og_image_url":null,"og_image_width":null,"og_image_height":null,"og_image_custom_url":null,"og_image_custom_fields":null,"og_video":"","og_custom_url":null,"og_article_section":null,"og_article_tags":null,"twitter_use_og":false,"twitter_card":"default","twitter_image_type":"default","twitter_image_url":null,"twitter_image_custom_url":null,"twitter_image_custom_fields":null,"twitter_title":null,"twitter_description":null,"schema":{"blockGraphs":[],"customGraphs":[],"default":{"data":{"Article":[],"Course":[],"Dataset":[],"FAQPage":[],"Movie":[],"Person":[],"Product":[],"ProductReview":[],"Car":[],"Recipe":[],"Service":[],"SoftwareApplication":[],"WebPage":[]},"graphName":"BlogPosting","isEnabled":true},"graphs":[]},"schema_type":"default","schema_type_options":null,"pillar_content":false,"robots_default":true,"robots_noindex":false,"robots_noarchive":false,"robots_nosnippet":false,"robots_nofollow":false,"robots_noimageindex":false,"robots_noodp":false,"robots_notranslate":false,"robots_max_snippet":"-1","robots_max_videopreview":"-1","robots_max_imagepreview":"large","priority":null,"frequency":"default","local_seo":null,"breadcrumb_settings":null,"limit_modified_date":false,"ai":{"faqs":[],"keyPoints":[],"schemas":[],"titles":[],"descriptions":[],"socialPosts":{"email":{"subject":"","preview":"","content":""},"linkedin":[],"twitter":[],"facebook":[],"instagram":[]}},"created":"2026-08-25 01:10:28","updated":"2026-08-25 01:13:05","seo_analyzer_scan_date":null,"focus_keyword":null,"additional_keywords":null,"truseo_locale":null},"aioseo_breadcrumb":"<div class=\"aioseo-breadcrumbs\"><span class=\"aioseo-breadcrumb\">\n\t\t\t<a href=\"https:\/\/canal4nogoya.com\/web\" title=\"Home\">Home<\/a>\n\t\t<\/span><span class=\"aioseo-breadcrumb-separator\">&raquo;<\/span><span class=\"aioseo-breadcrumb\">\n\t\t\t<a href=\"https:\/\/canal4nogoya.com\/web\/category\/locales\/\" title=\"Locales\">Locales<\/a>\n\t\t<\/span><span class=\"aioseo-breadcrumb-separator\">&raquo;<\/span><span class=\"aioseo-breadcrumb\">\n\t\t\tSuben las temperaturas y volver\u00edan las lluvias\n\t\t<\/span><\/div>","aioseo_breadcrumb_json":[{"label":"Home","link":"https:\/\/canal4nogoya.com\/web"},{"label":"Locales","link":"https:\/\/canal4nogoya.com\/web\/category\/locales\/"},{"label":"Suben las temperaturas y volver\u00edan las lluvias","link":"https:\/\/canal4nogoya.com\/web\/suben-las-temperaturas-y-volverian-las-lluvias\/"}],"jetpack_featured_media_url":"https:\/\/canal4nogoya.com\/web\/wp-content\/uploads\/2026\/08\/1-1-1-1-1-1-1-a-PL-Li.jpeg","_links":{"self":[{"href":"https:\/\/canal4nogoya.com\/web\/wp-json\/wp\/v2\/posts\/4681","targetHints":{"allow":["GET"]}}],"collection":[{"href":"https:\/\/canal4nogoya.com\/web\/wp-json\/wp\/v2\/posts"}],"about":[{"href":"https:\/\/canal4nogoya.com\/web\/wp-json\/wp\/v2\/types\/post"}],"author":[{"embeddable":true,"href":"https:\/\/canal4nogoya.com\/web\/wp-json\/wp\/v2\/users\/3"}],"replies":[{"embeddable":true,"href":"https:\/\/canal4nogoya.com\/web\/wp-json\/wp\/v2\/comments?post=4681"}],"version-history":[{"count":1,"href":"https:\/\/canal4nogoya.com\/web\/wp-json\/wp\/v2\/posts\/4681\/revisions"}],"predecessor-version":[{"id":4682,"href":"https:\/\/canal4nogoya.com\/web\/wp-json\/wp\/v2\/posts\/4681\/revisions\/4682"}],"wp:featuredmedia":[{"embeddable":true,"href":"https:\/\/canal4nogoya.com\/web\/wp-json\/wp\/v2\/media\/4631"}],"wp:attachment":[{"href":"https:\/\/canal4nogoya.com\/web\/wp-json\/wp\/v2\/media?parent=4681"}],"wp:term":[{"taxonomy":"category","embeddable":true,"href":"https:\/\/canal4nogoya.com\/web\/wp-json\/wp\/v2\/categories?post=4681"},{"taxonomy":"post_tag","embeddable":true,"href":"https:\/\/canal4nogoya.com\/web\/wp-json\/wp\/v2\/tags?post=4681"}],"curies":[{"name":"wp","href":"https:\/\/api.w.org\/{rel}","templated":true}]}}