{"id":4683,"date":"2026-08-24T22:17:01","date_gmt":"2026-08-25T01:17:01","guid":{"rendered":"https:\/\/canal4nogoya.com\/web\/?p=4683"},"modified":"2026-08-24T22:17:03","modified_gmt":"2026-08-25T01:17:03","slug":"adorni-pidio-extender-el-plazo-para-presentar-su-justificacion-patrimonial","status":"publish","type":"post","link":"https:\/\/canal4nogoya.com\/web\/adorni-pidio-extender-el-plazo-para-presentar-su-justificacion-patrimonial\/","title":{"rendered":"Adorni pidi\u00f3 extender el plazo para presentar su justificaci\u00f3n patrimonial"},"content":{"rendered":"\n<p class=\"wp-block-paragraph\"><\/p>\n\n\n\n<p class=\"wp-block-paragraph\">El ex jefe de Gabinete\u00a0<strong>Manuel Adorni pidi\u00f3 otros 15 d\u00edas<\/strong>\u00a0para responder el\u00a0<strong>requerimiento de justificaci\u00f3n patrimonial<\/strong>\u00a0presentado por el fiscal Gerardo Pollicita, quien lo investiga por presunto enriquecimiento il\u00edcito. El plazo original vence este mi\u00e9rcoles 26 de agosto.<\/p>\n\n\n\n<p class=\"wp-block-paragraph\"><\/p>\n\n\n\n<p class=\"wp-block-paragraph\">La defensa de Adorni y de su esposa,\u00a0<strong>Bettina Angeletti<\/strong>, present\u00f3 la solicitud ante el juez federal Ariel Lijo. El abogado Mat\u00edas Ledesma sostuvo que\u00a0<strong>necesita acceder a archivos y conversaciones citados por la fiscal\u00eda que todav\u00eda no pudo revisar<\/strong>.<\/p>\n\n\n\n<p class=\"wp-block-paragraph\"><\/p>\n\n\n\n<p class=\"wp-block-paragraph\">El requerimiento constituye la primera oportunidad formal del exfuncionario para&nbsp;<strong>justificar el origen y la evoluci\u00f3n de su patrimonio<\/strong>. Si las respuestas no despejan las inconsistencias detectadas, Pollicita podr\u00e1 solicitar que Lijo lo cite a declaraci\u00f3n indagatoria.<\/p>\n\n\n\n<p class=\"wp-block-paragraph\">El titular del Juzgado Federal N\u00b0 4 de Comodoro Py puede pedir la opini\u00f3n de la fiscal\u00eda antes de resolver si concede la pr\u00f3rroga. La defensa propuso extender el vencimiento por otros 15 d\u00edas.<\/p>\n\n\n\n<p class=\"wp-block-paragraph\">El dictamen, firmado el 10 de agosto, tiene 207 p\u00e1ginas y enumera&nbsp;<strong>20 puntos que Adorni y Angeletti deber\u00e1n aclarar<\/strong>. La investigaci\u00f3n abarca desde el 14 de diciembre de 2023,&nbsp;<strong>cuando Adorni ingres\u00f3 al Gobierno nacional como vocero presidencial<\/strong>, hasta el 27 de junio de 2026,&nbsp;<a href=\"https:\/\/ahora.com.ar\/2\/manuel-adorni-renuncio-a-la-jefatura-de-gabinete\">fecha en la que formaliz\u00f3 su renuncia<\/a>.<\/p>\n\n\n\n<p class=\"wp-block-paragraph\"><\/p>\n\n\n\n<p class=\"wp-block-paragraph\">Seg\u00fan la reconstrucci\u00f3n fiscal, el matrimonio percibi\u00f3 $229.752.283,20 por los haberes de Adorni y de su esposa durante el per\u00edodo investigado. Los gastos registrados en pesos, en cambio, ascendieron a $272.820.832,20.<\/p>\n\n\n\n<p class=\"wp-block-paragraph\">La diferencia entre ambos montos dej\u00f3&nbsp;<strong>un saldo de $43.068.549 que todav\u00eda no tiene explicaci\u00f3n<\/strong>, de acuerdo con el dictamen. El c\u00e1lculo incluy\u00f3 expensas, servicios, impuestos, viajes, seguros de autom\u00f3viles, electrodom\u00e9sticos y consumos con tarjetas de cr\u00e9dito.<\/p>\n\n\n\n<p class=\"wp-block-paragraph\">Pollicita tambi\u00e9n identific\u00f3 gastos en moneda extranjera por USD 402.578,12. La cifra comprende la adquisici\u00f3n y remodelaciones del lote 380 del country Indio Cu\u00e1\u00a0, la compra de\u00a0<strong>un departamento en Mir\u00f3 550<\/strong>, mobiliario para ambas propiedades, alquileres temporarios y viajes al exterior.<\/p>\n\n\n\n<p class=\"wp-block-paragraph\">El fiscal sostuvo que esas erogaciones \u201cno encuentran correlato en los ingresos l\u00edcitos comprobados\u201d del grupo familiar.<\/p>\n\n\n\n<p class=\"wp-block-paragraph\"><\/p>\n\n\n\n<p class=\"wp-block-paragraph\">Uno de los puntos centrales del requerimiento se refiere a&nbsp;<strong>d\u00f3lares en efectivo<\/strong>&nbsp;declarados bajo el concepto de \u201cventa de activos\u201d. Adorni deber\u00e1 informar&nbsp;<strong>qu\u00e9 bienes vendi\u00f3, qui\u00e9nes fueron los compradores y qu\u00e9 documentaci\u00f3n respalda esas operaciones<\/strong>.<\/p>\n\n\n\n<p class=\"wp-block-paragraph\"><\/p>\n\n\n\n<p class=\"wp-block-paragraph\">El exfuncionario hab\u00eda afirmado p\u00fablicamente que&nbsp;<strong>pose\u00eda desde hac\u00eda una d\u00e9cada medio mill\u00f3n de d\u00f3lares en criptomonedas<\/strong>, que no hab\u00eda declarado ni utilizado hasta su llegada al Gobierno. La fiscal\u00eda reclama ahora&nbsp;<strong>documentaci\u00f3n que permita reconstruir el origen y los movimientos de esos fondos<\/strong>.<\/p>\n\n\n\n<p class=\"wp-block-paragraph\"><\/p>\n\n\n\n<p class=\"wp-block-paragraph\">Los investigadores tambi\u00e9n pidieron acreditar la existencia de&nbsp;<strong>pr\u00e9stamos familiares<\/strong>&nbsp;atribuidos a&nbsp;<strong>Silvia Pais<\/strong>&nbsp;y&nbsp;<strong>Norma Zuccolo<\/strong>, explicar la procedencia del dinero utilizado para comprar un veh\u00edculo Jeep y precisar&nbsp;<strong>por qu\u00e9 el lote de Indio Cu\u00e1 qued\u00f3 registrado \u00fanicamente a nombre de Angeletti<\/strong>.<\/p>\n\n\n\n<p class=\"wp-block-paragraph\"><\/p>\n\n\n\n<p class=\"wp-block-paragraph\">En relaci\u00f3n con esa propiedad, la fiscal\u00eda solicit\u00f3 que el matrimonio justifique&nbsp;<strong>USD 245.000 que, seg\u00fan el expediente, pag\u00f3 en efectivo<\/strong>&nbsp;al contratista&nbsp;<strong>Mat\u00edas Tabar<\/strong>&nbsp;por la remodelaci\u00f3n de la vivienda.<\/p>\n\n\n\n<p class=\"wp-block-paragraph\"><\/p>\n\n\n\n<p class=\"wp-block-paragraph\"><\/p>\n\n\n\n<p class=\"wp-block-paragraph\">Fuente: Ahora<\/p>\n\n\n\n<p class=\"wp-block-paragraph\"><\/p>\n","protected":false},"excerpt":{"rendered":"<p>El ex jefe de Gabinete\u00a0Manuel Adorni pidi\u00f3 otros 15 d\u00edas\u00a0para responder el\u00a0requerimiento de justificaci\u00f3n patrimonial\u00a0presentado por el fiscal Gerardo Pollicita, quien lo investiga por presunto enriquecimiento il\u00edcito. El plazo original vence este mi\u00e9rcoles 26 de agosto. La defensa de Adorni y de su esposa,\u00a0Bettina Angeletti, present\u00f3 la solicitud ante el juez federal Ariel Lijo. El&#8230;<\/p>\n","protected":false},"author":3,"featured_media":3584,"comment_status":"open","ping_status":"closed","sticky":false,"template":"","format":"standard","meta":{"_monsterinsights_skip_tracking":false,"footnotes":""},"categories":[9],"tags":[],"class_list":["post-4683","post","type-post","status-publish","format-standard","has-post-thumbnail","hentry","category-nacionales"],"aioseo_notices":[],"aioseo_head":"\n\t\t<!-- All in One SEO 5.0.1.1 - aioseo.com -->\n\t<meta name=\"description\" content=\"El ex jefe de Gabinete Manuel Adorni pidi\u00f3 otros 15 d\u00edas para responder el requerimiento de justificaci\u00f3n patrimonial presentado por el fiscal Gerardo Pollicita, quien lo investiga por presunto enriquecimiento il\u00edcito. El plazo original vence este mi\u00e9rcoles 26 de agosto. La defensa de Adorni y de su esposa, Bettina Angeletti, present\u00f3 la solicitud ante el juez federal Ariel Lijo. El\" \/>\n\t<meta name=\"robots\" content=\"max-image-preview:large\" \/>\n\t<meta name=\"author\" content=\"Redacci\u00f3n\"\/>\n\t<link rel=\"canonical\" href=\"https:\/\/canal4nogoya.com\/web\/adorni-pidio-extender-el-plazo-para-presentar-su-justificacion-patrimonial\/\" \/>\n\t<meta name=\"generator\" content=\"All in One SEO (AIOSEO) 5.0.1.1\" \/>\n\t\t<meta property=\"og:locale\" content=\"es_ES\" \/>\n\t\t<meta property=\"og:site_name\" content=\"Canal 4 Nogoy\u00e1 - Nogoy\u00e1 Televisora Color\" \/>\n\t\t<meta property=\"og:type\" content=\"article\" \/>\n\t\t<meta property=\"og:title\" content=\"Adorni pidi\u00f3 extender el plazo para presentar su justificaci\u00f3n patrimonial - Canal 4 Nogoy\u00e1\" \/>\n\t\t<meta property=\"og:description\" content=\"El ex jefe de Gabinete Manuel Adorni pidi\u00f3 otros 15 d\u00edas para responder el requerimiento de justificaci\u00f3n patrimonial presentado por el fiscal Gerardo Pollicita, quien lo investiga por presunto enriquecimiento il\u00edcito. El plazo original vence este mi\u00e9rcoles 26 de agosto. La defensa de Adorni y de su esposa, Bettina Angeletti, present\u00f3 la solicitud ante el juez federal Ariel Lijo. El\" \/>\n\t\t<meta property=\"og:url\" content=\"https:\/\/canal4nogoya.com\/web\/adorni-pidio-extender-el-plazo-para-presentar-su-justificacion-patrimonial\/\" \/>\n\t\t<meta property=\"og:image\" content=\"https:\/\/canal4nogoya.com\/web\/wp-content\/uploads\/2026\/05\/1-1-1-1Ad.jpg\" \/>\n\t\t<meta property=\"og:image:secure_url\" content=\"https:\/\/canal4nogoya.com\/web\/wp-content\/uploads\/2026\/05\/1-1-1-1Ad.jpg\" \/>\n\t\t<meta property=\"og:image:width\" content=\"987\" \/>\n\t\t<meta property=\"og:image:height\" content=\"555\" \/>\n\t\t<meta property=\"article:published_time\" content=\"2026-08-25T01:17:01+00:00\" \/>\n\t\t<meta property=\"article:modified_time\" content=\"2026-08-25T01:17:03+00:00\" \/>\n\t\t<meta name=\"twitter:card\" content=\"summary_large_image\" \/>\n\t\t<meta name=\"twitter:title\" content=\"Adorni pidi\u00f3 extender el plazo para presentar su justificaci\u00f3n patrimonial - Canal 4 Nogoy\u00e1\" \/>\n\t\t<meta name=\"twitter:description\" content=\"El ex jefe de Gabinete Manuel Adorni pidi\u00f3 otros 15 d\u00edas para responder el requerimiento de justificaci\u00f3n patrimonial presentado por el fiscal Gerardo Pollicita, quien lo investiga por presunto enriquecimiento il\u00edcito. El plazo original vence este mi\u00e9rcoles 26 de agosto. La defensa de Adorni y de su esposa, Bettina Angeletti, present\u00f3 la solicitud ante el juez federal Ariel Lijo. El\" \/>\n\t\t<meta name=\"twitter:image\" content=\"https:\/\/canal4nogoya.com\/web\/wp-content\/uploads\/2026\/05\/1-1-1-1Ad.jpg\" \/>\n\t\t<script type=\"application\/ld+json\" class=\"aioseo-schema\">\n\t\t\t{\"@context\":\"https:\\\/\\\/schema.org\",\"@graph\":[{\"@type\":\"BlogPosting\",\"@id\":\"https:\\\/\\\/canal4nogoya.com\\\/web\\\/adorni-pidio-extender-el-plazo-para-presentar-su-justificacion-patrimonial\\\/#blogposting\",\"name\":\"Adorni pidi\\u00f3 extender el plazo para presentar su justificaci\\u00f3n patrimonial - Canal 4 Nogoy\\u00e1\",\"headline\":\"Adorni pidi\\u00f3 extender el plazo para presentar su justificaci\\u00f3n patrimonial\",\"author\":{\"@id\":\"https:\\\/\\\/canal4nogoya.com\\\/web\\\/author\\\/gonzalo\\\/#author\"},\"publisher\":{\"@id\":\"https:\\\/\\\/canal4nogoya.com\\\/web\\\/#organization\"},\"image\":{\"@type\":\"ImageObject\",\"url\":\"https:\\\/\\\/canal4nogoya.com\\\/web\\\/wp-content\\\/uploads\\\/2026\\\/05\\\/1-1-1-1Ad.jpg\",\"width\":987,\"height\":555},\"datePublished\":\"2026-08-24T22:17:01-03:00\",\"dateModified\":\"2026-08-24T22:17:03-03:00\",\"inLanguage\":\"es-ES\",\"mainEntityOfPage\":{\"@id\":\"https:\\\/\\\/canal4nogoya.com\\\/web\\\/adorni-pidio-extender-el-plazo-para-presentar-su-justificacion-patrimonial\\\/#webpage\"},\"isPartOf\":{\"@id\":\"https:\\\/\\\/canal4nogoya.com\\\/web\\\/adorni-pidio-extender-el-plazo-para-presentar-su-justificacion-patrimonial\\\/#webpage\"},\"articleSection\":\"Nacionales\"},{\"@type\":\"BreadcrumbList\",\"@id\":\"https:\\\/\\\/canal4nogoya.com\\\/web\\\/adorni-pidio-extender-el-plazo-para-presentar-su-justificacion-patrimonial\\\/#breadcrumblist\",\"itemListElement\":[{\"@type\":\"ListItem\",\"@id\":\"https:\\\/\\\/canal4nogoya.com\\\/web#listItem\",\"position\":1,\"name\":\"Home\",\"item\":\"https:\\\/\\\/canal4nogoya.com\\\/web\",\"nextItem\":{\"@type\":\"ListItem\",\"@id\":\"https:\\\/\\\/canal4nogoya.com\\\/web\\\/category\\\/nacionales\\\/#listItem\",\"name\":\"Nacionales\"}},{\"@type\":\"ListItem\",\"@id\":\"https:\\\/\\\/canal4nogoya.com\\\/web\\\/category\\\/nacionales\\\/#listItem\",\"position\":2,\"name\":\"Nacionales\",\"item\":\"https:\\\/\\\/canal4nogoya.com\\\/web\\\/category\\\/nacionales\\\/\",\"nextItem\":{\"@type\":\"ListItem\",\"@id\":\"https:\\\/\\\/canal4nogoya.com\\\/web\\\/adorni-pidio-extender-el-plazo-para-presentar-su-justificacion-patrimonial\\\/#listItem\",\"name\":\"Adorni pidi\\u00f3 extender el plazo para presentar su justificaci\\u00f3n patrimonial\"},\"previousItem\":{\"@type\":\"ListItem\",\"@id\":\"https:\\\/\\\/canal4nogoya.com\\\/web#listItem\",\"name\":\"Home\"}},{\"@type\":\"ListItem\",\"@id\":\"https:\\\/\\\/canal4nogoya.com\\\/web\\\/adorni-pidio-extender-el-plazo-para-presentar-su-justificacion-patrimonial\\\/#listItem\",\"position\":3,\"name\":\"Adorni pidi\\u00f3 extender el plazo para presentar su justificaci\\u00f3n patrimonial\",\"previousItem\":{\"@type\":\"ListItem\",\"@id\":\"https:\\\/\\\/canal4nogoya.com\\\/web\\\/category\\\/nacionales\\\/#listItem\",\"name\":\"Nacionales\"}}]},{\"@type\":\"Organization\",\"@id\":\"https:\\\/\\\/canal4nogoya.com\\\/web\\\/#organization\",\"name\":\"Canal 4 Nogoy\\u00e1\",\"description\":\"Nogoy\\u00e1 Televisora Color\",\"url\":\"https:\\\/\\\/canal4nogoya.com\\\/web\\\/\",\"logo\":{\"@type\":\"ImageObject\",\"url\":\"https:\\\/\\\/canal4nogoya.com\\\/web\\\/wp-content\\\/uploads\\\/2025\\\/04\\\/logos-fondo-blanco.jpg\",\"@id\":\"https:\\\/\\\/canal4nogoya.com\\\/web\\\/adorni-pidio-extender-el-plazo-para-presentar-su-justificacion-patrimonial\\\/#organizationLogo\",\"width\":2353,\"height\":1080},\"image\":{\"@id\":\"https:\\\/\\\/canal4nogoya.com\\\/web\\\/adorni-pidio-extender-el-plazo-para-presentar-su-justificacion-patrimonial\\\/#organizationLogo\"}},{\"@type\":\"Person\",\"@id\":\"https:\\\/\\\/canal4nogoya.com\\\/web\\\/author\\\/gonzalo\\\/#author\",\"url\":\"https:\\\/\\\/canal4nogoya.com\\\/web\\\/author\\\/gonzalo\\\/\",\"name\":\"Redacci\\u00f3n\",\"image\":{\"@type\":\"ImageObject\",\"@id\":\"https:\\\/\\\/canal4nogoya.com\\\/web\\\/adorni-pidio-extender-el-plazo-para-presentar-su-justificacion-patrimonial\\\/#authorImage\",\"url\":\"https:\\\/\\\/canal4nogoya.com\\\/web\\\/wp-content\\\/litespeed\\\/avatar\\\/1df8586f31106921a2f6ae0d9530296b.jpg?ver=1787987515\",\"width\":96,\"height\":96,\"caption\":\"Redacci\\u00f3n\"}},{\"@type\":\"WebPage\",\"@id\":\"https:\\\/\\\/canal4nogoya.com\\\/web\\\/adorni-pidio-extender-el-plazo-para-presentar-su-justificacion-patrimonial\\\/#webpage\",\"url\":\"https:\\\/\\\/canal4nogoya.com\\\/web\\\/adorni-pidio-extender-el-plazo-para-presentar-su-justificacion-patrimonial\\\/\",\"name\":\"Adorni pidi\\u00f3 extender el plazo para presentar su justificaci\\u00f3n patrimonial - Canal 4 Nogoy\\u00e1\",\"description\":\"El ex jefe de Gabinete Manuel Adorni pidi\\u00f3 otros 15 d\\u00edas para responder el requerimiento de justificaci\\u00f3n patrimonial presentado por el fiscal Gerardo Pollicita, quien lo investiga por presunto enriquecimiento il\\u00edcito. El plazo original vence este mi\\u00e9rcoles 26 de agosto. La defensa de Adorni y de su esposa, Bettina Angeletti, present\\u00f3 la solicitud ante el juez federal Ariel Lijo. El\",\"inLanguage\":\"es-ES\",\"isPartOf\":{\"@id\":\"https:\\\/\\\/canal4nogoya.com\\\/web\\\/#website\"},\"breadcrumb\":{\"@id\":\"https:\\\/\\\/canal4nogoya.com\\\/web\\\/adorni-pidio-extender-el-plazo-para-presentar-su-justificacion-patrimonial\\\/#breadcrumblist\"},\"author\":{\"@id\":\"https:\\\/\\\/canal4nogoya.com\\\/web\\\/author\\\/gonzalo\\\/#author\"},\"creator\":{\"@id\":\"https:\\\/\\\/canal4nogoya.com\\\/web\\\/author\\\/gonzalo\\\/#author\"},\"image\":{\"@type\":\"ImageObject\",\"url\":\"https:\\\/\\\/canal4nogoya.com\\\/web\\\/wp-content\\\/uploads\\\/2026\\\/05\\\/1-1-1-1Ad.jpg\",\"@id\":\"https:\\\/\\\/canal4nogoya.com\\\/web\\\/adorni-pidio-extender-el-plazo-para-presentar-su-justificacion-patrimonial\\\/#mainImage\",\"width\":987,\"height\":555},\"primaryImageOfPage\":{\"@id\":\"https:\\\/\\\/canal4nogoya.com\\\/web\\\/adorni-pidio-extender-el-plazo-para-presentar-su-justificacion-patrimonial\\\/#mainImage\"},\"datePublished\":\"2026-08-24T22:17:01-03:00\",\"dateModified\":\"2026-08-24T22:17:03-03:00\"},{\"@type\":\"WebSite\",\"@id\":\"https:\\\/\\\/canal4nogoya.com\\\/web\\\/#website\",\"url\":\"https:\\\/\\\/canal4nogoya.com\\\/web\\\/\",\"name\":\"Canal 4 Nogoy\\u00e1\",\"description\":\"Nogoy\\u00e1 Televisora Color\",\"inLanguage\":\"es-ES\",\"publisher\":{\"@id\":\"https:\\\/\\\/canal4nogoya.com\\\/web\\\/#organization\"}}]}\n\t\t<\/script>\n\t\t<!-- All in One SEO -->\n\n","aioseo_head_json":{"title":"Adorni pidi\u00f3 extender el plazo para presentar su justificaci\u00f3n patrimonial - Canal 4 Nogoy\u00e1","description":"El ex jefe de Gabinete Manuel Adorni pidi\u00f3 otros 15 d\u00edas para responder el requerimiento de justificaci\u00f3n patrimonial presentado por el fiscal Gerardo Pollicita, quien lo investiga por presunto enriquecimiento il\u00edcito. El plazo original vence este mi\u00e9rcoles 26 de agosto. La defensa de Adorni y de su esposa, Bettina Angeletti, present\u00f3 la solicitud ante el juez federal Ariel Lijo. El","canonical_url":"https:\/\/canal4nogoya.com\/web\/adorni-pidio-extender-el-plazo-para-presentar-su-justificacion-patrimonial\/","robots":"max-image-preview:large","keywords":"","webmasterTools":{"miscellaneous":""},"schema":{"@context":"https:\/\/schema.org","@graph":[{"@type":"BlogPosting","@id":"https:\/\/canal4nogoya.com\/web\/adorni-pidio-extender-el-plazo-para-presentar-su-justificacion-patrimonial\/#blogposting","name":"Adorni pidi\u00f3 extender el plazo para presentar su justificaci\u00f3n patrimonial - Canal 4 Nogoy\u00e1","headline":"Adorni pidi\u00f3 extender el plazo para presentar su justificaci\u00f3n patrimonial","author":{"@id":"https:\/\/canal4nogoya.com\/web\/author\/gonzalo\/#author"},"publisher":{"@id":"https:\/\/canal4nogoya.com\/web\/#organization"},"image":{"@type":"ImageObject","url":"https:\/\/canal4nogoya.com\/web\/wp-content\/uploads\/2026\/05\/1-1-1-1Ad.jpg","width":987,"height":555},"datePublished":"2026-08-24T22:17:01-03:00","dateModified":"2026-08-24T22:17:03-03:00","inLanguage":"es-ES","mainEntityOfPage":{"@id":"https:\/\/canal4nogoya.com\/web\/adorni-pidio-extender-el-plazo-para-presentar-su-justificacion-patrimonial\/#webpage"},"isPartOf":{"@id":"https:\/\/canal4nogoya.com\/web\/adorni-pidio-extender-el-plazo-para-presentar-su-justificacion-patrimonial\/#webpage"},"articleSection":"Nacionales"},{"@type":"BreadcrumbList","@id":"https:\/\/canal4nogoya.com\/web\/adorni-pidio-extender-el-plazo-para-presentar-su-justificacion-patrimonial\/#breadcrumblist","itemListElement":[{"@type":"ListItem","@id":"https:\/\/canal4nogoya.com\/web#listItem","position":1,"name":"Home","item":"https:\/\/canal4nogoya.com\/web","nextItem":{"@type":"ListItem","@id":"https:\/\/canal4nogoya.com\/web\/category\/nacionales\/#listItem","name":"Nacionales"}},{"@type":"ListItem","@id":"https:\/\/canal4nogoya.com\/web\/category\/nacionales\/#listItem","position":2,"name":"Nacionales","item":"https:\/\/canal4nogoya.com\/web\/category\/nacionales\/","nextItem":{"@type":"ListItem","@id":"https:\/\/canal4nogoya.com\/web\/adorni-pidio-extender-el-plazo-para-presentar-su-justificacion-patrimonial\/#listItem","name":"Adorni pidi\u00f3 extender el plazo para presentar su justificaci\u00f3n patrimonial"},"previousItem":{"@type":"ListItem","@id":"https:\/\/canal4nogoya.com\/web#listItem","name":"Home"}},{"@type":"ListItem","@id":"https:\/\/canal4nogoya.com\/web\/adorni-pidio-extender-el-plazo-para-presentar-su-justificacion-patrimonial\/#listItem","position":3,"name":"Adorni pidi\u00f3 extender el plazo para presentar su justificaci\u00f3n patrimonial","previousItem":{"@type":"ListItem","@id":"https:\/\/canal4nogoya.com\/web\/category\/nacionales\/#listItem","name":"Nacionales"}}]},{"@type":"Organization","@id":"https:\/\/canal4nogoya.com\/web\/#organization","name":"Canal 4 Nogoy\u00e1","description":"Nogoy\u00e1 Televisora Color","url":"https:\/\/canal4nogoya.com\/web\/","logo":{"@type":"ImageObject","url":"https:\/\/canal4nogoya.com\/web\/wp-content\/uploads\/2025\/04\/logos-fondo-blanco.jpg","@id":"https:\/\/canal4nogoya.com\/web\/adorni-pidio-extender-el-plazo-para-presentar-su-justificacion-patrimonial\/#organizationLogo","width":2353,"height":1080},"image":{"@id":"https:\/\/canal4nogoya.com\/web\/adorni-pidio-extender-el-plazo-para-presentar-su-justificacion-patrimonial\/#organizationLogo"}},{"@type":"Person","@id":"https:\/\/canal4nogoya.com\/web\/author\/gonzalo\/#author","url":"https:\/\/canal4nogoya.com\/web\/author\/gonzalo\/","name":"Redacci\u00f3n","image":{"@type":"ImageObject","@id":"https:\/\/canal4nogoya.com\/web\/adorni-pidio-extender-el-plazo-para-presentar-su-justificacion-patrimonial\/#authorImage","url":"https:\/\/canal4nogoya.com\/web\/wp-content\/litespeed\/avatar\/1df8586f31106921a2f6ae0d9530296b.jpg?ver=1787987515","width":96,"height":96,"caption":"Redacci\u00f3n"}},{"@type":"WebPage","@id":"https:\/\/canal4nogoya.com\/web\/adorni-pidio-extender-el-plazo-para-presentar-su-justificacion-patrimonial\/#webpage","url":"https:\/\/canal4nogoya.com\/web\/adorni-pidio-extender-el-plazo-para-presentar-su-justificacion-patrimonial\/","name":"Adorni pidi\u00f3 extender el plazo para presentar su justificaci\u00f3n patrimonial - Canal 4 Nogoy\u00e1","description":"El ex jefe de Gabinete Manuel Adorni pidi\u00f3 otros 15 d\u00edas para responder el requerimiento de justificaci\u00f3n patrimonial presentado por el fiscal Gerardo Pollicita, quien lo investiga por presunto enriquecimiento il\u00edcito. El plazo original vence este mi\u00e9rcoles 26 de agosto. La defensa de Adorni y de su esposa, Bettina Angeletti, present\u00f3 la solicitud ante el juez federal Ariel Lijo. El","inLanguage":"es-ES","isPartOf":{"@id":"https:\/\/canal4nogoya.com\/web\/#website"},"breadcrumb":{"@id":"https:\/\/canal4nogoya.com\/web\/adorni-pidio-extender-el-plazo-para-presentar-su-justificacion-patrimonial\/#breadcrumblist"},"author":{"@id":"https:\/\/canal4nogoya.com\/web\/author\/gonzalo\/#author"},"creator":{"@id":"https:\/\/canal4nogoya.com\/web\/author\/gonzalo\/#author"},"image":{"@type":"ImageObject","url":"https:\/\/canal4nogoya.com\/web\/wp-content\/uploads\/2026\/05\/1-1-1-1Ad.jpg","@id":"https:\/\/canal4nogoya.com\/web\/adorni-pidio-extender-el-plazo-para-presentar-su-justificacion-patrimonial\/#mainImage","width":987,"height":555},"primaryImageOfPage":{"@id":"https:\/\/canal4nogoya.com\/web\/adorni-pidio-extender-el-plazo-para-presentar-su-justificacion-patrimonial\/#mainImage"},"datePublished":"2026-08-24T22:17:01-03:00","dateModified":"2026-08-24T22:17:03-03:00"},{"@type":"WebSite","@id":"https:\/\/canal4nogoya.com\/web\/#website","url":"https:\/\/canal4nogoya.com\/web\/","name":"Canal 4 Nogoy\u00e1","description":"Nogoy\u00e1 Televisora Color","inLanguage":"es-ES","publisher":{"@id":"https:\/\/canal4nogoya.com\/web\/#organization"}}]},"og:locale":"es_ES","og:site_name":"Canal 4 Nogoy\u00e1 - Nogoy\u00e1 Televisora Color","og:type":"article","og:title":"Adorni pidi\u00f3 extender el plazo para presentar su justificaci\u00f3n patrimonial - Canal 4 Nogoy\u00e1","og:description":"El ex jefe de Gabinete Manuel Adorni pidi\u00f3 otros 15 d\u00edas para responder el requerimiento de justificaci\u00f3n patrimonial presentado por el fiscal Gerardo Pollicita, quien lo investiga por presunto enriquecimiento il\u00edcito. El plazo original vence este mi\u00e9rcoles 26 de agosto. La defensa de Adorni y de su esposa, Bettina Angeletti, present\u00f3 la solicitud ante el juez federal Ariel Lijo. El","og:url":"https:\/\/canal4nogoya.com\/web\/adorni-pidio-extender-el-plazo-para-presentar-su-justificacion-patrimonial\/","og:image":"https:\/\/canal4nogoya.com\/web\/wp-content\/uploads\/2026\/05\/1-1-1-1Ad.jpg","og:image:secure_url":"https:\/\/canal4nogoya.com\/web\/wp-content\/uploads\/2026\/05\/1-1-1-1Ad.jpg","og:image:width":987,"og:image:height":555,"article:published_time":"2026-08-25T01:17:01+00:00","article:modified_time":"2026-08-25T01:17:03+00:00","twitter:card":"summary_large_image","twitter:title":"Adorni pidi\u00f3 extender el plazo para presentar su justificaci\u00f3n patrimonial - Canal 4 Nogoy\u00e1","twitter:description":"El ex jefe de Gabinete Manuel Adorni pidi\u00f3 otros 15 d\u00edas para responder el requerimiento de justificaci\u00f3n patrimonial presentado por el fiscal Gerardo Pollicita, quien lo investiga por presunto enriquecimiento il\u00edcito. El plazo original vence este mi\u00e9rcoles 26 de agosto. La defensa de Adorni y de su esposa, Bettina Angeletti, present\u00f3 la solicitud ante el juez federal Ariel Lijo. El","twitter:image":"https:\/\/canal4nogoya.com\/web\/wp-content\/uploads\/2026\/05\/1-1-1-1Ad.jpg"},"aioseo_meta_data":{"post_id":"4683","title":null,"description":null,"keywords":null,"keyphrases":{"focus":{"keyphrase":"","score":0,"analysis":{"keyphraseInTitle":{"score":0,"maxScore":9,"error":1}}},"additional":[]},"primary_term":null,"canonical_url":null,"og_title":null,"og_description":null,"og_object_type":"default","og_image_type":"default","og_image_url":null,"og_image_width":null,"og_image_height":null,"og_image_custom_url":null,"og_image_custom_fields":null,"og_video":"","og_custom_url":null,"og_article_section":null,"og_article_tags":null,"twitter_use_og":false,"twitter_card":"default","twitter_image_type":"default","twitter_image_url":null,"twitter_image_custom_url":null,"twitter_image_custom_fields":null,"twitter_title":null,"twitter_description":null,"schema":{"blockGraphs":[],"customGraphs":[],"default":{"data":{"Article":[],"Course":[],"Dataset":[],"FAQPage":[],"Movie":[],"Person":[],"Product":[],"ProductReview":[],"Car":[],"Recipe":[],"Service":[],"SoftwareApplication":[],"WebPage":[]},"graphName":"BlogPosting","isEnabled":true},"graphs":[]},"schema_type":"default","schema_type_options":null,"pillar_content":false,"robots_default":true,"robots_noindex":false,"robots_noarchive":false,"robots_nosnippet":false,"robots_nofollow":false,"robots_noimageindex":false,"robots_noodp":false,"robots_notranslate":false,"robots_max_snippet":"-1","robots_max_videopreview":"-1","robots_max_imagepreview":"large","priority":null,"frequency":"default","local_seo":null,"breadcrumb_settings":null,"limit_modified_date":false,"ai":{"faqs":[],"keyPoints":[],"schemas":[],"titles":[],"descriptions":[],"socialPosts":{"email":{"subject":"","preview":"","content":""},"linkedin":[],"twitter":[],"facebook":[],"instagram":[]}},"created":"2026-08-25 01:17:03","updated":"2026-08-25 13:12:09","seo_analyzer_scan_date":null,"focus_keyword":null,"additional_keywords":null,"truseo_locale":null},"aioseo_breadcrumb":"<div class=\"aioseo-breadcrumbs\"><span class=\"aioseo-breadcrumb\">\n\t\t\t<a href=\"https:\/\/canal4nogoya.com\/web\" title=\"Home\">Home<\/a>\n\t\t<\/span><span class=\"aioseo-breadcrumb-separator\">&raquo;<\/span><span class=\"aioseo-breadcrumb\">\n\t\t\t<a href=\"https:\/\/canal4nogoya.com\/web\/category\/nacionales\/\" title=\"Nacionales\">Nacionales<\/a>\n\t\t<\/span><span class=\"aioseo-breadcrumb-separator\">&raquo;<\/span><span class=\"aioseo-breadcrumb\">\n\t\t\tAdorni pidi\u00f3 extender el plazo para presentar su justificaci\u00f3n patrimonial\n\t\t<\/span><\/div>","aioseo_breadcrumb_json":[{"label":"Home","link":"https:\/\/canal4nogoya.com\/web"},{"label":"Nacionales","link":"https:\/\/canal4nogoya.com\/web\/category\/nacionales\/"},{"label":"Adorni pidi\u00f3 extender el plazo para presentar su justificaci\u00f3n patrimonial","link":"https:\/\/canal4nogoya.com\/web\/adorni-pidio-extender-el-plazo-para-presentar-su-justificacion-patrimonial\/"}],"jetpack_featured_media_url":"https:\/\/canal4nogoya.com\/web\/wp-content\/uploads\/2026\/05\/1-1-1-1Ad.jpg","_links":{"self":[{"href":"https:\/\/canal4nogoya.com\/web\/wp-json\/wp\/v2\/posts\/4683","targetHints":{"allow":["GET"]}}],"collection":[{"href":"https:\/\/canal4nogoya.com\/web\/wp-json\/wp\/v2\/posts"}],"about":[{"href":"https:\/\/canal4nogoya.com\/web\/wp-json\/wp\/v2\/types\/post"}],"author":[{"embeddable":true,"href":"https:\/\/canal4nogoya.com\/web\/wp-json\/wp\/v2\/users\/3"}],"replies":[{"embeddable":true,"href":"https:\/\/canal4nogoya.com\/web\/wp-json\/wp\/v2\/comments?post=4683"}],"version-history":[{"count":1,"href":"https:\/\/canal4nogoya.com\/web\/wp-json\/wp\/v2\/posts\/4683\/revisions"}],"predecessor-version":[{"id":4684,"href":"https:\/\/canal4nogoya.com\/web\/wp-json\/wp\/v2\/posts\/4683\/revisions\/4684"}],"wp:featuredmedia":[{"embeddable":true,"href":"https:\/\/canal4nogoya.com\/web\/wp-json\/wp\/v2\/media\/3584"}],"wp:attachment":[{"href":"https:\/\/canal4nogoya.com\/web\/wp-json\/wp\/v2\/media?parent=4683"}],"wp:term":[{"taxonomy":"category","embeddable":true,"href":"https:\/\/canal4nogoya.com\/web\/wp-json\/wp\/v2\/categories?post=4683"},{"taxonomy":"post_tag","embeddable":true,"href":"https:\/\/canal4nogoya.com\/web\/wp-json\/wp\/v2\/tags?post=4683"}],"curies":[{"name":"wp","href":"https:\/\/api.w.org\/{rel}","templated":true}]}}