{"id":4691,"date":"2026-08-26T18:39:34","date_gmt":"2026-08-26T21:39:34","guid":{"rendered":"https:\/\/canal4nogoya.com\/web\/?p=4691"},"modified":"2026-08-26T18:39:36","modified_gmt":"2026-08-26T21:39:36","slug":"murio-ruben-rada","status":"publish","type":"post","link":"https:\/\/canal4nogoya.com\/web\/murio-ruben-rada\/","title":{"rendered":"Muri\u00f3 Rub\u00e9n Rada"},"content":{"rendered":"\n<p class=\"wp-block-paragraph\"><\/p>\n\n\n\n<p class=\"wp-block-paragraph\"><strong>Muri\u00f3 Rub\u00e9n Rada<\/strong>, procer de la m\u00fasica uruguaya y referente, a la vez, del rock nacional. As\u00ed lo confirm\u00f3 su familia este mi\u00e9rcoles 26 de agosto.&nbsp;<strong>Ven\u00eda combatiendo una neumon\u00eda desde hace un mes, comunicaron sus seres queridos<\/strong>. En octubre ten\u00eda planificado tocar con Totem, su banda de los \u201870.<\/p>\n\n\n\n<p class=\"wp-block-paragraph\">Desde las comparsas de Montevideo hasta los escenarios de Am\u00e9rica Latina,&nbsp;<strong>Ruben Rada construy\u00f3 una de las trayectorias m\u00e1s extensas y reconocibles de la m\u00fasica uruguaya.<\/strong>&nbsp;Cantante, percusionista, compositor, actor y conductor, el artista nacido el 16 de julio de 1943 qued\u00f3 asociado a la expansi\u00f3n del candombe en di\u00e1logo con el rock, el jazz, la m\u00fasica brasile\u00f1a y el pop.<\/p>\n\n\n\n<p class=\"wp-block-paragraph\"><\/p>\n\n\n\n<p class=\"wp-block-paragraph\">Su carrera solista tuvo varias etapas. Tras un comienzo con discos que la cr\u00edtica valor\u00f3, aunque con recepci\u00f3n desigual en Uruguay, Rada gan\u00f3 popularidad en Argentina durante los a\u00f1os 80. All\u00ed edit\u00f3 trabajos como La Banda, La Rada, En familia y La yapla mata, adem\u00e1s de registrar canciones que pasaron a integrar su repertorio habitual, entre ellas \u201cRock de la calle\u201d, \u201cBlumana\u201d y \u201cCandombe para Gardel\u201d.<\/p>\n\n\n\n<p class=\"wp-block-paragraph\">A comienzos de los 90 se instal\u00f3 en M\u00e9xico, en un per\u00edodo atravesado por dificultades econ\u00f3micas y por una industria que no termin\u00f3 de abrirle un espacio estable. Despu\u00e9s regres\u00f3 a Uruguay y abri\u00f3 una nueva etapa con discos de mayor circulaci\u00f3n. Ese ciclo incluy\u00f3 Montevideo, Miscel\u00e1nea negra, Black y luego Qui\u00e9n va a cantar, \u00e1lbum que ampli\u00f3 de forma clara su llegada masiva con temas como \u201cCha-cha, muchacha\u201d y \u201cMuriendo de plena\u201d.<\/p>\n\n\n\n<p class=\"wp-block-paragraph\">A partir de fines de los 90, Rada tambi\u00e9n desarroll\u00f3 un trabajo orientado al p\u00fablico infantil, del que surgi\u00f3 el personaje Rubenr\u00e1. En paralelo sostuvo giras, grabaciones en vivo y proyectos donde volvi\u00f3 sobre distintas zonas de su carrera. Entre ellos aparecen Candombe Jazz Tour, Richie Silver, Solo Candombe, los discos instrumentales Confidence y una serie de espect\u00e1culos centrados en la revisi\u00f3n de su propio cat\u00e1logo.<\/p>\n\n\n\n<p class=\"wp-block-paragraph\">El reconocimiento institucional acompa\u00f1\u00f3 esa permanencia art\u00edstica. En 2011 recibi\u00f3 el Grammy a la Excelencia Musical por su trayectoria y en 2014 el Ministerio de Educaci\u00f3n y Cultura de Uruguay le otorg\u00f3 la Medalla Delmira Agustini. A\u00f1os m\u00e1s tarde continu\u00f3 publicando discos y presentando espect\u00e1culos, entre ellos Parte de la historia y As noites do Rio \/ Aerol\u00edneas Candombe, trabajo editado en 2021 como homenaje a su madre brasile\u00f1a.<\/p>\n\n\n\n<p class=\"wp-block-paragraph\">La actividad p\u00fablica de Rada tambi\u00e9n incluy\u00f3 televisi\u00f3n, radio, teatro y cine. Integr\u00f3 elencos humor\u00edsticos, condujo programas en Uruguay y particip\u00f3 en ficciones, pel\u00edculas y doblajes. Esa exposici\u00f3n ampli\u00f3 un perfil que nunca qued\u00f3 limitado al campo musical y que lo convirti\u00f3 en una figura estable de la cultura popular uruguaya.<\/p>\n\n\n\n<p class=\"wp-block-paragraph\"><\/p>\n\n\n\n<p class=\"wp-block-paragraph\"><\/p>\n\n\n\n<p class=\"wp-block-paragraph\">Fuente:&nbsp;<em>Infobae<\/em><\/p>\n","protected":false},"excerpt":{"rendered":"<p>Muri\u00f3 Rub\u00e9n Rada, procer de la m\u00fasica uruguaya y referente, a la vez, del rock nacional. As\u00ed lo confirm\u00f3 su familia este mi\u00e9rcoles 26 de agosto.&nbsp;Ven\u00eda combatiendo una neumon\u00eda desde hace un mes, comunicaron sus seres queridos. En octubre ten\u00eda planificado tocar con Totem, su banda de los \u201870. Desde las comparsas de Montevideo hasta&#8230;<\/p>\n","protected":false},"author":3,"featured_media":4692,"comment_status":"open","ping_status":"closed","sticky":false,"template":"","format":"standard","meta":{"_monsterinsights_skip_tracking":false,"footnotes":""},"categories":[9],"tags":[],"class_list":["post-4691","post","type-post","status-publish","format-standard","has-post-thumbnail","hentry","category-nacionales"],"aioseo_notices":[],"aioseo_head":"\n\t\t<!-- All in One SEO 5.0.1.1 - aioseo.com -->\n\t<meta name=\"description\" content=\"Muri\u00f3 Rub\u00e9n Rada, procer de la m\u00fasica uruguaya y referente, a la vez, del rock nacional. As\u00ed lo confirm\u00f3 su familia este mi\u00e9rcoles 26 de agosto. Ven\u00eda combatiendo una neumon\u00eda desde hace un mes, comunicaron sus seres queridos. En octubre ten\u00eda planificado tocar con Totem, su banda de los \u201870. Desde las comparsas de Montevideo hasta\" \/>\n\t<meta name=\"robots\" content=\"max-image-preview:large\" \/>\n\t<meta name=\"author\" content=\"Redacci\u00f3n\"\/>\n\t<link rel=\"canonical\" href=\"https:\/\/canal4nogoya.com\/web\/murio-ruben-rada\/\" \/>\n\t<meta name=\"generator\" content=\"All in One SEO (AIOSEO) 5.0.1.1\" \/>\n\t\t<meta property=\"og:locale\" content=\"es_ES\" \/>\n\t\t<meta property=\"og:site_name\" content=\"Canal 4 Nogoy\u00e1 - Nogoy\u00e1 Televisora Color\" \/>\n\t\t<meta property=\"og:type\" content=\"article\" \/>\n\t\t<meta property=\"og:title\" content=\"Muri\u00f3 Rub\u00e9n Rada - Canal 4 Nogoy\u00e1\" \/>\n\t\t<meta property=\"og:description\" content=\"Muri\u00f3 Rub\u00e9n Rada, procer de la m\u00fasica uruguaya y referente, a la vez, del rock nacional. As\u00ed lo confirm\u00f3 su familia este mi\u00e9rcoles 26 de agosto. Ven\u00eda combatiendo una neumon\u00eda desde hace un mes, comunicaron sus seres queridos. En octubre ten\u00eda planificado tocar con Totem, su banda de los \u201870. Desde las comparsas de Montevideo hasta\" \/>\n\t\t<meta property=\"og:url\" content=\"https:\/\/canal4nogoya.com\/web\/murio-ruben-rada\/\" \/>\n\t\t<meta property=\"og:image\" content=\"https:\/\/canal4nogoya.com\/web\/wp-content\/uploads\/2026\/08\/1-1-1-1-1-1-1-1-1-1-a-RR.avif\" \/>\n\t\t<meta property=\"og:image:secure_url\" content=\"https:\/\/canal4nogoya.com\/web\/wp-content\/uploads\/2026\/08\/1-1-1-1-1-1-1-1-1-1-a-RR.avif\" \/>\n\t\t<meta property=\"og:image:width\" content=\"1200\" \/>\n\t\t<meta property=\"og:image:height\" content=\"1200\" \/>\n\t\t<meta property=\"article:published_time\" content=\"2026-08-26T21:39:34+00:00\" \/>\n\t\t<meta property=\"article:modified_time\" content=\"2026-08-26T21:39:36+00:00\" \/>\n\t\t<meta name=\"twitter:card\" content=\"summary_large_image\" \/>\n\t\t<meta name=\"twitter:title\" content=\"Muri\u00f3 Rub\u00e9n Rada - Canal 4 Nogoy\u00e1\" \/>\n\t\t<meta name=\"twitter:description\" content=\"Muri\u00f3 Rub\u00e9n Rada, procer de la m\u00fasica uruguaya y referente, a la vez, del rock nacional. As\u00ed lo confirm\u00f3 su familia este mi\u00e9rcoles 26 de agosto. Ven\u00eda combatiendo una neumon\u00eda desde hace un mes, comunicaron sus seres queridos. En octubre ten\u00eda planificado tocar con Totem, su banda de los \u201870. Desde las comparsas de Montevideo hasta\" \/>\n\t\t<meta name=\"twitter:image\" content=\"https:\/\/canal4nogoya.com\/web\/wp-content\/uploads\/2026\/08\/1-1-1-1-1-1-1-1-1-1-a-RR.avif\" \/>\n\t\t<script type=\"application\/ld+json\" class=\"aioseo-schema\">\n\t\t\t{\"@context\":\"https:\\\/\\\/schema.org\",\"@graph\":[{\"@type\":\"BlogPosting\",\"@id\":\"https:\\\/\\\/canal4nogoya.com\\\/web\\\/murio-ruben-rada\\\/#blogposting\",\"name\":\"Muri\\u00f3 Rub\\u00e9n Rada - Canal 4 Nogoy\\u00e1\",\"headline\":\"Muri\\u00f3 Rub\\u00e9n Rada\",\"author\":{\"@id\":\"https:\\\/\\\/canal4nogoya.com\\\/web\\\/author\\\/gonzalo\\\/#author\"},\"publisher\":{\"@id\":\"https:\\\/\\\/canal4nogoya.com\\\/web\\\/#organization\"},\"image\":{\"@type\":\"ImageObject\",\"url\":\"https:\\\/\\\/canal4nogoya.com\\\/web\\\/wp-content\\\/uploads\\\/2026\\\/08\\\/1-1-1-1-1-1-1-1-1-1-a-RR.avif\",\"width\":1200,\"height\":1200},\"datePublished\":\"2026-08-26T18:39:34-03:00\",\"dateModified\":\"2026-08-26T18:39:36-03:00\",\"inLanguage\":\"es-ES\",\"mainEntityOfPage\":{\"@id\":\"https:\\\/\\\/canal4nogoya.com\\\/web\\\/murio-ruben-rada\\\/#webpage\"},\"isPartOf\":{\"@id\":\"https:\\\/\\\/canal4nogoya.com\\\/web\\\/murio-ruben-rada\\\/#webpage\"},\"articleSection\":\"Nacionales\"},{\"@type\":\"BreadcrumbList\",\"@id\":\"https:\\\/\\\/canal4nogoya.com\\\/web\\\/murio-ruben-rada\\\/#breadcrumblist\",\"itemListElement\":[{\"@type\":\"ListItem\",\"@id\":\"https:\\\/\\\/canal4nogoya.com\\\/web#listItem\",\"position\":1,\"name\":\"Home\",\"item\":\"https:\\\/\\\/canal4nogoya.com\\\/web\",\"nextItem\":{\"@type\":\"ListItem\",\"@id\":\"https:\\\/\\\/canal4nogoya.com\\\/web\\\/category\\\/nacionales\\\/#listItem\",\"name\":\"Nacionales\"}},{\"@type\":\"ListItem\",\"@id\":\"https:\\\/\\\/canal4nogoya.com\\\/web\\\/category\\\/nacionales\\\/#listItem\",\"position\":2,\"name\":\"Nacionales\",\"item\":\"https:\\\/\\\/canal4nogoya.com\\\/web\\\/category\\\/nacionales\\\/\",\"nextItem\":{\"@type\":\"ListItem\",\"@id\":\"https:\\\/\\\/canal4nogoya.com\\\/web\\\/murio-ruben-rada\\\/#listItem\",\"name\":\"Muri\\u00f3 Rub\\u00e9n Rada\"},\"previousItem\":{\"@type\":\"ListItem\",\"@id\":\"https:\\\/\\\/canal4nogoya.com\\\/web#listItem\",\"name\":\"Home\"}},{\"@type\":\"ListItem\",\"@id\":\"https:\\\/\\\/canal4nogoya.com\\\/web\\\/murio-ruben-rada\\\/#listItem\",\"position\":3,\"name\":\"Muri\\u00f3 Rub\\u00e9n Rada\",\"previousItem\":{\"@type\":\"ListItem\",\"@id\":\"https:\\\/\\\/canal4nogoya.com\\\/web\\\/category\\\/nacionales\\\/#listItem\",\"name\":\"Nacionales\"}}]},{\"@type\":\"Organization\",\"@id\":\"https:\\\/\\\/canal4nogoya.com\\\/web\\\/#organization\",\"name\":\"Canal 4 Nogoy\\u00e1\",\"description\":\"Nogoy\\u00e1 Televisora Color\",\"url\":\"https:\\\/\\\/canal4nogoya.com\\\/web\\\/\",\"logo\":{\"@type\":\"ImageObject\",\"url\":\"https:\\\/\\\/canal4nogoya.com\\\/web\\\/wp-content\\\/uploads\\\/2025\\\/04\\\/logos-fondo-blanco.jpg\",\"@id\":\"https:\\\/\\\/canal4nogoya.com\\\/web\\\/murio-ruben-rada\\\/#organizationLogo\",\"width\":2353,\"height\":1080},\"image\":{\"@id\":\"https:\\\/\\\/canal4nogoya.com\\\/web\\\/murio-ruben-rada\\\/#organizationLogo\"}},{\"@type\":\"Person\",\"@id\":\"https:\\\/\\\/canal4nogoya.com\\\/web\\\/author\\\/gonzalo\\\/#author\",\"url\":\"https:\\\/\\\/canal4nogoya.com\\\/web\\\/author\\\/gonzalo\\\/\",\"name\":\"Redacci\\u00f3n\",\"image\":{\"@type\":\"ImageObject\",\"@id\":\"https:\\\/\\\/canal4nogoya.com\\\/web\\\/murio-ruben-rada\\\/#authorImage\",\"url\":\"https:\\\/\\\/canal4nogoya.com\\\/web\\\/wp-content\\\/litespeed\\\/avatar\\\/1df8586f31106921a2f6ae0d9530296b.jpg?ver=1787987515\",\"width\":96,\"height\":96,\"caption\":\"Redacci\\u00f3n\"}},{\"@type\":\"WebPage\",\"@id\":\"https:\\\/\\\/canal4nogoya.com\\\/web\\\/murio-ruben-rada\\\/#webpage\",\"url\":\"https:\\\/\\\/canal4nogoya.com\\\/web\\\/murio-ruben-rada\\\/\",\"name\":\"Muri\\u00f3 Rub\\u00e9n Rada - Canal 4 Nogoy\\u00e1\",\"description\":\"Muri\\u00f3 Rub\\u00e9n Rada, procer de la m\\u00fasica uruguaya y referente, a la vez, del rock nacional. As\\u00ed lo confirm\\u00f3 su familia este mi\\u00e9rcoles 26 de agosto. Ven\\u00eda combatiendo una neumon\\u00eda desde hace un mes, comunicaron sus seres queridos. En octubre ten\\u00eda planificado tocar con Totem, su banda de los \\u201870. Desde las comparsas de Montevideo hasta\",\"inLanguage\":\"es-ES\",\"isPartOf\":{\"@id\":\"https:\\\/\\\/canal4nogoya.com\\\/web\\\/#website\"},\"breadcrumb\":{\"@id\":\"https:\\\/\\\/canal4nogoya.com\\\/web\\\/murio-ruben-rada\\\/#breadcrumblist\"},\"author\":{\"@id\":\"https:\\\/\\\/canal4nogoya.com\\\/web\\\/author\\\/gonzalo\\\/#author\"},\"creator\":{\"@id\":\"https:\\\/\\\/canal4nogoya.com\\\/web\\\/author\\\/gonzalo\\\/#author\"},\"image\":{\"@type\":\"ImageObject\",\"url\":\"https:\\\/\\\/canal4nogoya.com\\\/web\\\/wp-content\\\/uploads\\\/2026\\\/08\\\/1-1-1-1-1-1-1-1-1-1-a-RR.avif\",\"@id\":\"https:\\\/\\\/canal4nogoya.com\\\/web\\\/murio-ruben-rada\\\/#mainImage\",\"width\":1200,\"height\":1200},\"primaryImageOfPage\":{\"@id\":\"https:\\\/\\\/canal4nogoya.com\\\/web\\\/murio-ruben-rada\\\/#mainImage\"},\"datePublished\":\"2026-08-26T18:39:34-03:00\",\"dateModified\":\"2026-08-26T18:39:36-03:00\"},{\"@type\":\"WebSite\",\"@id\":\"https:\\\/\\\/canal4nogoya.com\\\/web\\\/#website\",\"url\":\"https:\\\/\\\/canal4nogoya.com\\\/web\\\/\",\"name\":\"Canal 4 Nogoy\\u00e1\",\"description\":\"Nogoy\\u00e1 Televisora Color\",\"inLanguage\":\"es-ES\",\"publisher\":{\"@id\":\"https:\\\/\\\/canal4nogoya.com\\\/web\\\/#organization\"}}]}\n\t\t<\/script>\n\t\t<!-- All in One SEO -->\n\n","aioseo_head_json":{"title":"Muri\u00f3 Rub\u00e9n Rada - Canal 4 Nogoy\u00e1","description":"Muri\u00f3 Rub\u00e9n Rada, procer de la m\u00fasica uruguaya y referente, a la vez, del rock nacional. As\u00ed lo confirm\u00f3 su familia este mi\u00e9rcoles 26 de agosto. Ven\u00eda combatiendo una neumon\u00eda desde hace un mes, comunicaron sus seres queridos. En octubre ten\u00eda planificado tocar con Totem, su banda de los \u201870. Desde las comparsas de Montevideo hasta","canonical_url":"https:\/\/canal4nogoya.com\/web\/murio-ruben-rada\/","robots":"max-image-preview:large","keywords":"","webmasterTools":{"miscellaneous":""},"schema":{"@context":"https:\/\/schema.org","@graph":[{"@type":"BlogPosting","@id":"https:\/\/canal4nogoya.com\/web\/murio-ruben-rada\/#blogposting","name":"Muri\u00f3 Rub\u00e9n Rada - Canal 4 Nogoy\u00e1","headline":"Muri\u00f3 Rub\u00e9n Rada","author":{"@id":"https:\/\/canal4nogoya.com\/web\/author\/gonzalo\/#author"},"publisher":{"@id":"https:\/\/canal4nogoya.com\/web\/#organization"},"image":{"@type":"ImageObject","url":"https:\/\/canal4nogoya.com\/web\/wp-content\/uploads\/2026\/08\/1-1-1-1-1-1-1-1-1-1-a-RR.avif","width":1200,"height":1200},"datePublished":"2026-08-26T18:39:34-03:00","dateModified":"2026-08-26T18:39:36-03:00","inLanguage":"es-ES","mainEntityOfPage":{"@id":"https:\/\/canal4nogoya.com\/web\/murio-ruben-rada\/#webpage"},"isPartOf":{"@id":"https:\/\/canal4nogoya.com\/web\/murio-ruben-rada\/#webpage"},"articleSection":"Nacionales"},{"@type":"BreadcrumbList","@id":"https:\/\/canal4nogoya.com\/web\/murio-ruben-rada\/#breadcrumblist","itemListElement":[{"@type":"ListItem","@id":"https:\/\/canal4nogoya.com\/web#listItem","position":1,"name":"Home","item":"https:\/\/canal4nogoya.com\/web","nextItem":{"@type":"ListItem","@id":"https:\/\/canal4nogoya.com\/web\/category\/nacionales\/#listItem","name":"Nacionales"}},{"@type":"ListItem","@id":"https:\/\/canal4nogoya.com\/web\/category\/nacionales\/#listItem","position":2,"name":"Nacionales","item":"https:\/\/canal4nogoya.com\/web\/category\/nacionales\/","nextItem":{"@type":"ListItem","@id":"https:\/\/canal4nogoya.com\/web\/murio-ruben-rada\/#listItem","name":"Muri\u00f3 Rub\u00e9n Rada"},"previousItem":{"@type":"ListItem","@id":"https:\/\/canal4nogoya.com\/web#listItem","name":"Home"}},{"@type":"ListItem","@id":"https:\/\/canal4nogoya.com\/web\/murio-ruben-rada\/#listItem","position":3,"name":"Muri\u00f3 Rub\u00e9n Rada","previousItem":{"@type":"ListItem","@id":"https:\/\/canal4nogoya.com\/web\/category\/nacionales\/#listItem","name":"Nacionales"}}]},{"@type":"Organization","@id":"https:\/\/canal4nogoya.com\/web\/#organization","name":"Canal 4 Nogoy\u00e1","description":"Nogoy\u00e1 Televisora Color","url":"https:\/\/canal4nogoya.com\/web\/","logo":{"@type":"ImageObject","url":"https:\/\/canal4nogoya.com\/web\/wp-content\/uploads\/2025\/04\/logos-fondo-blanco.jpg","@id":"https:\/\/canal4nogoya.com\/web\/murio-ruben-rada\/#organizationLogo","width":2353,"height":1080},"image":{"@id":"https:\/\/canal4nogoya.com\/web\/murio-ruben-rada\/#organizationLogo"}},{"@type":"Person","@id":"https:\/\/canal4nogoya.com\/web\/author\/gonzalo\/#author","url":"https:\/\/canal4nogoya.com\/web\/author\/gonzalo\/","name":"Redacci\u00f3n","image":{"@type":"ImageObject","@id":"https:\/\/canal4nogoya.com\/web\/murio-ruben-rada\/#authorImage","url":"https:\/\/canal4nogoya.com\/web\/wp-content\/litespeed\/avatar\/1df8586f31106921a2f6ae0d9530296b.jpg?ver=1787987515","width":96,"height":96,"caption":"Redacci\u00f3n"}},{"@type":"WebPage","@id":"https:\/\/canal4nogoya.com\/web\/murio-ruben-rada\/#webpage","url":"https:\/\/canal4nogoya.com\/web\/murio-ruben-rada\/","name":"Muri\u00f3 Rub\u00e9n Rada - Canal 4 Nogoy\u00e1","description":"Muri\u00f3 Rub\u00e9n Rada, procer de la m\u00fasica uruguaya y referente, a la vez, del rock nacional. As\u00ed lo confirm\u00f3 su familia este mi\u00e9rcoles 26 de agosto. Ven\u00eda combatiendo una neumon\u00eda desde hace un mes, comunicaron sus seres queridos. En octubre ten\u00eda planificado tocar con Totem, su banda de los \u201870. Desde las comparsas de Montevideo hasta","inLanguage":"es-ES","isPartOf":{"@id":"https:\/\/canal4nogoya.com\/web\/#website"},"breadcrumb":{"@id":"https:\/\/canal4nogoya.com\/web\/murio-ruben-rada\/#breadcrumblist"},"author":{"@id":"https:\/\/canal4nogoya.com\/web\/author\/gonzalo\/#author"},"creator":{"@id":"https:\/\/canal4nogoya.com\/web\/author\/gonzalo\/#author"},"image":{"@type":"ImageObject","url":"https:\/\/canal4nogoya.com\/web\/wp-content\/uploads\/2026\/08\/1-1-1-1-1-1-1-1-1-1-a-RR.avif","@id":"https:\/\/canal4nogoya.com\/web\/murio-ruben-rada\/#mainImage","width":1200,"height":1200},"primaryImageOfPage":{"@id":"https:\/\/canal4nogoya.com\/web\/murio-ruben-rada\/#mainImage"},"datePublished":"2026-08-26T18:39:34-03:00","dateModified":"2026-08-26T18:39:36-03:00"},{"@type":"WebSite","@id":"https:\/\/canal4nogoya.com\/web\/#website","url":"https:\/\/canal4nogoya.com\/web\/","name":"Canal 4 Nogoy\u00e1","description":"Nogoy\u00e1 Televisora Color","inLanguage":"es-ES","publisher":{"@id":"https:\/\/canal4nogoya.com\/web\/#organization"}}]},"og:locale":"es_ES","og:site_name":"Canal 4 Nogoy\u00e1 - Nogoy\u00e1 Televisora Color","og:type":"article","og:title":"Muri\u00f3 Rub\u00e9n Rada - Canal 4 Nogoy\u00e1","og:description":"Muri\u00f3 Rub\u00e9n Rada, procer de la m\u00fasica uruguaya y referente, a la vez, del rock nacional. As\u00ed lo confirm\u00f3 su familia este mi\u00e9rcoles 26 de agosto. Ven\u00eda combatiendo una neumon\u00eda desde hace un mes, comunicaron sus seres queridos. En octubre ten\u00eda planificado tocar con Totem, su banda de los \u201870. Desde las comparsas de Montevideo hasta","og:url":"https:\/\/canal4nogoya.com\/web\/murio-ruben-rada\/","og:image":"https:\/\/canal4nogoya.com\/web\/wp-content\/uploads\/2026\/08\/1-1-1-1-1-1-1-1-1-1-a-RR.avif","og:image:secure_url":"https:\/\/canal4nogoya.com\/web\/wp-content\/uploads\/2026\/08\/1-1-1-1-1-1-1-1-1-1-a-RR.avif","og:image:width":1200,"og:image:height":1200,"article:published_time":"2026-08-26T21:39:34+00:00","article:modified_time":"2026-08-26T21:39:36+00:00","twitter:card":"summary_large_image","twitter:title":"Muri\u00f3 Rub\u00e9n Rada - Canal 4 Nogoy\u00e1","twitter:description":"Muri\u00f3 Rub\u00e9n Rada, procer de la m\u00fasica uruguaya y referente, a la vez, del rock nacional. As\u00ed lo confirm\u00f3 su familia este mi\u00e9rcoles 26 de agosto. Ven\u00eda combatiendo una neumon\u00eda desde hace un mes, comunicaron sus seres queridos. En octubre ten\u00eda planificado tocar con Totem, su banda de los \u201870. Desde las comparsas de Montevideo hasta","twitter:image":"https:\/\/canal4nogoya.com\/web\/wp-content\/uploads\/2026\/08\/1-1-1-1-1-1-1-1-1-1-a-RR.avif"},"aioseo_meta_data":{"post_id":"4691","title":null,"description":null,"keywords":null,"keyphrases":{"focus":{"keyphrase":"","score":0,"analysis":{"keyphraseInTitle":{"score":0,"maxScore":9,"error":1}}},"additional":[]},"primary_term":null,"canonical_url":null,"og_title":null,"og_description":null,"og_object_type":"default","og_image_type":"default","og_image_url":null,"og_image_width":null,"og_image_height":null,"og_image_custom_url":null,"og_image_custom_fields":null,"og_video":"","og_custom_url":null,"og_article_section":null,"og_article_tags":null,"twitter_use_og":false,"twitter_card":"default","twitter_image_type":"default","twitter_image_url":null,"twitter_image_custom_url":null,"twitter_image_custom_fields":null,"twitter_title":null,"twitter_description":null,"schema":{"blockGraphs":[],"customGraphs":[],"default":{"data":{"Article":[],"Course":[],"Dataset":[],"FAQPage":[],"Movie":[],"Person":[],"Product":[],"ProductReview":[],"Car":[],"Recipe":[],"Service":[],"SoftwareApplication":[],"WebPage":[]},"graphName":"BlogPosting","isEnabled":true},"graphs":[]},"schema_type":"default","schema_type_options":null,"pillar_content":false,"robots_default":true,"robots_noindex":false,"robots_noarchive":false,"robots_nosnippet":false,"robots_nofollow":false,"robots_noimageindex":false,"robots_noodp":false,"robots_notranslate":false,"robots_max_snippet":"-1","robots_max_videopreview":"-1","robots_max_imagepreview":"large","priority":null,"frequency":"default","local_seo":null,"breadcrumb_settings":null,"limit_modified_date":false,"ai":{"faqs":[],"keyPoints":[],"schemas":[],"titles":[],"descriptions":[],"socialPosts":{"email":{"subject":"","preview":"","content":""},"linkedin":[],"twitter":[],"facebook":[],"instagram":[]}},"created":"2026-08-26 21:39:36","updated":"2026-08-27 02:12:02","seo_analyzer_scan_date":null,"focus_keyword":null,"additional_keywords":null,"truseo_locale":null},"aioseo_breadcrumb":"<div class=\"aioseo-breadcrumbs\"><span class=\"aioseo-breadcrumb\">\n\t\t\t<a href=\"https:\/\/canal4nogoya.com\/web\" title=\"Home\">Home<\/a>\n\t\t<\/span><span class=\"aioseo-breadcrumb-separator\">&raquo;<\/span><span class=\"aioseo-breadcrumb\">\n\t\t\t<a href=\"https:\/\/canal4nogoya.com\/web\/category\/nacionales\/\" title=\"Nacionales\">Nacionales<\/a>\n\t\t<\/span><span class=\"aioseo-breadcrumb-separator\">&raquo;<\/span><span class=\"aioseo-breadcrumb\">\n\t\t\tMuri\u00f3 Rub\u00e9n Rada\n\t\t<\/span><\/div>","aioseo_breadcrumb_json":[{"label":"Home","link":"https:\/\/canal4nogoya.com\/web"},{"label":"Nacionales","link":"https:\/\/canal4nogoya.com\/web\/category\/nacionales\/"},{"label":"Muri\u00f3 Rub\u00e9n Rada","link":"https:\/\/canal4nogoya.com\/web\/murio-ruben-rada\/"}],"jetpack_featured_media_url":"https:\/\/canal4nogoya.com\/web\/wp-content\/uploads\/2026\/08\/1-1-1-1-1-1-1-1-1-1-a-RR.avif","_links":{"self":[{"href":"https:\/\/canal4nogoya.com\/web\/wp-json\/wp\/v2\/posts\/4691","targetHints":{"allow":["GET"]}}],"collection":[{"href":"https:\/\/canal4nogoya.com\/web\/wp-json\/wp\/v2\/posts"}],"about":[{"href":"https:\/\/canal4nogoya.com\/web\/wp-json\/wp\/v2\/types\/post"}],"author":[{"embeddable":true,"href":"https:\/\/canal4nogoya.com\/web\/wp-json\/wp\/v2\/users\/3"}],"replies":[{"embeddable":true,"href":"https:\/\/canal4nogoya.com\/web\/wp-json\/wp\/v2\/comments?post=4691"}],"version-history":[{"count":1,"href":"https:\/\/canal4nogoya.com\/web\/wp-json\/wp\/v2\/posts\/4691\/revisions"}],"predecessor-version":[{"id":4693,"href":"https:\/\/canal4nogoya.com\/web\/wp-json\/wp\/v2\/posts\/4691\/revisions\/4693"}],"wp:featuredmedia":[{"embeddable":true,"href":"https:\/\/canal4nogoya.com\/web\/wp-json\/wp\/v2\/media\/4692"}],"wp:attachment":[{"href":"https:\/\/canal4nogoya.com\/web\/wp-json\/wp\/v2\/media?parent=4691"}],"wp:term":[{"taxonomy":"category","embeddable":true,"href":"https:\/\/canal4nogoya.com\/web\/wp-json\/wp\/v2\/categories?post=4691"},{"taxonomy":"post_tag","embeddable":true,"href":"https:\/\/canal4nogoya.com\/web\/wp-json\/wp\/v2\/tags?post=4691"}],"curies":[{"name":"wp","href":"https:\/\/api.w.org\/{rel}","templated":true}]}}