{"id":4713,"date":"2026-08-27T12:25:13","date_gmt":"2026-08-27T15:25:13","guid":{"rendered":"https:\/\/canal4nogoya.com\/web\/?p=4713"},"modified":"2026-08-27T12:25:15","modified_gmt":"2026-08-27T15:25:15","slug":"detenido-por-narcomenudeo","status":"publish","type":"post","link":"https:\/\/canal4nogoya.com\/web\/detenido-por-narcomenudeo\/","title":{"rendered":"Detenido por narcomenudeo"},"content":{"rendered":"\n<p class=\"wp-block-paragraph\"><\/p>\n\n\n\n<p class=\"wp-block-paragraph\">Personal de la Divisi\u00f3n Drogas Peligrosas de Nogoy\u00e1, con la colaboraci\u00f3n de la delegaci\u00f3n Tala y los respectivos Grupos Especiales de ambas ciudades, llev\u00f3 adelante dos allanamientos simult\u00e1neos en nuestra ciudad, en el marco de una medida judicial emanada desde el Juzgado de Garant\u00edas local por infracci\u00f3n a la Ley Provincial N\u00b0 10.566 (Narcomenudeo).<\/p>\n\n\n\n<p class=\"wp-block-paragraph\"><\/p>\n\n\n\n<p class=\"wp-block-paragraph\">Los procedimientos <strong>se concretaron en inmuebles ubicados en calle Catamarca entre Moreno y 9 de julio y calle Moreno entre Mendoza y Catamarca, ambos relacionados con la investigaci\u00f3n en curso.<\/strong><\/p>\n\n\n\n<p class=\"wp-block-paragraph\"><\/p>\n\n\n\n<p class=\"wp-block-paragraph\">Como resultado de las diligencias, s<strong>e procedi\u00f3 al secuestro de $129.650 en efectivo, un tel\u00e9fono celular, 3,8 gramos de marihuana (cogollos), recortes varios, un recorte con restos de clorhidrato de coca\u00edna, una tijera, cinco plantines de cannabis sativa y una motocicleta Honda CG Tit\u00e1n de color rojo.<\/strong><\/p>\n\n\n\n<p class=\"wp-block-paragraph\"><\/p>\n\n\n\n<p class=\"wp-block-paragraph\">Durante los procedimientos fueron identificadas personas mayores y menores de edad, quedando sus datos incorporados en las actuaciones judiciales correspondientes.<\/p>\n\n\n\n<p class=\"wp-block-paragraph\"><\/p>\n\n\n\n<p class=\"wp-block-paragraph\">Asimismo, se concret\u00f3 la detenci\u00f3n de un hombre de 25 a\u00f1os como supuesto responsable de la comercializaci\u00f3n ilegal, quedando a disposici\u00f3n de la autoridad judicial interviniente.<\/p>\n","protected":false},"excerpt":{"rendered":"<p>Personal de la Divisi\u00f3n Drogas Peligrosas de Nogoy\u00e1, con la colaboraci\u00f3n de la delegaci\u00f3n Tala y los respectivos Grupos Especiales de ambas ciudades, llev\u00f3 adelante dos allanamientos simult\u00e1neos en nuestra ciudad, en el marco de una medida judicial emanada desde el Juzgado de Garant\u00edas local por infracci\u00f3n a la Ley Provincial N\u00b0 10.566 (Narcomenudeo). Los&#8230;<\/p>\n","protected":false},"author":3,"featured_media":4715,"comment_status":"open","ping_status":"closed","sticky":false,"template":"","format":"standard","meta":{"_monsterinsights_skip_tracking":false,"footnotes":""},"categories":[8],"tags":[],"class_list":["post-4713","post","type-post","status-publish","format-standard","has-post-thumbnail","hentry","category-locales"],"aioseo_notices":[],"aioseo_head":"\n\t\t<!-- All in One SEO 5.0.1.1 - aioseo.com -->\n\t<meta name=\"description\" content=\"Personal de la Divisi\u00f3n Drogas Peligrosas de Nogoy\u00e1, con la colaboraci\u00f3n de la delegaci\u00f3n Tala y los respectivos Grupos Especiales de ambas ciudades, llev\u00f3 adelante dos allanamientos simult\u00e1neos en nuestra ciudad, en el marco de una medida judicial emanada desde el Juzgado de Garant\u00edas local por infracci\u00f3n a la Ley Provincial N\u00b0 10.566 (Narcomenudeo). Los\" \/>\n\t<meta name=\"robots\" content=\"max-image-preview:large\" \/>\n\t<meta name=\"author\" content=\"Redacci\u00f3n\"\/>\n\t<link rel=\"canonical\" href=\"https:\/\/canal4nogoya.com\/web\/detenido-por-narcomenudeo\/\" \/>\n\t<meta name=\"generator\" content=\"All in One SEO (AIOSEO) 5.0.1.1\" \/>\n\t\t<meta property=\"og:locale\" content=\"es_ES\" \/>\n\t\t<meta property=\"og:site_name\" content=\"Canal 4 Nogoy\u00e1 - Nogoy\u00e1 Televisora Color\" \/>\n\t\t<meta property=\"og:type\" content=\"article\" \/>\n\t\t<meta property=\"og:title\" content=\"Detenido por narcomenudeo - Canal 4 Nogoy\u00e1\" \/>\n\t\t<meta property=\"og:description\" content=\"Personal de la Divisi\u00f3n Drogas Peligrosas de Nogoy\u00e1, con la colaboraci\u00f3n de la delegaci\u00f3n Tala y los respectivos Grupos Especiales de ambas ciudades, llev\u00f3 adelante dos allanamientos simult\u00e1neos en nuestra ciudad, en el marco de una medida judicial emanada desde el Juzgado de Garant\u00edas local por infracci\u00f3n a la Ley Provincial N\u00b0 10.566 (Narcomenudeo). Los\" \/>\n\t\t<meta property=\"og:url\" content=\"https:\/\/canal4nogoya.com\/web\/detenido-por-narcomenudeo\/\" \/>\n\t\t<meta property=\"og:image\" content=\"https:\/\/canal4nogoya.com\/web\/wp-content\/uploads\/2026\/08\/1-1-1-1-1-a-esdt.jpeg\" \/>\n\t\t<meta property=\"og:image:secure_url\" content=\"https:\/\/canal4nogoya.com\/web\/wp-content\/uploads\/2026\/08\/1-1-1-1-1-a-esdt.jpeg\" \/>\n\t\t<meta property=\"og:image:width\" content=\"561\" \/>\n\t\t<meta property=\"og:image:height\" content=\"612\" \/>\n\t\t<meta property=\"article:published_time\" content=\"2026-08-27T15:25:13+00:00\" \/>\n\t\t<meta property=\"article:modified_time\" content=\"2026-08-27T15:25:15+00:00\" \/>\n\t\t<meta name=\"twitter:card\" content=\"summary_large_image\" \/>\n\t\t<meta name=\"twitter:title\" content=\"Detenido por narcomenudeo - Canal 4 Nogoy\u00e1\" \/>\n\t\t<meta name=\"twitter:description\" content=\"Personal de la Divisi\u00f3n Drogas Peligrosas de Nogoy\u00e1, con la colaboraci\u00f3n de la delegaci\u00f3n Tala y los respectivos Grupos Especiales de ambas ciudades, llev\u00f3 adelante dos allanamientos simult\u00e1neos en nuestra ciudad, en el marco de una medida judicial emanada desde el Juzgado de Garant\u00edas local por infracci\u00f3n a la Ley Provincial N\u00b0 10.566 (Narcomenudeo). Los\" \/>\n\t\t<meta name=\"twitter:image\" content=\"https:\/\/canal4nogoya.com\/web\/wp-content\/uploads\/2026\/08\/1-1-1-1-1-a-esdt.jpeg\" \/>\n\t\t<script type=\"application\/ld+json\" class=\"aioseo-schema\">\n\t\t\t{\"@context\":\"https:\\\/\\\/schema.org\",\"@graph\":[{\"@type\":\"BlogPosting\",\"@id\":\"https:\\\/\\\/canal4nogoya.com\\\/web\\\/detenido-por-narcomenudeo\\\/#blogposting\",\"name\":\"Detenido por narcomenudeo - Canal 4 Nogoy\\u00e1\",\"headline\":\"Detenido por narcomenudeo\",\"author\":{\"@id\":\"https:\\\/\\\/canal4nogoya.com\\\/web\\\/author\\\/gonzalo\\\/#author\"},\"publisher\":{\"@id\":\"https:\\\/\\\/canal4nogoya.com\\\/web\\\/#organization\"},\"image\":{\"@type\":\"ImageObject\",\"url\":\"https:\\\/\\\/canal4nogoya.com\\\/web\\\/wp-content\\\/uploads\\\/2026\\\/08\\\/1-1-1-1-1-a-esdt.jpeg\",\"width\":561,\"height\":612},\"datePublished\":\"2026-08-27T12:25:13-03:00\",\"dateModified\":\"2026-08-27T12:25:15-03:00\",\"inLanguage\":\"es-ES\",\"mainEntityOfPage\":{\"@id\":\"https:\\\/\\\/canal4nogoya.com\\\/web\\\/detenido-por-narcomenudeo\\\/#webpage\"},\"isPartOf\":{\"@id\":\"https:\\\/\\\/canal4nogoya.com\\\/web\\\/detenido-por-narcomenudeo\\\/#webpage\"},\"articleSection\":\"Locales\"},{\"@type\":\"BreadcrumbList\",\"@id\":\"https:\\\/\\\/canal4nogoya.com\\\/web\\\/detenido-por-narcomenudeo\\\/#breadcrumblist\",\"itemListElement\":[{\"@type\":\"ListItem\",\"@id\":\"https:\\\/\\\/canal4nogoya.com\\\/web#listItem\",\"position\":1,\"name\":\"Home\",\"item\":\"https:\\\/\\\/canal4nogoya.com\\\/web\",\"nextItem\":{\"@type\":\"ListItem\",\"@id\":\"https:\\\/\\\/canal4nogoya.com\\\/web\\\/category\\\/locales\\\/#listItem\",\"name\":\"Locales\"}},{\"@type\":\"ListItem\",\"@id\":\"https:\\\/\\\/canal4nogoya.com\\\/web\\\/category\\\/locales\\\/#listItem\",\"position\":2,\"name\":\"Locales\",\"item\":\"https:\\\/\\\/canal4nogoya.com\\\/web\\\/category\\\/locales\\\/\",\"nextItem\":{\"@type\":\"ListItem\",\"@id\":\"https:\\\/\\\/canal4nogoya.com\\\/web\\\/detenido-por-narcomenudeo\\\/#listItem\",\"name\":\"Detenido por narcomenudeo\"},\"previousItem\":{\"@type\":\"ListItem\",\"@id\":\"https:\\\/\\\/canal4nogoya.com\\\/web#listItem\",\"name\":\"Home\"}},{\"@type\":\"ListItem\",\"@id\":\"https:\\\/\\\/canal4nogoya.com\\\/web\\\/detenido-por-narcomenudeo\\\/#listItem\",\"position\":3,\"name\":\"Detenido por narcomenudeo\",\"previousItem\":{\"@type\":\"ListItem\",\"@id\":\"https:\\\/\\\/canal4nogoya.com\\\/web\\\/category\\\/locales\\\/#listItem\",\"name\":\"Locales\"}}]},{\"@type\":\"Organization\",\"@id\":\"https:\\\/\\\/canal4nogoya.com\\\/web\\\/#organization\",\"name\":\"Canal 4 Nogoy\\u00e1\",\"description\":\"Nogoy\\u00e1 Televisora Color\",\"url\":\"https:\\\/\\\/canal4nogoya.com\\\/web\\\/\",\"logo\":{\"@type\":\"ImageObject\",\"url\":\"https:\\\/\\\/canal4nogoya.com\\\/web\\\/wp-content\\\/uploads\\\/2025\\\/04\\\/logos-fondo-blanco.jpg\",\"@id\":\"https:\\\/\\\/canal4nogoya.com\\\/web\\\/detenido-por-narcomenudeo\\\/#organizationLogo\",\"width\":2353,\"height\":1080},\"image\":{\"@id\":\"https:\\\/\\\/canal4nogoya.com\\\/web\\\/detenido-por-narcomenudeo\\\/#organizationLogo\"}},{\"@type\":\"Person\",\"@id\":\"https:\\\/\\\/canal4nogoya.com\\\/web\\\/author\\\/gonzalo\\\/#author\",\"url\":\"https:\\\/\\\/canal4nogoya.com\\\/web\\\/author\\\/gonzalo\\\/\",\"name\":\"Redacci\\u00f3n\",\"image\":{\"@type\":\"ImageObject\",\"@id\":\"https:\\\/\\\/canal4nogoya.com\\\/web\\\/detenido-por-narcomenudeo\\\/#authorImage\",\"url\":\"https:\\\/\\\/canal4nogoya.com\\\/web\\\/wp-content\\\/litespeed\\\/avatar\\\/1df8586f31106921a2f6ae0d9530296b.jpg?ver=1787987515\",\"width\":96,\"height\":96,\"caption\":\"Redacci\\u00f3n\"}},{\"@type\":\"WebPage\",\"@id\":\"https:\\\/\\\/canal4nogoya.com\\\/web\\\/detenido-por-narcomenudeo\\\/#webpage\",\"url\":\"https:\\\/\\\/canal4nogoya.com\\\/web\\\/detenido-por-narcomenudeo\\\/\",\"name\":\"Detenido por narcomenudeo - Canal 4 Nogoy\\u00e1\",\"description\":\"Personal de la Divisi\\u00f3n Drogas Peligrosas de Nogoy\\u00e1, con la colaboraci\\u00f3n de la delegaci\\u00f3n Tala y los respectivos Grupos Especiales de ambas ciudades, llev\\u00f3 adelante dos allanamientos simult\\u00e1neos en nuestra ciudad, en el marco de una medida judicial emanada desde el Juzgado de Garant\\u00edas local por infracci\\u00f3n a la Ley Provincial N\\u00b0 10.566 (Narcomenudeo). Los\",\"inLanguage\":\"es-ES\",\"isPartOf\":{\"@id\":\"https:\\\/\\\/canal4nogoya.com\\\/web\\\/#website\"},\"breadcrumb\":{\"@id\":\"https:\\\/\\\/canal4nogoya.com\\\/web\\\/detenido-por-narcomenudeo\\\/#breadcrumblist\"},\"author\":{\"@id\":\"https:\\\/\\\/canal4nogoya.com\\\/web\\\/author\\\/gonzalo\\\/#author\"},\"creator\":{\"@id\":\"https:\\\/\\\/canal4nogoya.com\\\/web\\\/author\\\/gonzalo\\\/#author\"},\"image\":{\"@type\":\"ImageObject\",\"url\":\"https:\\\/\\\/canal4nogoya.com\\\/web\\\/wp-content\\\/uploads\\\/2026\\\/08\\\/1-1-1-1-1-a-esdt.jpeg\",\"@id\":\"https:\\\/\\\/canal4nogoya.com\\\/web\\\/detenido-por-narcomenudeo\\\/#mainImage\",\"width\":561,\"height\":612},\"primaryImageOfPage\":{\"@id\":\"https:\\\/\\\/canal4nogoya.com\\\/web\\\/detenido-por-narcomenudeo\\\/#mainImage\"},\"datePublished\":\"2026-08-27T12:25:13-03:00\",\"dateModified\":\"2026-08-27T12:25:15-03:00\"},{\"@type\":\"WebSite\",\"@id\":\"https:\\\/\\\/canal4nogoya.com\\\/web\\\/#website\",\"url\":\"https:\\\/\\\/canal4nogoya.com\\\/web\\\/\",\"name\":\"Canal 4 Nogoy\\u00e1\",\"description\":\"Nogoy\\u00e1 Televisora Color\",\"inLanguage\":\"es-ES\",\"publisher\":{\"@id\":\"https:\\\/\\\/canal4nogoya.com\\\/web\\\/#organization\"}}]}\n\t\t<\/script>\n\t\t<!-- All in One SEO -->\n\n","aioseo_head_json":{"title":"Detenido por narcomenudeo - Canal 4 Nogoy\u00e1","description":"Personal de la Divisi\u00f3n Drogas Peligrosas de Nogoy\u00e1, con la colaboraci\u00f3n de la delegaci\u00f3n Tala y los respectivos Grupos Especiales de ambas ciudades, llev\u00f3 adelante dos allanamientos simult\u00e1neos en nuestra ciudad, en el marco de una medida judicial emanada desde el Juzgado de Garant\u00edas local por infracci\u00f3n a la Ley Provincial N\u00b0 10.566 (Narcomenudeo). Los","canonical_url":"https:\/\/canal4nogoya.com\/web\/detenido-por-narcomenudeo\/","robots":"max-image-preview:large","keywords":"","webmasterTools":{"miscellaneous":""},"schema":{"@context":"https:\/\/schema.org","@graph":[{"@type":"BlogPosting","@id":"https:\/\/canal4nogoya.com\/web\/detenido-por-narcomenudeo\/#blogposting","name":"Detenido por narcomenudeo - Canal 4 Nogoy\u00e1","headline":"Detenido por narcomenudeo","author":{"@id":"https:\/\/canal4nogoya.com\/web\/author\/gonzalo\/#author"},"publisher":{"@id":"https:\/\/canal4nogoya.com\/web\/#organization"},"image":{"@type":"ImageObject","url":"https:\/\/canal4nogoya.com\/web\/wp-content\/uploads\/2026\/08\/1-1-1-1-1-a-esdt.jpeg","width":561,"height":612},"datePublished":"2026-08-27T12:25:13-03:00","dateModified":"2026-08-27T12:25:15-03:00","inLanguage":"es-ES","mainEntityOfPage":{"@id":"https:\/\/canal4nogoya.com\/web\/detenido-por-narcomenudeo\/#webpage"},"isPartOf":{"@id":"https:\/\/canal4nogoya.com\/web\/detenido-por-narcomenudeo\/#webpage"},"articleSection":"Locales"},{"@type":"BreadcrumbList","@id":"https:\/\/canal4nogoya.com\/web\/detenido-por-narcomenudeo\/#breadcrumblist","itemListElement":[{"@type":"ListItem","@id":"https:\/\/canal4nogoya.com\/web#listItem","position":1,"name":"Home","item":"https:\/\/canal4nogoya.com\/web","nextItem":{"@type":"ListItem","@id":"https:\/\/canal4nogoya.com\/web\/category\/locales\/#listItem","name":"Locales"}},{"@type":"ListItem","@id":"https:\/\/canal4nogoya.com\/web\/category\/locales\/#listItem","position":2,"name":"Locales","item":"https:\/\/canal4nogoya.com\/web\/category\/locales\/","nextItem":{"@type":"ListItem","@id":"https:\/\/canal4nogoya.com\/web\/detenido-por-narcomenudeo\/#listItem","name":"Detenido por narcomenudeo"},"previousItem":{"@type":"ListItem","@id":"https:\/\/canal4nogoya.com\/web#listItem","name":"Home"}},{"@type":"ListItem","@id":"https:\/\/canal4nogoya.com\/web\/detenido-por-narcomenudeo\/#listItem","position":3,"name":"Detenido por narcomenudeo","previousItem":{"@type":"ListItem","@id":"https:\/\/canal4nogoya.com\/web\/category\/locales\/#listItem","name":"Locales"}}]},{"@type":"Organization","@id":"https:\/\/canal4nogoya.com\/web\/#organization","name":"Canal 4 Nogoy\u00e1","description":"Nogoy\u00e1 Televisora Color","url":"https:\/\/canal4nogoya.com\/web\/","logo":{"@type":"ImageObject","url":"https:\/\/canal4nogoya.com\/web\/wp-content\/uploads\/2025\/04\/logos-fondo-blanco.jpg","@id":"https:\/\/canal4nogoya.com\/web\/detenido-por-narcomenudeo\/#organizationLogo","width":2353,"height":1080},"image":{"@id":"https:\/\/canal4nogoya.com\/web\/detenido-por-narcomenudeo\/#organizationLogo"}},{"@type":"Person","@id":"https:\/\/canal4nogoya.com\/web\/author\/gonzalo\/#author","url":"https:\/\/canal4nogoya.com\/web\/author\/gonzalo\/","name":"Redacci\u00f3n","image":{"@type":"ImageObject","@id":"https:\/\/canal4nogoya.com\/web\/detenido-por-narcomenudeo\/#authorImage","url":"https:\/\/canal4nogoya.com\/web\/wp-content\/litespeed\/avatar\/1df8586f31106921a2f6ae0d9530296b.jpg?ver=1787987515","width":96,"height":96,"caption":"Redacci\u00f3n"}},{"@type":"WebPage","@id":"https:\/\/canal4nogoya.com\/web\/detenido-por-narcomenudeo\/#webpage","url":"https:\/\/canal4nogoya.com\/web\/detenido-por-narcomenudeo\/","name":"Detenido por narcomenudeo - Canal 4 Nogoy\u00e1","description":"Personal de la Divisi\u00f3n Drogas Peligrosas de Nogoy\u00e1, con la colaboraci\u00f3n de la delegaci\u00f3n Tala y los respectivos Grupos Especiales de ambas ciudades, llev\u00f3 adelante dos allanamientos simult\u00e1neos en nuestra ciudad, en el marco de una medida judicial emanada desde el Juzgado de Garant\u00edas local por infracci\u00f3n a la Ley Provincial N\u00b0 10.566 (Narcomenudeo). Los","inLanguage":"es-ES","isPartOf":{"@id":"https:\/\/canal4nogoya.com\/web\/#website"},"breadcrumb":{"@id":"https:\/\/canal4nogoya.com\/web\/detenido-por-narcomenudeo\/#breadcrumblist"},"author":{"@id":"https:\/\/canal4nogoya.com\/web\/author\/gonzalo\/#author"},"creator":{"@id":"https:\/\/canal4nogoya.com\/web\/author\/gonzalo\/#author"},"image":{"@type":"ImageObject","url":"https:\/\/canal4nogoya.com\/web\/wp-content\/uploads\/2026\/08\/1-1-1-1-1-a-esdt.jpeg","@id":"https:\/\/canal4nogoya.com\/web\/detenido-por-narcomenudeo\/#mainImage","width":561,"height":612},"primaryImageOfPage":{"@id":"https:\/\/canal4nogoya.com\/web\/detenido-por-narcomenudeo\/#mainImage"},"datePublished":"2026-08-27T12:25:13-03:00","dateModified":"2026-08-27T12:25:15-03:00"},{"@type":"WebSite","@id":"https:\/\/canal4nogoya.com\/web\/#website","url":"https:\/\/canal4nogoya.com\/web\/","name":"Canal 4 Nogoy\u00e1","description":"Nogoy\u00e1 Televisora Color","inLanguage":"es-ES","publisher":{"@id":"https:\/\/canal4nogoya.com\/web\/#organization"}}]},"og:locale":"es_ES","og:site_name":"Canal 4 Nogoy\u00e1 - Nogoy\u00e1 Televisora Color","og:type":"article","og:title":"Detenido por narcomenudeo - Canal 4 Nogoy\u00e1","og:description":"Personal de la Divisi\u00f3n Drogas Peligrosas de Nogoy\u00e1, con la colaboraci\u00f3n de la delegaci\u00f3n Tala y los respectivos Grupos Especiales de ambas ciudades, llev\u00f3 adelante dos allanamientos simult\u00e1neos en nuestra ciudad, en el marco de una medida judicial emanada desde el Juzgado de Garant\u00edas local por infracci\u00f3n a la Ley Provincial N\u00b0 10.566 (Narcomenudeo). Los","og:url":"https:\/\/canal4nogoya.com\/web\/detenido-por-narcomenudeo\/","og:image":"https:\/\/canal4nogoya.com\/web\/wp-content\/uploads\/2026\/08\/1-1-1-1-1-a-esdt.jpeg","og:image:secure_url":"https:\/\/canal4nogoya.com\/web\/wp-content\/uploads\/2026\/08\/1-1-1-1-1-a-esdt.jpeg","og:image:width":561,"og:image:height":612,"article:published_time":"2026-08-27T15:25:13+00:00","article:modified_time":"2026-08-27T15:25:15+00:00","twitter:card":"summary_large_image","twitter:title":"Detenido por narcomenudeo - Canal 4 Nogoy\u00e1","twitter:description":"Personal de la Divisi\u00f3n Drogas Peligrosas de Nogoy\u00e1, con la colaboraci\u00f3n de la delegaci\u00f3n Tala y los respectivos Grupos Especiales de ambas ciudades, llev\u00f3 adelante dos allanamientos simult\u00e1neos en nuestra ciudad, en el marco de una medida judicial emanada desde el Juzgado de Garant\u00edas local por infracci\u00f3n a la Ley Provincial N\u00b0 10.566 (Narcomenudeo). Los","twitter:image":"https:\/\/canal4nogoya.com\/web\/wp-content\/uploads\/2026\/08\/1-1-1-1-1-a-esdt.jpeg"},"aioseo_meta_data":{"post_id":"4713","title":null,"description":null,"keywords":null,"keyphrases":{"focus":{"keyphrase":"","score":0,"analysis":{"keyphraseInTitle":{"score":0,"maxScore":9,"error":1}}},"additional":[]},"primary_term":null,"canonical_url":null,"og_title":null,"og_description":null,"og_object_type":"default","og_image_type":"default","og_image_url":null,"og_image_width":null,"og_image_height":null,"og_image_custom_url":null,"og_image_custom_fields":null,"og_video":"","og_custom_url":null,"og_article_section":null,"og_article_tags":null,"twitter_use_og":false,"twitter_card":"default","twitter_image_type":"default","twitter_image_url":null,"twitter_image_custom_url":null,"twitter_image_custom_fields":null,"twitter_title":null,"twitter_description":null,"schema":{"blockGraphs":[],"customGraphs":[],"default":{"data":{"Article":[],"Course":[],"Dataset":[],"FAQPage":[],"Movie":[],"Person":[],"Product":[],"ProductReview":[],"Car":[],"Recipe":[],"Service":[],"SoftwareApplication":[],"WebPage":[]},"graphName":"BlogPosting","isEnabled":true},"graphs":[]},"schema_type":"default","schema_type_options":null,"pillar_content":false,"robots_default":true,"robots_noindex":false,"robots_noarchive":false,"robots_nosnippet":false,"robots_nofollow":false,"robots_noimageindex":false,"robots_noodp":false,"robots_notranslate":false,"robots_max_snippet":"-1","robots_max_videopreview":"-1","robots_max_imagepreview":"large","priority":null,"frequency":"default","local_seo":null,"breadcrumb_settings":null,"limit_modified_date":false,"ai":{"faqs":[],"keyPoints":[],"schemas":[],"titles":[],"descriptions":[],"socialPosts":{"email":{"subject":"","preview":"","content":""},"linkedin":[],"twitter":[],"facebook":[],"instagram":[]}},"created":"2026-08-27 15:25:15","updated":"2026-08-27 18:12:09","seo_analyzer_scan_date":null,"focus_keyword":null,"additional_keywords":null,"truseo_locale":null},"aioseo_breadcrumb":"<div class=\"aioseo-breadcrumbs\"><span class=\"aioseo-breadcrumb\">\n\t\t\t<a href=\"https:\/\/canal4nogoya.com\/web\" title=\"Home\">Home<\/a>\n\t\t<\/span><span class=\"aioseo-breadcrumb-separator\">&raquo;<\/span><span class=\"aioseo-breadcrumb\">\n\t\t\t<a href=\"https:\/\/canal4nogoya.com\/web\/category\/locales\/\" title=\"Locales\">Locales<\/a>\n\t\t<\/span><span class=\"aioseo-breadcrumb-separator\">&raquo;<\/span><span class=\"aioseo-breadcrumb\">\n\t\t\tDetenido por narcomenudeo\n\t\t<\/span><\/div>","aioseo_breadcrumb_json":[{"label":"Home","link":"https:\/\/canal4nogoya.com\/web"},{"label":"Locales","link":"https:\/\/canal4nogoya.com\/web\/category\/locales\/"},{"label":"Detenido por narcomenudeo","link":"https:\/\/canal4nogoya.com\/web\/detenido-por-narcomenudeo\/"}],"jetpack_featured_media_url":"https:\/\/canal4nogoya.com\/web\/wp-content\/uploads\/2026\/08\/1-1-1-1-1-a-esdt.jpeg","_links":{"self":[{"href":"https:\/\/canal4nogoya.com\/web\/wp-json\/wp\/v2\/posts\/4713","targetHints":{"allow":["GET"]}}],"collection":[{"href":"https:\/\/canal4nogoya.com\/web\/wp-json\/wp\/v2\/posts"}],"about":[{"href":"https:\/\/canal4nogoya.com\/web\/wp-json\/wp\/v2\/types\/post"}],"author":[{"embeddable":true,"href":"https:\/\/canal4nogoya.com\/web\/wp-json\/wp\/v2\/users\/3"}],"replies":[{"embeddable":true,"href":"https:\/\/canal4nogoya.com\/web\/wp-json\/wp\/v2\/comments?post=4713"}],"version-history":[{"count":1,"href":"https:\/\/canal4nogoya.com\/web\/wp-json\/wp\/v2\/posts\/4713\/revisions"}],"predecessor-version":[{"id":4716,"href":"https:\/\/canal4nogoya.com\/web\/wp-json\/wp\/v2\/posts\/4713\/revisions\/4716"}],"wp:featuredmedia":[{"embeddable":true,"href":"https:\/\/canal4nogoya.com\/web\/wp-json\/wp\/v2\/media\/4715"}],"wp:attachment":[{"href":"https:\/\/canal4nogoya.com\/web\/wp-json\/wp\/v2\/media?parent=4713"}],"wp:term":[{"taxonomy":"category","embeddable":true,"href":"https:\/\/canal4nogoya.com\/web\/wp-json\/wp\/v2\/categories?post=4713"},{"taxonomy":"post_tag","embeddable":true,"href":"https:\/\/canal4nogoya.com\/web\/wp-json\/wp\/v2\/tags?post=4713"}],"curies":[{"name":"wp","href":"https:\/\/api.w.org\/{rel}","templated":true}]}}