{"id":4717,"date":"2026-08-27T12:28:38","date_gmt":"2026-08-27T15:28:38","guid":{"rendered":"https:\/\/canal4nogoya.com\/web\/?p=4717"},"modified":"2026-08-27T12:28:41","modified_gmt":"2026-08-27T15:28:41","slug":"hay-colapinto-para-rato","status":"publish","type":"post","link":"https:\/\/canal4nogoya.com\/web\/hay-colapinto-para-rato\/","title":{"rendered":"Hay Colapinto para rato"},"content":{"rendered":"\n<p class=\"wp-block-paragraph\"><\/p>\n\n\n\n<p class=\"wp-block-paragraph\">El piloto argentino&nbsp;<strong>Franco Colapinto<\/strong>&nbsp;renov\u00f3 su contrato con&nbsp;<strong>Alpine<\/strong>&nbsp;y seguir\u00e1 compitiendo en la&nbsp;<strong>F\u00f3rmula 1<\/strong>&nbsp;durante la&nbsp;<strong>temporada 2027<\/strong>.<\/p>\n\n\n\n<p class=\"wp-block-paragraph\"><\/p>\n\n\n\n<p class=\"wp-block-paragraph\">La escuder\u00eda francesa confirm\u00f3 que mantendr\u00e1 sin cambios su formaci\u00f3n de pilotos para el pr\u00f3ximo a\u00f1o, por lo que el bonaerense continuar\u00e1 como<strong>&nbsp;compa\u00f1ero de equipo<\/strong>&nbsp;del franc\u00e9s&nbsp;<strong>Pierre Gasly<\/strong>.<\/p>\n\n\n\n<p class=\"wp-block-paragraph\"><\/p>\n\n\n\n<p class=\"wp-block-paragraph\">Colapinto hab\u00eda llegado a Alpine como piloto de reserva para la temporada 2025 y luego ocup\u00f3 una butaca titular desde el Gran Premio de Emilia-Roma\u00f1a, cuando reemplaz\u00f3 al australiano&nbsp;<strong>Jack Doohan<\/strong>&nbsp;que dej\u00f3 su puesto por rendimientos inconsistentes.<\/p>\n\n\n\n<p class=\"wp-block-paragraph\"><\/p>\n\n\n\n<p class=\"wp-block-paragraph\">Luego, Colapinto fue ratificado para la temporada 2026, en la que logr\u00f3 una&nbsp;<strong>marcada evoluci\u00f3n durante el campeonato<\/strong>, en el que sum\u00f3 19 puntos en seis Grandes Premios y colabor\u00f3 para que la escuder\u00eda alcanzara el sexto puesto en el Mundial de Constructores.<\/p>\n\n\n\n<p class=\"wp-block-paragraph\"><\/p>\n\n\n\n<p class=\"wp-block-paragraph\">La dirigencia de Alpine valor\u00f3 especialmente el crecimiento deportivo de Franco Colapinto y la relaci\u00f3n que construy\u00f3 dentro y fuera de las pistas con Pierre Gasly.<\/p>\n","protected":false},"excerpt":{"rendered":"<p>El piloto argentino&nbsp;Franco Colapinto&nbsp;renov\u00f3 su contrato con&nbsp;Alpine&nbsp;y seguir\u00e1 compitiendo en la&nbsp;F\u00f3rmula 1&nbsp;durante la&nbsp;temporada 2027. La escuder\u00eda francesa confirm\u00f3 que mantendr\u00e1 sin cambios su formaci\u00f3n de pilotos para el pr\u00f3ximo a\u00f1o, por lo que el bonaerense continuar\u00e1 como&nbsp;compa\u00f1ero de equipo&nbsp;del franc\u00e9s&nbsp;Pierre Gasly. Colapinto hab\u00eda llegado a Alpine como piloto de reserva para la temporada 2025 y&#8230;<\/p>\n","protected":false},"author":3,"featured_media":4718,"comment_status":"open","ping_status":"closed","sticky":false,"template":"","format":"standard","meta":{"_monsterinsights_skip_tracking":false,"footnotes":""},"categories":[9],"tags":[],"class_list":["post-4717","post","type-post","status-publish","format-standard","has-post-thumbnail","hentry","category-nacionales"],"aioseo_notices":[],"aioseo_head":"\n\t\t<!-- All in One SEO 5.0.1.1 - aioseo.com -->\n\t<meta name=\"description\" content=\"El piloto argentino Franco Colapinto renov\u00f3 su contrato con Alpine y seguir\u00e1 compitiendo en la F\u00f3rmula 1 durante la temporada 2027. La escuder\u00eda francesa confirm\u00f3 que mantendr\u00e1 sin cambios su formaci\u00f3n de pilotos para el pr\u00f3ximo a\u00f1o, por lo que el bonaerense continuar\u00e1 como compa\u00f1ero de equipo del franc\u00e9s Pierre Gasly. Colapinto hab\u00eda llegado a Alpine como piloto de reserva para la temporada 2025 y\" \/>\n\t<meta name=\"robots\" content=\"max-image-preview:large\" \/>\n\t<meta name=\"author\" content=\"Redacci\u00f3n\"\/>\n\t<link rel=\"canonical\" href=\"https:\/\/canal4nogoya.com\/web\/hay-colapinto-para-rato\/\" \/>\n\t<meta name=\"generator\" content=\"All in One SEO (AIOSEO) 5.0.1.1\" \/>\n\t\t<meta property=\"og:locale\" content=\"es_ES\" \/>\n\t\t<meta property=\"og:site_name\" content=\"Canal 4 Nogoy\u00e1 - Nogoy\u00e1 Televisora Color\" \/>\n\t\t<meta property=\"og:type\" content=\"article\" \/>\n\t\t<meta property=\"og:title\" content=\"Hay Colapinto para rato - Canal 4 Nogoy\u00e1\" \/>\n\t\t<meta property=\"og:description\" content=\"El piloto argentino Franco Colapinto renov\u00f3 su contrato con Alpine y seguir\u00e1 compitiendo en la F\u00f3rmula 1 durante la temporada 2027. La escuder\u00eda francesa confirm\u00f3 que mantendr\u00e1 sin cambios su formaci\u00f3n de pilotos para el pr\u00f3ximo a\u00f1o, por lo que el bonaerense continuar\u00e1 como compa\u00f1ero de equipo del franc\u00e9s Pierre Gasly. Colapinto hab\u00eda llegado a Alpine como piloto de reserva para la temporada 2025 y\" \/>\n\t\t<meta property=\"og:url\" content=\"https:\/\/canal4nogoya.com\/web\/hay-colapinto-para-rato\/\" \/>\n\t\t<meta property=\"og:image\" content=\"https:\/\/canal4nogoya.com\/web\/wp-content\/uploads\/2026\/08\/1-1-1-1-1-1-a-CFRa.webp\" \/>\n\t\t<meta property=\"og:image:secure_url\" content=\"https:\/\/canal4nogoya.com\/web\/wp-content\/uploads\/2026\/08\/1-1-1-1-1-1-a-CFRa.webp\" \/>\n\t\t<meta property=\"og:image:width\" content=\"960\" \/>\n\t\t<meta property=\"og:image:height\" content=\"540\" \/>\n\t\t<meta property=\"article:published_time\" content=\"2026-08-27T15:28:38+00:00\" \/>\n\t\t<meta property=\"article:modified_time\" content=\"2026-08-27T15:28:41+00:00\" \/>\n\t\t<meta name=\"twitter:card\" content=\"summary_large_image\" \/>\n\t\t<meta name=\"twitter:title\" content=\"Hay Colapinto para rato - Canal 4 Nogoy\u00e1\" \/>\n\t\t<meta name=\"twitter:description\" content=\"El piloto argentino Franco Colapinto renov\u00f3 su contrato con Alpine y seguir\u00e1 compitiendo en la F\u00f3rmula 1 durante la temporada 2027. La escuder\u00eda francesa confirm\u00f3 que mantendr\u00e1 sin cambios su formaci\u00f3n de pilotos para el pr\u00f3ximo a\u00f1o, por lo que el bonaerense continuar\u00e1 como compa\u00f1ero de equipo del franc\u00e9s Pierre Gasly. Colapinto hab\u00eda llegado a Alpine como piloto de reserva para la temporada 2025 y\" \/>\n\t\t<meta name=\"twitter:image\" content=\"https:\/\/canal4nogoya.com\/web\/wp-content\/uploads\/2026\/08\/1-1-1-1-1-1-a-CFRa.webp\" \/>\n\t\t<script type=\"application\/ld+json\" class=\"aioseo-schema\">\n\t\t\t{\"@context\":\"https:\\\/\\\/schema.org\",\"@graph\":[{\"@type\":\"BlogPosting\",\"@id\":\"https:\\\/\\\/canal4nogoya.com\\\/web\\\/hay-colapinto-para-rato\\\/#blogposting\",\"name\":\"Hay Colapinto para rato - Canal 4 Nogoy\\u00e1\",\"headline\":\"Hay Colapinto para rato\",\"author\":{\"@id\":\"https:\\\/\\\/canal4nogoya.com\\\/web\\\/author\\\/gonzalo\\\/#author\"},\"publisher\":{\"@id\":\"https:\\\/\\\/canal4nogoya.com\\\/web\\\/#organization\"},\"image\":{\"@type\":\"ImageObject\",\"url\":\"https:\\\/\\\/canal4nogoya.com\\\/web\\\/wp-content\\\/uploads\\\/2026\\\/08\\\/1-1-1-1-1-1-a-CFRa.webp\",\"width\":960,\"height\":540},\"datePublished\":\"2026-08-27T12:28:38-03:00\",\"dateModified\":\"2026-08-27T12:28:41-03:00\",\"inLanguage\":\"es-ES\",\"mainEntityOfPage\":{\"@id\":\"https:\\\/\\\/canal4nogoya.com\\\/web\\\/hay-colapinto-para-rato\\\/#webpage\"},\"isPartOf\":{\"@id\":\"https:\\\/\\\/canal4nogoya.com\\\/web\\\/hay-colapinto-para-rato\\\/#webpage\"},\"articleSection\":\"Nacionales\"},{\"@type\":\"BreadcrumbList\",\"@id\":\"https:\\\/\\\/canal4nogoya.com\\\/web\\\/hay-colapinto-para-rato\\\/#breadcrumblist\",\"itemListElement\":[{\"@type\":\"ListItem\",\"@id\":\"https:\\\/\\\/canal4nogoya.com\\\/web#listItem\",\"position\":1,\"name\":\"Home\",\"item\":\"https:\\\/\\\/canal4nogoya.com\\\/web\",\"nextItem\":{\"@type\":\"ListItem\",\"@id\":\"https:\\\/\\\/canal4nogoya.com\\\/web\\\/category\\\/nacionales\\\/#listItem\",\"name\":\"Nacionales\"}},{\"@type\":\"ListItem\",\"@id\":\"https:\\\/\\\/canal4nogoya.com\\\/web\\\/category\\\/nacionales\\\/#listItem\",\"position\":2,\"name\":\"Nacionales\",\"item\":\"https:\\\/\\\/canal4nogoya.com\\\/web\\\/category\\\/nacionales\\\/\",\"nextItem\":{\"@type\":\"ListItem\",\"@id\":\"https:\\\/\\\/canal4nogoya.com\\\/web\\\/hay-colapinto-para-rato\\\/#listItem\",\"name\":\"Hay Colapinto para rato\"},\"previousItem\":{\"@type\":\"ListItem\",\"@id\":\"https:\\\/\\\/canal4nogoya.com\\\/web#listItem\",\"name\":\"Home\"}},{\"@type\":\"ListItem\",\"@id\":\"https:\\\/\\\/canal4nogoya.com\\\/web\\\/hay-colapinto-para-rato\\\/#listItem\",\"position\":3,\"name\":\"Hay Colapinto para rato\",\"previousItem\":{\"@type\":\"ListItem\",\"@id\":\"https:\\\/\\\/canal4nogoya.com\\\/web\\\/category\\\/nacionales\\\/#listItem\",\"name\":\"Nacionales\"}}]},{\"@type\":\"Organization\",\"@id\":\"https:\\\/\\\/canal4nogoya.com\\\/web\\\/#organization\",\"name\":\"Canal 4 Nogoy\\u00e1\",\"description\":\"Nogoy\\u00e1 Televisora Color\",\"url\":\"https:\\\/\\\/canal4nogoya.com\\\/web\\\/\",\"logo\":{\"@type\":\"ImageObject\",\"url\":\"https:\\\/\\\/canal4nogoya.com\\\/web\\\/wp-content\\\/uploads\\\/2025\\\/04\\\/logos-fondo-blanco.jpg\",\"@id\":\"https:\\\/\\\/canal4nogoya.com\\\/web\\\/hay-colapinto-para-rato\\\/#organizationLogo\",\"width\":2353,\"height\":1080},\"image\":{\"@id\":\"https:\\\/\\\/canal4nogoya.com\\\/web\\\/hay-colapinto-para-rato\\\/#organizationLogo\"}},{\"@type\":\"Person\",\"@id\":\"https:\\\/\\\/canal4nogoya.com\\\/web\\\/author\\\/gonzalo\\\/#author\",\"url\":\"https:\\\/\\\/canal4nogoya.com\\\/web\\\/author\\\/gonzalo\\\/\",\"name\":\"Redacci\\u00f3n\",\"image\":{\"@type\":\"ImageObject\",\"@id\":\"https:\\\/\\\/canal4nogoya.com\\\/web\\\/hay-colapinto-para-rato\\\/#authorImage\",\"url\":\"https:\\\/\\\/canal4nogoya.com\\\/web\\\/wp-content\\\/litespeed\\\/avatar\\\/1df8586f31106921a2f6ae0d9530296b.jpg?ver=1787987515\",\"width\":96,\"height\":96,\"caption\":\"Redacci\\u00f3n\"}},{\"@type\":\"WebPage\",\"@id\":\"https:\\\/\\\/canal4nogoya.com\\\/web\\\/hay-colapinto-para-rato\\\/#webpage\",\"url\":\"https:\\\/\\\/canal4nogoya.com\\\/web\\\/hay-colapinto-para-rato\\\/\",\"name\":\"Hay Colapinto para rato - Canal 4 Nogoy\\u00e1\",\"description\":\"El piloto argentino Franco Colapinto renov\\u00f3 su contrato con Alpine y seguir\\u00e1 compitiendo en la F\\u00f3rmula 1 durante la temporada 2027. La escuder\\u00eda francesa confirm\\u00f3 que mantendr\\u00e1 sin cambios su formaci\\u00f3n de pilotos para el pr\\u00f3ximo a\\u00f1o, por lo que el bonaerense continuar\\u00e1 como compa\\u00f1ero de equipo del franc\\u00e9s Pierre Gasly. Colapinto hab\\u00eda llegado a Alpine como piloto de reserva para la temporada 2025 y\",\"inLanguage\":\"es-ES\",\"isPartOf\":{\"@id\":\"https:\\\/\\\/canal4nogoya.com\\\/web\\\/#website\"},\"breadcrumb\":{\"@id\":\"https:\\\/\\\/canal4nogoya.com\\\/web\\\/hay-colapinto-para-rato\\\/#breadcrumblist\"},\"author\":{\"@id\":\"https:\\\/\\\/canal4nogoya.com\\\/web\\\/author\\\/gonzalo\\\/#author\"},\"creator\":{\"@id\":\"https:\\\/\\\/canal4nogoya.com\\\/web\\\/author\\\/gonzalo\\\/#author\"},\"image\":{\"@type\":\"ImageObject\",\"url\":\"https:\\\/\\\/canal4nogoya.com\\\/web\\\/wp-content\\\/uploads\\\/2026\\\/08\\\/1-1-1-1-1-1-a-CFRa.webp\",\"@id\":\"https:\\\/\\\/canal4nogoya.com\\\/web\\\/hay-colapinto-para-rato\\\/#mainImage\",\"width\":960,\"height\":540},\"primaryImageOfPage\":{\"@id\":\"https:\\\/\\\/canal4nogoya.com\\\/web\\\/hay-colapinto-para-rato\\\/#mainImage\"},\"datePublished\":\"2026-08-27T12:28:38-03:00\",\"dateModified\":\"2026-08-27T12:28:41-03:00\"},{\"@type\":\"WebSite\",\"@id\":\"https:\\\/\\\/canal4nogoya.com\\\/web\\\/#website\",\"url\":\"https:\\\/\\\/canal4nogoya.com\\\/web\\\/\",\"name\":\"Canal 4 Nogoy\\u00e1\",\"description\":\"Nogoy\\u00e1 Televisora Color\",\"inLanguage\":\"es-ES\",\"publisher\":{\"@id\":\"https:\\\/\\\/canal4nogoya.com\\\/web\\\/#organization\"}}]}\n\t\t<\/script>\n\t\t<!-- All in One SEO -->\n\n","aioseo_head_json":{"title":"Hay Colapinto para rato - Canal 4 Nogoy\u00e1","description":"El piloto argentino Franco Colapinto renov\u00f3 su contrato con Alpine y seguir\u00e1 compitiendo en la F\u00f3rmula 1 durante la temporada 2027. La escuder\u00eda francesa confirm\u00f3 que mantendr\u00e1 sin cambios su formaci\u00f3n de pilotos para el pr\u00f3ximo a\u00f1o, por lo que el bonaerense continuar\u00e1 como compa\u00f1ero de equipo del franc\u00e9s Pierre Gasly. Colapinto hab\u00eda llegado a Alpine como piloto de reserva para la temporada 2025 y","canonical_url":"https:\/\/canal4nogoya.com\/web\/hay-colapinto-para-rato\/","robots":"max-image-preview:large","keywords":"","webmasterTools":{"miscellaneous":""},"schema":{"@context":"https:\/\/schema.org","@graph":[{"@type":"BlogPosting","@id":"https:\/\/canal4nogoya.com\/web\/hay-colapinto-para-rato\/#blogposting","name":"Hay Colapinto para rato - Canal 4 Nogoy\u00e1","headline":"Hay Colapinto para rato","author":{"@id":"https:\/\/canal4nogoya.com\/web\/author\/gonzalo\/#author"},"publisher":{"@id":"https:\/\/canal4nogoya.com\/web\/#organization"},"image":{"@type":"ImageObject","url":"https:\/\/canal4nogoya.com\/web\/wp-content\/uploads\/2026\/08\/1-1-1-1-1-1-a-CFRa.webp","width":960,"height":540},"datePublished":"2026-08-27T12:28:38-03:00","dateModified":"2026-08-27T12:28:41-03:00","inLanguage":"es-ES","mainEntityOfPage":{"@id":"https:\/\/canal4nogoya.com\/web\/hay-colapinto-para-rato\/#webpage"},"isPartOf":{"@id":"https:\/\/canal4nogoya.com\/web\/hay-colapinto-para-rato\/#webpage"},"articleSection":"Nacionales"},{"@type":"BreadcrumbList","@id":"https:\/\/canal4nogoya.com\/web\/hay-colapinto-para-rato\/#breadcrumblist","itemListElement":[{"@type":"ListItem","@id":"https:\/\/canal4nogoya.com\/web#listItem","position":1,"name":"Home","item":"https:\/\/canal4nogoya.com\/web","nextItem":{"@type":"ListItem","@id":"https:\/\/canal4nogoya.com\/web\/category\/nacionales\/#listItem","name":"Nacionales"}},{"@type":"ListItem","@id":"https:\/\/canal4nogoya.com\/web\/category\/nacionales\/#listItem","position":2,"name":"Nacionales","item":"https:\/\/canal4nogoya.com\/web\/category\/nacionales\/","nextItem":{"@type":"ListItem","@id":"https:\/\/canal4nogoya.com\/web\/hay-colapinto-para-rato\/#listItem","name":"Hay Colapinto para rato"},"previousItem":{"@type":"ListItem","@id":"https:\/\/canal4nogoya.com\/web#listItem","name":"Home"}},{"@type":"ListItem","@id":"https:\/\/canal4nogoya.com\/web\/hay-colapinto-para-rato\/#listItem","position":3,"name":"Hay Colapinto para rato","previousItem":{"@type":"ListItem","@id":"https:\/\/canal4nogoya.com\/web\/category\/nacionales\/#listItem","name":"Nacionales"}}]},{"@type":"Organization","@id":"https:\/\/canal4nogoya.com\/web\/#organization","name":"Canal 4 Nogoy\u00e1","description":"Nogoy\u00e1 Televisora Color","url":"https:\/\/canal4nogoya.com\/web\/","logo":{"@type":"ImageObject","url":"https:\/\/canal4nogoya.com\/web\/wp-content\/uploads\/2025\/04\/logos-fondo-blanco.jpg","@id":"https:\/\/canal4nogoya.com\/web\/hay-colapinto-para-rato\/#organizationLogo","width":2353,"height":1080},"image":{"@id":"https:\/\/canal4nogoya.com\/web\/hay-colapinto-para-rato\/#organizationLogo"}},{"@type":"Person","@id":"https:\/\/canal4nogoya.com\/web\/author\/gonzalo\/#author","url":"https:\/\/canal4nogoya.com\/web\/author\/gonzalo\/","name":"Redacci\u00f3n","image":{"@type":"ImageObject","@id":"https:\/\/canal4nogoya.com\/web\/hay-colapinto-para-rato\/#authorImage","url":"https:\/\/canal4nogoya.com\/web\/wp-content\/litespeed\/avatar\/1df8586f31106921a2f6ae0d9530296b.jpg?ver=1787987515","width":96,"height":96,"caption":"Redacci\u00f3n"}},{"@type":"WebPage","@id":"https:\/\/canal4nogoya.com\/web\/hay-colapinto-para-rato\/#webpage","url":"https:\/\/canal4nogoya.com\/web\/hay-colapinto-para-rato\/","name":"Hay Colapinto para rato - Canal 4 Nogoy\u00e1","description":"El piloto argentino Franco Colapinto renov\u00f3 su contrato con Alpine y seguir\u00e1 compitiendo en la F\u00f3rmula 1 durante la temporada 2027. La escuder\u00eda francesa confirm\u00f3 que mantendr\u00e1 sin cambios su formaci\u00f3n de pilotos para el pr\u00f3ximo a\u00f1o, por lo que el bonaerense continuar\u00e1 como compa\u00f1ero de equipo del franc\u00e9s Pierre Gasly. Colapinto hab\u00eda llegado a Alpine como piloto de reserva para la temporada 2025 y","inLanguage":"es-ES","isPartOf":{"@id":"https:\/\/canal4nogoya.com\/web\/#website"},"breadcrumb":{"@id":"https:\/\/canal4nogoya.com\/web\/hay-colapinto-para-rato\/#breadcrumblist"},"author":{"@id":"https:\/\/canal4nogoya.com\/web\/author\/gonzalo\/#author"},"creator":{"@id":"https:\/\/canal4nogoya.com\/web\/author\/gonzalo\/#author"},"image":{"@type":"ImageObject","url":"https:\/\/canal4nogoya.com\/web\/wp-content\/uploads\/2026\/08\/1-1-1-1-1-1-a-CFRa.webp","@id":"https:\/\/canal4nogoya.com\/web\/hay-colapinto-para-rato\/#mainImage","width":960,"height":540},"primaryImageOfPage":{"@id":"https:\/\/canal4nogoya.com\/web\/hay-colapinto-para-rato\/#mainImage"},"datePublished":"2026-08-27T12:28:38-03:00","dateModified":"2026-08-27T12:28:41-03:00"},{"@type":"WebSite","@id":"https:\/\/canal4nogoya.com\/web\/#website","url":"https:\/\/canal4nogoya.com\/web\/","name":"Canal 4 Nogoy\u00e1","description":"Nogoy\u00e1 Televisora Color","inLanguage":"es-ES","publisher":{"@id":"https:\/\/canal4nogoya.com\/web\/#organization"}}]},"og:locale":"es_ES","og:site_name":"Canal 4 Nogoy\u00e1 - Nogoy\u00e1 Televisora Color","og:type":"article","og:title":"Hay Colapinto para rato - Canal 4 Nogoy\u00e1","og:description":"El piloto argentino Franco Colapinto renov\u00f3 su contrato con Alpine y seguir\u00e1 compitiendo en la F\u00f3rmula 1 durante la temporada 2027. La escuder\u00eda francesa confirm\u00f3 que mantendr\u00e1 sin cambios su formaci\u00f3n de pilotos para el pr\u00f3ximo a\u00f1o, por lo que el bonaerense continuar\u00e1 como compa\u00f1ero de equipo del franc\u00e9s Pierre Gasly. Colapinto hab\u00eda llegado a Alpine como piloto de reserva para la temporada 2025 y","og:url":"https:\/\/canal4nogoya.com\/web\/hay-colapinto-para-rato\/","og:image":"https:\/\/canal4nogoya.com\/web\/wp-content\/uploads\/2026\/08\/1-1-1-1-1-1-a-CFRa.webp","og:image:secure_url":"https:\/\/canal4nogoya.com\/web\/wp-content\/uploads\/2026\/08\/1-1-1-1-1-1-a-CFRa.webp","og:image:width":960,"og:image:height":540,"article:published_time":"2026-08-27T15:28:38+00:00","article:modified_time":"2026-08-27T15:28:41+00:00","twitter:card":"summary_large_image","twitter:title":"Hay Colapinto para rato - Canal 4 Nogoy\u00e1","twitter:description":"El piloto argentino Franco Colapinto renov\u00f3 su contrato con Alpine y seguir\u00e1 compitiendo en la F\u00f3rmula 1 durante la temporada 2027. La escuder\u00eda francesa confirm\u00f3 que mantendr\u00e1 sin cambios su formaci\u00f3n de pilotos para el pr\u00f3ximo a\u00f1o, por lo que el bonaerense continuar\u00e1 como compa\u00f1ero de equipo del franc\u00e9s Pierre Gasly. Colapinto hab\u00eda llegado a Alpine como piloto de reserva para la temporada 2025 y","twitter:image":"https:\/\/canal4nogoya.com\/web\/wp-content\/uploads\/2026\/08\/1-1-1-1-1-1-a-CFRa.webp"},"aioseo_meta_data":{"post_id":"4717","title":null,"description":null,"keywords":null,"keyphrases":{"focus":{"keyphrase":"","score":0,"analysis":{"keyphraseInTitle":{"score":0,"maxScore":9,"error":1}}},"additional":[]},"primary_term":null,"canonical_url":null,"og_title":null,"og_description":null,"og_object_type":"default","og_image_type":"default","og_image_url":null,"og_image_width":null,"og_image_height":null,"og_image_custom_url":null,"og_image_custom_fields":null,"og_video":"","og_custom_url":null,"og_article_section":null,"og_article_tags":null,"twitter_use_og":false,"twitter_card":"default","twitter_image_type":"default","twitter_image_url":null,"twitter_image_custom_url":null,"twitter_image_custom_fields":null,"twitter_title":null,"twitter_description":null,"schema":{"blockGraphs":[],"customGraphs":[],"default":{"data":{"Article":[],"Course":[],"Dataset":[],"FAQPage":[],"Movie":[],"Person":[],"Product":[],"ProductReview":[],"Car":[],"Recipe":[],"Service":[],"SoftwareApplication":[],"WebPage":[]},"graphName":"BlogPosting","isEnabled":true},"graphs":[]},"schema_type":"default","schema_type_options":null,"pillar_content":false,"robots_default":true,"robots_noindex":false,"robots_noarchive":false,"robots_nosnippet":false,"robots_nofollow":false,"robots_noimageindex":false,"robots_noodp":false,"robots_notranslate":false,"robots_max_snippet":"-1","robots_max_videopreview":"-1","robots_max_imagepreview":"large","priority":null,"frequency":"default","local_seo":null,"breadcrumb_settings":null,"limit_modified_date":false,"ai":{"faqs":[],"keyPoints":[],"schemas":[],"titles":[],"descriptions":[],"socialPosts":{"email":{"subject":"","preview":"","content":""},"linkedin":[],"twitter":[],"facebook":[],"instagram":[]}},"created":"2026-08-27 15:28:41","updated":"2026-08-27 18:12:09","seo_analyzer_scan_date":null,"focus_keyword":null,"additional_keywords":null,"truseo_locale":null},"aioseo_breadcrumb":"<div class=\"aioseo-breadcrumbs\"><span class=\"aioseo-breadcrumb\">\n\t\t\t<a href=\"https:\/\/canal4nogoya.com\/web\" title=\"Home\">Home<\/a>\n\t\t<\/span><span class=\"aioseo-breadcrumb-separator\">&raquo;<\/span><span class=\"aioseo-breadcrumb\">\n\t\t\t<a href=\"https:\/\/canal4nogoya.com\/web\/category\/nacionales\/\" title=\"Nacionales\">Nacionales<\/a>\n\t\t<\/span><span class=\"aioseo-breadcrumb-separator\">&raquo;<\/span><span class=\"aioseo-breadcrumb\">\n\t\t\tHay Colapinto para rato\n\t\t<\/span><\/div>","aioseo_breadcrumb_json":[{"label":"Home","link":"https:\/\/canal4nogoya.com\/web"},{"label":"Nacionales","link":"https:\/\/canal4nogoya.com\/web\/category\/nacionales\/"},{"label":"Hay Colapinto para rato","link":"https:\/\/canal4nogoya.com\/web\/hay-colapinto-para-rato\/"}],"jetpack_featured_media_url":"https:\/\/canal4nogoya.com\/web\/wp-content\/uploads\/2026\/08\/1-1-1-1-1-1-a-CFRa.webp","_links":{"self":[{"href":"https:\/\/canal4nogoya.com\/web\/wp-json\/wp\/v2\/posts\/4717","targetHints":{"allow":["GET"]}}],"collection":[{"href":"https:\/\/canal4nogoya.com\/web\/wp-json\/wp\/v2\/posts"}],"about":[{"href":"https:\/\/canal4nogoya.com\/web\/wp-json\/wp\/v2\/types\/post"}],"author":[{"embeddable":true,"href":"https:\/\/canal4nogoya.com\/web\/wp-json\/wp\/v2\/users\/3"}],"replies":[{"embeddable":true,"href":"https:\/\/canal4nogoya.com\/web\/wp-json\/wp\/v2\/comments?post=4717"}],"version-history":[{"count":1,"href":"https:\/\/canal4nogoya.com\/web\/wp-json\/wp\/v2\/posts\/4717\/revisions"}],"predecessor-version":[{"id":4719,"href":"https:\/\/canal4nogoya.com\/web\/wp-json\/wp\/v2\/posts\/4717\/revisions\/4719"}],"wp:featuredmedia":[{"embeddable":true,"href":"https:\/\/canal4nogoya.com\/web\/wp-json\/wp\/v2\/media\/4718"}],"wp:attachment":[{"href":"https:\/\/canal4nogoya.com\/web\/wp-json\/wp\/v2\/media?parent=4717"}],"wp:term":[{"taxonomy":"category","embeddable":true,"href":"https:\/\/canal4nogoya.com\/web\/wp-json\/wp\/v2\/categories?post=4717"},{"taxonomy":"post_tag","embeddable":true,"href":"https:\/\/canal4nogoya.com\/web\/wp-json\/wp\/v2\/tags?post=4717"}],"curies":[{"name":"wp","href":"https:\/\/api.w.org\/{rel}","templated":true}]}}