{"id":4720,"date":"2026-08-27T16:26:14","date_gmt":"2026-08-27T19:26:14","guid":{"rendered":"https:\/\/canal4nogoya.com\/web\/?p=4720"},"modified":"2026-08-27T16:26:17","modified_gmt":"2026-08-27T19:26:17","slug":"river-nuevamente-a-la-busqueda-de-un-dt","status":"publish","type":"post","link":"https:\/\/canal4nogoya.com\/web\/river-nuevamente-a-la-busqueda-de-un-dt\/","title":{"rendered":"River nuevamente a la busqueda de un DT"},"content":{"rendered":"\n<p class=\"wp-block-paragraph\"><\/p>\n\n\n\n<p class=\"wp-block-paragraph\"><strong>La&nbsp;<a href=\"https:\/\/ahora.com.ar\/5\/river-quedo-eliminado-de-la-copa-sudamericana-cayo-por-penales-ante-independiente-santa-fe\">eliminaci\u00f3n ante Independiente Santa Fe<\/a>&nbsp;por los octavos de final de la Copa Sudamericana fue el punto final del breve ciclo de Eduardo Coudet como entrenador de River<\/strong>. La noticia de la salida del DT&nbsp;<a href=\"https:\/\/ahora.com.ar\/deportes\/coudet-se-va-de-river-tras-la-eliminacion-ante-santa-fe\">comenz\u00f3 a rondar por los pasillos del Monumental<\/a>&nbsp;durante la madrugada y se confirm\u00f3 oficialmente esta tarde tras una conferencia de prensa.<\/p>\n\n\n\n<p class=\"wp-block-paragraph\"><\/p>\n\n\n\n<p class=\"wp-block-paragraph\">Fue&nbsp;<strong>St\u00e9fano Di Carlo<\/strong>&nbsp;el primero en tomar el micr\u00f3fono y anunciar que la voluntad del Chacho fue dar un paso al costado, a continuaci\u00f3n, el ahora ex extrenador dio breve discurso de cierre: \u201c<strong>Ten\u00eda claro que en River hab\u00eda que ganar y jugar bien. Esto es f\u00fatbol, a veces las cosas salen as\u00ed\u201d<\/strong>, a\u00f1adi\u00f3 visiblemente afectado.<\/p>\n\n\n\n<p class=\"wp-block-paragraph\"><\/p>\n\n\n\n<p class=\"wp-block-paragraph\">En la conferencia, que no tuvo preguntas, Coudet comparti\u00f3 algunos detalles de su decisi\u00f3n: \u201cTuvimos un buen arranque, pudimos jugar una final y liderar un grupo de Copa, pero&nbsp;<strong>en la segunda mitad no estuvimos bien y el proceso sin resultados es muchas veces insostenible<\/strong>. Yo fui el primero en ponerme plazos\u201d.<\/p>\n\n\n\n<p class=\"wp-block-paragraph\"><\/p>\n\n\n\n<p class=\"wp-block-paragraph\">A su vez, con&nbsp;<strong>Enzo Francescoli<\/strong>&nbsp;a su lado, Di Carlo confirm\u00f3 que el t\u00e9cnico interino del&nbsp;<em>Millonario<\/em>&nbsp;ser\u00e1 Leonardo Ponzio, con Marcelo Escudero (quien tuvo ese rol tras la salida de Marcelo Gallardo) como ladero en su cuerpo t\u00e9cnico.<\/p>\n\n\n\n<p class=\"wp-block-paragraph\"><\/p>\n\n\n\n<p class=\"wp-block-paragraph\">En su despedida, Coudet agradeci\u00f3 por haber tenido la oportunidad y se mostr\u00f3 confiado en el futuro del plantel que dej\u00f3 en el cuadro de N\u00fa\u00f1ez:&nbsp;\u201c<strong>Armamos un gran grupo de jugadores que dar\u00e1 muchas alegr\u00edas, creo que el tiempo va a poner todas las cosas en su lugar<\/strong>\u201c.<\/p>\n\n\n\n<p class=\"wp-block-paragraph\"><\/p>\n\n\n\n<p class=\"wp-block-paragraph\"><\/p>\n","protected":false},"excerpt":{"rendered":"<p>La&nbsp;eliminaci\u00f3n ante Independiente Santa Fe&nbsp;por los octavos de final de la Copa Sudamericana fue el punto final del breve ciclo de Eduardo Coudet como entrenador de River. La noticia de la salida del DT&nbsp;comenz\u00f3 a rondar por los pasillos del Monumental&nbsp;durante la madrugada y se confirm\u00f3 oficialmente esta tarde tras una conferencia de prensa. Fue&nbsp;St\u00e9fano&#8230;<\/p>\n","protected":false},"author":3,"featured_media":4721,"comment_status":"open","ping_status":"closed","sticky":false,"template":"","format":"standard","meta":{"_monsterinsights_skip_tracking":false,"footnotes":""},"categories":[9],"tags":[],"class_list":["post-4720","post","type-post","status-publish","format-standard","has-post-thumbnail","hentry","category-nacionales"],"aioseo_notices":[],"aioseo_head":"\n\t\t<!-- All in One SEO 5.0.1.1 - aioseo.com -->\n\t<meta name=\"description\" content=\"La eliminaci\u00f3n ante Independiente Santa Fe por los octavos de final de la Copa Sudamericana fue el punto final del breve ciclo de Eduardo Coudet como entrenador de River. La noticia de la salida del DT comenz\u00f3 a rondar por los pasillos del Monumental durante la madrugada y se confirm\u00f3 oficialmente esta tarde tras una conferencia de prensa. Fue St\u00e9fano\" \/>\n\t<meta name=\"robots\" content=\"max-image-preview:large\" \/>\n\t<meta name=\"author\" content=\"Redacci\u00f3n\"\/>\n\t<link rel=\"canonical\" href=\"https:\/\/canal4nogoya.com\/web\/river-nuevamente-a-la-busqueda-de-un-dt\/\" \/>\n\t<meta name=\"generator\" content=\"All in One SEO (AIOSEO) 5.0.1.1\" \/>\n\t\t<meta property=\"og:locale\" content=\"es_ES\" \/>\n\t\t<meta property=\"og:site_name\" content=\"Canal 4 Nogoy\u00e1 - Nogoy\u00e1 Televisora Color\" \/>\n\t\t<meta property=\"og:type\" content=\"article\" \/>\n\t\t<meta property=\"og:title\" content=\"River nuevamente a la busqueda de un DT - Canal 4 Nogoy\u00e1\" \/>\n\t\t<meta property=\"og:description\" content=\"La eliminaci\u00f3n ante Independiente Santa Fe por los octavos de final de la Copa Sudamericana fue el punto final del breve ciclo de Eduardo Coudet como entrenador de River. La noticia de la salida del DT comenz\u00f3 a rondar por los pasillos del Monumental durante la madrugada y se confirm\u00f3 oficialmente esta tarde tras una conferencia de prensa. Fue St\u00e9fano\" \/>\n\t\t<meta property=\"og:url\" content=\"https:\/\/canal4nogoya.com\/web\/river-nuevamente-a-la-busqueda-de-un-dt\/\" \/>\n\t\t<meta property=\"og:image\" content=\"https:\/\/canal4nogoya.com\/web\/wp-content\/uploads\/2026\/08\/1-1-1-1-1-1-a-CDT.webp\" \/>\n\t\t<meta property=\"og:image:secure_url\" content=\"https:\/\/canal4nogoya.com\/web\/wp-content\/uploads\/2026\/08\/1-1-1-1-1-1-a-CDT.webp\" \/>\n\t\t<meta property=\"og:image:width\" content=\"1200\" \/>\n\t\t<meta property=\"og:image:height\" content=\"675\" \/>\n\t\t<meta property=\"article:published_time\" content=\"2026-08-27T19:26:14+00:00\" \/>\n\t\t<meta property=\"article:modified_time\" content=\"2026-08-27T19:26:17+00:00\" \/>\n\t\t<meta name=\"twitter:card\" content=\"summary_large_image\" \/>\n\t\t<meta name=\"twitter:title\" content=\"River nuevamente a la busqueda de un DT - Canal 4 Nogoy\u00e1\" \/>\n\t\t<meta name=\"twitter:description\" content=\"La eliminaci\u00f3n ante Independiente Santa Fe por los octavos de final de la Copa Sudamericana fue el punto final del breve ciclo de Eduardo Coudet como entrenador de River. La noticia de la salida del DT comenz\u00f3 a rondar por los pasillos del Monumental durante la madrugada y se confirm\u00f3 oficialmente esta tarde tras una conferencia de prensa. Fue St\u00e9fano\" \/>\n\t\t<meta name=\"twitter:image\" content=\"https:\/\/canal4nogoya.com\/web\/wp-content\/uploads\/2026\/08\/1-1-1-1-1-1-a-CDT.webp\" \/>\n\t\t<script type=\"application\/ld+json\" class=\"aioseo-schema\">\n\t\t\t{\"@context\":\"https:\\\/\\\/schema.org\",\"@graph\":[{\"@type\":\"BlogPosting\",\"@id\":\"https:\\\/\\\/canal4nogoya.com\\\/web\\\/river-nuevamente-a-la-busqueda-de-un-dt\\\/#blogposting\",\"name\":\"River nuevamente a la busqueda de un DT - Canal 4 Nogoy\\u00e1\",\"headline\":\"River nuevamente a la busqueda de un DT\",\"author\":{\"@id\":\"https:\\\/\\\/canal4nogoya.com\\\/web\\\/author\\\/gonzalo\\\/#author\"},\"publisher\":{\"@id\":\"https:\\\/\\\/canal4nogoya.com\\\/web\\\/#organization\"},\"image\":{\"@type\":\"ImageObject\",\"url\":\"https:\\\/\\\/canal4nogoya.com\\\/web\\\/wp-content\\\/uploads\\\/2026\\\/08\\\/1-1-1-1-1-1-a-CDT.webp\",\"width\":1200,\"height\":675},\"datePublished\":\"2026-08-27T16:26:14-03:00\",\"dateModified\":\"2026-08-27T16:26:17-03:00\",\"inLanguage\":\"es-ES\",\"mainEntityOfPage\":{\"@id\":\"https:\\\/\\\/canal4nogoya.com\\\/web\\\/river-nuevamente-a-la-busqueda-de-un-dt\\\/#webpage\"},\"isPartOf\":{\"@id\":\"https:\\\/\\\/canal4nogoya.com\\\/web\\\/river-nuevamente-a-la-busqueda-de-un-dt\\\/#webpage\"},\"articleSection\":\"Nacionales\"},{\"@type\":\"BreadcrumbList\",\"@id\":\"https:\\\/\\\/canal4nogoya.com\\\/web\\\/river-nuevamente-a-la-busqueda-de-un-dt\\\/#breadcrumblist\",\"itemListElement\":[{\"@type\":\"ListItem\",\"@id\":\"https:\\\/\\\/canal4nogoya.com\\\/web#listItem\",\"position\":1,\"name\":\"Home\",\"item\":\"https:\\\/\\\/canal4nogoya.com\\\/web\",\"nextItem\":{\"@type\":\"ListItem\",\"@id\":\"https:\\\/\\\/canal4nogoya.com\\\/web\\\/category\\\/nacionales\\\/#listItem\",\"name\":\"Nacionales\"}},{\"@type\":\"ListItem\",\"@id\":\"https:\\\/\\\/canal4nogoya.com\\\/web\\\/category\\\/nacionales\\\/#listItem\",\"position\":2,\"name\":\"Nacionales\",\"item\":\"https:\\\/\\\/canal4nogoya.com\\\/web\\\/category\\\/nacionales\\\/\",\"nextItem\":{\"@type\":\"ListItem\",\"@id\":\"https:\\\/\\\/canal4nogoya.com\\\/web\\\/river-nuevamente-a-la-busqueda-de-un-dt\\\/#listItem\",\"name\":\"River nuevamente a la busqueda de un DT\"},\"previousItem\":{\"@type\":\"ListItem\",\"@id\":\"https:\\\/\\\/canal4nogoya.com\\\/web#listItem\",\"name\":\"Home\"}},{\"@type\":\"ListItem\",\"@id\":\"https:\\\/\\\/canal4nogoya.com\\\/web\\\/river-nuevamente-a-la-busqueda-de-un-dt\\\/#listItem\",\"position\":3,\"name\":\"River nuevamente a la busqueda de un DT\",\"previousItem\":{\"@type\":\"ListItem\",\"@id\":\"https:\\\/\\\/canal4nogoya.com\\\/web\\\/category\\\/nacionales\\\/#listItem\",\"name\":\"Nacionales\"}}]},{\"@type\":\"Organization\",\"@id\":\"https:\\\/\\\/canal4nogoya.com\\\/web\\\/#organization\",\"name\":\"Canal 4 Nogoy\\u00e1\",\"description\":\"Nogoy\\u00e1 Televisora Color\",\"url\":\"https:\\\/\\\/canal4nogoya.com\\\/web\\\/\",\"logo\":{\"@type\":\"ImageObject\",\"url\":\"https:\\\/\\\/canal4nogoya.com\\\/web\\\/wp-content\\\/uploads\\\/2025\\\/04\\\/logos-fondo-blanco.jpg\",\"@id\":\"https:\\\/\\\/canal4nogoya.com\\\/web\\\/river-nuevamente-a-la-busqueda-de-un-dt\\\/#organizationLogo\",\"width\":2353,\"height\":1080},\"image\":{\"@id\":\"https:\\\/\\\/canal4nogoya.com\\\/web\\\/river-nuevamente-a-la-busqueda-de-un-dt\\\/#organizationLogo\"}},{\"@type\":\"Person\",\"@id\":\"https:\\\/\\\/canal4nogoya.com\\\/web\\\/author\\\/gonzalo\\\/#author\",\"url\":\"https:\\\/\\\/canal4nogoya.com\\\/web\\\/author\\\/gonzalo\\\/\",\"name\":\"Redacci\\u00f3n\",\"image\":{\"@type\":\"ImageObject\",\"@id\":\"https:\\\/\\\/canal4nogoya.com\\\/web\\\/river-nuevamente-a-la-busqueda-de-un-dt\\\/#authorImage\",\"url\":\"https:\\\/\\\/canal4nogoya.com\\\/web\\\/wp-content\\\/litespeed\\\/avatar\\\/1df8586f31106921a2f6ae0d9530296b.jpg?ver=1787987515\",\"width\":96,\"height\":96,\"caption\":\"Redacci\\u00f3n\"}},{\"@type\":\"WebPage\",\"@id\":\"https:\\\/\\\/canal4nogoya.com\\\/web\\\/river-nuevamente-a-la-busqueda-de-un-dt\\\/#webpage\",\"url\":\"https:\\\/\\\/canal4nogoya.com\\\/web\\\/river-nuevamente-a-la-busqueda-de-un-dt\\\/\",\"name\":\"River nuevamente a la busqueda de un DT - Canal 4 Nogoy\\u00e1\",\"description\":\"La eliminaci\\u00f3n ante Independiente Santa Fe por los octavos de final de la Copa Sudamericana fue el punto final del breve ciclo de Eduardo Coudet como entrenador de River. La noticia de la salida del DT comenz\\u00f3 a rondar por los pasillos del Monumental durante la madrugada y se confirm\\u00f3 oficialmente esta tarde tras una conferencia de prensa. Fue St\\u00e9fano\",\"inLanguage\":\"es-ES\",\"isPartOf\":{\"@id\":\"https:\\\/\\\/canal4nogoya.com\\\/web\\\/#website\"},\"breadcrumb\":{\"@id\":\"https:\\\/\\\/canal4nogoya.com\\\/web\\\/river-nuevamente-a-la-busqueda-de-un-dt\\\/#breadcrumblist\"},\"author\":{\"@id\":\"https:\\\/\\\/canal4nogoya.com\\\/web\\\/author\\\/gonzalo\\\/#author\"},\"creator\":{\"@id\":\"https:\\\/\\\/canal4nogoya.com\\\/web\\\/author\\\/gonzalo\\\/#author\"},\"image\":{\"@type\":\"ImageObject\",\"url\":\"https:\\\/\\\/canal4nogoya.com\\\/web\\\/wp-content\\\/uploads\\\/2026\\\/08\\\/1-1-1-1-1-1-a-CDT.webp\",\"@id\":\"https:\\\/\\\/canal4nogoya.com\\\/web\\\/river-nuevamente-a-la-busqueda-de-un-dt\\\/#mainImage\",\"width\":1200,\"height\":675},\"primaryImageOfPage\":{\"@id\":\"https:\\\/\\\/canal4nogoya.com\\\/web\\\/river-nuevamente-a-la-busqueda-de-un-dt\\\/#mainImage\"},\"datePublished\":\"2026-08-27T16:26:14-03:00\",\"dateModified\":\"2026-08-27T16:26:17-03:00\"},{\"@type\":\"WebSite\",\"@id\":\"https:\\\/\\\/canal4nogoya.com\\\/web\\\/#website\",\"url\":\"https:\\\/\\\/canal4nogoya.com\\\/web\\\/\",\"name\":\"Canal 4 Nogoy\\u00e1\",\"description\":\"Nogoy\\u00e1 Televisora Color\",\"inLanguage\":\"es-ES\",\"publisher\":{\"@id\":\"https:\\\/\\\/canal4nogoya.com\\\/web\\\/#organization\"}}]}\n\t\t<\/script>\n\t\t<!-- All in One SEO -->\n\n","aioseo_head_json":{"title":"River nuevamente a la busqueda de un DT - Canal 4 Nogoy\u00e1","description":"La eliminaci\u00f3n ante Independiente Santa Fe por los octavos de final de la Copa Sudamericana fue el punto final del breve ciclo de Eduardo Coudet como entrenador de River. La noticia de la salida del DT comenz\u00f3 a rondar por los pasillos del Monumental durante la madrugada y se confirm\u00f3 oficialmente esta tarde tras una conferencia de prensa. Fue St\u00e9fano","canonical_url":"https:\/\/canal4nogoya.com\/web\/river-nuevamente-a-la-busqueda-de-un-dt\/","robots":"max-image-preview:large","keywords":"","webmasterTools":{"miscellaneous":""},"schema":{"@context":"https:\/\/schema.org","@graph":[{"@type":"BlogPosting","@id":"https:\/\/canal4nogoya.com\/web\/river-nuevamente-a-la-busqueda-de-un-dt\/#blogposting","name":"River nuevamente a la busqueda de un DT - Canal 4 Nogoy\u00e1","headline":"River nuevamente a la busqueda de un DT","author":{"@id":"https:\/\/canal4nogoya.com\/web\/author\/gonzalo\/#author"},"publisher":{"@id":"https:\/\/canal4nogoya.com\/web\/#organization"},"image":{"@type":"ImageObject","url":"https:\/\/canal4nogoya.com\/web\/wp-content\/uploads\/2026\/08\/1-1-1-1-1-1-a-CDT.webp","width":1200,"height":675},"datePublished":"2026-08-27T16:26:14-03:00","dateModified":"2026-08-27T16:26:17-03:00","inLanguage":"es-ES","mainEntityOfPage":{"@id":"https:\/\/canal4nogoya.com\/web\/river-nuevamente-a-la-busqueda-de-un-dt\/#webpage"},"isPartOf":{"@id":"https:\/\/canal4nogoya.com\/web\/river-nuevamente-a-la-busqueda-de-un-dt\/#webpage"},"articleSection":"Nacionales"},{"@type":"BreadcrumbList","@id":"https:\/\/canal4nogoya.com\/web\/river-nuevamente-a-la-busqueda-de-un-dt\/#breadcrumblist","itemListElement":[{"@type":"ListItem","@id":"https:\/\/canal4nogoya.com\/web#listItem","position":1,"name":"Home","item":"https:\/\/canal4nogoya.com\/web","nextItem":{"@type":"ListItem","@id":"https:\/\/canal4nogoya.com\/web\/category\/nacionales\/#listItem","name":"Nacionales"}},{"@type":"ListItem","@id":"https:\/\/canal4nogoya.com\/web\/category\/nacionales\/#listItem","position":2,"name":"Nacionales","item":"https:\/\/canal4nogoya.com\/web\/category\/nacionales\/","nextItem":{"@type":"ListItem","@id":"https:\/\/canal4nogoya.com\/web\/river-nuevamente-a-la-busqueda-de-un-dt\/#listItem","name":"River nuevamente a la busqueda de un DT"},"previousItem":{"@type":"ListItem","@id":"https:\/\/canal4nogoya.com\/web#listItem","name":"Home"}},{"@type":"ListItem","@id":"https:\/\/canal4nogoya.com\/web\/river-nuevamente-a-la-busqueda-de-un-dt\/#listItem","position":3,"name":"River nuevamente a la busqueda de un DT","previousItem":{"@type":"ListItem","@id":"https:\/\/canal4nogoya.com\/web\/category\/nacionales\/#listItem","name":"Nacionales"}}]},{"@type":"Organization","@id":"https:\/\/canal4nogoya.com\/web\/#organization","name":"Canal 4 Nogoy\u00e1","description":"Nogoy\u00e1 Televisora Color","url":"https:\/\/canal4nogoya.com\/web\/","logo":{"@type":"ImageObject","url":"https:\/\/canal4nogoya.com\/web\/wp-content\/uploads\/2025\/04\/logos-fondo-blanco.jpg","@id":"https:\/\/canal4nogoya.com\/web\/river-nuevamente-a-la-busqueda-de-un-dt\/#organizationLogo","width":2353,"height":1080},"image":{"@id":"https:\/\/canal4nogoya.com\/web\/river-nuevamente-a-la-busqueda-de-un-dt\/#organizationLogo"}},{"@type":"Person","@id":"https:\/\/canal4nogoya.com\/web\/author\/gonzalo\/#author","url":"https:\/\/canal4nogoya.com\/web\/author\/gonzalo\/","name":"Redacci\u00f3n","image":{"@type":"ImageObject","@id":"https:\/\/canal4nogoya.com\/web\/river-nuevamente-a-la-busqueda-de-un-dt\/#authorImage","url":"https:\/\/canal4nogoya.com\/web\/wp-content\/litespeed\/avatar\/1df8586f31106921a2f6ae0d9530296b.jpg?ver=1787987515","width":96,"height":96,"caption":"Redacci\u00f3n"}},{"@type":"WebPage","@id":"https:\/\/canal4nogoya.com\/web\/river-nuevamente-a-la-busqueda-de-un-dt\/#webpage","url":"https:\/\/canal4nogoya.com\/web\/river-nuevamente-a-la-busqueda-de-un-dt\/","name":"River nuevamente a la busqueda de un DT - Canal 4 Nogoy\u00e1","description":"La eliminaci\u00f3n ante Independiente Santa Fe por los octavos de final de la Copa Sudamericana fue el punto final del breve ciclo de Eduardo Coudet como entrenador de River. La noticia de la salida del DT comenz\u00f3 a rondar por los pasillos del Monumental durante la madrugada y se confirm\u00f3 oficialmente esta tarde tras una conferencia de prensa. Fue St\u00e9fano","inLanguage":"es-ES","isPartOf":{"@id":"https:\/\/canal4nogoya.com\/web\/#website"},"breadcrumb":{"@id":"https:\/\/canal4nogoya.com\/web\/river-nuevamente-a-la-busqueda-de-un-dt\/#breadcrumblist"},"author":{"@id":"https:\/\/canal4nogoya.com\/web\/author\/gonzalo\/#author"},"creator":{"@id":"https:\/\/canal4nogoya.com\/web\/author\/gonzalo\/#author"},"image":{"@type":"ImageObject","url":"https:\/\/canal4nogoya.com\/web\/wp-content\/uploads\/2026\/08\/1-1-1-1-1-1-a-CDT.webp","@id":"https:\/\/canal4nogoya.com\/web\/river-nuevamente-a-la-busqueda-de-un-dt\/#mainImage","width":1200,"height":675},"primaryImageOfPage":{"@id":"https:\/\/canal4nogoya.com\/web\/river-nuevamente-a-la-busqueda-de-un-dt\/#mainImage"},"datePublished":"2026-08-27T16:26:14-03:00","dateModified":"2026-08-27T16:26:17-03:00"},{"@type":"WebSite","@id":"https:\/\/canal4nogoya.com\/web\/#website","url":"https:\/\/canal4nogoya.com\/web\/","name":"Canal 4 Nogoy\u00e1","description":"Nogoy\u00e1 Televisora Color","inLanguage":"es-ES","publisher":{"@id":"https:\/\/canal4nogoya.com\/web\/#organization"}}]},"og:locale":"es_ES","og:site_name":"Canal 4 Nogoy\u00e1 - Nogoy\u00e1 Televisora Color","og:type":"article","og:title":"River nuevamente a la busqueda de un DT - Canal 4 Nogoy\u00e1","og:description":"La eliminaci\u00f3n ante Independiente Santa Fe por los octavos de final de la Copa Sudamericana fue el punto final del breve ciclo de Eduardo Coudet como entrenador de River. La noticia de la salida del DT comenz\u00f3 a rondar por los pasillos del Monumental durante la madrugada y se confirm\u00f3 oficialmente esta tarde tras una conferencia de prensa. Fue St\u00e9fano","og:url":"https:\/\/canal4nogoya.com\/web\/river-nuevamente-a-la-busqueda-de-un-dt\/","og:image":"https:\/\/canal4nogoya.com\/web\/wp-content\/uploads\/2026\/08\/1-1-1-1-1-1-a-CDT.webp","og:image:secure_url":"https:\/\/canal4nogoya.com\/web\/wp-content\/uploads\/2026\/08\/1-1-1-1-1-1-a-CDT.webp","og:image:width":1200,"og:image:height":675,"article:published_time":"2026-08-27T19:26:14+00:00","article:modified_time":"2026-08-27T19:26:17+00:00","twitter:card":"summary_large_image","twitter:title":"River nuevamente a la busqueda de un DT - Canal 4 Nogoy\u00e1","twitter:description":"La eliminaci\u00f3n ante Independiente Santa Fe por los octavos de final de la Copa Sudamericana fue el punto final del breve ciclo de Eduardo Coudet como entrenador de River. La noticia de la salida del DT comenz\u00f3 a rondar por los pasillos del Monumental durante la madrugada y se confirm\u00f3 oficialmente esta tarde tras una conferencia de prensa. Fue St\u00e9fano","twitter:image":"https:\/\/canal4nogoya.com\/web\/wp-content\/uploads\/2026\/08\/1-1-1-1-1-1-a-CDT.webp"},"aioseo_meta_data":{"post_id":"4720","title":null,"description":null,"keywords":null,"keyphrases":{"focus":{"keyphrase":"","score":0,"analysis":{"keyphraseInTitle":{"score":0,"maxScore":9,"error":1}}},"additional":[]},"primary_term":null,"canonical_url":null,"og_title":null,"og_description":null,"og_object_type":"default","og_image_type":"default","og_image_url":null,"og_image_width":null,"og_image_height":null,"og_image_custom_url":null,"og_image_custom_fields":null,"og_video":"","og_custom_url":null,"og_article_section":null,"og_article_tags":null,"twitter_use_og":false,"twitter_card":"default","twitter_image_type":"default","twitter_image_url":null,"twitter_image_custom_url":null,"twitter_image_custom_fields":null,"twitter_title":null,"twitter_description":null,"schema":{"blockGraphs":[],"customGraphs":[],"default":{"data":{"Article":[],"Course":[],"Dataset":[],"FAQPage":[],"Movie":[],"Person":[],"Product":[],"ProductReview":[],"Car":[],"Recipe":[],"Service":[],"SoftwareApplication":[],"WebPage":[]},"graphName":"BlogPosting","isEnabled":true},"graphs":[]},"schema_type":"default","schema_type_options":null,"pillar_content":false,"robots_default":true,"robots_noindex":false,"robots_noarchive":false,"robots_nosnippet":false,"robots_nofollow":false,"robots_noimageindex":false,"robots_noodp":false,"robots_notranslate":false,"robots_max_snippet":"-1","robots_max_videopreview":"-1","robots_max_imagepreview":"large","priority":null,"frequency":"default","local_seo":null,"breadcrumb_settings":null,"limit_modified_date":false,"ai":{"faqs":[],"keyPoints":[],"schemas":[],"titles":[],"descriptions":[],"socialPosts":{"email":{"subject":"","preview":"","content":""},"linkedin":[],"twitter":[],"facebook":[],"instagram":[]}},"created":"2026-08-27 19:26:17","updated":"2026-08-28 02:59:17","seo_analyzer_scan_date":null,"focus_keyword":null,"additional_keywords":null,"truseo_locale":null},"aioseo_breadcrumb":"<div class=\"aioseo-breadcrumbs\"><span class=\"aioseo-breadcrumb\">\n\t\t\t<a href=\"https:\/\/canal4nogoya.com\/web\" title=\"Home\">Home<\/a>\n\t\t<\/span><span class=\"aioseo-breadcrumb-separator\">&raquo;<\/span><span class=\"aioseo-breadcrumb\">\n\t\t\t<a href=\"https:\/\/canal4nogoya.com\/web\/category\/nacionales\/\" title=\"Nacionales\">Nacionales<\/a>\n\t\t<\/span><span class=\"aioseo-breadcrumb-separator\">&raquo;<\/span><span class=\"aioseo-breadcrumb\">\n\t\t\tRiver nuevamente a la busqueda de un DT\n\t\t<\/span><\/div>","aioseo_breadcrumb_json":[{"label":"Home","link":"https:\/\/canal4nogoya.com\/web"},{"label":"Nacionales","link":"https:\/\/canal4nogoya.com\/web\/category\/nacionales\/"},{"label":"River nuevamente a la busqueda de un DT","link":"https:\/\/canal4nogoya.com\/web\/river-nuevamente-a-la-busqueda-de-un-dt\/"}],"jetpack_featured_media_url":"https:\/\/canal4nogoya.com\/web\/wp-content\/uploads\/2026\/08\/1-1-1-1-1-1-a-CDT.webp","_links":{"self":[{"href":"https:\/\/canal4nogoya.com\/web\/wp-json\/wp\/v2\/posts\/4720","targetHints":{"allow":["GET"]}}],"collection":[{"href":"https:\/\/canal4nogoya.com\/web\/wp-json\/wp\/v2\/posts"}],"about":[{"href":"https:\/\/canal4nogoya.com\/web\/wp-json\/wp\/v2\/types\/post"}],"author":[{"embeddable":true,"href":"https:\/\/canal4nogoya.com\/web\/wp-json\/wp\/v2\/users\/3"}],"replies":[{"embeddable":true,"href":"https:\/\/canal4nogoya.com\/web\/wp-json\/wp\/v2\/comments?post=4720"}],"version-history":[{"count":1,"href":"https:\/\/canal4nogoya.com\/web\/wp-json\/wp\/v2\/posts\/4720\/revisions"}],"predecessor-version":[{"id":4722,"href":"https:\/\/canal4nogoya.com\/web\/wp-json\/wp\/v2\/posts\/4720\/revisions\/4722"}],"wp:featuredmedia":[{"embeddable":true,"href":"https:\/\/canal4nogoya.com\/web\/wp-json\/wp\/v2\/media\/4721"}],"wp:attachment":[{"href":"https:\/\/canal4nogoya.com\/web\/wp-json\/wp\/v2\/media?parent=4720"}],"wp:term":[{"taxonomy":"category","embeddable":true,"href":"https:\/\/canal4nogoya.com\/web\/wp-json\/wp\/v2\/categories?post=4720"},{"taxonomy":"post_tag","embeddable":true,"href":"https:\/\/canal4nogoya.com\/web\/wp-json\/wp\/v2\/tags?post=4720"}],"curies":[{"name":"wp","href":"https:\/\/api.w.org\/{rel}","templated":true}]}}