{"id":4731,"date":"2026-08-28T14:16:01","date_gmt":"2026-08-28T17:16:01","guid":{"rendered":"https:\/\/canal4nogoya.com\/web\/?p=4731"},"modified":"2026-08-28T14:16:03","modified_gmt":"2026-08-28T17:16:03","slug":"mejora-el-clima-para-el-fin-de-semana","status":"publish","type":"post","link":"https:\/\/canal4nogoya.com\/web\/mejora-el-clima-para-el-fin-de-semana\/","title":{"rendered":"Mejora el clima para el fin de semana"},"content":{"rendered":"\n<p class=\"wp-block-paragraph\"><\/p>\n\n\n\n<p class=\"wp-block-paragraph\"><\/p>\n\n\n\n<p class=\"wp-block-paragraph\">El Servicio Meteorol\u00f3gico Nacional \u2013<strong>SMN<\/strong>\u2013 inform\u00f3 que<strong>\u00a0ces\u00f3 el alerta en gran parte de Entre R\u00edos<\/strong>. Progresivamente\u00a0<strong>mejoran las condiciones del tiempo<\/strong>.<\/p>\n\n\n\n<p class=\"wp-block-paragraph\"><\/p>\n\n\n\n<p class=\"wp-block-paragraph\"><strong>Nogoy\u00e1, Paran\u00e1, La Paz, Diamante y Villaguay dejan de estar bajo alerta y vuelve a salir el sol en la regi\u00f3n<\/strong>. En tanto, se mantiene la advertencia en Concordia, Federal, Feliciano, Federaci\u00f3n y San Salvador.<\/p>\n\n\n\n<p class=\"wp-block-paragraph\"><\/p>\n\n\n\n<p class=\"wp-block-paragraph\">Deja de tener efecto el alerta amarillo que anunciaba que \u201cel \u00e1rea ser\u00e1 afectada por tormentas aisladas de variada intensidad, algunas localmente fuertes. Las mismas podr\u00e1n estar acompa\u00f1adas por abundantes precipitaciones en cortos per\u00edodos, r\u00e1fagas intensas, granizo localizado y actividad el\u00e9ctrica frecuente. Se esperaban valores de precipitaci\u00f3n acumulada entre 15 y 40 mm, que pueden ser superados de forma puntual\u201d.<\/p>\n\n\n\n<p class=\"wp-block-paragraph\"><\/p>\n\n\n\n<p class=\"wp-block-paragraph\"><\/p>\n\n\n\n<p class=\"wp-block-paragraph\"><strong>El fin de semana anuncian buen tiempo, aunque con elevada nubosidad<\/strong>. No hay anuncio de lluvias importantes, aunque en algunas zonas de la provincia hay apenas un 10% de probabilidad de precipitaciones aisladas.<\/p>\n","protected":false},"excerpt":{"rendered":"<p>El Servicio Meteorol\u00f3gico Nacional \u2013SMN\u2013 inform\u00f3 que\u00a0ces\u00f3 el alerta en gran parte de Entre R\u00edos. Progresivamente\u00a0mejoran las condiciones del tiempo. Nogoy\u00e1, Paran\u00e1, La Paz, Diamante y Villaguay dejan de estar bajo alerta y vuelve a salir el sol en la regi\u00f3n. En tanto, se mantiene la advertencia en Concordia, Federal, Feliciano, Federaci\u00f3n y San Salvador&#8230;.<\/p>\n","protected":false},"author":3,"featured_media":3789,"comment_status":"open","ping_status":"closed","sticky":false,"template":"","format":"standard","meta":{"_monsterinsights_skip_tracking":false,"footnotes":""},"categories":[8],"tags":[],"class_list":["post-4731","post","type-post","status-publish","format-standard","has-post-thumbnail","hentry","category-locales"],"aioseo_notices":[],"aioseo_head":"\n\t\t<!-- All in One SEO 5.0.1.1 - aioseo.com -->\n\t<meta name=\"description\" content=\"El Servicio Meteorol\u00f3gico Nacional \u2013SMN\u2013 inform\u00f3 que ces\u00f3 el alerta en gran parte de Entre R\u00edos. Progresivamente mejoran las condiciones del tiempo. Nogoy\u00e1, Paran\u00e1, La Paz, Diamante y Villaguay dejan de estar bajo alerta y vuelve a salir el sol en la regi\u00f3n. En tanto, se mantiene la advertencia en Concordia, Federal, Feliciano, Federaci\u00f3n y San Salvador.\" \/>\n\t<meta name=\"robots\" content=\"max-image-preview:large\" \/>\n\t<meta name=\"author\" content=\"Redacci\u00f3n\"\/>\n\t<link rel=\"canonical\" href=\"https:\/\/canal4nogoya.com\/web\/mejora-el-clima-para-el-fin-de-semana\/\" \/>\n\t<meta name=\"generator\" content=\"All in One SEO (AIOSEO) 5.0.1.1\" \/>\n\t\t<meta property=\"og:locale\" content=\"es_ES\" \/>\n\t\t<meta property=\"og:site_name\" content=\"Canal 4 Nogoy\u00e1 - Nogoy\u00e1 Televisora Color\" \/>\n\t\t<meta property=\"og:type\" content=\"article\" \/>\n\t\t<meta property=\"og:title\" content=\"Mejora el clima para el fin de semana - Canal 4 Nogoy\u00e1\" \/>\n\t\t<meta property=\"og:description\" content=\"El Servicio Meteorol\u00f3gico Nacional \u2013SMN\u2013 inform\u00f3 que ces\u00f3 el alerta en gran parte de Entre R\u00edos. Progresivamente mejoran las condiciones del tiempo. Nogoy\u00e1, Paran\u00e1, La Paz, Diamante y Villaguay dejan de estar bajo alerta y vuelve a salir el sol en la regi\u00f3n. En tanto, se mantiene la advertencia en Concordia, Federal, Feliciano, Federaci\u00f3n y San Salvador.\" \/>\n\t\t<meta property=\"og:url\" content=\"https:\/\/canal4nogoya.com\/web\/mejora-el-clima-para-el-fin-de-semana\/\" \/>\n\t\t<meta property=\"og:image\" content=\"https:\/\/canal4nogoya.com\/web\/wp-content\/uploads\/2026\/05\/1-1-1-1-Bib.webp\" \/>\n\t\t<meta property=\"og:image:secure_url\" content=\"https:\/\/canal4nogoya.com\/web\/wp-content\/uploads\/2026\/05\/1-1-1-1-Bib.webp\" \/>\n\t\t<meta property=\"og:image:width\" content=\"787\" \/>\n\t\t<meta property=\"og:image:height\" content=\"509\" \/>\n\t\t<meta property=\"article:published_time\" content=\"2026-08-28T17:16:01+00:00\" \/>\n\t\t<meta property=\"article:modified_time\" content=\"2026-08-28T17:16:03+00:00\" \/>\n\t\t<meta name=\"twitter:card\" content=\"summary_large_image\" \/>\n\t\t<meta name=\"twitter:title\" content=\"Mejora el clima para el fin de semana - Canal 4 Nogoy\u00e1\" \/>\n\t\t<meta name=\"twitter:description\" content=\"El Servicio Meteorol\u00f3gico Nacional \u2013SMN\u2013 inform\u00f3 que ces\u00f3 el alerta en gran parte de Entre R\u00edos. Progresivamente mejoran las condiciones del tiempo. Nogoy\u00e1, Paran\u00e1, La Paz, Diamante y Villaguay dejan de estar bajo alerta y vuelve a salir el sol en la regi\u00f3n. En tanto, se mantiene la advertencia en Concordia, Federal, Feliciano, Federaci\u00f3n y San Salvador.\" \/>\n\t\t<meta name=\"twitter:image\" content=\"https:\/\/canal4nogoya.com\/web\/wp-content\/uploads\/2026\/05\/1-1-1-1-Bib.webp\" \/>\n\t\t<script type=\"application\/ld+json\" class=\"aioseo-schema\">\n\t\t\t{\"@context\":\"https:\\\/\\\/schema.org\",\"@graph\":[{\"@type\":\"BlogPosting\",\"@id\":\"https:\\\/\\\/canal4nogoya.com\\\/web\\\/mejora-el-clima-para-el-fin-de-semana\\\/#blogposting\",\"name\":\"Mejora el clima para el fin de semana - Canal 4 Nogoy\\u00e1\",\"headline\":\"Mejora el clima para el fin de semana\",\"author\":{\"@id\":\"https:\\\/\\\/canal4nogoya.com\\\/web\\\/author\\\/gonzalo\\\/#author\"},\"publisher\":{\"@id\":\"https:\\\/\\\/canal4nogoya.com\\\/web\\\/#organization\"},\"image\":{\"@type\":\"ImageObject\",\"url\":\"https:\\\/\\\/canal4nogoya.com\\\/web\\\/wp-content\\\/uploads\\\/2026\\\/05\\\/1-1-1-1-Bib.webp\",\"width\":787,\"height\":509},\"datePublished\":\"2026-08-28T14:16:01-03:00\",\"dateModified\":\"2026-08-28T14:16:03-03:00\",\"inLanguage\":\"es-ES\",\"mainEntityOfPage\":{\"@id\":\"https:\\\/\\\/canal4nogoya.com\\\/web\\\/mejora-el-clima-para-el-fin-de-semana\\\/#webpage\"},\"isPartOf\":{\"@id\":\"https:\\\/\\\/canal4nogoya.com\\\/web\\\/mejora-el-clima-para-el-fin-de-semana\\\/#webpage\"},\"articleSection\":\"Locales\"},{\"@type\":\"BreadcrumbList\",\"@id\":\"https:\\\/\\\/canal4nogoya.com\\\/web\\\/mejora-el-clima-para-el-fin-de-semana\\\/#breadcrumblist\",\"itemListElement\":[{\"@type\":\"ListItem\",\"@id\":\"https:\\\/\\\/canal4nogoya.com\\\/web#listItem\",\"position\":1,\"name\":\"Home\",\"item\":\"https:\\\/\\\/canal4nogoya.com\\\/web\",\"nextItem\":{\"@type\":\"ListItem\",\"@id\":\"https:\\\/\\\/canal4nogoya.com\\\/web\\\/category\\\/locales\\\/#listItem\",\"name\":\"Locales\"}},{\"@type\":\"ListItem\",\"@id\":\"https:\\\/\\\/canal4nogoya.com\\\/web\\\/category\\\/locales\\\/#listItem\",\"position\":2,\"name\":\"Locales\",\"item\":\"https:\\\/\\\/canal4nogoya.com\\\/web\\\/category\\\/locales\\\/\",\"nextItem\":{\"@type\":\"ListItem\",\"@id\":\"https:\\\/\\\/canal4nogoya.com\\\/web\\\/mejora-el-clima-para-el-fin-de-semana\\\/#listItem\",\"name\":\"Mejora el clima para el fin de semana\"},\"previousItem\":{\"@type\":\"ListItem\",\"@id\":\"https:\\\/\\\/canal4nogoya.com\\\/web#listItem\",\"name\":\"Home\"}},{\"@type\":\"ListItem\",\"@id\":\"https:\\\/\\\/canal4nogoya.com\\\/web\\\/mejora-el-clima-para-el-fin-de-semana\\\/#listItem\",\"position\":3,\"name\":\"Mejora el clima para el fin de semana\",\"previousItem\":{\"@type\":\"ListItem\",\"@id\":\"https:\\\/\\\/canal4nogoya.com\\\/web\\\/category\\\/locales\\\/#listItem\",\"name\":\"Locales\"}}]},{\"@type\":\"Organization\",\"@id\":\"https:\\\/\\\/canal4nogoya.com\\\/web\\\/#organization\",\"name\":\"Canal 4 Nogoy\\u00e1\",\"description\":\"Nogoy\\u00e1 Televisora Color\",\"url\":\"https:\\\/\\\/canal4nogoya.com\\\/web\\\/\",\"logo\":{\"@type\":\"ImageObject\",\"url\":\"https:\\\/\\\/canal4nogoya.com\\\/web\\\/wp-content\\\/uploads\\\/2025\\\/04\\\/logos-fondo-blanco.jpg\",\"@id\":\"https:\\\/\\\/canal4nogoya.com\\\/web\\\/mejora-el-clima-para-el-fin-de-semana\\\/#organizationLogo\",\"width\":2353,\"height\":1080},\"image\":{\"@id\":\"https:\\\/\\\/canal4nogoya.com\\\/web\\\/mejora-el-clima-para-el-fin-de-semana\\\/#organizationLogo\"}},{\"@type\":\"Person\",\"@id\":\"https:\\\/\\\/canal4nogoya.com\\\/web\\\/author\\\/gonzalo\\\/#author\",\"url\":\"https:\\\/\\\/canal4nogoya.com\\\/web\\\/author\\\/gonzalo\\\/\",\"name\":\"Redacci\\u00f3n\",\"image\":{\"@type\":\"ImageObject\",\"@id\":\"https:\\\/\\\/canal4nogoya.com\\\/web\\\/mejora-el-clima-para-el-fin-de-semana\\\/#authorImage\",\"url\":\"https:\\\/\\\/canal4nogoya.com\\\/web\\\/wp-content\\\/litespeed\\\/avatar\\\/1df8586f31106921a2f6ae0d9530296b.jpg?ver=1787987515\",\"width\":96,\"height\":96,\"caption\":\"Redacci\\u00f3n\"}},{\"@type\":\"WebPage\",\"@id\":\"https:\\\/\\\/canal4nogoya.com\\\/web\\\/mejora-el-clima-para-el-fin-de-semana\\\/#webpage\",\"url\":\"https:\\\/\\\/canal4nogoya.com\\\/web\\\/mejora-el-clima-para-el-fin-de-semana\\\/\",\"name\":\"Mejora el clima para el fin de semana - Canal 4 Nogoy\\u00e1\",\"description\":\"El Servicio Meteorol\\u00f3gico Nacional \\u2013SMN\\u2013 inform\\u00f3 que ces\\u00f3 el alerta en gran parte de Entre R\\u00edos. Progresivamente mejoran las condiciones del tiempo. Nogoy\\u00e1, Paran\\u00e1, La Paz, Diamante y Villaguay dejan de estar bajo alerta y vuelve a salir el sol en la regi\\u00f3n. En tanto, se mantiene la advertencia en Concordia, Federal, Feliciano, Federaci\\u00f3n y San Salvador.\",\"inLanguage\":\"es-ES\",\"isPartOf\":{\"@id\":\"https:\\\/\\\/canal4nogoya.com\\\/web\\\/#website\"},\"breadcrumb\":{\"@id\":\"https:\\\/\\\/canal4nogoya.com\\\/web\\\/mejora-el-clima-para-el-fin-de-semana\\\/#breadcrumblist\"},\"author\":{\"@id\":\"https:\\\/\\\/canal4nogoya.com\\\/web\\\/author\\\/gonzalo\\\/#author\"},\"creator\":{\"@id\":\"https:\\\/\\\/canal4nogoya.com\\\/web\\\/author\\\/gonzalo\\\/#author\"},\"image\":{\"@type\":\"ImageObject\",\"url\":\"https:\\\/\\\/canal4nogoya.com\\\/web\\\/wp-content\\\/uploads\\\/2026\\\/05\\\/1-1-1-1-Bib.webp\",\"@id\":\"https:\\\/\\\/canal4nogoya.com\\\/web\\\/mejora-el-clima-para-el-fin-de-semana\\\/#mainImage\",\"width\":787,\"height\":509},\"primaryImageOfPage\":{\"@id\":\"https:\\\/\\\/canal4nogoya.com\\\/web\\\/mejora-el-clima-para-el-fin-de-semana\\\/#mainImage\"},\"datePublished\":\"2026-08-28T14:16:01-03:00\",\"dateModified\":\"2026-08-28T14:16:03-03:00\"},{\"@type\":\"WebSite\",\"@id\":\"https:\\\/\\\/canal4nogoya.com\\\/web\\\/#website\",\"url\":\"https:\\\/\\\/canal4nogoya.com\\\/web\\\/\",\"name\":\"Canal 4 Nogoy\\u00e1\",\"description\":\"Nogoy\\u00e1 Televisora Color\",\"inLanguage\":\"es-ES\",\"publisher\":{\"@id\":\"https:\\\/\\\/canal4nogoya.com\\\/web\\\/#organization\"}}]}\n\t\t<\/script>\n\t\t<!-- All in One SEO -->\n\n","aioseo_head_json":{"title":"Mejora el clima para el fin de semana - Canal 4 Nogoy\u00e1","description":"El Servicio Meteorol\u00f3gico Nacional \u2013SMN\u2013 inform\u00f3 que ces\u00f3 el alerta en gran parte de Entre R\u00edos. Progresivamente mejoran las condiciones del tiempo. Nogoy\u00e1, Paran\u00e1, La Paz, Diamante y Villaguay dejan de estar bajo alerta y vuelve a salir el sol en la regi\u00f3n. En tanto, se mantiene la advertencia en Concordia, Federal, Feliciano, Federaci\u00f3n y San Salvador.","canonical_url":"https:\/\/canal4nogoya.com\/web\/mejora-el-clima-para-el-fin-de-semana\/","robots":"max-image-preview:large","keywords":"","webmasterTools":{"miscellaneous":""},"schema":{"@context":"https:\/\/schema.org","@graph":[{"@type":"BlogPosting","@id":"https:\/\/canal4nogoya.com\/web\/mejora-el-clima-para-el-fin-de-semana\/#blogposting","name":"Mejora el clima para el fin de semana - Canal 4 Nogoy\u00e1","headline":"Mejora el clima para el fin de semana","author":{"@id":"https:\/\/canal4nogoya.com\/web\/author\/gonzalo\/#author"},"publisher":{"@id":"https:\/\/canal4nogoya.com\/web\/#organization"},"image":{"@type":"ImageObject","url":"https:\/\/canal4nogoya.com\/web\/wp-content\/uploads\/2026\/05\/1-1-1-1-Bib.webp","width":787,"height":509},"datePublished":"2026-08-28T14:16:01-03:00","dateModified":"2026-08-28T14:16:03-03:00","inLanguage":"es-ES","mainEntityOfPage":{"@id":"https:\/\/canal4nogoya.com\/web\/mejora-el-clima-para-el-fin-de-semana\/#webpage"},"isPartOf":{"@id":"https:\/\/canal4nogoya.com\/web\/mejora-el-clima-para-el-fin-de-semana\/#webpage"},"articleSection":"Locales"},{"@type":"BreadcrumbList","@id":"https:\/\/canal4nogoya.com\/web\/mejora-el-clima-para-el-fin-de-semana\/#breadcrumblist","itemListElement":[{"@type":"ListItem","@id":"https:\/\/canal4nogoya.com\/web#listItem","position":1,"name":"Home","item":"https:\/\/canal4nogoya.com\/web","nextItem":{"@type":"ListItem","@id":"https:\/\/canal4nogoya.com\/web\/category\/locales\/#listItem","name":"Locales"}},{"@type":"ListItem","@id":"https:\/\/canal4nogoya.com\/web\/category\/locales\/#listItem","position":2,"name":"Locales","item":"https:\/\/canal4nogoya.com\/web\/category\/locales\/","nextItem":{"@type":"ListItem","@id":"https:\/\/canal4nogoya.com\/web\/mejora-el-clima-para-el-fin-de-semana\/#listItem","name":"Mejora el clima para el fin de semana"},"previousItem":{"@type":"ListItem","@id":"https:\/\/canal4nogoya.com\/web#listItem","name":"Home"}},{"@type":"ListItem","@id":"https:\/\/canal4nogoya.com\/web\/mejora-el-clima-para-el-fin-de-semana\/#listItem","position":3,"name":"Mejora el clima para el fin de semana","previousItem":{"@type":"ListItem","@id":"https:\/\/canal4nogoya.com\/web\/category\/locales\/#listItem","name":"Locales"}}]},{"@type":"Organization","@id":"https:\/\/canal4nogoya.com\/web\/#organization","name":"Canal 4 Nogoy\u00e1","description":"Nogoy\u00e1 Televisora Color","url":"https:\/\/canal4nogoya.com\/web\/","logo":{"@type":"ImageObject","url":"https:\/\/canal4nogoya.com\/web\/wp-content\/uploads\/2025\/04\/logos-fondo-blanco.jpg","@id":"https:\/\/canal4nogoya.com\/web\/mejora-el-clima-para-el-fin-de-semana\/#organizationLogo","width":2353,"height":1080},"image":{"@id":"https:\/\/canal4nogoya.com\/web\/mejora-el-clima-para-el-fin-de-semana\/#organizationLogo"}},{"@type":"Person","@id":"https:\/\/canal4nogoya.com\/web\/author\/gonzalo\/#author","url":"https:\/\/canal4nogoya.com\/web\/author\/gonzalo\/","name":"Redacci\u00f3n","image":{"@type":"ImageObject","@id":"https:\/\/canal4nogoya.com\/web\/mejora-el-clima-para-el-fin-de-semana\/#authorImage","url":"https:\/\/canal4nogoya.com\/web\/wp-content\/litespeed\/avatar\/1df8586f31106921a2f6ae0d9530296b.jpg?ver=1787987515","width":96,"height":96,"caption":"Redacci\u00f3n"}},{"@type":"WebPage","@id":"https:\/\/canal4nogoya.com\/web\/mejora-el-clima-para-el-fin-de-semana\/#webpage","url":"https:\/\/canal4nogoya.com\/web\/mejora-el-clima-para-el-fin-de-semana\/","name":"Mejora el clima para el fin de semana - Canal 4 Nogoy\u00e1","description":"El Servicio Meteorol\u00f3gico Nacional \u2013SMN\u2013 inform\u00f3 que ces\u00f3 el alerta en gran parte de Entre R\u00edos. Progresivamente mejoran las condiciones del tiempo. Nogoy\u00e1, Paran\u00e1, La Paz, Diamante y Villaguay dejan de estar bajo alerta y vuelve a salir el sol en la regi\u00f3n. En tanto, se mantiene la advertencia en Concordia, Federal, Feliciano, Federaci\u00f3n y San Salvador.","inLanguage":"es-ES","isPartOf":{"@id":"https:\/\/canal4nogoya.com\/web\/#website"},"breadcrumb":{"@id":"https:\/\/canal4nogoya.com\/web\/mejora-el-clima-para-el-fin-de-semana\/#breadcrumblist"},"author":{"@id":"https:\/\/canal4nogoya.com\/web\/author\/gonzalo\/#author"},"creator":{"@id":"https:\/\/canal4nogoya.com\/web\/author\/gonzalo\/#author"},"image":{"@type":"ImageObject","url":"https:\/\/canal4nogoya.com\/web\/wp-content\/uploads\/2026\/05\/1-1-1-1-Bib.webp","@id":"https:\/\/canal4nogoya.com\/web\/mejora-el-clima-para-el-fin-de-semana\/#mainImage","width":787,"height":509},"primaryImageOfPage":{"@id":"https:\/\/canal4nogoya.com\/web\/mejora-el-clima-para-el-fin-de-semana\/#mainImage"},"datePublished":"2026-08-28T14:16:01-03:00","dateModified":"2026-08-28T14:16:03-03:00"},{"@type":"WebSite","@id":"https:\/\/canal4nogoya.com\/web\/#website","url":"https:\/\/canal4nogoya.com\/web\/","name":"Canal 4 Nogoy\u00e1","description":"Nogoy\u00e1 Televisora Color","inLanguage":"es-ES","publisher":{"@id":"https:\/\/canal4nogoya.com\/web\/#organization"}}]},"og:locale":"es_ES","og:site_name":"Canal 4 Nogoy\u00e1 - Nogoy\u00e1 Televisora Color","og:type":"article","og:title":"Mejora el clima para el fin de semana - Canal 4 Nogoy\u00e1","og:description":"El Servicio Meteorol\u00f3gico Nacional \u2013SMN\u2013 inform\u00f3 que ces\u00f3 el alerta en gran parte de Entre R\u00edos. Progresivamente mejoran las condiciones del tiempo. Nogoy\u00e1, Paran\u00e1, La Paz, Diamante y Villaguay dejan de estar bajo alerta y vuelve a salir el sol en la regi\u00f3n. En tanto, se mantiene la advertencia en Concordia, Federal, Feliciano, Federaci\u00f3n y San Salvador.","og:url":"https:\/\/canal4nogoya.com\/web\/mejora-el-clima-para-el-fin-de-semana\/","og:image":"https:\/\/canal4nogoya.com\/web\/wp-content\/uploads\/2026\/05\/1-1-1-1-Bib.webp","og:image:secure_url":"https:\/\/canal4nogoya.com\/web\/wp-content\/uploads\/2026\/05\/1-1-1-1-Bib.webp","og:image:width":787,"og:image:height":509,"article:published_time":"2026-08-28T17:16:01+00:00","article:modified_time":"2026-08-28T17:16:03+00:00","twitter:card":"summary_large_image","twitter:title":"Mejora el clima para el fin de semana - Canal 4 Nogoy\u00e1","twitter:description":"El Servicio Meteorol\u00f3gico Nacional \u2013SMN\u2013 inform\u00f3 que ces\u00f3 el alerta en gran parte de Entre R\u00edos. Progresivamente mejoran las condiciones del tiempo. Nogoy\u00e1, Paran\u00e1, La Paz, Diamante y Villaguay dejan de estar bajo alerta y vuelve a salir el sol en la regi\u00f3n. En tanto, se mantiene la advertencia en Concordia, Federal, Feliciano, Federaci\u00f3n y San Salvador.","twitter:image":"https:\/\/canal4nogoya.com\/web\/wp-content\/uploads\/2026\/05\/1-1-1-1-Bib.webp"},"aioseo_meta_data":{"post_id":"4731","title":null,"description":null,"keywords":null,"keyphrases":{"focus":{"keyphrase":"","score":0,"analysis":{"keyphraseInTitle":{"score":0,"maxScore":9,"error":1}}},"additional":[]},"primary_term":null,"canonical_url":null,"og_title":null,"og_description":null,"og_object_type":"default","og_image_type":"default","og_image_url":null,"og_image_width":null,"og_image_height":null,"og_image_custom_url":null,"og_image_custom_fields":null,"og_video":"","og_custom_url":null,"og_article_section":null,"og_article_tags":null,"twitter_use_og":false,"twitter_card":"default","twitter_image_type":"default","twitter_image_url":null,"twitter_image_custom_url":null,"twitter_image_custom_fields":null,"twitter_title":null,"twitter_description":null,"schema":{"blockGraphs":[],"customGraphs":[],"default":{"data":{"Article":[],"Course":[],"Dataset":[],"FAQPage":[],"Movie":[],"Person":[],"Product":[],"ProductReview":[],"Car":[],"Recipe":[],"Service":[],"SoftwareApplication":[],"WebPage":[]},"graphName":"BlogPosting","isEnabled":true},"graphs":[]},"schema_type":"default","schema_type_options":null,"pillar_content":false,"robots_default":true,"robots_noindex":false,"robots_noarchive":false,"robots_nosnippet":false,"robots_nofollow":false,"robots_noimageindex":false,"robots_noodp":false,"robots_notranslate":false,"robots_max_snippet":"-1","robots_max_videopreview":"-1","robots_max_imagepreview":"large","priority":null,"frequency":"default","local_seo":null,"breadcrumb_settings":null,"limit_modified_date":false,"ai":{"faqs":[],"keyPoints":[],"schemas":[],"titles":[],"descriptions":[],"socialPosts":{"email":{"subject":"","preview":"","content":""},"linkedin":[],"twitter":[],"facebook":[],"instagram":[]}},"created":"2026-08-28 17:16:03","updated":"2026-08-28 19:12:23","seo_analyzer_scan_date":null,"focus_keyword":null,"additional_keywords":null,"truseo_locale":null},"aioseo_breadcrumb":"<div class=\"aioseo-breadcrumbs\"><span class=\"aioseo-breadcrumb\">\n\t\t\t<a href=\"https:\/\/canal4nogoya.com\/web\" title=\"Home\">Home<\/a>\n\t\t<\/span><span class=\"aioseo-breadcrumb-separator\">&raquo;<\/span><span class=\"aioseo-breadcrumb\">\n\t\t\t<a href=\"https:\/\/canal4nogoya.com\/web\/category\/locales\/\" title=\"Locales\">Locales<\/a>\n\t\t<\/span><span class=\"aioseo-breadcrumb-separator\">&raquo;<\/span><span class=\"aioseo-breadcrumb\">\n\t\t\tMejora el clima para el fin de semana\n\t\t<\/span><\/div>","aioseo_breadcrumb_json":[{"label":"Home","link":"https:\/\/canal4nogoya.com\/web"},{"label":"Locales","link":"https:\/\/canal4nogoya.com\/web\/category\/locales\/"},{"label":"Mejora el clima para el fin de semana","link":"https:\/\/canal4nogoya.com\/web\/mejora-el-clima-para-el-fin-de-semana\/"}],"jetpack_featured_media_url":"https:\/\/canal4nogoya.com\/web\/wp-content\/uploads\/2026\/05\/1-1-1-1-Bib.webp","_links":{"self":[{"href":"https:\/\/canal4nogoya.com\/web\/wp-json\/wp\/v2\/posts\/4731","targetHints":{"allow":["GET"]}}],"collection":[{"href":"https:\/\/canal4nogoya.com\/web\/wp-json\/wp\/v2\/posts"}],"about":[{"href":"https:\/\/canal4nogoya.com\/web\/wp-json\/wp\/v2\/types\/post"}],"author":[{"embeddable":true,"href":"https:\/\/canal4nogoya.com\/web\/wp-json\/wp\/v2\/users\/3"}],"replies":[{"embeddable":true,"href":"https:\/\/canal4nogoya.com\/web\/wp-json\/wp\/v2\/comments?post=4731"}],"version-history":[{"count":1,"href":"https:\/\/canal4nogoya.com\/web\/wp-json\/wp\/v2\/posts\/4731\/revisions"}],"predecessor-version":[{"id":4732,"href":"https:\/\/canal4nogoya.com\/web\/wp-json\/wp\/v2\/posts\/4731\/revisions\/4732"}],"wp:featuredmedia":[{"embeddable":true,"href":"https:\/\/canal4nogoya.com\/web\/wp-json\/wp\/v2\/media\/3789"}],"wp:attachment":[{"href":"https:\/\/canal4nogoya.com\/web\/wp-json\/wp\/v2\/media?parent=4731"}],"wp:term":[{"taxonomy":"category","embeddable":true,"href":"https:\/\/canal4nogoya.com\/web\/wp-json\/wp\/v2\/categories?post=4731"},{"taxonomy":"post_tag","embeddable":true,"href":"https:\/\/canal4nogoya.com\/web\/wp-json\/wp\/v2\/tags?post=4731"}],"curies":[{"name":"wp","href":"https:\/\/api.w.org\/{rel}","templated":true}]}}