{"id":4752,"date":"2026-08-31T16:17:42","date_gmt":"2026-08-31T19:17:42","guid":{"rendered":"https:\/\/canal4nogoya.com\/web\/?p=4752"},"modified":"2026-08-31T16:18:20","modified_gmt":"2026-08-31T19:18:20","slug":"messi-me-vacie-ya-no-tengo-mas-para-dar","status":"publish","type":"post","link":"https:\/\/canal4nogoya.com\/web\/messi-me-vacie-ya-no-tengo-mas-para-dar\/","title":{"rendered":"Messi: \u00abMe vaci\u00e9, ya no tengo m\u00e1s para dar\u00bb"},"content":{"rendered":"\n<p class=\"wp-block-paragraph\"><\/p>\n\n\n\n<p class=\"wp-block-paragraph\"><\/p>\n\n\n\n<p class=\"wp-block-paragraph\"><strong>Lionel Messi\u00a0<\/strong>confirm\u00f3 que no jugar\u00e1 m\u00e1s en la\u00a0<strong>Selecci\u00f3n Argentina<\/strong>. A trav\u00e9s de una carta en sus redes sociales, la \u201cPulga\u201d anunci\u00f3 la noticia.\u00a0<strong>\u201cFue una decisi\u00f3n que doli\u00f3 y duele en el alma pero entiendo que es el momento\u201d<\/strong>, afirm\u00f3.<\/p>\n\n\n\n<p class=\"wp-block-paragraph\"><\/p>\n\n\n\n<h2 class=\"wp-block-heading\"><strong>La carta de Lionel Messi<\/strong><\/h2>\n\n\n\n<p class=\"wp-block-paragraph\"><\/p>\n\n\n\n<p class=\"wp-block-paragraph\"><em>Despu\u00e9s de este tiempo que pas\u00f3 desde la final, pens\u00e1ndolo mucho, quiero comunicarles a todos que me retiro de la Selecci\u00f3n\u2026<\/em><\/p>\n\n\n\n<p class=\"wp-block-paragraph\"><\/p>\n\n\n\n<p class=\"wp-block-paragraph\">F<em>ue una decisi\u00f3n que doli\u00f3 y duele en el alma pero entiendo que es el momento. Les juro que siempre dej\u00e9 todo, no solo los \u00faltimos a\u00f1os que se gan\u00f3 todo antes tambi\u00e9n y siempre pele\u00e9 y me dej\u00e9 todo por esta camiseta, por darles alegr\u00edas y hacer que se sientan orgullosos de ser argentinos a trav\u00e9s del f\u00fatbol.<\/em><\/p>\n\n\n\n<p class=\"wp-block-paragraph\"><em>Queda poco y se van cerrando etapas y esta es una que me duele mucho. Amo, am\u00e9 y amar\u00e9 siempre estar en la Selecci\u00f3n. Me vaci\u00e9, ya no tengo m\u00e1s para dar y aparte vienen chicos muy grandes atr\u00e1s que merecen estar.<\/em><\/p>\n\n\n\n<p class=\"wp-block-paragraph\"><em>Gracias por todo el cari\u00f1o de estos 20 a\u00f1os. Voy a extra\u00f1ar mucho escucharlos desde adentro. Ahora voy a ser uno m\u00e1s de ustedes, alentando y bancando siempre desde afuera (en las buenas y en las malas, mucho m\u00e1s).<\/em><\/p>\n\n\n\n<p class=\"wp-block-paragraph\"><em>Gracias a mi familia por estar siempre, por acompa\u00f1arme en este viaje tan hermoso pero dif\u00edcil. Gracias a cada uno de entrenadores, compa\u00f1eros y dirigentes que me toc\u00f3 compartir. Me llevo recuerdos y momentos inolvidables vividos.<\/em><\/p>\n\n\n\n<p class=\"wp-block-paragraph\"><em>Me voy con la tranquilidad y el orgullo de haberles regalado, juntos con mis compa\u00f1eros, momentos so\u00f1ados. Fue una locura haberlo vivido con ustedes. \u00a1Los quiero!<\/em><\/p>\n\n\n\n<p class=\"wp-block-paragraph\"><em>Gracias Dios por hacerme argentino.<\/em><\/p>\n\n\n\n<p class=\"wp-block-paragraph\"><em>\u00a1Vamos Argentina!<\/em><\/p>\n\n\n\n<p class=\"wp-block-paragraph\"><em>*Estas palabras las escrib\u00ed el 21 de julio, dos d\u00edas despu\u00e9s de la final. Hoy despu\u00e9s de lo de mi pap\u00e1, estoy m\u00e1s convencido que antes.<\/em><\/p>\n\n\n\n<p class=\"wp-block-paragraph\"><\/p>\n\n\n\n<p class=\"wp-block-paragraph\"><\/p>\n","protected":false},"excerpt":{"rendered":"<p>Lionel Messi\u00a0confirm\u00f3 que no jugar\u00e1 m\u00e1s en la\u00a0Selecci\u00f3n Argentina. A trav\u00e9s de una carta en sus redes sociales, la \u201cPulga\u201d anunci\u00f3 la noticia.\u00a0\u201cFue una decisi\u00f3n que doli\u00f3 y duele en el alma pero entiendo que es el momento\u201d, afirm\u00f3. La carta de Lionel Messi Despu\u00e9s de este tiempo que pas\u00f3 desde la final, pens\u00e1ndolo mucho,&#8230;<\/p>\n","protected":false},"author":3,"featured_media":4753,"comment_status":"open","ping_status":"closed","sticky":false,"template":"","format":"standard","meta":{"_monsterinsights_skip_tracking":false,"footnotes":""},"categories":[9],"tags":[],"class_list":["post-4752","post","type-post","status-publish","format-standard","has-post-thumbnail","hentry","category-nacionales"],"aioseo_notices":[],"aioseo_head":"\n\t\t<!-- All in One SEO 5.0.1.1 - aioseo.com -->\n\t<meta name=\"description\" content=\"Lionel Messi confirm\u00f3 que no jugar\u00e1 m\u00e1s en la Selecci\u00f3n Argentina. A trav\u00e9s de una carta en sus redes sociales, la \u201cPulga\u201d anunci\u00f3 la noticia. \u201cFue una decisi\u00f3n que doli\u00f3 y duele en el alma pero entiendo que es el momento\u201d, afirm\u00f3. La carta de Lionel Messi Despu\u00e9s de este tiempo que pas\u00f3 desde la final, pens\u00e1ndolo mucho,\" \/>\n\t<meta name=\"robots\" content=\"max-image-preview:large\" \/>\n\t<meta name=\"author\" content=\"Redacci\u00f3n\"\/>\n\t<link rel=\"canonical\" href=\"https:\/\/canal4nogoya.com\/web\/messi-me-vacie-ya-no-tengo-mas-para-dar\/\" \/>\n\t<meta name=\"generator\" content=\"All in One SEO (AIOSEO) 5.0.1.1\" \/>\n\t\t<meta property=\"og:locale\" content=\"es_ES\" \/>\n\t\t<meta property=\"og:site_name\" content=\"Canal 4 Nogoy\u00e1 - Nogoy\u00e1 Televisora Color\" \/>\n\t\t<meta property=\"og:type\" content=\"article\" \/>\n\t\t<meta property=\"og:title\" content=\"Messi: \u00abMe vaci\u00e9, ya no tengo m\u00e1s para dar\u00bb - Canal 4 Nogoy\u00e1\" \/>\n\t\t<meta property=\"og:description\" content=\"Lionel Messi confirm\u00f3 que no jugar\u00e1 m\u00e1s en la Selecci\u00f3n Argentina. A trav\u00e9s de una carta en sus redes sociales, la \u201cPulga\u201d anunci\u00f3 la noticia. \u201cFue una decisi\u00f3n que doli\u00f3 y duele en el alma pero entiendo que es el momento\u201d, afirm\u00f3. La carta de Lionel Messi Despu\u00e9s de este tiempo que pas\u00f3 desde la final, pens\u00e1ndolo mucho,\" \/>\n\t\t<meta property=\"og:url\" content=\"https:\/\/canal4nogoya.com\/web\/messi-me-vacie-ya-no-tengo-mas-para-dar\/\" \/>\n\t\t<meta property=\"og:image\" content=\"https:\/\/canal4nogoya.com\/web\/wp-content\/uploads\/2026\/08\/1-1-1-1-1-1-1-a-MLeo.avif\" \/>\n\t\t<meta property=\"og:image:secure_url\" content=\"https:\/\/canal4nogoya.com\/web\/wp-content\/uploads\/2026\/08\/1-1-1-1-1-1-1-a-MLeo.avif\" \/>\n\t\t<meta property=\"og:image:width\" content=\"1200\" \/>\n\t\t<meta property=\"og:image:height\" content=\"800\" \/>\n\t\t<meta property=\"article:published_time\" content=\"2026-08-31T19:17:42+00:00\" \/>\n\t\t<meta property=\"article:modified_time\" content=\"2026-08-31T19:18:20+00:00\" \/>\n\t\t<meta name=\"twitter:card\" content=\"summary_large_image\" \/>\n\t\t<meta name=\"twitter:title\" content=\"Messi: \u00abMe vaci\u00e9, ya no tengo m\u00e1s para dar\u00bb - Canal 4 Nogoy\u00e1\" \/>\n\t\t<meta name=\"twitter:description\" content=\"Lionel Messi confirm\u00f3 que no jugar\u00e1 m\u00e1s en la Selecci\u00f3n Argentina. A trav\u00e9s de una carta en sus redes sociales, la \u201cPulga\u201d anunci\u00f3 la noticia. \u201cFue una decisi\u00f3n que doli\u00f3 y duele en el alma pero entiendo que es el momento\u201d, afirm\u00f3. La carta de Lionel Messi Despu\u00e9s de este tiempo que pas\u00f3 desde la final, pens\u00e1ndolo mucho,\" \/>\n\t\t<meta name=\"twitter:image\" content=\"https:\/\/canal4nogoya.com\/web\/wp-content\/uploads\/2026\/08\/1-1-1-1-1-1-1-a-MLeo.avif\" \/>\n\t\t<script type=\"application\/ld+json\" class=\"aioseo-schema\">\n\t\t\t{\"@context\":\"https:\\\/\\\/schema.org\",\"@graph\":[{\"@type\":\"BlogPosting\",\"@id\":\"https:\\\/\\\/canal4nogoya.com\\\/web\\\/messi-me-vacie-ya-no-tengo-mas-para-dar\\\/#blogposting\",\"name\":\"Messi: \\u00abMe vaci\\u00e9, ya no tengo m\\u00e1s para dar\\u00bb - Canal 4 Nogoy\\u00e1\",\"headline\":\"Messi: \\u00abMe vaci\\u00e9, ya no tengo m\\u00e1s para dar\\u00bb\",\"author\":{\"@id\":\"https:\\\/\\\/canal4nogoya.com\\\/web\\\/author\\\/gonzalo\\\/#author\"},\"publisher\":{\"@id\":\"https:\\\/\\\/canal4nogoya.com\\\/web\\\/#organization\"},\"image\":{\"@type\":\"ImageObject\",\"url\":\"https:\\\/\\\/canal4nogoya.com\\\/web\\\/wp-content\\\/uploads\\\/2026\\\/08\\\/1-1-1-1-1-1-1-a-MLeo.avif\",\"width\":1200,\"height\":800},\"datePublished\":\"2026-08-31T16:17:42-03:00\",\"dateModified\":\"2026-08-31T16:18:20-03:00\",\"inLanguage\":\"es-ES\",\"mainEntityOfPage\":{\"@id\":\"https:\\\/\\\/canal4nogoya.com\\\/web\\\/messi-me-vacie-ya-no-tengo-mas-para-dar\\\/#webpage\"},\"isPartOf\":{\"@id\":\"https:\\\/\\\/canal4nogoya.com\\\/web\\\/messi-me-vacie-ya-no-tengo-mas-para-dar\\\/#webpage\"},\"articleSection\":\"Nacionales\"},{\"@type\":\"BreadcrumbList\",\"@id\":\"https:\\\/\\\/canal4nogoya.com\\\/web\\\/messi-me-vacie-ya-no-tengo-mas-para-dar\\\/#breadcrumblist\",\"itemListElement\":[{\"@type\":\"ListItem\",\"@id\":\"https:\\\/\\\/canal4nogoya.com\\\/web#listItem\",\"position\":1,\"name\":\"Home\",\"item\":\"https:\\\/\\\/canal4nogoya.com\\\/web\",\"nextItem\":{\"@type\":\"ListItem\",\"@id\":\"https:\\\/\\\/canal4nogoya.com\\\/web\\\/category\\\/nacionales\\\/#listItem\",\"name\":\"Nacionales\"}},{\"@type\":\"ListItem\",\"@id\":\"https:\\\/\\\/canal4nogoya.com\\\/web\\\/category\\\/nacionales\\\/#listItem\",\"position\":2,\"name\":\"Nacionales\",\"item\":\"https:\\\/\\\/canal4nogoya.com\\\/web\\\/category\\\/nacionales\\\/\",\"nextItem\":{\"@type\":\"ListItem\",\"@id\":\"https:\\\/\\\/canal4nogoya.com\\\/web\\\/messi-me-vacie-ya-no-tengo-mas-para-dar\\\/#listItem\",\"name\":\"Messi: \\u00abMe vaci\\u00e9, ya no tengo m\\u00e1s para dar\\u00bb\"},\"previousItem\":{\"@type\":\"ListItem\",\"@id\":\"https:\\\/\\\/canal4nogoya.com\\\/web#listItem\",\"name\":\"Home\"}},{\"@type\":\"ListItem\",\"@id\":\"https:\\\/\\\/canal4nogoya.com\\\/web\\\/messi-me-vacie-ya-no-tengo-mas-para-dar\\\/#listItem\",\"position\":3,\"name\":\"Messi: \\u00abMe vaci\\u00e9, ya no tengo m\\u00e1s para dar\\u00bb\",\"previousItem\":{\"@type\":\"ListItem\",\"@id\":\"https:\\\/\\\/canal4nogoya.com\\\/web\\\/category\\\/nacionales\\\/#listItem\",\"name\":\"Nacionales\"}}]},{\"@type\":\"Organization\",\"@id\":\"https:\\\/\\\/canal4nogoya.com\\\/web\\\/#organization\",\"name\":\"Canal 4 Nogoy\\u00e1\",\"description\":\"Nogoy\\u00e1 Televisora Color\",\"url\":\"https:\\\/\\\/canal4nogoya.com\\\/web\\\/\",\"logo\":{\"@type\":\"ImageObject\",\"url\":\"https:\\\/\\\/canal4nogoya.com\\\/web\\\/wp-content\\\/uploads\\\/2025\\\/04\\\/logos-fondo-blanco.jpg\",\"@id\":\"https:\\\/\\\/canal4nogoya.com\\\/web\\\/messi-me-vacie-ya-no-tengo-mas-para-dar\\\/#organizationLogo\",\"width\":2353,\"height\":1080},\"image\":{\"@id\":\"https:\\\/\\\/canal4nogoya.com\\\/web\\\/messi-me-vacie-ya-no-tengo-mas-para-dar\\\/#organizationLogo\"}},{\"@type\":\"Person\",\"@id\":\"https:\\\/\\\/canal4nogoya.com\\\/web\\\/author\\\/gonzalo\\\/#author\",\"url\":\"https:\\\/\\\/canal4nogoya.com\\\/web\\\/author\\\/gonzalo\\\/\",\"name\":\"Redacci\\u00f3n\",\"image\":{\"@type\":\"ImageObject\",\"@id\":\"https:\\\/\\\/canal4nogoya.com\\\/web\\\/messi-me-vacie-ya-no-tengo-mas-para-dar\\\/#authorImage\",\"url\":\"https:\\\/\\\/canal4nogoya.com\\\/web\\\/wp-content\\\/litespeed\\\/avatar\\\/1df8586f31106921a2f6ae0d9530296b.jpg?ver=1787987515\",\"width\":96,\"height\":96,\"caption\":\"Redacci\\u00f3n\"}},{\"@type\":\"WebPage\",\"@id\":\"https:\\\/\\\/canal4nogoya.com\\\/web\\\/messi-me-vacie-ya-no-tengo-mas-para-dar\\\/#webpage\",\"url\":\"https:\\\/\\\/canal4nogoya.com\\\/web\\\/messi-me-vacie-ya-no-tengo-mas-para-dar\\\/\",\"name\":\"Messi: \\u00abMe vaci\\u00e9, ya no tengo m\\u00e1s para dar\\u00bb - Canal 4 Nogoy\\u00e1\",\"description\":\"Lionel Messi confirm\\u00f3 que no jugar\\u00e1 m\\u00e1s en la Selecci\\u00f3n Argentina. A trav\\u00e9s de una carta en sus redes sociales, la \\u201cPulga\\u201d anunci\\u00f3 la noticia. \\u201cFue una decisi\\u00f3n que doli\\u00f3 y duele en el alma pero entiendo que es el momento\\u201d, afirm\\u00f3. La carta de Lionel Messi Despu\\u00e9s de este tiempo que pas\\u00f3 desde la final, pens\\u00e1ndolo mucho,\",\"inLanguage\":\"es-ES\",\"isPartOf\":{\"@id\":\"https:\\\/\\\/canal4nogoya.com\\\/web\\\/#website\"},\"breadcrumb\":{\"@id\":\"https:\\\/\\\/canal4nogoya.com\\\/web\\\/messi-me-vacie-ya-no-tengo-mas-para-dar\\\/#breadcrumblist\"},\"author\":{\"@id\":\"https:\\\/\\\/canal4nogoya.com\\\/web\\\/author\\\/gonzalo\\\/#author\"},\"creator\":{\"@id\":\"https:\\\/\\\/canal4nogoya.com\\\/web\\\/author\\\/gonzalo\\\/#author\"},\"image\":{\"@type\":\"ImageObject\",\"url\":\"https:\\\/\\\/canal4nogoya.com\\\/web\\\/wp-content\\\/uploads\\\/2026\\\/08\\\/1-1-1-1-1-1-1-a-MLeo.avif\",\"@id\":\"https:\\\/\\\/canal4nogoya.com\\\/web\\\/messi-me-vacie-ya-no-tengo-mas-para-dar\\\/#mainImage\",\"width\":1200,\"height\":800},\"primaryImageOfPage\":{\"@id\":\"https:\\\/\\\/canal4nogoya.com\\\/web\\\/messi-me-vacie-ya-no-tengo-mas-para-dar\\\/#mainImage\"},\"datePublished\":\"2026-08-31T16:17:42-03:00\",\"dateModified\":\"2026-08-31T16:18:20-03:00\"},{\"@type\":\"WebSite\",\"@id\":\"https:\\\/\\\/canal4nogoya.com\\\/web\\\/#website\",\"url\":\"https:\\\/\\\/canal4nogoya.com\\\/web\\\/\",\"name\":\"Canal 4 Nogoy\\u00e1\",\"description\":\"Nogoy\\u00e1 Televisora Color\",\"inLanguage\":\"es-ES\",\"publisher\":{\"@id\":\"https:\\\/\\\/canal4nogoya.com\\\/web\\\/#organization\"}}]}\n\t\t<\/script>\n\t\t<!-- All in One SEO -->\n\n","aioseo_head_json":{"title":"Messi: \u00abMe vaci\u00e9, ya no tengo m\u00e1s para dar\u00bb - Canal 4 Nogoy\u00e1","description":"Lionel Messi confirm\u00f3 que no jugar\u00e1 m\u00e1s en la Selecci\u00f3n Argentina. A trav\u00e9s de una carta en sus redes sociales, la \u201cPulga\u201d anunci\u00f3 la noticia. \u201cFue una decisi\u00f3n que doli\u00f3 y duele en el alma pero entiendo que es el momento\u201d, afirm\u00f3. La carta de Lionel Messi Despu\u00e9s de este tiempo que pas\u00f3 desde la final, pens\u00e1ndolo mucho,","canonical_url":"https:\/\/canal4nogoya.com\/web\/messi-me-vacie-ya-no-tengo-mas-para-dar\/","robots":"max-image-preview:large","keywords":"","webmasterTools":{"miscellaneous":""},"schema":{"@context":"https:\/\/schema.org","@graph":[{"@type":"BlogPosting","@id":"https:\/\/canal4nogoya.com\/web\/messi-me-vacie-ya-no-tengo-mas-para-dar\/#blogposting","name":"Messi: \u00abMe vaci\u00e9, ya no tengo m\u00e1s para dar\u00bb - Canal 4 Nogoy\u00e1","headline":"Messi: \u00abMe vaci\u00e9, ya no tengo m\u00e1s para dar\u00bb","author":{"@id":"https:\/\/canal4nogoya.com\/web\/author\/gonzalo\/#author"},"publisher":{"@id":"https:\/\/canal4nogoya.com\/web\/#organization"},"image":{"@type":"ImageObject","url":"https:\/\/canal4nogoya.com\/web\/wp-content\/uploads\/2026\/08\/1-1-1-1-1-1-1-a-MLeo.avif","width":1200,"height":800},"datePublished":"2026-08-31T16:17:42-03:00","dateModified":"2026-08-31T16:18:20-03:00","inLanguage":"es-ES","mainEntityOfPage":{"@id":"https:\/\/canal4nogoya.com\/web\/messi-me-vacie-ya-no-tengo-mas-para-dar\/#webpage"},"isPartOf":{"@id":"https:\/\/canal4nogoya.com\/web\/messi-me-vacie-ya-no-tengo-mas-para-dar\/#webpage"},"articleSection":"Nacionales"},{"@type":"BreadcrumbList","@id":"https:\/\/canal4nogoya.com\/web\/messi-me-vacie-ya-no-tengo-mas-para-dar\/#breadcrumblist","itemListElement":[{"@type":"ListItem","@id":"https:\/\/canal4nogoya.com\/web#listItem","position":1,"name":"Home","item":"https:\/\/canal4nogoya.com\/web","nextItem":{"@type":"ListItem","@id":"https:\/\/canal4nogoya.com\/web\/category\/nacionales\/#listItem","name":"Nacionales"}},{"@type":"ListItem","@id":"https:\/\/canal4nogoya.com\/web\/category\/nacionales\/#listItem","position":2,"name":"Nacionales","item":"https:\/\/canal4nogoya.com\/web\/category\/nacionales\/","nextItem":{"@type":"ListItem","@id":"https:\/\/canal4nogoya.com\/web\/messi-me-vacie-ya-no-tengo-mas-para-dar\/#listItem","name":"Messi: \u00abMe vaci\u00e9, ya no tengo m\u00e1s para dar\u00bb"},"previousItem":{"@type":"ListItem","@id":"https:\/\/canal4nogoya.com\/web#listItem","name":"Home"}},{"@type":"ListItem","@id":"https:\/\/canal4nogoya.com\/web\/messi-me-vacie-ya-no-tengo-mas-para-dar\/#listItem","position":3,"name":"Messi: \u00abMe vaci\u00e9, ya no tengo m\u00e1s para dar\u00bb","previousItem":{"@type":"ListItem","@id":"https:\/\/canal4nogoya.com\/web\/category\/nacionales\/#listItem","name":"Nacionales"}}]},{"@type":"Organization","@id":"https:\/\/canal4nogoya.com\/web\/#organization","name":"Canal 4 Nogoy\u00e1","description":"Nogoy\u00e1 Televisora Color","url":"https:\/\/canal4nogoya.com\/web\/","logo":{"@type":"ImageObject","url":"https:\/\/canal4nogoya.com\/web\/wp-content\/uploads\/2025\/04\/logos-fondo-blanco.jpg","@id":"https:\/\/canal4nogoya.com\/web\/messi-me-vacie-ya-no-tengo-mas-para-dar\/#organizationLogo","width":2353,"height":1080},"image":{"@id":"https:\/\/canal4nogoya.com\/web\/messi-me-vacie-ya-no-tengo-mas-para-dar\/#organizationLogo"}},{"@type":"Person","@id":"https:\/\/canal4nogoya.com\/web\/author\/gonzalo\/#author","url":"https:\/\/canal4nogoya.com\/web\/author\/gonzalo\/","name":"Redacci\u00f3n","image":{"@type":"ImageObject","@id":"https:\/\/canal4nogoya.com\/web\/messi-me-vacie-ya-no-tengo-mas-para-dar\/#authorImage","url":"https:\/\/canal4nogoya.com\/web\/wp-content\/litespeed\/avatar\/1df8586f31106921a2f6ae0d9530296b.jpg?ver=1787987515","width":96,"height":96,"caption":"Redacci\u00f3n"}},{"@type":"WebPage","@id":"https:\/\/canal4nogoya.com\/web\/messi-me-vacie-ya-no-tengo-mas-para-dar\/#webpage","url":"https:\/\/canal4nogoya.com\/web\/messi-me-vacie-ya-no-tengo-mas-para-dar\/","name":"Messi: \u00abMe vaci\u00e9, ya no tengo m\u00e1s para dar\u00bb - Canal 4 Nogoy\u00e1","description":"Lionel Messi confirm\u00f3 que no jugar\u00e1 m\u00e1s en la Selecci\u00f3n Argentina. A trav\u00e9s de una carta en sus redes sociales, la \u201cPulga\u201d anunci\u00f3 la noticia. \u201cFue una decisi\u00f3n que doli\u00f3 y duele en el alma pero entiendo que es el momento\u201d, afirm\u00f3. La carta de Lionel Messi Despu\u00e9s de este tiempo que pas\u00f3 desde la final, pens\u00e1ndolo mucho,","inLanguage":"es-ES","isPartOf":{"@id":"https:\/\/canal4nogoya.com\/web\/#website"},"breadcrumb":{"@id":"https:\/\/canal4nogoya.com\/web\/messi-me-vacie-ya-no-tengo-mas-para-dar\/#breadcrumblist"},"author":{"@id":"https:\/\/canal4nogoya.com\/web\/author\/gonzalo\/#author"},"creator":{"@id":"https:\/\/canal4nogoya.com\/web\/author\/gonzalo\/#author"},"image":{"@type":"ImageObject","url":"https:\/\/canal4nogoya.com\/web\/wp-content\/uploads\/2026\/08\/1-1-1-1-1-1-1-a-MLeo.avif","@id":"https:\/\/canal4nogoya.com\/web\/messi-me-vacie-ya-no-tengo-mas-para-dar\/#mainImage","width":1200,"height":800},"primaryImageOfPage":{"@id":"https:\/\/canal4nogoya.com\/web\/messi-me-vacie-ya-no-tengo-mas-para-dar\/#mainImage"},"datePublished":"2026-08-31T16:17:42-03:00","dateModified":"2026-08-31T16:18:20-03:00"},{"@type":"WebSite","@id":"https:\/\/canal4nogoya.com\/web\/#website","url":"https:\/\/canal4nogoya.com\/web\/","name":"Canal 4 Nogoy\u00e1","description":"Nogoy\u00e1 Televisora Color","inLanguage":"es-ES","publisher":{"@id":"https:\/\/canal4nogoya.com\/web\/#organization"}}]},"og:locale":"es_ES","og:site_name":"Canal 4 Nogoy\u00e1 - Nogoy\u00e1 Televisora Color","og:type":"article","og:title":"Messi: \u00abMe vaci\u00e9, ya no tengo m\u00e1s para dar\u00bb - Canal 4 Nogoy\u00e1","og:description":"Lionel Messi confirm\u00f3 que no jugar\u00e1 m\u00e1s en la Selecci\u00f3n Argentina. A trav\u00e9s de una carta en sus redes sociales, la \u201cPulga\u201d anunci\u00f3 la noticia. \u201cFue una decisi\u00f3n que doli\u00f3 y duele en el alma pero entiendo que es el momento\u201d, afirm\u00f3. La carta de Lionel Messi Despu\u00e9s de este tiempo que pas\u00f3 desde la final, pens\u00e1ndolo mucho,","og:url":"https:\/\/canal4nogoya.com\/web\/messi-me-vacie-ya-no-tengo-mas-para-dar\/","og:image":"https:\/\/canal4nogoya.com\/web\/wp-content\/uploads\/2026\/08\/1-1-1-1-1-1-1-a-MLeo.avif","og:image:secure_url":"https:\/\/canal4nogoya.com\/web\/wp-content\/uploads\/2026\/08\/1-1-1-1-1-1-1-a-MLeo.avif","og:image:width":1200,"og:image:height":800,"article:published_time":"2026-08-31T19:17:42+00:00","article:modified_time":"2026-08-31T19:18:20+00:00","twitter:card":"summary_large_image","twitter:title":"Messi: \u00abMe vaci\u00e9, ya no tengo m\u00e1s para dar\u00bb - Canal 4 Nogoy\u00e1","twitter:description":"Lionel Messi confirm\u00f3 que no jugar\u00e1 m\u00e1s en la Selecci\u00f3n Argentina. A trav\u00e9s de una carta en sus redes sociales, la \u201cPulga\u201d anunci\u00f3 la noticia. \u201cFue una decisi\u00f3n que doli\u00f3 y duele en el alma pero entiendo que es el momento\u201d, afirm\u00f3. La carta de Lionel Messi Despu\u00e9s de este tiempo que pas\u00f3 desde la final, pens\u00e1ndolo mucho,","twitter:image":"https:\/\/canal4nogoya.com\/web\/wp-content\/uploads\/2026\/08\/1-1-1-1-1-1-1-a-MLeo.avif"},"aioseo_meta_data":{"post_id":"4752","title":null,"description":null,"keywords":null,"keyphrases":{"focus":{"keyphrase":"","score":0,"analysis":{"keyphraseInTitle":{"score":0,"maxScore":9,"error":1}}},"additional":[]},"primary_term":null,"canonical_url":null,"og_title":null,"og_description":null,"og_object_type":"default","og_image_type":"default","og_image_url":null,"og_image_width":null,"og_image_height":null,"og_image_custom_url":null,"og_image_custom_fields":null,"og_video":"","og_custom_url":null,"og_article_section":null,"og_article_tags":null,"twitter_use_og":false,"twitter_card":"default","twitter_image_type":"default","twitter_image_url":null,"twitter_image_custom_url":null,"twitter_image_custom_fields":null,"twitter_title":null,"twitter_description":null,"schema":{"blockGraphs":[],"customGraphs":[],"default":{"data":{"Article":[],"Course":[],"Dataset":[],"FAQPage":[],"Movie":[],"Person":[],"Product":[],"ProductReview":[],"Car":[],"Recipe":[],"Service":[],"SoftwareApplication":[],"WebPage":[]},"graphName":"BlogPosting","isEnabled":true},"graphs":[]},"schema_type":"default","schema_type_options":null,"pillar_content":false,"robots_default":true,"robots_noindex":false,"robots_noarchive":false,"robots_nosnippet":false,"robots_nofollow":false,"robots_noimageindex":false,"robots_noodp":false,"robots_notranslate":false,"robots_max_snippet":"-1","robots_max_videopreview":"-1","robots_max_imagepreview":"large","priority":null,"frequency":"default","local_seo":null,"breadcrumb_settings":null,"limit_modified_date":false,"ai":{"faqs":[],"keyPoints":[],"schemas":[],"titles":[],"descriptions":[],"socialPosts":{"email":{"subject":"","preview":"","content":""},"linkedin":[],"twitter":[],"facebook":[],"instagram":[]}},"created":"2026-08-31 19:17:45","updated":"2026-08-31 21:15:45","seo_analyzer_scan_date":null,"focus_keyword":null,"additional_keywords":null,"truseo_locale":null},"aioseo_breadcrumb":"<div class=\"aioseo-breadcrumbs\"><span class=\"aioseo-breadcrumb\">\n\t\t\t<a href=\"https:\/\/canal4nogoya.com\/web\" title=\"Home\">Home<\/a>\n\t\t<\/span><span class=\"aioseo-breadcrumb-separator\">&raquo;<\/span><span class=\"aioseo-breadcrumb\">\n\t\t\t<a href=\"https:\/\/canal4nogoya.com\/web\/category\/nacionales\/\" title=\"Nacionales\">Nacionales<\/a>\n\t\t<\/span><span class=\"aioseo-breadcrumb-separator\">&raquo;<\/span><span class=\"aioseo-breadcrumb\">\n\t\t\tMessi: \u00abMe vaci\u00e9, ya no tengo m\u00e1s para dar\u00bb\n\t\t<\/span><\/div>","aioseo_breadcrumb_json":[{"label":"Home","link":"https:\/\/canal4nogoya.com\/web"},{"label":"Nacionales","link":"https:\/\/canal4nogoya.com\/web\/category\/nacionales\/"},{"label":"Messi: \u00abMe vaci\u00e9, ya no tengo m\u00e1s para dar\u00bb","link":"https:\/\/canal4nogoya.com\/web\/messi-me-vacie-ya-no-tengo-mas-para-dar\/"}],"jetpack_featured_media_url":"https:\/\/canal4nogoya.com\/web\/wp-content\/uploads\/2026\/08\/1-1-1-1-1-1-1-a-MLeo.avif","_links":{"self":[{"href":"https:\/\/canal4nogoya.com\/web\/wp-json\/wp\/v2\/posts\/4752","targetHints":{"allow":["GET"]}}],"collection":[{"href":"https:\/\/canal4nogoya.com\/web\/wp-json\/wp\/v2\/posts"}],"about":[{"href":"https:\/\/canal4nogoya.com\/web\/wp-json\/wp\/v2\/types\/post"}],"author":[{"embeddable":true,"href":"https:\/\/canal4nogoya.com\/web\/wp-json\/wp\/v2\/users\/3"}],"replies":[{"embeddable":true,"href":"https:\/\/canal4nogoya.com\/web\/wp-json\/wp\/v2\/comments?post=4752"}],"version-history":[{"count":1,"href":"https:\/\/canal4nogoya.com\/web\/wp-json\/wp\/v2\/posts\/4752\/revisions"}],"predecessor-version":[{"id":4754,"href":"https:\/\/canal4nogoya.com\/web\/wp-json\/wp\/v2\/posts\/4752\/revisions\/4754"}],"wp:featuredmedia":[{"embeddable":true,"href":"https:\/\/canal4nogoya.com\/web\/wp-json\/wp\/v2\/media\/4753"}],"wp:attachment":[{"href":"https:\/\/canal4nogoya.com\/web\/wp-json\/wp\/v2\/media?parent=4752"}],"wp:term":[{"taxonomy":"category","embeddable":true,"href":"https:\/\/canal4nogoya.com\/web\/wp-json\/wp\/v2\/categories?post=4752"},{"taxonomy":"post_tag","embeddable":true,"href":"https:\/\/canal4nogoya.com\/web\/wp-json\/wp\/v2\/tags?post=4752"}],"curies":[{"name":"wp","href":"https:\/\/api.w.org\/{rel}","templated":true}]}}