{"id":4755,"date":"2026-08-31T18:17:59","date_gmt":"2026-08-31T21:17:59","guid":{"rendered":"https:\/\/canal4nogoya.com\/web\/?p=4755"},"modified":"2026-08-31T18:18:00","modified_gmt":"2026-08-31T21:18:00","slug":"crisis-sin-fin","status":"publish","type":"post","link":"https:\/\/canal4nogoya.com\/web\/crisis-sin-fin\/","title":{"rendered":"Crisis sin fin"},"content":{"rendered":"\n<p class=\"wp-block-paragraph\"><\/p>\n\n\n\n<p class=\"wp-block-paragraph\"><strong>Los despidos en Granja Tres Arroyos ya son casi 500<\/strong>, confirm\u00f3 a\u00a0<em>Canal 9 Litoral<\/em>,\u00a0<strong>Julio Chamorro<\/strong>, secretario General del Sindicato de la Alimentaci\u00f3n de\u00a0<strong>Concepci\u00f3n del Uruguay<\/strong>. La planta sigue cerrada desde fin de mayo\u00a0\u00a0y ahora pr\u00e1cticamente la mitad del personal qued\u00f3 efectivamente en la calle.<\/p>\n\n\n\n<p class=\"wp-block-paragraph\"><\/p>\n\n\n\n<p class=\"wp-block-paragraph\"><\/p>\n\n\n\n<p class=\"wp-block-paragraph\">\u201c<strong>La semana pasada hubo 270 despidos y hoy hubo 210 m\u00e1s, con lo cual ya son casi 480 en total<\/strong>. Entre ellos, personal sindical y administrativo\u201d, resalt\u00f3 Chamorro. Y agreg\u00f3: \u201c<strong>Estamos en ca\u00edda libre<\/strong>. Reina el silencio. La empresa s\u00ed se ha presentado en las instancias en Provincia y Naci\u00f3n, a trav\u00e9s al menos de un representante. Hemos planteado condiciones laborales y salarios atrasados, pero solamente se toma nota\u201d.<\/p>\n\n\n\n<p class=\"wp-block-paragraph\"><\/p>\n\n\n\n<p class=\"wp-block-paragraph\">Chamorro cuestion\u00f3 adem\u00e1s la modalidad de las cesant\u00edas: \u201cNo se cumpli\u00f3 con la ley,&nbsp;<strong>no se respetaron carga familiar, antig\u00fcedad ni fondos sindicales<\/strong>. Adem\u00e1s de que los quisieron hacer a trav\u00e9s del argumento de \u2018fuerza mayor&#8217;\u201d.<\/p>\n\n\n\n<p class=\"wp-block-paragraph\"><\/p>\n\n\n\n<p class=\"wp-block-paragraph\">El dirigente sostuvo que pr\u00e1cticamente todas las plantas de Tres Arroyos est\u00e1n paradas, con la novedad de que se paraliz\u00f3 en las ultimas horas la de Capit\u00e1n Sarmiento donde trabajan 1300 operarios.<\/p>\n","protected":false},"excerpt":{"rendered":"<p>Los despidos en Granja Tres Arroyos ya son casi 500, confirm\u00f3 a\u00a0Canal 9 Litoral,\u00a0Julio Chamorro, secretario General del Sindicato de la Alimentaci\u00f3n de\u00a0Concepci\u00f3n del Uruguay. La planta sigue cerrada desde fin de mayo\u00a0\u00a0y ahora pr\u00e1cticamente la mitad del personal qued\u00f3 efectivamente en la calle. \u201cLa semana pasada hubo 270 despidos y hoy hubo 210 m\u00e1s,&#8230;<\/p>\n","protected":false},"author":3,"featured_media":4756,"comment_status":"open","ping_status":"closed","sticky":false,"template":"","format":"standard","meta":{"_monsterinsights_skip_tracking":false,"footnotes":""},"categories":[10],"tags":[],"class_list":["post-4755","post","type-post","status-publish","format-standard","has-post-thumbnail","hentry","category-provinciales"],"aioseo_notices":[],"aioseo_head":"\n\t\t<!-- All in One SEO 5.0.1.1 - aioseo.com -->\n\t<meta name=\"description\" content=\"Los despidos en Granja Tres Arroyos ya son casi 500, confirm\u00f3 a Canal 9 Litoral, Julio Chamorro, secretario General del Sindicato de la Alimentaci\u00f3n de Concepci\u00f3n del Uruguay. La planta sigue cerrada desde fin de mayo y ahora pr\u00e1cticamente la mitad del personal qued\u00f3 efectivamente en la calle. \u201cLa semana pasada hubo 270 despidos y hoy hubo 210 m\u00e1s,\" \/>\n\t<meta name=\"robots\" content=\"max-image-preview:large\" \/>\n\t<meta name=\"author\" content=\"Redacci\u00f3n\"\/>\n\t<link rel=\"canonical\" href=\"https:\/\/canal4nogoya.com\/web\/crisis-sin-fin\/\" \/>\n\t<meta name=\"generator\" content=\"All in One SEO (AIOSEO) 5.0.1.1\" \/>\n\t\t<meta property=\"og:locale\" content=\"es_ES\" \/>\n\t\t<meta property=\"og:site_name\" content=\"Canal 4 Nogoy\u00e1 - Nogoy\u00e1 Televisora Color\" \/>\n\t\t<meta property=\"og:type\" content=\"article\" \/>\n\t\t<meta property=\"og:title\" content=\"Crisis sin fin - Canal 4 Nogoy\u00e1\" \/>\n\t\t<meta property=\"og:description\" content=\"Los despidos en Granja Tres Arroyos ya son casi 500, confirm\u00f3 a Canal 9 Litoral, Julio Chamorro, secretario General del Sindicato de la Alimentaci\u00f3n de Concepci\u00f3n del Uruguay. La planta sigue cerrada desde fin de mayo y ahora pr\u00e1cticamente la mitad del personal qued\u00f3 efectivamente en la calle. \u201cLa semana pasada hubo 270 despidos y hoy hubo 210 m\u00e1s,\" \/>\n\t\t<meta property=\"og:url\" content=\"https:\/\/canal4nogoya.com\/web\/crisis-sin-fin\/\" \/>\n\t\t<meta property=\"og:image\" content=\"https:\/\/canal4nogoya.com\/web\/wp-content\/uploads\/2026\/08\/1-1-1-1-1-1-a-3-arro.webp\" \/>\n\t\t<meta property=\"og:image:secure_url\" content=\"https:\/\/canal4nogoya.com\/web\/wp-content\/uploads\/2026\/08\/1-1-1-1-1-1-a-3-arro.webp\" \/>\n\t\t<meta property=\"og:image:width\" content=\"1024\" \/>\n\t\t<meta property=\"og:image:height\" content=\"638\" \/>\n\t\t<meta property=\"article:published_time\" content=\"2026-08-31T21:17:59+00:00\" \/>\n\t\t<meta property=\"article:modified_time\" content=\"2026-08-31T21:18:00+00:00\" \/>\n\t\t<meta name=\"twitter:card\" content=\"summary_large_image\" \/>\n\t\t<meta name=\"twitter:title\" content=\"Crisis sin fin - Canal 4 Nogoy\u00e1\" \/>\n\t\t<meta name=\"twitter:description\" content=\"Los despidos en Granja Tres Arroyos ya son casi 500, confirm\u00f3 a Canal 9 Litoral, Julio Chamorro, secretario General del Sindicato de la Alimentaci\u00f3n de Concepci\u00f3n del Uruguay. La planta sigue cerrada desde fin de mayo y ahora pr\u00e1cticamente la mitad del personal qued\u00f3 efectivamente en la calle. \u201cLa semana pasada hubo 270 despidos y hoy hubo 210 m\u00e1s,\" \/>\n\t\t<meta name=\"twitter:image\" content=\"https:\/\/canal4nogoya.com\/web\/wp-content\/uploads\/2026\/08\/1-1-1-1-1-1-a-3-arro.webp\" \/>\n\t\t<script type=\"application\/ld+json\" class=\"aioseo-schema\">\n\t\t\t{\"@context\":\"https:\\\/\\\/schema.org\",\"@graph\":[{\"@type\":\"BlogPosting\",\"@id\":\"https:\\\/\\\/canal4nogoya.com\\\/web\\\/crisis-sin-fin\\\/#blogposting\",\"name\":\"Crisis sin fin - Canal 4 Nogoy\\u00e1\",\"headline\":\"Crisis sin fin\",\"author\":{\"@id\":\"https:\\\/\\\/canal4nogoya.com\\\/web\\\/author\\\/gonzalo\\\/#author\"},\"publisher\":{\"@id\":\"https:\\\/\\\/canal4nogoya.com\\\/web\\\/#organization\"},\"image\":{\"@type\":\"ImageObject\",\"url\":\"https:\\\/\\\/canal4nogoya.com\\\/web\\\/wp-content\\\/uploads\\\/2026\\\/08\\\/1-1-1-1-1-1-a-3-arro.webp\",\"width\":1024,\"height\":638},\"datePublished\":\"2026-08-31T18:17:59-03:00\",\"dateModified\":\"2026-08-31T18:18:00-03:00\",\"inLanguage\":\"es-ES\",\"mainEntityOfPage\":{\"@id\":\"https:\\\/\\\/canal4nogoya.com\\\/web\\\/crisis-sin-fin\\\/#webpage\"},\"isPartOf\":{\"@id\":\"https:\\\/\\\/canal4nogoya.com\\\/web\\\/crisis-sin-fin\\\/#webpage\"},\"articleSection\":\"Provinciales\"},{\"@type\":\"BreadcrumbList\",\"@id\":\"https:\\\/\\\/canal4nogoya.com\\\/web\\\/crisis-sin-fin\\\/#breadcrumblist\",\"itemListElement\":[{\"@type\":\"ListItem\",\"@id\":\"https:\\\/\\\/canal4nogoya.com\\\/web#listItem\",\"position\":1,\"name\":\"Home\",\"item\":\"https:\\\/\\\/canal4nogoya.com\\\/web\",\"nextItem\":{\"@type\":\"ListItem\",\"@id\":\"https:\\\/\\\/canal4nogoya.com\\\/web\\\/category\\\/provinciales\\\/#listItem\",\"name\":\"Provinciales\"}},{\"@type\":\"ListItem\",\"@id\":\"https:\\\/\\\/canal4nogoya.com\\\/web\\\/category\\\/provinciales\\\/#listItem\",\"position\":2,\"name\":\"Provinciales\",\"item\":\"https:\\\/\\\/canal4nogoya.com\\\/web\\\/category\\\/provinciales\\\/\",\"nextItem\":{\"@type\":\"ListItem\",\"@id\":\"https:\\\/\\\/canal4nogoya.com\\\/web\\\/crisis-sin-fin\\\/#listItem\",\"name\":\"Crisis sin fin\"},\"previousItem\":{\"@type\":\"ListItem\",\"@id\":\"https:\\\/\\\/canal4nogoya.com\\\/web#listItem\",\"name\":\"Home\"}},{\"@type\":\"ListItem\",\"@id\":\"https:\\\/\\\/canal4nogoya.com\\\/web\\\/crisis-sin-fin\\\/#listItem\",\"position\":3,\"name\":\"Crisis sin fin\",\"previousItem\":{\"@type\":\"ListItem\",\"@id\":\"https:\\\/\\\/canal4nogoya.com\\\/web\\\/category\\\/provinciales\\\/#listItem\",\"name\":\"Provinciales\"}}]},{\"@type\":\"Organization\",\"@id\":\"https:\\\/\\\/canal4nogoya.com\\\/web\\\/#organization\",\"name\":\"Canal 4 Nogoy\\u00e1\",\"description\":\"Nogoy\\u00e1 Televisora Color\",\"url\":\"https:\\\/\\\/canal4nogoya.com\\\/web\\\/\",\"logo\":{\"@type\":\"ImageObject\",\"url\":\"https:\\\/\\\/canal4nogoya.com\\\/web\\\/wp-content\\\/uploads\\\/2025\\\/04\\\/logos-fondo-blanco.jpg\",\"@id\":\"https:\\\/\\\/canal4nogoya.com\\\/web\\\/crisis-sin-fin\\\/#organizationLogo\",\"width\":2353,\"height\":1080},\"image\":{\"@id\":\"https:\\\/\\\/canal4nogoya.com\\\/web\\\/crisis-sin-fin\\\/#organizationLogo\"}},{\"@type\":\"Person\",\"@id\":\"https:\\\/\\\/canal4nogoya.com\\\/web\\\/author\\\/gonzalo\\\/#author\",\"url\":\"https:\\\/\\\/canal4nogoya.com\\\/web\\\/author\\\/gonzalo\\\/\",\"name\":\"Redacci\\u00f3n\",\"image\":{\"@type\":\"ImageObject\",\"@id\":\"https:\\\/\\\/canal4nogoya.com\\\/web\\\/crisis-sin-fin\\\/#authorImage\",\"url\":\"https:\\\/\\\/canal4nogoya.com\\\/web\\\/wp-content\\\/litespeed\\\/avatar\\\/1df8586f31106921a2f6ae0d9530296b.jpg?ver=1787987515\",\"width\":96,\"height\":96,\"caption\":\"Redacci\\u00f3n\"}},{\"@type\":\"WebPage\",\"@id\":\"https:\\\/\\\/canal4nogoya.com\\\/web\\\/crisis-sin-fin\\\/#webpage\",\"url\":\"https:\\\/\\\/canal4nogoya.com\\\/web\\\/crisis-sin-fin\\\/\",\"name\":\"Crisis sin fin - Canal 4 Nogoy\\u00e1\",\"description\":\"Los despidos en Granja Tres Arroyos ya son casi 500, confirm\\u00f3 a Canal 9 Litoral, Julio Chamorro, secretario General del Sindicato de la Alimentaci\\u00f3n de Concepci\\u00f3n del Uruguay. La planta sigue cerrada desde fin de mayo y ahora pr\\u00e1cticamente la mitad del personal qued\\u00f3 efectivamente en la calle. \\u201cLa semana pasada hubo 270 despidos y hoy hubo 210 m\\u00e1s,\",\"inLanguage\":\"es-ES\",\"isPartOf\":{\"@id\":\"https:\\\/\\\/canal4nogoya.com\\\/web\\\/#website\"},\"breadcrumb\":{\"@id\":\"https:\\\/\\\/canal4nogoya.com\\\/web\\\/crisis-sin-fin\\\/#breadcrumblist\"},\"author\":{\"@id\":\"https:\\\/\\\/canal4nogoya.com\\\/web\\\/author\\\/gonzalo\\\/#author\"},\"creator\":{\"@id\":\"https:\\\/\\\/canal4nogoya.com\\\/web\\\/author\\\/gonzalo\\\/#author\"},\"image\":{\"@type\":\"ImageObject\",\"url\":\"https:\\\/\\\/canal4nogoya.com\\\/web\\\/wp-content\\\/uploads\\\/2026\\\/08\\\/1-1-1-1-1-1-a-3-arro.webp\",\"@id\":\"https:\\\/\\\/canal4nogoya.com\\\/web\\\/crisis-sin-fin\\\/#mainImage\",\"width\":1024,\"height\":638},\"primaryImageOfPage\":{\"@id\":\"https:\\\/\\\/canal4nogoya.com\\\/web\\\/crisis-sin-fin\\\/#mainImage\"},\"datePublished\":\"2026-08-31T18:17:59-03:00\",\"dateModified\":\"2026-08-31T18:18:00-03:00\"},{\"@type\":\"WebSite\",\"@id\":\"https:\\\/\\\/canal4nogoya.com\\\/web\\\/#website\",\"url\":\"https:\\\/\\\/canal4nogoya.com\\\/web\\\/\",\"name\":\"Canal 4 Nogoy\\u00e1\",\"description\":\"Nogoy\\u00e1 Televisora Color\",\"inLanguage\":\"es-ES\",\"publisher\":{\"@id\":\"https:\\\/\\\/canal4nogoya.com\\\/web\\\/#organization\"}}]}\n\t\t<\/script>\n\t\t<!-- All in One SEO -->\n\n","aioseo_head_json":{"title":"Crisis sin fin - Canal 4 Nogoy\u00e1","description":"Los despidos en Granja Tres Arroyos ya son casi 500, confirm\u00f3 a Canal 9 Litoral, Julio Chamorro, secretario General del Sindicato de la Alimentaci\u00f3n de Concepci\u00f3n del Uruguay. La planta sigue cerrada desde fin de mayo y ahora pr\u00e1cticamente la mitad del personal qued\u00f3 efectivamente en la calle. \u201cLa semana pasada hubo 270 despidos y hoy hubo 210 m\u00e1s,","canonical_url":"https:\/\/canal4nogoya.com\/web\/crisis-sin-fin\/","robots":"max-image-preview:large","keywords":"","webmasterTools":{"miscellaneous":""},"schema":{"@context":"https:\/\/schema.org","@graph":[{"@type":"BlogPosting","@id":"https:\/\/canal4nogoya.com\/web\/crisis-sin-fin\/#blogposting","name":"Crisis sin fin - Canal 4 Nogoy\u00e1","headline":"Crisis sin fin","author":{"@id":"https:\/\/canal4nogoya.com\/web\/author\/gonzalo\/#author"},"publisher":{"@id":"https:\/\/canal4nogoya.com\/web\/#organization"},"image":{"@type":"ImageObject","url":"https:\/\/canal4nogoya.com\/web\/wp-content\/uploads\/2026\/08\/1-1-1-1-1-1-a-3-arro.webp","width":1024,"height":638},"datePublished":"2026-08-31T18:17:59-03:00","dateModified":"2026-08-31T18:18:00-03:00","inLanguage":"es-ES","mainEntityOfPage":{"@id":"https:\/\/canal4nogoya.com\/web\/crisis-sin-fin\/#webpage"},"isPartOf":{"@id":"https:\/\/canal4nogoya.com\/web\/crisis-sin-fin\/#webpage"},"articleSection":"Provinciales"},{"@type":"BreadcrumbList","@id":"https:\/\/canal4nogoya.com\/web\/crisis-sin-fin\/#breadcrumblist","itemListElement":[{"@type":"ListItem","@id":"https:\/\/canal4nogoya.com\/web#listItem","position":1,"name":"Home","item":"https:\/\/canal4nogoya.com\/web","nextItem":{"@type":"ListItem","@id":"https:\/\/canal4nogoya.com\/web\/category\/provinciales\/#listItem","name":"Provinciales"}},{"@type":"ListItem","@id":"https:\/\/canal4nogoya.com\/web\/category\/provinciales\/#listItem","position":2,"name":"Provinciales","item":"https:\/\/canal4nogoya.com\/web\/category\/provinciales\/","nextItem":{"@type":"ListItem","@id":"https:\/\/canal4nogoya.com\/web\/crisis-sin-fin\/#listItem","name":"Crisis sin fin"},"previousItem":{"@type":"ListItem","@id":"https:\/\/canal4nogoya.com\/web#listItem","name":"Home"}},{"@type":"ListItem","@id":"https:\/\/canal4nogoya.com\/web\/crisis-sin-fin\/#listItem","position":3,"name":"Crisis sin fin","previousItem":{"@type":"ListItem","@id":"https:\/\/canal4nogoya.com\/web\/category\/provinciales\/#listItem","name":"Provinciales"}}]},{"@type":"Organization","@id":"https:\/\/canal4nogoya.com\/web\/#organization","name":"Canal 4 Nogoy\u00e1","description":"Nogoy\u00e1 Televisora Color","url":"https:\/\/canal4nogoya.com\/web\/","logo":{"@type":"ImageObject","url":"https:\/\/canal4nogoya.com\/web\/wp-content\/uploads\/2025\/04\/logos-fondo-blanco.jpg","@id":"https:\/\/canal4nogoya.com\/web\/crisis-sin-fin\/#organizationLogo","width":2353,"height":1080},"image":{"@id":"https:\/\/canal4nogoya.com\/web\/crisis-sin-fin\/#organizationLogo"}},{"@type":"Person","@id":"https:\/\/canal4nogoya.com\/web\/author\/gonzalo\/#author","url":"https:\/\/canal4nogoya.com\/web\/author\/gonzalo\/","name":"Redacci\u00f3n","image":{"@type":"ImageObject","@id":"https:\/\/canal4nogoya.com\/web\/crisis-sin-fin\/#authorImage","url":"https:\/\/canal4nogoya.com\/web\/wp-content\/litespeed\/avatar\/1df8586f31106921a2f6ae0d9530296b.jpg?ver=1787987515","width":96,"height":96,"caption":"Redacci\u00f3n"}},{"@type":"WebPage","@id":"https:\/\/canal4nogoya.com\/web\/crisis-sin-fin\/#webpage","url":"https:\/\/canal4nogoya.com\/web\/crisis-sin-fin\/","name":"Crisis sin fin - Canal 4 Nogoy\u00e1","description":"Los despidos en Granja Tres Arroyos ya son casi 500, confirm\u00f3 a Canal 9 Litoral, Julio Chamorro, secretario General del Sindicato de la Alimentaci\u00f3n de Concepci\u00f3n del Uruguay. La planta sigue cerrada desde fin de mayo y ahora pr\u00e1cticamente la mitad del personal qued\u00f3 efectivamente en la calle. \u201cLa semana pasada hubo 270 despidos y hoy hubo 210 m\u00e1s,","inLanguage":"es-ES","isPartOf":{"@id":"https:\/\/canal4nogoya.com\/web\/#website"},"breadcrumb":{"@id":"https:\/\/canal4nogoya.com\/web\/crisis-sin-fin\/#breadcrumblist"},"author":{"@id":"https:\/\/canal4nogoya.com\/web\/author\/gonzalo\/#author"},"creator":{"@id":"https:\/\/canal4nogoya.com\/web\/author\/gonzalo\/#author"},"image":{"@type":"ImageObject","url":"https:\/\/canal4nogoya.com\/web\/wp-content\/uploads\/2026\/08\/1-1-1-1-1-1-a-3-arro.webp","@id":"https:\/\/canal4nogoya.com\/web\/crisis-sin-fin\/#mainImage","width":1024,"height":638},"primaryImageOfPage":{"@id":"https:\/\/canal4nogoya.com\/web\/crisis-sin-fin\/#mainImage"},"datePublished":"2026-08-31T18:17:59-03:00","dateModified":"2026-08-31T18:18:00-03:00"},{"@type":"WebSite","@id":"https:\/\/canal4nogoya.com\/web\/#website","url":"https:\/\/canal4nogoya.com\/web\/","name":"Canal 4 Nogoy\u00e1","description":"Nogoy\u00e1 Televisora Color","inLanguage":"es-ES","publisher":{"@id":"https:\/\/canal4nogoya.com\/web\/#organization"}}]},"og:locale":"es_ES","og:site_name":"Canal 4 Nogoy\u00e1 - Nogoy\u00e1 Televisora Color","og:type":"article","og:title":"Crisis sin fin - Canal 4 Nogoy\u00e1","og:description":"Los despidos en Granja Tres Arroyos ya son casi 500, confirm\u00f3 a Canal 9 Litoral, Julio Chamorro, secretario General del Sindicato de la Alimentaci\u00f3n de Concepci\u00f3n del Uruguay. La planta sigue cerrada desde fin de mayo y ahora pr\u00e1cticamente la mitad del personal qued\u00f3 efectivamente en la calle. \u201cLa semana pasada hubo 270 despidos y hoy hubo 210 m\u00e1s,","og:url":"https:\/\/canal4nogoya.com\/web\/crisis-sin-fin\/","og:image":"https:\/\/canal4nogoya.com\/web\/wp-content\/uploads\/2026\/08\/1-1-1-1-1-1-a-3-arro.webp","og:image:secure_url":"https:\/\/canal4nogoya.com\/web\/wp-content\/uploads\/2026\/08\/1-1-1-1-1-1-a-3-arro.webp","og:image:width":1024,"og:image:height":638,"article:published_time":"2026-08-31T21:17:59+00:00","article:modified_time":"2026-08-31T21:18:00+00:00","twitter:card":"summary_large_image","twitter:title":"Crisis sin fin - Canal 4 Nogoy\u00e1","twitter:description":"Los despidos en Granja Tres Arroyos ya son casi 500, confirm\u00f3 a Canal 9 Litoral, Julio Chamorro, secretario General del Sindicato de la Alimentaci\u00f3n de Concepci\u00f3n del Uruguay. La planta sigue cerrada desde fin de mayo y ahora pr\u00e1cticamente la mitad del personal qued\u00f3 efectivamente en la calle. \u201cLa semana pasada hubo 270 despidos y hoy hubo 210 m\u00e1s,","twitter:image":"https:\/\/canal4nogoya.com\/web\/wp-content\/uploads\/2026\/08\/1-1-1-1-1-1-a-3-arro.webp"},"aioseo_meta_data":{"post_id":"4755","title":null,"description":null,"keywords":null,"keyphrases":{"focus":{"keyphrase":"","score":0,"analysis":{"keyphraseInTitle":{"score":0,"maxScore":9,"error":1}}},"additional":[]},"primary_term":null,"canonical_url":null,"og_title":null,"og_description":null,"og_object_type":"default","og_image_type":"default","og_image_url":null,"og_image_width":null,"og_image_height":null,"og_image_custom_url":null,"og_image_custom_fields":null,"og_video":"","og_custom_url":null,"og_article_section":null,"og_article_tags":null,"twitter_use_og":false,"twitter_card":"default","twitter_image_type":"default","twitter_image_url":null,"twitter_image_custom_url":null,"twitter_image_custom_fields":null,"twitter_title":null,"twitter_description":null,"schema":{"blockGraphs":[],"customGraphs":[],"default":{"data":{"Article":[],"Course":[],"Dataset":[],"FAQPage":[],"Movie":[],"Person":[],"Product":[],"ProductReview":[],"Car":[],"Recipe":[],"Service":[],"SoftwareApplication":[],"WebPage":[]},"graphName":"BlogPosting","isEnabled":true},"graphs":[]},"schema_type":"default","schema_type_options":null,"pillar_content":false,"robots_default":true,"robots_noindex":false,"robots_noarchive":false,"robots_nosnippet":false,"robots_nofollow":false,"robots_noimageindex":false,"robots_noodp":false,"robots_notranslate":false,"robots_max_snippet":"-1","robots_max_videopreview":"-1","robots_max_imagepreview":"large","priority":null,"frequency":"default","local_seo":null,"breadcrumb_settings":null,"limit_modified_date":false,"ai":{"faqs":[],"keyPoints":[],"schemas":[],"titles":[],"descriptions":[],"socialPosts":{"email":{"subject":"","preview":"","content":""},"linkedin":[],"twitter":[],"facebook":[],"instagram":[]}},"created":"2026-08-31 21:18:00","updated":"2026-09-01 01:18:55","seo_analyzer_scan_date":null,"focus_keyword":null,"additional_keywords":null,"truseo_locale":null},"aioseo_breadcrumb":"<div class=\"aioseo-breadcrumbs\"><span class=\"aioseo-breadcrumb\">\n\t\t\t<a href=\"https:\/\/canal4nogoya.com\/web\" title=\"Home\">Home<\/a>\n\t\t<\/span><span class=\"aioseo-breadcrumb-separator\">&raquo;<\/span><span class=\"aioseo-breadcrumb\">\n\t\t\t<a href=\"https:\/\/canal4nogoya.com\/web\/category\/provinciales\/\" title=\"Provinciales\">Provinciales<\/a>\n\t\t<\/span><span class=\"aioseo-breadcrumb-separator\">&raquo;<\/span><span class=\"aioseo-breadcrumb\">\n\t\t\tCrisis sin fin\n\t\t<\/span><\/div>","aioseo_breadcrumb_json":[{"label":"Home","link":"https:\/\/canal4nogoya.com\/web"},{"label":"Provinciales","link":"https:\/\/canal4nogoya.com\/web\/category\/provinciales\/"},{"label":"Crisis sin fin","link":"https:\/\/canal4nogoya.com\/web\/crisis-sin-fin\/"}],"jetpack_featured_media_url":"https:\/\/canal4nogoya.com\/web\/wp-content\/uploads\/2026\/08\/1-1-1-1-1-1-a-3-arro.webp","_links":{"self":[{"href":"https:\/\/canal4nogoya.com\/web\/wp-json\/wp\/v2\/posts\/4755","targetHints":{"allow":["GET"]}}],"collection":[{"href":"https:\/\/canal4nogoya.com\/web\/wp-json\/wp\/v2\/posts"}],"about":[{"href":"https:\/\/canal4nogoya.com\/web\/wp-json\/wp\/v2\/types\/post"}],"author":[{"embeddable":true,"href":"https:\/\/canal4nogoya.com\/web\/wp-json\/wp\/v2\/users\/3"}],"replies":[{"embeddable":true,"href":"https:\/\/canal4nogoya.com\/web\/wp-json\/wp\/v2\/comments?post=4755"}],"version-history":[{"count":1,"href":"https:\/\/canal4nogoya.com\/web\/wp-json\/wp\/v2\/posts\/4755\/revisions"}],"predecessor-version":[{"id":4757,"href":"https:\/\/canal4nogoya.com\/web\/wp-json\/wp\/v2\/posts\/4755\/revisions\/4757"}],"wp:featuredmedia":[{"embeddable":true,"href":"https:\/\/canal4nogoya.com\/web\/wp-json\/wp\/v2\/media\/4756"}],"wp:attachment":[{"href":"https:\/\/canal4nogoya.com\/web\/wp-json\/wp\/v2\/media?parent=4755"}],"wp:term":[{"taxonomy":"category","embeddable":true,"href":"https:\/\/canal4nogoya.com\/web\/wp-json\/wp\/v2\/categories?post=4755"},{"taxonomy":"post_tag","embeddable":true,"href":"https:\/\/canal4nogoya.com\/web\/wp-json\/wp\/v2\/tags?post=4755"}],"curies":[{"name":"wp","href":"https:\/\/api.w.org\/{rel}","templated":true}]}}