{"id":4764,"date":"2026-09-01T10:57:17","date_gmt":"2026-09-01T13:57:17","guid":{"rendered":"https:\/\/canal4nogoya.com\/web\/?p=4764"},"modified":"2026-09-01T10:57:19","modified_gmt":"2026-09-01T13:57:19","slug":"siniestro-vial-en-ruta-12","status":"publish","type":"post","link":"https:\/\/canal4nogoya.com\/web\/siniestro-vial-en-ruta-12\/","title":{"rendered":"Siniestro vial en Ruta 12"},"content":{"rendered":"\n<p class=\"wp-block-paragraph\"><\/p>\n\n\n\n<p class=\"wp-block-paragraph\">En horas de la ma\u00f1ana de este martes 1 de septiembre de 2026, aproximadamente a las 06:00 horas, personal policial de la Comisar\u00eda Aranguren, dependiente de la Jefatura Departamental Nogoy\u00e1, intervino ante un siniestro vial frontal ocurrido en el kil\u00f3metro 378 de la Ruta Nacional N.\u00ba 12, jurisdicci\u00f3n de Aranguren.<\/p>\n\n\n\n<p class=\"wp-block-paragraph\"><\/p>\n\n\n\n<p class=\"wp-block-paragraph\">Por causas que son materia de investigaci\u00f3n, se produjo una colisi\u00f3n frontal entre una <strong>Renault Kangoo, perteneciente a la Municipalidad de Nogoy\u00e1, en la que se trasladaban cuatro personas, y un cami\u00f3n Iveco Daily.<\/strong><\/p>\n\n\n\n<p class=\"wp-block-paragraph\"><\/p>\n\n\n\n<p class=\"wp-block-paragraph\"><strong>Como consecuencia del impacto, una mujer de 66 a\u00f1os falleci\u00f3 en el lugar<\/strong>. <strong>Los otros tres ocupantes de la Renault Kangoo fueron trasladados al nosocomio de la localidad de Gral. Ram\u00edrez y al Hospital San Martin de la ciudad de Paran\u00e1.<\/strong><\/p>\n\n\n\n<p class=\"wp-block-paragraph\"><\/p>\n\n\n\n<p class=\"wp-block-paragraph\">En el lugar se dio intervenci\u00f3n al Fiscal de turno, m\u00e9dico policial y personal de la Divisi\u00f3n Polic\u00eda Cient\u00edfica, quienes realizaron las diligencias correspondientes a fin de establecer las circunstancias y din\u00e1mica del siniestro.<\/p>\n","protected":false},"excerpt":{"rendered":"<p>En horas de la ma\u00f1ana de este martes 1 de septiembre de 2026, aproximadamente a las 06:00 horas, personal policial de la Comisar\u00eda Aranguren, dependiente de la Jefatura Departamental Nogoy\u00e1, intervino ante un siniestro vial frontal ocurrido en el kil\u00f3metro 378 de la Ruta Nacional N.\u00ba 12, jurisdicci\u00f3n de Aranguren. Por causas que son materia&#8230;<\/p>\n","protected":false},"author":3,"featured_media":4765,"comment_status":"open","ping_status":"closed","sticky":false,"template":"","format":"standard","meta":{"_monsterinsights_skip_tracking":false,"footnotes":""},"categories":[8],"tags":[],"class_list":["post-4764","post","type-post","status-publish","format-standard","has-post-thumbnail","hentry","category-locales"],"aioseo_notices":[],"aioseo_head":"\n\t\t<!-- All in One SEO 5.0.1.1 - aioseo.com -->\n\t<meta name=\"description\" content=\"En horas de la ma\u00f1ana de este martes 1 de septiembre de 2026, aproximadamente a las 06:00 horas, personal policial de la Comisar\u00eda Aranguren, dependiente de la Jefatura Departamental Nogoy\u00e1, intervino ante un siniestro vial frontal ocurrido en el kil\u00f3metro 378 de la Ruta Nacional N.\u00ba 12, jurisdicci\u00f3n de Aranguren. Por causas que son materia\" \/>\n\t<meta name=\"robots\" content=\"max-image-preview:large\" \/>\n\t<meta name=\"author\" content=\"Redacci\u00f3n\"\/>\n\t<link rel=\"canonical\" href=\"https:\/\/canal4nogoya.com\/web\/siniestro-vial-en-ruta-12\/\" \/>\n\t<meta name=\"generator\" content=\"All in One SEO (AIOSEO) 5.0.1.1\" \/>\n\t\t<meta property=\"og:locale\" content=\"es_ES\" \/>\n\t\t<meta property=\"og:site_name\" content=\"Canal 4 Nogoy\u00e1 - Nogoy\u00e1 Televisora Color\" \/>\n\t\t<meta property=\"og:type\" content=\"article\" \/>\n\t\t<meta property=\"og:title\" content=\"Siniestro vial en Ruta 12 - Canal 4 Nogoy\u00e1\" \/>\n\t\t<meta property=\"og:description\" content=\"En horas de la ma\u00f1ana de este martes 1 de septiembre de 2026, aproximadamente a las 06:00 horas, personal policial de la Comisar\u00eda Aranguren, dependiente de la Jefatura Departamental Nogoy\u00e1, intervino ante un siniestro vial frontal ocurrido en el kil\u00f3metro 378 de la Ruta Nacional N.\u00ba 12, jurisdicci\u00f3n de Aranguren. Por causas que son materia\" \/>\n\t\t<meta property=\"og:url\" content=\"https:\/\/canal4nogoya.com\/web\/siniestro-vial-en-ruta-12\/\" \/>\n\t\t<meta property=\"og:image\" content=\"https:\/\/canal4nogoya.com\/web\/wp-content\/uploads\/2026\/09\/1-1-1-1-1-1-a-a-acM.jpeg\" \/>\n\t\t<meta property=\"og:image:secure_url\" content=\"https:\/\/canal4nogoya.com\/web\/wp-content\/uploads\/2026\/09\/1-1-1-1-1-1-a-a-acM.jpeg\" \/>\n\t\t<meta property=\"og:image:width\" content=\"1080\" \/>\n\t\t<meta property=\"og:image:height\" content=\"582\" \/>\n\t\t<meta property=\"article:published_time\" content=\"2026-09-01T13:57:17+00:00\" \/>\n\t\t<meta property=\"article:modified_time\" content=\"2026-09-01T13:57:19+00:00\" \/>\n\t\t<meta name=\"twitter:card\" content=\"summary_large_image\" \/>\n\t\t<meta name=\"twitter:title\" content=\"Siniestro vial en Ruta 12 - Canal 4 Nogoy\u00e1\" \/>\n\t\t<meta name=\"twitter:description\" content=\"En horas de la ma\u00f1ana de este martes 1 de septiembre de 2026, aproximadamente a las 06:00 horas, personal policial de la Comisar\u00eda Aranguren, dependiente de la Jefatura Departamental Nogoy\u00e1, intervino ante un siniestro vial frontal ocurrido en el kil\u00f3metro 378 de la Ruta Nacional N.\u00ba 12, jurisdicci\u00f3n de Aranguren. Por causas que son materia\" \/>\n\t\t<meta name=\"twitter:image\" content=\"https:\/\/canal4nogoya.com\/web\/wp-content\/uploads\/2026\/09\/1-1-1-1-1-1-a-a-acM.jpeg\" \/>\n\t\t<script type=\"application\/ld+json\" class=\"aioseo-schema\">\n\t\t\t{\"@context\":\"https:\\\/\\\/schema.org\",\"@graph\":[{\"@type\":\"BlogPosting\",\"@id\":\"https:\\\/\\\/canal4nogoya.com\\\/web\\\/siniestro-vial-en-ruta-12\\\/#blogposting\",\"name\":\"Siniestro vial en Ruta 12 - Canal 4 Nogoy\\u00e1\",\"headline\":\"Siniestro vial en Ruta 12\",\"author\":{\"@id\":\"https:\\\/\\\/canal4nogoya.com\\\/web\\\/author\\\/gonzalo\\\/#author\"},\"publisher\":{\"@id\":\"https:\\\/\\\/canal4nogoya.com\\\/web\\\/#organization\"},\"image\":{\"@type\":\"ImageObject\",\"url\":\"https:\\\/\\\/canal4nogoya.com\\\/web\\\/wp-content\\\/uploads\\\/2026\\\/09\\\/1-1-1-1-1-1-a-a-acM.jpeg\",\"width\":1080,\"height\":582},\"datePublished\":\"2026-09-01T10:57:17-03:00\",\"dateModified\":\"2026-09-01T10:57:19-03:00\",\"inLanguage\":\"es-ES\",\"mainEntityOfPage\":{\"@id\":\"https:\\\/\\\/canal4nogoya.com\\\/web\\\/siniestro-vial-en-ruta-12\\\/#webpage\"},\"isPartOf\":{\"@id\":\"https:\\\/\\\/canal4nogoya.com\\\/web\\\/siniestro-vial-en-ruta-12\\\/#webpage\"},\"articleSection\":\"Locales\"},{\"@type\":\"BreadcrumbList\",\"@id\":\"https:\\\/\\\/canal4nogoya.com\\\/web\\\/siniestro-vial-en-ruta-12\\\/#breadcrumblist\",\"itemListElement\":[{\"@type\":\"ListItem\",\"@id\":\"https:\\\/\\\/canal4nogoya.com\\\/web#listItem\",\"position\":1,\"name\":\"Home\",\"item\":\"https:\\\/\\\/canal4nogoya.com\\\/web\",\"nextItem\":{\"@type\":\"ListItem\",\"@id\":\"https:\\\/\\\/canal4nogoya.com\\\/web\\\/category\\\/locales\\\/#listItem\",\"name\":\"Locales\"}},{\"@type\":\"ListItem\",\"@id\":\"https:\\\/\\\/canal4nogoya.com\\\/web\\\/category\\\/locales\\\/#listItem\",\"position\":2,\"name\":\"Locales\",\"item\":\"https:\\\/\\\/canal4nogoya.com\\\/web\\\/category\\\/locales\\\/\",\"nextItem\":{\"@type\":\"ListItem\",\"@id\":\"https:\\\/\\\/canal4nogoya.com\\\/web\\\/siniestro-vial-en-ruta-12\\\/#listItem\",\"name\":\"Siniestro vial en Ruta 12\"},\"previousItem\":{\"@type\":\"ListItem\",\"@id\":\"https:\\\/\\\/canal4nogoya.com\\\/web#listItem\",\"name\":\"Home\"}},{\"@type\":\"ListItem\",\"@id\":\"https:\\\/\\\/canal4nogoya.com\\\/web\\\/siniestro-vial-en-ruta-12\\\/#listItem\",\"position\":3,\"name\":\"Siniestro vial en Ruta 12\",\"previousItem\":{\"@type\":\"ListItem\",\"@id\":\"https:\\\/\\\/canal4nogoya.com\\\/web\\\/category\\\/locales\\\/#listItem\",\"name\":\"Locales\"}}]},{\"@type\":\"Organization\",\"@id\":\"https:\\\/\\\/canal4nogoya.com\\\/web\\\/#organization\",\"name\":\"Canal 4 Nogoy\\u00e1\",\"description\":\"Nogoy\\u00e1 Televisora Color\",\"url\":\"https:\\\/\\\/canal4nogoya.com\\\/web\\\/\",\"logo\":{\"@type\":\"ImageObject\",\"url\":\"https:\\\/\\\/canal4nogoya.com\\\/web\\\/wp-content\\\/uploads\\\/2025\\\/04\\\/logos-fondo-blanco.jpg\",\"@id\":\"https:\\\/\\\/canal4nogoya.com\\\/web\\\/siniestro-vial-en-ruta-12\\\/#organizationLogo\",\"width\":2353,\"height\":1080},\"image\":{\"@id\":\"https:\\\/\\\/canal4nogoya.com\\\/web\\\/siniestro-vial-en-ruta-12\\\/#organizationLogo\"}},{\"@type\":\"Person\",\"@id\":\"https:\\\/\\\/canal4nogoya.com\\\/web\\\/author\\\/gonzalo\\\/#author\",\"url\":\"https:\\\/\\\/canal4nogoya.com\\\/web\\\/author\\\/gonzalo\\\/\",\"name\":\"Redacci\\u00f3n\",\"image\":{\"@type\":\"ImageObject\",\"@id\":\"https:\\\/\\\/canal4nogoya.com\\\/web\\\/siniestro-vial-en-ruta-12\\\/#authorImage\",\"url\":\"https:\\\/\\\/canal4nogoya.com\\\/web\\\/wp-content\\\/litespeed\\\/avatar\\\/1df8586f31106921a2f6ae0d9530296b.jpg?ver=1787987515\",\"width\":96,\"height\":96,\"caption\":\"Redacci\\u00f3n\"}},{\"@type\":\"WebPage\",\"@id\":\"https:\\\/\\\/canal4nogoya.com\\\/web\\\/siniestro-vial-en-ruta-12\\\/#webpage\",\"url\":\"https:\\\/\\\/canal4nogoya.com\\\/web\\\/siniestro-vial-en-ruta-12\\\/\",\"name\":\"Siniestro vial en Ruta 12 - Canal 4 Nogoy\\u00e1\",\"description\":\"En horas de la ma\\u00f1ana de este martes 1 de septiembre de 2026, aproximadamente a las 06:00 horas, personal policial de la Comisar\\u00eda Aranguren, dependiente de la Jefatura Departamental Nogoy\\u00e1, intervino ante un siniestro vial frontal ocurrido en el kil\\u00f3metro 378 de la Ruta Nacional N.\\u00ba 12, jurisdicci\\u00f3n de Aranguren. Por causas que son materia\",\"inLanguage\":\"es-ES\",\"isPartOf\":{\"@id\":\"https:\\\/\\\/canal4nogoya.com\\\/web\\\/#website\"},\"breadcrumb\":{\"@id\":\"https:\\\/\\\/canal4nogoya.com\\\/web\\\/siniestro-vial-en-ruta-12\\\/#breadcrumblist\"},\"author\":{\"@id\":\"https:\\\/\\\/canal4nogoya.com\\\/web\\\/author\\\/gonzalo\\\/#author\"},\"creator\":{\"@id\":\"https:\\\/\\\/canal4nogoya.com\\\/web\\\/author\\\/gonzalo\\\/#author\"},\"image\":{\"@type\":\"ImageObject\",\"url\":\"https:\\\/\\\/canal4nogoya.com\\\/web\\\/wp-content\\\/uploads\\\/2026\\\/09\\\/1-1-1-1-1-1-a-a-acM.jpeg\",\"@id\":\"https:\\\/\\\/canal4nogoya.com\\\/web\\\/siniestro-vial-en-ruta-12\\\/#mainImage\",\"width\":1080,\"height\":582},\"primaryImageOfPage\":{\"@id\":\"https:\\\/\\\/canal4nogoya.com\\\/web\\\/siniestro-vial-en-ruta-12\\\/#mainImage\"},\"datePublished\":\"2026-09-01T10:57:17-03:00\",\"dateModified\":\"2026-09-01T10:57:19-03:00\"},{\"@type\":\"WebSite\",\"@id\":\"https:\\\/\\\/canal4nogoya.com\\\/web\\\/#website\",\"url\":\"https:\\\/\\\/canal4nogoya.com\\\/web\\\/\",\"name\":\"Canal 4 Nogoy\\u00e1\",\"description\":\"Nogoy\\u00e1 Televisora Color\",\"inLanguage\":\"es-ES\",\"publisher\":{\"@id\":\"https:\\\/\\\/canal4nogoya.com\\\/web\\\/#organization\"}}]}\n\t\t<\/script>\n\t\t<!-- All in One SEO -->\n\n","aioseo_head_json":{"title":"Siniestro vial en Ruta 12 - Canal 4 Nogoy\u00e1","description":"En horas de la ma\u00f1ana de este martes 1 de septiembre de 2026, aproximadamente a las 06:00 horas, personal policial de la Comisar\u00eda Aranguren, dependiente de la Jefatura Departamental Nogoy\u00e1, intervino ante un siniestro vial frontal ocurrido en el kil\u00f3metro 378 de la Ruta Nacional N.\u00ba 12, jurisdicci\u00f3n de Aranguren. Por causas que son materia","canonical_url":"https:\/\/canal4nogoya.com\/web\/siniestro-vial-en-ruta-12\/","robots":"max-image-preview:large","keywords":"","webmasterTools":{"miscellaneous":""},"schema":{"@context":"https:\/\/schema.org","@graph":[{"@type":"BlogPosting","@id":"https:\/\/canal4nogoya.com\/web\/siniestro-vial-en-ruta-12\/#blogposting","name":"Siniestro vial en Ruta 12 - Canal 4 Nogoy\u00e1","headline":"Siniestro vial en Ruta 12","author":{"@id":"https:\/\/canal4nogoya.com\/web\/author\/gonzalo\/#author"},"publisher":{"@id":"https:\/\/canal4nogoya.com\/web\/#organization"},"image":{"@type":"ImageObject","url":"https:\/\/canal4nogoya.com\/web\/wp-content\/uploads\/2026\/09\/1-1-1-1-1-1-a-a-acM.jpeg","width":1080,"height":582},"datePublished":"2026-09-01T10:57:17-03:00","dateModified":"2026-09-01T10:57:19-03:00","inLanguage":"es-ES","mainEntityOfPage":{"@id":"https:\/\/canal4nogoya.com\/web\/siniestro-vial-en-ruta-12\/#webpage"},"isPartOf":{"@id":"https:\/\/canal4nogoya.com\/web\/siniestro-vial-en-ruta-12\/#webpage"},"articleSection":"Locales"},{"@type":"BreadcrumbList","@id":"https:\/\/canal4nogoya.com\/web\/siniestro-vial-en-ruta-12\/#breadcrumblist","itemListElement":[{"@type":"ListItem","@id":"https:\/\/canal4nogoya.com\/web#listItem","position":1,"name":"Home","item":"https:\/\/canal4nogoya.com\/web","nextItem":{"@type":"ListItem","@id":"https:\/\/canal4nogoya.com\/web\/category\/locales\/#listItem","name":"Locales"}},{"@type":"ListItem","@id":"https:\/\/canal4nogoya.com\/web\/category\/locales\/#listItem","position":2,"name":"Locales","item":"https:\/\/canal4nogoya.com\/web\/category\/locales\/","nextItem":{"@type":"ListItem","@id":"https:\/\/canal4nogoya.com\/web\/siniestro-vial-en-ruta-12\/#listItem","name":"Siniestro vial en Ruta 12"},"previousItem":{"@type":"ListItem","@id":"https:\/\/canal4nogoya.com\/web#listItem","name":"Home"}},{"@type":"ListItem","@id":"https:\/\/canal4nogoya.com\/web\/siniestro-vial-en-ruta-12\/#listItem","position":3,"name":"Siniestro vial en Ruta 12","previousItem":{"@type":"ListItem","@id":"https:\/\/canal4nogoya.com\/web\/category\/locales\/#listItem","name":"Locales"}}]},{"@type":"Organization","@id":"https:\/\/canal4nogoya.com\/web\/#organization","name":"Canal 4 Nogoy\u00e1","description":"Nogoy\u00e1 Televisora Color","url":"https:\/\/canal4nogoya.com\/web\/","logo":{"@type":"ImageObject","url":"https:\/\/canal4nogoya.com\/web\/wp-content\/uploads\/2025\/04\/logos-fondo-blanco.jpg","@id":"https:\/\/canal4nogoya.com\/web\/siniestro-vial-en-ruta-12\/#organizationLogo","width":2353,"height":1080},"image":{"@id":"https:\/\/canal4nogoya.com\/web\/siniestro-vial-en-ruta-12\/#organizationLogo"}},{"@type":"Person","@id":"https:\/\/canal4nogoya.com\/web\/author\/gonzalo\/#author","url":"https:\/\/canal4nogoya.com\/web\/author\/gonzalo\/","name":"Redacci\u00f3n","image":{"@type":"ImageObject","@id":"https:\/\/canal4nogoya.com\/web\/siniestro-vial-en-ruta-12\/#authorImage","url":"https:\/\/canal4nogoya.com\/web\/wp-content\/litespeed\/avatar\/1df8586f31106921a2f6ae0d9530296b.jpg?ver=1787987515","width":96,"height":96,"caption":"Redacci\u00f3n"}},{"@type":"WebPage","@id":"https:\/\/canal4nogoya.com\/web\/siniestro-vial-en-ruta-12\/#webpage","url":"https:\/\/canal4nogoya.com\/web\/siniestro-vial-en-ruta-12\/","name":"Siniestro vial en Ruta 12 - Canal 4 Nogoy\u00e1","description":"En horas de la ma\u00f1ana de este martes 1 de septiembre de 2026, aproximadamente a las 06:00 horas, personal policial de la Comisar\u00eda Aranguren, dependiente de la Jefatura Departamental Nogoy\u00e1, intervino ante un siniestro vial frontal ocurrido en el kil\u00f3metro 378 de la Ruta Nacional N.\u00ba 12, jurisdicci\u00f3n de Aranguren. Por causas que son materia","inLanguage":"es-ES","isPartOf":{"@id":"https:\/\/canal4nogoya.com\/web\/#website"},"breadcrumb":{"@id":"https:\/\/canal4nogoya.com\/web\/siniestro-vial-en-ruta-12\/#breadcrumblist"},"author":{"@id":"https:\/\/canal4nogoya.com\/web\/author\/gonzalo\/#author"},"creator":{"@id":"https:\/\/canal4nogoya.com\/web\/author\/gonzalo\/#author"},"image":{"@type":"ImageObject","url":"https:\/\/canal4nogoya.com\/web\/wp-content\/uploads\/2026\/09\/1-1-1-1-1-1-a-a-acM.jpeg","@id":"https:\/\/canal4nogoya.com\/web\/siniestro-vial-en-ruta-12\/#mainImage","width":1080,"height":582},"primaryImageOfPage":{"@id":"https:\/\/canal4nogoya.com\/web\/siniestro-vial-en-ruta-12\/#mainImage"},"datePublished":"2026-09-01T10:57:17-03:00","dateModified":"2026-09-01T10:57:19-03:00"},{"@type":"WebSite","@id":"https:\/\/canal4nogoya.com\/web\/#website","url":"https:\/\/canal4nogoya.com\/web\/","name":"Canal 4 Nogoy\u00e1","description":"Nogoy\u00e1 Televisora Color","inLanguage":"es-ES","publisher":{"@id":"https:\/\/canal4nogoya.com\/web\/#organization"}}]},"og:locale":"es_ES","og:site_name":"Canal 4 Nogoy\u00e1 - Nogoy\u00e1 Televisora Color","og:type":"article","og:title":"Siniestro vial en Ruta 12 - Canal 4 Nogoy\u00e1","og:description":"En horas de la ma\u00f1ana de este martes 1 de septiembre de 2026, aproximadamente a las 06:00 horas, personal policial de la Comisar\u00eda Aranguren, dependiente de la Jefatura Departamental Nogoy\u00e1, intervino ante un siniestro vial frontal ocurrido en el kil\u00f3metro 378 de la Ruta Nacional N.\u00ba 12, jurisdicci\u00f3n de Aranguren. Por causas que son materia","og:url":"https:\/\/canal4nogoya.com\/web\/siniestro-vial-en-ruta-12\/","og:image":"https:\/\/canal4nogoya.com\/web\/wp-content\/uploads\/2026\/09\/1-1-1-1-1-1-a-a-acM.jpeg","og:image:secure_url":"https:\/\/canal4nogoya.com\/web\/wp-content\/uploads\/2026\/09\/1-1-1-1-1-1-a-a-acM.jpeg","og:image:width":1080,"og:image:height":582,"article:published_time":"2026-09-01T13:57:17+00:00","article:modified_time":"2026-09-01T13:57:19+00:00","twitter:card":"summary_large_image","twitter:title":"Siniestro vial en Ruta 12 - Canal 4 Nogoy\u00e1","twitter:description":"En horas de la ma\u00f1ana de este martes 1 de septiembre de 2026, aproximadamente a las 06:00 horas, personal policial de la Comisar\u00eda Aranguren, dependiente de la Jefatura Departamental Nogoy\u00e1, intervino ante un siniestro vial frontal ocurrido en el kil\u00f3metro 378 de la Ruta Nacional N.\u00ba 12, jurisdicci\u00f3n de Aranguren. Por causas que son materia","twitter:image":"https:\/\/canal4nogoya.com\/web\/wp-content\/uploads\/2026\/09\/1-1-1-1-1-1-a-a-acM.jpeg"},"aioseo_meta_data":{"post_id":"4764","title":null,"description":null,"keywords":null,"keyphrases":{"focus":{"keyphrase":"","score":0,"analysis":{"keyphraseInTitle":{"score":0,"maxScore":9,"error":1}}},"additional":[]},"primary_term":null,"canonical_url":null,"og_title":null,"og_description":null,"og_object_type":"default","og_image_type":"default","og_image_url":null,"og_image_width":null,"og_image_height":null,"og_image_custom_url":null,"og_image_custom_fields":null,"og_video":"","og_custom_url":null,"og_article_section":null,"og_article_tags":null,"twitter_use_og":false,"twitter_card":"default","twitter_image_type":"default","twitter_image_url":null,"twitter_image_custom_url":null,"twitter_image_custom_fields":null,"twitter_title":null,"twitter_description":null,"schema":{"blockGraphs":[],"customGraphs":[],"default":{"data":{"Article":[],"Course":[],"Dataset":[],"FAQPage":[],"Movie":[],"Person":[],"Product":[],"ProductReview":[],"Car":[],"Recipe":[],"Service":[],"SoftwareApplication":[],"WebPage":[]},"graphName":"BlogPosting","isEnabled":true},"graphs":[]},"schema_type":"default","schema_type_options":null,"pillar_content":false,"robots_default":true,"robots_noindex":false,"robots_noarchive":false,"robots_nosnippet":false,"robots_nofollow":false,"robots_noimageindex":false,"robots_noodp":false,"robots_notranslate":false,"robots_max_snippet":"-1","robots_max_videopreview":"-1","robots_max_imagepreview":"large","priority":null,"frequency":"default","local_seo":null,"breadcrumb_settings":null,"limit_modified_date":false,"ai":{"faqs":[],"keyPoints":[],"schemas":[],"titles":[],"descriptions":[],"socialPosts":{"email":{"subject":"","preview":"","content":""},"linkedin":[],"twitter":[],"facebook":[],"instagram":[]}},"created":"2026-09-01 13:57:19","updated":"2026-09-01 16:12:09","seo_analyzer_scan_date":null,"focus_keyword":null,"additional_keywords":null,"truseo_locale":null},"aioseo_breadcrumb":"<div class=\"aioseo-breadcrumbs\"><span class=\"aioseo-breadcrumb\">\n\t\t\t<a href=\"https:\/\/canal4nogoya.com\/web\" title=\"Home\">Home<\/a>\n\t\t<\/span><span class=\"aioseo-breadcrumb-separator\">&raquo;<\/span><span class=\"aioseo-breadcrumb\">\n\t\t\t<a href=\"https:\/\/canal4nogoya.com\/web\/category\/locales\/\" title=\"Locales\">Locales<\/a>\n\t\t<\/span><span class=\"aioseo-breadcrumb-separator\">&raquo;<\/span><span class=\"aioseo-breadcrumb\">\n\t\t\tSiniestro vial en Ruta 12\n\t\t<\/span><\/div>","aioseo_breadcrumb_json":[{"label":"Home","link":"https:\/\/canal4nogoya.com\/web"},{"label":"Locales","link":"https:\/\/canal4nogoya.com\/web\/category\/locales\/"},{"label":"Siniestro vial en Ruta 12","link":"https:\/\/canal4nogoya.com\/web\/siniestro-vial-en-ruta-12\/"}],"jetpack_featured_media_url":"https:\/\/canal4nogoya.com\/web\/wp-content\/uploads\/2026\/09\/1-1-1-1-1-1-a-a-acM.jpeg","_links":{"self":[{"href":"https:\/\/canal4nogoya.com\/web\/wp-json\/wp\/v2\/posts\/4764","targetHints":{"allow":["GET"]}}],"collection":[{"href":"https:\/\/canal4nogoya.com\/web\/wp-json\/wp\/v2\/posts"}],"about":[{"href":"https:\/\/canal4nogoya.com\/web\/wp-json\/wp\/v2\/types\/post"}],"author":[{"embeddable":true,"href":"https:\/\/canal4nogoya.com\/web\/wp-json\/wp\/v2\/users\/3"}],"replies":[{"embeddable":true,"href":"https:\/\/canal4nogoya.com\/web\/wp-json\/wp\/v2\/comments?post=4764"}],"version-history":[{"count":1,"href":"https:\/\/canal4nogoya.com\/web\/wp-json\/wp\/v2\/posts\/4764\/revisions"}],"predecessor-version":[{"id":4766,"href":"https:\/\/canal4nogoya.com\/web\/wp-json\/wp\/v2\/posts\/4764\/revisions\/4766"}],"wp:featuredmedia":[{"embeddable":true,"href":"https:\/\/canal4nogoya.com\/web\/wp-json\/wp\/v2\/media\/4765"}],"wp:attachment":[{"href":"https:\/\/canal4nogoya.com\/web\/wp-json\/wp\/v2\/media?parent=4764"}],"wp:term":[{"taxonomy":"category","embeddable":true,"href":"https:\/\/canal4nogoya.com\/web\/wp-json\/wp\/v2\/categories?post=4764"},{"taxonomy":"post_tag","embeddable":true,"href":"https:\/\/canal4nogoya.com\/web\/wp-json\/wp\/v2\/tags?post=4764"}],"curies":[{"name":"wp","href":"https:\/\/api.w.org\/{rel}","templated":true}]}}